{"id":3519,"date":"2023-11-14T15:32:06","date_gmt":"2023-11-14T15:32:06","guid":{"rendered":"https:\/\/cacaunews.com\/?p=3519"},"modified":"2023-11-14T15:32:06","modified_gmt":"2023-11-14T15:32:06","slug":"dia-mundial-de-combate-ao-diabetes-chama-atencao-para-conscientizacao-e-prevencao-da-doenca","status":"publish","type":"post","link":"https:\/\/cacaunews.com\/?p=3519","title":{"rendered":"&#8216;Dia Mundial de Combate ao Diabetes&#8217; chama aten\u00e7\u00e3o para conscientiza\u00e7\u00e3o e preven\u00e7\u00e3o da doen\u00e7a."},"content":{"rendered":"\n<p>Nesta ter\u00e7a-feira (14) \u00e9 comemorado o Dia Mundial de Combate ao Diabetes. A data refor\u00e7a a necessidade de conscientiza\u00e7\u00e3o e preven\u00e7\u00e3o da doen\u00e7a. Nos primeiros nove meses do ano, mais de 4 mil paraenses precisaram ser hospitalizadas por conta do diabetes.<br><br>Segundo a Secretaria de Estado de Sa\u00fade P\u00fablica (Sespa), o tratamento est\u00e1 dispon\u00edvel gratuitamente pelo Sistema \u00danico de Sa\u00fade (SUS) e a popula\u00e7\u00e3o pode procurar as Unidades B\u00e1sicas de Sa\u00fade (UBS) para obter mais informa\u00e7\u00f5es.<br><br>O atendimento oferece informa\u00e7\u00f5es para aquisi\u00e7\u00e3o, dispensa\u00e7\u00e3o e distribui\u00e7\u00e3o de medicamentos gratuitos, de forma regular e sistem\u00e1tica, a todos os pacientes cadastrados. Para ter acesso \u00e9 preciso que o paciente passe por consulta com o cl\u00ednico geral na UBS.<\/p>\n\n\n\n<p><br><br>Por se tratar de uma doen\u00e7a progressiva, se n\u00e3o for tratada adequadamente, o diabetes pode provocar doen\u00e7as cardiovasculares, insufici\u00eancia renal, perda de vis\u00e3o e at\u00e9 amputa\u00e7\u00e3o de membros.<\/p>\n\n\n\n<figure class=\"wp-block-image size-large\"><img fetchpriority=\"high\" decoding=\"async\" width=\"600\" height=\"385\" src=\"https:\/\/cacaunews.com\/wp-content\/uploads\/2023\/11\/foto-02-diabetes.jpg\" alt=\"\" class=\"wp-image-3517\" srcset=\"https:\/\/cacaunews.com\/wp-content\/uploads\/2023\/11\/foto-02-diabetes.jpg 600w, https:\/\/cacaunews.com\/wp-content\/uploads\/2023\/11\/foto-02-diabetes-300x193.jpg 300w\" sizes=\"(max-width: 600px) 100vw, 600px\" \/><figcaption class=\"wp-element-caption\">Foto: Freepik<\/figcaption><\/figure>\n\n\n\n<p><strong>Panorama<\/strong><\/p>\n\n\n\n<p><br>Pelos dados at\u00e9 agosto do Sistema de Informa\u00e7\u00e3o em Sa\u00fade para Aten\u00e7\u00e3o B\u00e1sica (Sisab), do Minist\u00e9rio da Sa\u00fade, 445.436 pessoas est\u00e3o cadastradas como diab\u00e9ticas<br><br>No Par\u00e1 4.852 pessoas \u2013 2.484 homens e 2.368 mulheres &#8211; foram hospitalizadas em decorr\u00eancia de diabetes, entre janeiro e setembro de 2023.<br><br>Os n\u00fameros correspondem a uma redu\u00e7\u00e3o de 6,5% em compara\u00e7\u00e3o \u00e0s interna\u00e7\u00f5es no mesmo per\u00edodo de 2022, segundo dados do Sistema de Informa\u00e7\u00f5es Hospitalares do SUS.<br><br>Nestes dois anos, as faixas et\u00e1rias mais recorrentes na interna\u00e7\u00e3o foram: 60 a 69 anos; 50 a 59 anos e 70 a 79 anos. Todas as faixas et\u00e1rias s\u00e3o atingidas, especialmente mulheres entre 55 e 59 anos, e homens entre 60 e 64 anos.<br><br>O Diabetes \u00e9 apontado ainda como a segunda comorbidade mais recorrente entre as pessoas que testaram positivo para Covid-19 no Par\u00e1, correspondendo a 2,11% do total de casos confirmados \u2013 s\u00f3 perdendo para cardiopatas, com 2,73% &#8211; segundo dados atualizados at\u00e9 9 de novembro deste ano.<br><br><strong>Fatores de risco<\/strong><\/p>\n\n\n\n<p><br>A equipe da Coordena\u00e7\u00e3o de Doen\u00e7as Cr\u00f4nicas N\u00e3o Transmiss\u00edveis (CDCNT) da Sespa orienta e capacita os profissionais das Unidades B\u00e1sicas de Sa\u00fade sobre o fluxo de atendimento a pacientes diab\u00e9ticos.<br><br>\u201cS\u00e3o atividades que alertam para a gravidade da doen\u00e7a associada a outros fatores de risco, como hipertens\u00e3o, inatividade f\u00edsica, alimenta\u00e7\u00e3o inadequada, obesidade e tabagismo, que geram impactos econ\u00f4micos e sociais\u201d, explicou S\u00edlvia Corr\u00eaa, titular do CDCNT.<\/p>\n\n\n\n<p>Segundo a coordenadora, as a\u00e7\u00f5es tamb\u00e9m incentivam a ado\u00e7\u00e3o de uma alimenta\u00e7\u00e3o saud\u00e1vel e balanceada, e a pr\u00e1tica de atividades f\u00edsicas.<br><br>S\u00edlvia Corr\u00eaa diz que o fluxo de atendimento para o paciente diab\u00e9tico come\u00e7a nas Unidades de Sa\u00fade com as equipes de Aten\u00e7\u00e3o Prim\u00e1ria, onde s\u00e3o oferecidas, gratuitamente, a\u00e7\u00f5es de preven\u00e7\u00e3o, detec\u00e7\u00e3o, controle e tratamento medicamentoso, inclusive com insulina.<br><br>Se o paciente apresentar intercorr\u00eancias nessa fase do tratamento, e dependendo do diagn\u00f3stico, pode ser referenciado para unidades de m\u00e9dia e alta complexidade, que mant\u00eam atendimento de refer\u00eancia em Endocrinologia.<\/p>\n\n\n\n<p>Com Informa\u00e7\u00f5es G1.<\/p>\n","protected":false},"excerpt":{"rendered":"<p>Nesta ter\u00e7a-feira (14) \u00e9 comemorado o Dia Mundial de Combate ao Diabetes. A data refor\u00e7a&#8230;<\/p>\n","protected":false},"author":1,"featured_media":3518,"comment_status":"open","ping_status":"open","sticky":false,"template":"","format":"standard","meta":{"footnotes":""},"categories":[4,11],"tags":[1384,1383,1382,13],"yoast_head":"<!-- This site is optimized with the Yoast SEO plugin v21.7 - https:\/\/yoast.com\/wordpress\/plugins\/seo\/ -->\n<title>&#039;Dia Mundial de Combate ao Diabetes&#039; chama aten\u00e7\u00e3o para conscientiza\u00e7\u00e3o e preven\u00e7\u00e3o da doen\u00e7a. - Cacau News<\/title>\n<meta name=\"robots\" content=\"index, follow, max-snippet:-1, max-image-preview:large, max-video-preview:-1\" \/>\n<link rel=\"canonical\" href=\"https:\/\/cacaunews.com\/?p=3519\" \/>\n<meta property=\"og:locale\" content=\"pt_BR\" \/>\n<meta property=\"og:type\" content=\"article\" \/>\n<meta property=\"og:title\" content=\"&#039;Dia Mundial de Combate ao Diabetes&#039; chama aten\u00e7\u00e3o para conscientiza\u00e7\u00e3o e preven\u00e7\u00e3o da doen\u00e7a. - Cacau News\" \/>\n<meta property=\"og:description\" content=\"Nesta ter\u00e7a-feira (14) \u00e9 comemorado o Dia Mundial de Combate ao Diabetes. A data refor\u00e7a...\" \/>\n<meta property=\"og:url\" content=\"https:\/\/cacaunews.com\/?p=3519\" \/>\n<meta property=\"og:site_name\" content=\"Cacau News\" \/>\n<meta property=\"article:published_time\" content=\"2023-11-14T15:32:06+00:00\" \/>\n<meta property=\"og:image\" content=\"https:\/\/cacaunews.com\/wp-content\/uploads\/2023\/11\/foto-02-diabetes.jpg\" \/>\n<meta name=\"author\" content=\"Reda\u00e7\u00e3o Cacau News\" \/>\n<meta name=\"twitter:card\" content=\"summary_large_image\" \/>\n<meta name=\"twitter:label1\" content=\"Escrito por\" \/>\n\t<meta name=\"twitter:data1\" content=\"Reda\u00e7\u00e3o Cacau News\" \/>\n\t<meta name=\"twitter:label2\" content=\"Est. tempo de leitura\" \/>\n\t<meta name=\"twitter:data2\" content=\"3 minutos\" \/>\n<script type=\"application\/ld+json\" class=\"yoast-schema-graph\">{\"@context\":\"https:\/\/schema.org\",\"@graph\":[{\"@type\":\"Article\",\"@id\":\"https:\/\/cacaunews.com\/?p=3519#article\",\"isPartOf\":{\"@id\":\"https:\/\/cacaunews.com\/?p=3519\"},\"author\":{\"name\":\"Reda\u00e7\u00e3o Cacau News\",\"@id\":\"https:\/\/cacaunews.com\/#\/schema\/person\/ea69703103e606ad347ccd64bd72ef79\"},\"headline\":\"&#8216;Dia Mundial de Combate ao Diabetes&#8217; chama aten\u00e7\u00e3o para conscientiza\u00e7\u00e3o e preven\u00e7\u00e3o da doen\u00e7a.\",\"datePublished\":\"2023-11-14T15:32:06+00:00\",\"dateModified\":\"2023-11-14T15:32:06+00:00\",\"mainEntityOfPage\":{\"@id\":\"https:\/\/cacaunews.com\/?p=3519\"},\"wordCount\":545,\"commentCount\":0,\"publisher\":{\"@id\":\"https:\/\/cacaunews.com\/#organization\"},\"keywords\":[\"cuidado\",\"dia mundial da diabetes\",\"preven\u00e7\u00e3o\",\"sa\u00fade\"],\"articleSection\":[\"Internet\",\"Jornalismo\"],\"inLanguage\":\"pt-BR\",\"potentialAction\":[{\"@type\":\"CommentAction\",\"name\":\"Comment\",\"target\":[\"https:\/\/cacaunews.com\/?p=3519#respond\"]}]},{\"@type\":\"WebPage\",\"@id\":\"https:\/\/cacaunews.com\/?p=3519\",\"url\":\"https:\/\/cacaunews.com\/?p=3519\",\"name\":\"'Dia Mundial de Combate ao Diabetes' chama aten\u00e7\u00e3o para conscientiza\u00e7\u00e3o e preven\u00e7\u00e3o da doen\u00e7a. - Cacau News\",\"isPartOf\":{\"@id\":\"https:\/\/cacaunews.com\/#website\"},\"datePublished\":\"2023-11-14T15:32:06+00:00\",\"dateModified\":\"2023-11-14T15:32:06+00:00\",\"breadcrumb\":{\"@id\":\"https:\/\/cacaunews.com\/?p=3519#breadcrumb\"},\"inLanguage\":\"pt-BR\",\"potentialAction\":[{\"@type\":\"ReadAction\",\"target\":[\"https:\/\/cacaunews.com\/?p=3519\"]}]},{\"@type\":\"BreadcrumbList\",\"@id\":\"https:\/\/cacaunews.com\/?p=3519#breadcrumb\",\"itemListElement\":[{\"@type\":\"ListItem\",\"position\":1,\"name\":\"In\u00edcio\",\"item\":\"https:\/\/cacaunews.com\/\"},{\"@type\":\"ListItem\",\"position\":2,\"name\":\"&#8216;Dia Mundial de Combate ao Diabetes&#8217; chama aten\u00e7\u00e3o para conscientiza\u00e7\u00e3o e preven\u00e7\u00e3o da doen\u00e7a.\"}]},{\"@type\":\"WebSite\",\"@id\":\"https:\/\/cacaunews.com\/#website\",\"url\":\"https:\/\/cacaunews.com\/\",\"name\":\"Cacau News\",\"description\":\"A Informa\u00e7\u00e3o que voc\u00ea precisa!\",\"publisher\":{\"@id\":\"https:\/\/cacaunews.com\/#organization\"},\"potentialAction\":[{\"@type\":\"SearchAction\",\"target\":{\"@type\":\"EntryPoint\",\"urlTemplate\":\"https:\/\/cacaunews.com\/?s={search_term_string}\"},\"query-input\":\"required name=search_term_string\"}],\"inLanguage\":\"pt-BR\"},{\"@type\":\"Organization\",\"@id\":\"https:\/\/cacaunews.com\/#organization\",\"name\":\"Cacau News\",\"url\":\"https:\/\/cacaunews.com\/\",\"logo\":{\"@type\":\"ImageObject\",\"inLanguage\":\"pt-BR\",\"@id\":\"https:\/\/cacaunews.com\/#\/schema\/logo\/image\/\",\"url\":\"https:\/\/cacaunews.com\/wp-content\/uploads\/2025\/01\/cropped-LOGO-NOVA.png\",\"contentUrl\":\"https:\/\/cacaunews.com\/wp-content\/uploads\/2025\/01\/cropped-LOGO-NOVA.png\",\"width\":813,\"height\":813,\"caption\":\"Cacau News\"},\"image\":{\"@id\":\"https:\/\/cacaunews.com\/#\/schema\/logo\/image\/\"},\"sameAs\":[\"https:\/\/www.instagram.com\/cacaunews.online\/\",\"https:\/\/youtube.com\/@cacaunews?si=0VXLnjl08SrWbVG9\"]},{\"@type\":\"Person\",\"@id\":\"https:\/\/cacaunews.com\/#\/schema\/person\/ea69703103e606ad347ccd64bd72ef79\",\"name\":\"Reda\u00e7\u00e3o Cacau News\",\"image\":{\"@type\":\"ImageObject\",\"inLanguage\":\"pt-BR\",\"@id\":\"https:\/\/cacaunews.com\/#\/schema\/person\/image\/\",\"url\":\"https:\/\/secure.gravatar.com\/avatar\/d79227a2a7b6cc42e8d7a8f7c284cd3a?s=96&d=mm&r=g\",\"contentUrl\":\"https:\/\/secure.gravatar.com\/avatar\/d79227a2a7b6cc42e8d7a8f7c284cd3a?s=96&d=mm&r=g\",\"caption\":\"Reda\u00e7\u00e3o Cacau News\"},\"sameAs\":[\"https:\/\/cacaunews.com\"],\"url\":\"https:\/\/cacaunews.com\/?author=1\"}]}<\/script>\n<!-- \/ Yoast SEO plugin. -->","yoast_head_json":{"title":"'Dia Mundial de Combate ao Diabetes' chama aten\u00e7\u00e3o para conscientiza\u00e7\u00e3o e preven\u00e7\u00e3o da doen\u00e7a. - Cacau News","robots":{"index":"index","follow":"follow","max-snippet":"max-snippet:-1","max-image-preview":"max-image-preview:large","max-video-preview":"max-video-preview:-1"},"canonical":"https:\/\/cacaunews.com\/?p=3519","og_locale":"pt_BR","og_type":"article","og_title":"'Dia Mundial de Combate ao Diabetes' chama aten\u00e7\u00e3o para conscientiza\u00e7\u00e3o e preven\u00e7\u00e3o da doen\u00e7a. - Cacau News","og_description":"Nesta ter\u00e7a-feira (14) \u00e9 comemorado o Dia Mundial de Combate ao Diabetes. A data refor\u00e7a...","og_url":"https:\/\/cacaunews.com\/?p=3519","og_site_name":"Cacau News","article_published_time":"2023-11-14T15:32:06+00:00","og_image":[{"url":"https:\/\/cacaunews.com\/wp-content\/uploads\/2023\/11\/foto-02-diabetes.jpg"}],"author":"Reda\u00e7\u00e3o Cacau News","twitter_card":"summary_large_image","twitter_misc":{"Escrito por":"Reda\u00e7\u00e3o Cacau News","Est. tempo de leitura":"3 minutos"},"schema":{"@context":"https:\/\/schema.org","@graph":[{"@type":"Article","@id":"https:\/\/cacaunews.com\/?p=3519#article","isPartOf":{"@id":"https:\/\/cacaunews.com\/?p=3519"},"author":{"name":"Reda\u00e7\u00e3o Cacau News","@id":"https:\/\/cacaunews.com\/#\/schema\/person\/ea69703103e606ad347ccd64bd72ef79"},"headline":"&#8216;Dia Mundial de Combate ao Diabetes&#8217; chama aten\u00e7\u00e3o para conscientiza\u00e7\u00e3o e preven\u00e7\u00e3o da doen\u00e7a.","datePublished":"2023-11-14T15:32:06+00:00","dateModified":"2023-11-14T15:32:06+00:00","mainEntityOfPage":{"@id":"https:\/\/cacaunews.com\/?p=3519"},"wordCount":545,"commentCount":0,"publisher":{"@id":"https:\/\/cacaunews.com\/#organization"},"keywords":["cuidado","dia mundial da diabetes","preven\u00e7\u00e3o","sa\u00fade"],"articleSection":["Internet","Jornalismo"],"inLanguage":"pt-BR","potentialAction":[{"@type":"CommentAction","name":"Comment","target":["https:\/\/cacaunews.com\/?p=3519#respond"]}]},{"@type":"WebPage","@id":"https:\/\/cacaunews.com\/?p=3519","url":"https:\/\/cacaunews.com\/?p=3519","name":"'Dia Mundial de Combate ao Diabetes' chama aten\u00e7\u00e3o para conscientiza\u00e7\u00e3o e preven\u00e7\u00e3o da doen\u00e7a. - Cacau News","isPartOf":{"@id":"https:\/\/cacaunews.com\/#website"},"datePublished":"2023-11-14T15:32:06+00:00","dateModified":"2023-11-14T15:32:06+00:00","breadcrumb":{"@id":"https:\/\/cacaunews.com\/?p=3519#breadcrumb"},"inLanguage":"pt-BR","potentialAction":[{"@type":"ReadAction","target":["https:\/\/cacaunews.com\/?p=3519"]}]},{"@type":"BreadcrumbList","@id":"https:\/\/cacaunews.com\/?p=3519#breadcrumb","itemListElement":[{"@type":"ListItem","position":1,"name":"In\u00edcio","item":"https:\/\/cacaunews.com\/"},{"@type":"ListItem","position":2,"name":"&#8216;Dia Mundial de Combate ao Diabetes&#8217; chama aten\u00e7\u00e3o para conscientiza\u00e7\u00e3o e preven\u00e7\u00e3o da doen\u00e7a."}]},{"@type":"WebSite","@id":"https:\/\/cacaunews.com\/#website","url":"https:\/\/cacaunews.com\/","name":"Cacau News","description":"A Informa\u00e7\u00e3o que voc\u00ea precisa!","publisher":{"@id":"https:\/\/cacaunews.com\/#organization"},"potentialAction":[{"@type":"SearchAction","target":{"@type":"EntryPoint","urlTemplate":"https:\/\/cacaunews.com\/?s={search_term_string}"},"query-input":"required name=search_term_string"}],"inLanguage":"pt-BR"},{"@type":"Organization","@id":"https:\/\/cacaunews.com\/#organization","name":"Cacau News","url":"https:\/\/cacaunews.com\/","logo":{"@type":"ImageObject","inLanguage":"pt-BR","@id":"https:\/\/cacaunews.com\/#\/schema\/logo\/image\/","url":"https:\/\/cacaunews.com\/wp-content\/uploads\/2025\/01\/cropped-LOGO-NOVA.png","contentUrl":"https:\/\/cacaunews.com\/wp-content\/uploads\/2025\/01\/cropped-LOGO-NOVA.png","width":813,"height":813,"caption":"Cacau News"},"image":{"@id":"https:\/\/cacaunews.com\/#\/schema\/logo\/image\/"},"sameAs":["https:\/\/www.instagram.com\/cacaunews.online\/","https:\/\/youtube.com\/@cacaunews?si=0VXLnjl08SrWbVG9"]},{"@type":"Person","@id":"https:\/\/cacaunews.com\/#\/schema\/person\/ea69703103e606ad347ccd64bd72ef79","name":"Reda\u00e7\u00e3o Cacau News","image":{"@type":"ImageObject","inLanguage":"pt-BR","@id":"https:\/\/cacaunews.com\/#\/schema\/person\/image\/","url":"https:\/\/secure.gravatar.com\/avatar\/d79227a2a7b6cc42e8d7a8f7c284cd3a?s=96&d=mm&r=g","contentUrl":"https:\/\/secure.gravatar.com\/avatar\/d79227a2a7b6cc42e8d7a8f7c284cd3a?s=96&d=mm&r=g","caption":"Reda\u00e7\u00e3o Cacau News"},"sameAs":["https:\/\/cacaunews.com"],"url":"https:\/\/cacaunews.com\/?author=1"}]}},"jetpack_sharing_enabled":true,"jetpack_featured_media_url":"https:\/\/cacaunews.com\/wp-content\/uploads\/2023\/11\/cetonas2.jpeg","_links":{"self":[{"href":"https:\/\/cacaunews.com\/index.php?rest_route=\/wp\/v2\/posts\/3519"}],"collection":[{"href":"https:\/\/cacaunews.com\/index.php?rest_route=\/wp\/v2\/posts"}],"about":[{"href":"https:\/\/cacaunews.com\/index.php?rest_route=\/wp\/v2\/types\/post"}],"author":[{"embeddable":true,"href":"https:\/\/cacaunews.com\/index.php?rest_route=\/wp\/v2\/users\/1"}],"replies":[{"embeddable":true,"href":"https:\/\/cacaunews.com\/index.php?rest_route=%2Fwp%2Fv2%2Fcomments&post=3519"}],"version-history":[{"count":0,"href":"https:\/\/cacaunews.com\/index.php?rest_route=\/wp\/v2\/posts\/3519\/revisions"}],"wp:featuredmedia":[{"embeddable":true,"href":"https:\/\/cacaunews.com\/index.php?rest_route=\/wp\/v2\/media\/3518"}],"wp:attachment":[{"href":"https:\/\/cacaunews.com\/index.php?rest_route=%2Fwp%2Fv2%2Fmedia&parent=3519"}],"wp:term":[{"taxonomy":"category","embeddable":true,"href":"https:\/\/cacaunews.com\/index.php?rest_route=%2Fwp%2Fv2%2Fcategories&post=3519"},{"taxonomy":"post_tag","embeddable":true,"href":"https:\/\/cacaunews.com\/index.php?rest_route=%2Fwp%2Fv2%2Ftags&post=3519"}],"curies":[{"name":"wp","href":"https:\/\/api.w.org\/{rel}","templated":true}]}}