{"id":3526,"date":"2023-11-14T13:00:49","date_gmt":"2023-11-14T13:00:49","guid":{"rendered":"https:\/\/cacaunews.com\/?p=3526"},"modified":"2023-11-15T19:45:52","modified_gmt":"2023-11-15T19:45:52","slug":"itabuna-funcionarios-da-santa-casa-de-iniciam-greve","status":"publish","type":"post","link":"https:\/\/cacaunews.com\/?p=3526","title":{"rendered":"Itabuna: Funcion\u00e1rios da Santa Casa iniciam greve."},"content":{"rendered":"\n<p>Pelo menos 700 funcion\u00e1rios da Santa Casa de Miseric\u00f3rdia de Itabuna, iniciaram, nesta ter\u00e7a-feira (14), uma greve por tempo indeterminado, pelo motivo do atraso dos sal\u00e1rios de outubro.<\/p>\n\n\n\n<p>A Santa Casa alega que n\u00e3o fez o pagamento devido ao atraso no repasse de recursos da Prefeitura de Itabuna, que contrata servi\u00e7os por interm\u00e9dio de conv\u00eanios do Sistema \u00danico de Sa\u00fade (SUS). <br \/><br \/>De acordo com a Santa Casa, os sal\u00e1rios v\u00e3o ser pagos \u00e0 medida em que a Secretaria Municipal de Sa\u00fade fizer os repasses que faltam.<\/p>\n\n\n\n<p>Os Hospitais Calixto Midlej Filho, Manoel Novaes e S\u00e3o Lucas, por exemplo, s\u00e3o mantidos pela Santa Casa. A grande parte dos enfermeiros, s\u00f3 recebeu os sal\u00e1rios de setembro agora em novembro.<\/p>\n","protected":false},"excerpt":{"rendered":"<p>Pelo menos 700 funcion\u00e1rios da Santa Casa de Miseric\u00f3rdia de Itabuna, iniciaram, nesta ter\u00e7a-feira (14),&#8230;<\/p>\n","protected":false},"author":1,"featured_media":3525,"comment_status":"open","ping_status":"open","sticky":false,"template":"","format":"standard","meta":{"footnotes":""},"categories":[18,11],"tags":[766,27,1291,13],"yoast_head":"<!-- This site is optimized with the Yoast SEO plugin v21.7 - https:\/\/yoast.com\/wordpress\/plugins\/seo\/ -->\n<title>Itabuna: Funcion\u00e1rios da Santa Casa iniciam greve. - Cacau News<\/title>\n<meta name=\"robots\" content=\"index, follow, max-snippet:-1, max-image-preview:large, max-video-preview:-1\" \/>\n<link rel=\"canonical\" href=\"https:\/\/cacaunews.com\/?p=3526\" \/>\n<meta property=\"og:locale\" content=\"pt_BR\" \/>\n<meta property=\"og:type\" content=\"article\" \/>\n<meta property=\"og:title\" content=\"Itabuna: Funcion\u00e1rios da Santa Casa iniciam greve. - Cacau News\" \/>\n<meta property=\"og:description\" content=\"Pelo menos 700 funcion\u00e1rios da Santa Casa de Miseric\u00f3rdia de Itabuna, iniciaram, nesta ter\u00e7a-feira (14),...\" \/>\n<meta property=\"og:url\" content=\"https:\/\/cacaunews.com\/?p=3526\" \/>\n<meta property=\"og:site_name\" content=\"Cacau News\" \/>\n<meta property=\"article:published_time\" content=\"2023-11-14T13:00:49+00:00\" \/>\n<meta property=\"article:modified_time\" content=\"2023-11-15T19:45:52+00:00\" \/>\n<meta property=\"og:image\" content=\"https:\/\/cacaunews.com\/wp-content\/uploads\/2023\/11\/Funcionarios-da-Santa-Casa-de-Itabuna-iniciam-grev0124879900202311141314-ScaleDownProportional.webp\" \/>\n\t<meta property=\"og:image:width\" content=\"888\" \/>\n\t<meta property=\"og:image:height\" content=\"500\" \/>\n\t<meta property=\"og:image:type\" content=\"image\/webp\" \/>\n<meta name=\"author\" content=\"Reda\u00e7\u00e3o Cacau News\" \/>\n<meta name=\"twitter:card\" content=\"summary_large_image\" \/>\n<meta name=\"twitter:label1\" content=\"Escrito por\" \/>\n\t<meta name=\"twitter:data1\" content=\"Reda\u00e7\u00e3o Cacau News\" \/>\n\t<meta name=\"twitter:label2\" content=\"Est. tempo de leitura\" \/>\n\t<meta name=\"twitter:data2\" content=\"1 minuto\" \/>\n<script type=\"application\/ld+json\" class=\"yoast-schema-graph\">{\"@context\":\"https:\/\/schema.org\",\"@graph\":[{\"@type\":\"Article\",\"@id\":\"https:\/\/cacaunews.com\/?p=3526#article\",\"isPartOf\":{\"@id\":\"https:\/\/cacaunews.com\/?p=3526\"},\"author\":{\"name\":\"Reda\u00e7\u00e3o Cacau News\",\"@id\":\"https:\/\/cacaunews.com\/#\/schema\/person\/ea69703103e606ad347ccd64bd72ef79\"},\"headline\":\"Itabuna: Funcion\u00e1rios da Santa Casa iniciam greve.\",\"datePublished\":\"2023-11-14T13:00:49+00:00\",\"dateModified\":\"2023-11-15T19:45:52+00:00\",\"mainEntityOfPage\":{\"@id\":\"https:\/\/cacaunews.com\/?p=3526\"},\"wordCount\":137,\"commentCount\":0,\"publisher\":{\"@id\":\"https:\/\/cacaunews.com\/#organization\"},\"keywords\":[\"greve\",\"itabuna\",\"santa casa\",\"sa\u00fade\"],\"articleSection\":[\"cidades\",\"Jornalismo\"],\"inLanguage\":\"pt-BR\",\"potentialAction\":[{\"@type\":\"CommentAction\",\"name\":\"Comment\",\"target\":[\"https:\/\/cacaunews.com\/?p=3526#respond\"]}]},{\"@type\":\"WebPage\",\"@id\":\"https:\/\/cacaunews.com\/?p=3526\",\"url\":\"https:\/\/cacaunews.com\/?p=3526\",\"name\":\"Itabuna: Funcion\u00e1rios da Santa Casa iniciam greve. - Cacau News\",\"isPartOf\":{\"@id\":\"https:\/\/cacaunews.com\/#website\"},\"datePublished\":\"2023-11-14T13:00:49+00:00\",\"dateModified\":\"2023-11-15T19:45:52+00:00\",\"breadcrumb\":{\"@id\":\"https:\/\/cacaunews.com\/?p=3526#breadcrumb\"},\"inLanguage\":\"pt-BR\",\"potentialAction\":[{\"@type\":\"ReadAction\",\"target\":[\"https:\/\/cacaunews.com\/?p=3526\"]}]},{\"@type\":\"BreadcrumbList\",\"@id\":\"https:\/\/cacaunews.com\/?p=3526#breadcrumb\",\"itemListElement\":[{\"@type\":\"ListItem\",\"position\":1,\"name\":\"In\u00edcio\",\"item\":\"https:\/\/cacaunews.com\/\"},{\"@type\":\"ListItem\",\"position\":2,\"name\":\"Itabuna: Funcion\u00e1rios da Santa Casa iniciam greve.\"}]},{\"@type\":\"WebSite\",\"@id\":\"https:\/\/cacaunews.com\/#website\",\"url\":\"https:\/\/cacaunews.com\/\",\"name\":\"Cacau News\",\"description\":\"A Informa\u00e7\u00e3o que voc\u00ea precisa!\",\"publisher\":{\"@id\":\"https:\/\/cacaunews.com\/#organization\"},\"potentialAction\":[{\"@type\":\"SearchAction\",\"target\":{\"@type\":\"EntryPoint\",\"urlTemplate\":\"https:\/\/cacaunews.com\/?s={search_term_string}\"},\"query-input\":\"required name=search_term_string\"}],\"inLanguage\":\"pt-BR\"},{\"@type\":\"Organization\",\"@id\":\"https:\/\/cacaunews.com\/#organization\",\"name\":\"Cacau News\",\"url\":\"https:\/\/cacaunews.com\/\",\"logo\":{\"@type\":\"ImageObject\",\"inLanguage\":\"pt-BR\",\"@id\":\"https:\/\/cacaunews.com\/#\/schema\/logo\/image\/\",\"url\":\"https:\/\/cacaunews.com\/wp-content\/uploads\/2025\/01\/cropped-LOGO-NOVA.png\",\"contentUrl\":\"https:\/\/cacaunews.com\/wp-content\/uploads\/2025\/01\/cropped-LOGO-NOVA.png\",\"width\":813,\"height\":813,\"caption\":\"Cacau News\"},\"image\":{\"@id\":\"https:\/\/cacaunews.com\/#\/schema\/logo\/image\/\"},\"sameAs\":[\"https:\/\/www.instagram.com\/cacaunews.online\/\",\"https:\/\/youtube.com\/@cacaunews?si=0VXLnjl08SrWbVG9\"]},{\"@type\":\"Person\",\"@id\":\"https:\/\/cacaunews.com\/#\/schema\/person\/ea69703103e606ad347ccd64bd72ef79\",\"name\":\"Reda\u00e7\u00e3o Cacau News\",\"image\":{\"@type\":\"ImageObject\",\"inLanguage\":\"pt-BR\",\"@id\":\"https:\/\/cacaunews.com\/#\/schema\/person\/image\/\",\"url\":\"https:\/\/secure.gravatar.com\/avatar\/d79227a2a7b6cc42e8d7a8f7c284cd3a?s=96&d=mm&r=g\",\"contentUrl\":\"https:\/\/secure.gravatar.com\/avatar\/d79227a2a7b6cc42e8d7a8f7c284cd3a?s=96&d=mm&r=g\",\"caption\":\"Reda\u00e7\u00e3o Cacau News\"},\"sameAs\":[\"https:\/\/cacaunews.com\"],\"url\":\"https:\/\/cacaunews.com\/?author=1\"}]}<\/script>\n<!-- \/ Yoast SEO plugin. -->","yoast_head_json":{"title":"Itabuna: Funcion\u00e1rios da Santa Casa iniciam greve. - Cacau News","robots":{"index":"index","follow":"follow","max-snippet":"max-snippet:-1","max-image-preview":"max-image-preview:large","max-video-preview":"max-video-preview:-1"},"canonical":"https:\/\/cacaunews.com\/?p=3526","og_locale":"pt_BR","og_type":"article","og_title":"Itabuna: Funcion\u00e1rios da Santa Casa iniciam greve. - Cacau News","og_description":"Pelo menos 700 funcion\u00e1rios da Santa Casa de Miseric\u00f3rdia de Itabuna, iniciaram, nesta ter\u00e7a-feira (14),...","og_url":"https:\/\/cacaunews.com\/?p=3526","og_site_name":"Cacau News","article_published_time":"2023-11-14T13:00:49+00:00","article_modified_time":"2023-11-15T19:45:52+00:00","og_image":[{"width":888,"height":500,"url":"https:\/\/cacaunews.com\/wp-content\/uploads\/2023\/11\/Funcionarios-da-Santa-Casa-de-Itabuna-iniciam-grev0124879900202311141314-ScaleDownProportional.webp","type":"image\/webp"}],"author":"Reda\u00e7\u00e3o Cacau News","twitter_card":"summary_large_image","twitter_misc":{"Escrito por":"Reda\u00e7\u00e3o Cacau News","Est. tempo de leitura":"1 minuto"},"schema":{"@context":"https:\/\/schema.org","@graph":[{"@type":"Article","@id":"https:\/\/cacaunews.com\/?p=3526#article","isPartOf":{"@id":"https:\/\/cacaunews.com\/?p=3526"},"author":{"name":"Reda\u00e7\u00e3o Cacau News","@id":"https:\/\/cacaunews.com\/#\/schema\/person\/ea69703103e606ad347ccd64bd72ef79"},"headline":"Itabuna: Funcion\u00e1rios da Santa Casa iniciam greve.","datePublished":"2023-11-14T13:00:49+00:00","dateModified":"2023-11-15T19:45:52+00:00","mainEntityOfPage":{"@id":"https:\/\/cacaunews.com\/?p=3526"},"wordCount":137,"commentCount":0,"publisher":{"@id":"https:\/\/cacaunews.com\/#organization"},"keywords":["greve","itabuna","santa casa","sa\u00fade"],"articleSection":["cidades","Jornalismo"],"inLanguage":"pt-BR","potentialAction":[{"@type":"CommentAction","name":"Comment","target":["https:\/\/cacaunews.com\/?p=3526#respond"]}]},{"@type":"WebPage","@id":"https:\/\/cacaunews.com\/?p=3526","url":"https:\/\/cacaunews.com\/?p=3526","name":"Itabuna: Funcion\u00e1rios da Santa Casa iniciam greve. - Cacau News","isPartOf":{"@id":"https:\/\/cacaunews.com\/#website"},"datePublished":"2023-11-14T13:00:49+00:00","dateModified":"2023-11-15T19:45:52+00:00","breadcrumb":{"@id":"https:\/\/cacaunews.com\/?p=3526#breadcrumb"},"inLanguage":"pt-BR","potentialAction":[{"@type":"ReadAction","target":["https:\/\/cacaunews.com\/?p=3526"]}]},{"@type":"BreadcrumbList","@id":"https:\/\/cacaunews.com\/?p=3526#breadcrumb","itemListElement":[{"@type":"ListItem","position":1,"name":"In\u00edcio","item":"https:\/\/cacaunews.com\/"},{"@type":"ListItem","position":2,"name":"Itabuna: Funcion\u00e1rios da Santa Casa iniciam greve."}]},{"@type":"WebSite","@id":"https:\/\/cacaunews.com\/#website","url":"https:\/\/cacaunews.com\/","name":"Cacau News","description":"A Informa\u00e7\u00e3o que voc\u00ea precisa!","publisher":{"@id":"https:\/\/cacaunews.com\/#organization"},"potentialAction":[{"@type":"SearchAction","target":{"@type":"EntryPoint","urlTemplate":"https:\/\/cacaunews.com\/?s={search_term_string}"},"query-input":"required name=search_term_string"}],"inLanguage":"pt-BR"},{"@type":"Organization","@id":"https:\/\/cacaunews.com\/#organization","name":"Cacau News","url":"https:\/\/cacaunews.com\/","logo":{"@type":"ImageObject","inLanguage":"pt-BR","@id":"https:\/\/cacaunews.com\/#\/schema\/logo\/image\/","url":"https:\/\/cacaunews.com\/wp-content\/uploads\/2025\/01\/cropped-LOGO-NOVA.png","contentUrl":"https:\/\/cacaunews.com\/wp-content\/uploads\/2025\/01\/cropped-LOGO-NOVA.png","width":813,"height":813,"caption":"Cacau News"},"image":{"@id":"https:\/\/cacaunews.com\/#\/schema\/logo\/image\/"},"sameAs":["https:\/\/www.instagram.com\/cacaunews.online\/","https:\/\/youtube.com\/@cacaunews?si=0VXLnjl08SrWbVG9"]},{"@type":"Person","@id":"https:\/\/cacaunews.com\/#\/schema\/person\/ea69703103e606ad347ccd64bd72ef79","name":"Reda\u00e7\u00e3o Cacau News","image":{"@type":"ImageObject","inLanguage":"pt-BR","@id":"https:\/\/cacaunews.com\/#\/schema\/person\/image\/","url":"https:\/\/secure.gravatar.com\/avatar\/d79227a2a7b6cc42e8d7a8f7c284cd3a?s=96&d=mm&r=g","contentUrl":"https:\/\/secure.gravatar.com\/avatar\/d79227a2a7b6cc42e8d7a8f7c284cd3a?s=96&d=mm&r=g","caption":"Reda\u00e7\u00e3o Cacau News"},"sameAs":["https:\/\/cacaunews.com"],"url":"https:\/\/cacaunews.com\/?author=1"}]}},"jetpack_sharing_enabled":true,"jetpack_featured_media_url":"https:\/\/cacaunews.com\/wp-content\/uploads\/2023\/11\/Funcionarios-da-Santa-Casa-de-Itabuna-iniciam-grev0124879900202311141314-ScaleDownProportional.webp","_links":{"self":[{"href":"https:\/\/cacaunews.com\/index.php?rest_route=\/wp\/v2\/posts\/3526"}],"collection":[{"href":"https:\/\/cacaunews.com\/index.php?rest_route=\/wp\/v2\/posts"}],"about":[{"href":"https:\/\/cacaunews.com\/index.php?rest_route=\/wp\/v2\/types\/post"}],"author":[{"embeddable":true,"href":"https:\/\/cacaunews.com\/index.php?rest_route=\/wp\/v2\/users\/1"}],"replies":[{"embeddable":true,"href":"https:\/\/cacaunews.com\/index.php?rest_route=%2Fwp%2Fv2%2Fcomments&post=3526"}],"version-history":[{"count":2,"href":"https:\/\/cacaunews.com\/index.php?rest_route=\/wp\/v2\/posts\/3526\/revisions"}],"predecessor-version":[{"id":3532,"href":"https:\/\/cacaunews.com\/index.php?rest_route=\/wp\/v2\/posts\/3526\/revisions\/3532"}],"wp:featuredmedia":[{"embeddable":true,"href":"https:\/\/cacaunews.com\/index.php?rest_route=\/wp\/v2\/media\/3525"}],"wp:attachment":[{"href":"https:\/\/cacaunews.com\/index.php?rest_route=%2Fwp%2Fv2%2Fmedia&parent=3526"}],"wp:term":[{"taxonomy":"category","embeddable":true,"href":"https:\/\/cacaunews.com\/index.php?rest_route=%2Fwp%2Fv2%2Fcategories&post=3526"},{"taxonomy":"post_tag","embeddable":true,"href":"https:\/\/cacaunews.com\/index.php?rest_route=%2Fwp%2Fv2%2Ftags&post=3526"}],"curies":[{"name":"wp","href":"https:\/\/api.w.org\/{rel}","templated":true}]}}