{"id":3543,"date":"2023-11-16T12:00:37","date_gmt":"2023-11-16T12:00:37","guid":{"rendered":"https:\/\/cacaunews.com\/?p=3543"},"modified":"2023-11-16T12:00:37","modified_gmt":"2023-11-16T12:00:37","slug":"itabuna-andre-so-vitoria-e-o-novo-filiado-do-solidariedade","status":"publish","type":"post","link":"https:\/\/cacaunews.com\/?p=3543","title":{"rendered":"Itabuna: &#8220;Andr\u00e9 S\u00f3 Vit\u00f3ria&#8221; \u00e9 o novo filiado do Solidariedade."},"content":{"rendered":"\n<p>O l\u00edder comunit\u00e1rio e pastor evang\u00e9lico conhecido como &#8220;Andr\u00e9 S\u00f3 Vit\u00f3ria&#8221; filiou-se no partido Solidariedade, ele que j\u00e1 desenvolve um trabalho social no munic\u00edpio, e por alguns anos foi presidente da Associa\u00e7\u00e3o de Moradores do bairro de Zizo, agora entra para a sigla partid\u00e1ria com o objetivo de ampliar a sua atua\u00e7\u00e3o.<\/p>\n\n\n\n<p>Al\u00e9m do bairro Zizo, Andr\u00e9 tamb\u00e9m \u00e9 muito popular nos Condom\u00ednios residenciais Jubiab\u00e1 e Gabriela onde faz parte do grupo G10, este que tamb\u00e9m desenvolve atividades sociais na localidade.<\/p>\n\n\n\n<p>O l\u00edder foi recebido pela presidente do partido no munic\u00edpio, Neide de Carlito, que enfatizou a alegria de poder contar com nomes como o de &#8220;Andr\u00e9 S\u00f3 Vit\u00f3ria&#8221; na sigla partid\u00e1ria.<\/p>\n","protected":false},"excerpt":{"rendered":"<p>O l\u00edder comunit\u00e1rio e pastor evang\u00e9lico conhecido como &#8220;Andr\u00e9 S\u00f3 Vit\u00f3ria&#8221; filiou-se no partido Solidariedade,&#8230;<\/p>\n","protected":false},"author":1,"featured_media":3542,"comment_status":"open","ping_status":"open","sticky":false,"template":"","format":"standard","meta":{"footnotes":""},"categories":[18,5],"tags":[1280,1391,27,209],"yoast_head":"<!-- This site is optimized with the Yoast SEO plugin v21.7 - https:\/\/yoast.com\/wordpress\/plugins\/seo\/ -->\n<title>Itabuna: &quot;Andr\u00e9 S\u00f3 Vit\u00f3ria&quot; \u00e9 o novo filiado do Solidariedade. - Cacau News<\/title>\n<meta name=\"robots\" content=\"index, follow, max-snippet:-1, max-image-preview:large, max-video-preview:-1\" \/>\n<link rel=\"canonical\" href=\"https:\/\/cacaunews.com\/?p=3543\" \/>\n<meta property=\"og:locale\" content=\"pt_BR\" \/>\n<meta property=\"og:type\" content=\"article\" \/>\n<meta property=\"og:title\" content=\"Itabuna: &quot;Andr\u00e9 S\u00f3 Vit\u00f3ria&quot; \u00e9 o novo filiado do Solidariedade. - Cacau News\" \/>\n<meta property=\"og:description\" content=\"O l\u00edder comunit\u00e1rio e pastor evang\u00e9lico conhecido como &#8220;Andr\u00e9 S\u00f3 Vit\u00f3ria&#8221; filiou-se no partido Solidariedade,...\" \/>\n<meta property=\"og:url\" content=\"https:\/\/cacaunews.com\/?p=3543\" \/>\n<meta property=\"og:site_name\" content=\"Cacau News\" \/>\n<meta property=\"article:published_time\" content=\"2023-11-16T12:00:37+00:00\" \/>\n<meta name=\"author\" content=\"Reda\u00e7\u00e3o Cacau News\" \/>\n<meta name=\"twitter:card\" content=\"summary_large_image\" \/>\n<meta name=\"twitter:label1\" content=\"Escrito por\" \/>\n\t<meta name=\"twitter:data1\" content=\"Reda\u00e7\u00e3o Cacau News\" \/>\n\t<meta name=\"twitter:label2\" content=\"Est. tempo de leitura\" \/>\n\t<meta name=\"twitter:data2\" content=\"1 minuto\" \/>\n<script type=\"application\/ld+json\" class=\"yoast-schema-graph\">{\"@context\":\"https:\/\/schema.org\",\"@graph\":[{\"@type\":\"Article\",\"@id\":\"https:\/\/cacaunews.com\/?p=3543#article\",\"isPartOf\":{\"@id\":\"https:\/\/cacaunews.com\/?p=3543\"},\"author\":{\"name\":\"Reda\u00e7\u00e3o Cacau News\",\"@id\":\"https:\/\/cacaunews.com\/#\/schema\/person\/ea69703103e606ad347ccd64bd72ef79\"},\"headline\":\"Itabuna: &#8220;Andr\u00e9 S\u00f3 Vit\u00f3ria&#8221; \u00e9 o novo filiado do Solidariedade.\",\"datePublished\":\"2023-11-16T12:00:37+00:00\",\"dateModified\":\"2023-11-16T12:00:37+00:00\",\"mainEntityOfPage\":{\"@id\":\"https:\/\/cacaunews.com\/?p=3543\"},\"wordCount\":137,\"commentCount\":0,\"publisher\":{\"@id\":\"https:\/\/cacaunews.com\/#organization\"},\"keywords\":[\"Andr\u00e9 s\u00f3 vitoria\",\"filia\u00e7\u00e3o\",\"itabuna\",\"Solidariedade\"],\"articleSection\":[\"cidades\",\"Politica\"],\"inLanguage\":\"pt-BR\",\"potentialAction\":[{\"@type\":\"CommentAction\",\"name\":\"Comment\",\"target\":[\"https:\/\/cacaunews.com\/?p=3543#respond\"]}]},{\"@type\":\"WebPage\",\"@id\":\"https:\/\/cacaunews.com\/?p=3543\",\"url\":\"https:\/\/cacaunews.com\/?p=3543\",\"name\":\"Itabuna: \\\"Andr\u00e9 S\u00f3 Vit\u00f3ria\\\" \u00e9 o novo filiado do Solidariedade. - Cacau News\",\"isPartOf\":{\"@id\":\"https:\/\/cacaunews.com\/#website\"},\"datePublished\":\"2023-11-16T12:00:37+00:00\",\"dateModified\":\"2023-11-16T12:00:37+00:00\",\"breadcrumb\":{\"@id\":\"https:\/\/cacaunews.com\/?p=3543#breadcrumb\"},\"inLanguage\":\"pt-BR\",\"potentialAction\":[{\"@type\":\"ReadAction\",\"target\":[\"https:\/\/cacaunews.com\/?p=3543\"]}]},{\"@type\":\"BreadcrumbList\",\"@id\":\"https:\/\/cacaunews.com\/?p=3543#breadcrumb\",\"itemListElement\":[{\"@type\":\"ListItem\",\"position\":1,\"name\":\"In\u00edcio\",\"item\":\"https:\/\/cacaunews.com\/\"},{\"@type\":\"ListItem\",\"position\":2,\"name\":\"Itabuna: &#8220;Andr\u00e9 S\u00f3 Vit\u00f3ria&#8221; \u00e9 o novo filiado do Solidariedade.\"}]},{\"@type\":\"WebSite\",\"@id\":\"https:\/\/cacaunews.com\/#website\",\"url\":\"https:\/\/cacaunews.com\/\",\"name\":\"Cacau News\",\"description\":\"A Informa\u00e7\u00e3o que voc\u00ea precisa!\",\"publisher\":{\"@id\":\"https:\/\/cacaunews.com\/#organization\"},\"potentialAction\":[{\"@type\":\"SearchAction\",\"target\":{\"@type\":\"EntryPoint\",\"urlTemplate\":\"https:\/\/cacaunews.com\/?s={search_term_string}\"},\"query-input\":\"required name=search_term_string\"}],\"inLanguage\":\"pt-BR\"},{\"@type\":\"Organization\",\"@id\":\"https:\/\/cacaunews.com\/#organization\",\"name\":\"Cacau News\",\"url\":\"https:\/\/cacaunews.com\/\",\"logo\":{\"@type\":\"ImageObject\",\"inLanguage\":\"pt-BR\",\"@id\":\"https:\/\/cacaunews.com\/#\/schema\/logo\/image\/\",\"url\":\"https:\/\/cacaunews.com\/wp-content\/uploads\/2025\/01\/cropped-LOGO-NOVA.png\",\"contentUrl\":\"https:\/\/cacaunews.com\/wp-content\/uploads\/2025\/01\/cropped-LOGO-NOVA.png\",\"width\":813,\"height\":813,\"caption\":\"Cacau News\"},\"image\":{\"@id\":\"https:\/\/cacaunews.com\/#\/schema\/logo\/image\/\"},\"sameAs\":[\"https:\/\/www.instagram.com\/cacaunews.online\/\",\"https:\/\/youtube.com\/@cacaunews?si=0VXLnjl08SrWbVG9\"]},{\"@type\":\"Person\",\"@id\":\"https:\/\/cacaunews.com\/#\/schema\/person\/ea69703103e606ad347ccd64bd72ef79\",\"name\":\"Reda\u00e7\u00e3o Cacau News\",\"image\":{\"@type\":\"ImageObject\",\"inLanguage\":\"pt-BR\",\"@id\":\"https:\/\/cacaunews.com\/#\/schema\/person\/image\/\",\"url\":\"https:\/\/secure.gravatar.com\/avatar\/d79227a2a7b6cc42e8d7a8f7c284cd3a?s=96&d=mm&r=g\",\"contentUrl\":\"https:\/\/secure.gravatar.com\/avatar\/d79227a2a7b6cc42e8d7a8f7c284cd3a?s=96&d=mm&r=g\",\"caption\":\"Reda\u00e7\u00e3o Cacau News\"},\"sameAs\":[\"https:\/\/cacaunews.com\"],\"url\":\"https:\/\/cacaunews.com\/?author=1\"}]}<\/script>\n<!-- \/ Yoast SEO plugin. -->","yoast_head_json":{"title":"Itabuna: \"Andr\u00e9 S\u00f3 Vit\u00f3ria\" \u00e9 o novo filiado do Solidariedade. - Cacau News","robots":{"index":"index","follow":"follow","max-snippet":"max-snippet:-1","max-image-preview":"max-image-preview:large","max-video-preview":"max-video-preview:-1"},"canonical":"https:\/\/cacaunews.com\/?p=3543","og_locale":"pt_BR","og_type":"article","og_title":"Itabuna: \"Andr\u00e9 S\u00f3 Vit\u00f3ria\" \u00e9 o novo filiado do Solidariedade. - Cacau News","og_description":"O l\u00edder comunit\u00e1rio e pastor evang\u00e9lico conhecido como &#8220;Andr\u00e9 S\u00f3 Vit\u00f3ria&#8221; filiou-se no partido Solidariedade,...","og_url":"https:\/\/cacaunews.com\/?p=3543","og_site_name":"Cacau News","article_published_time":"2023-11-16T12:00:37+00:00","author":"Reda\u00e7\u00e3o Cacau News","twitter_card":"summary_large_image","twitter_misc":{"Escrito por":"Reda\u00e7\u00e3o Cacau News","Est. tempo de leitura":"1 minuto"},"schema":{"@context":"https:\/\/schema.org","@graph":[{"@type":"Article","@id":"https:\/\/cacaunews.com\/?p=3543#article","isPartOf":{"@id":"https:\/\/cacaunews.com\/?p=3543"},"author":{"name":"Reda\u00e7\u00e3o Cacau News","@id":"https:\/\/cacaunews.com\/#\/schema\/person\/ea69703103e606ad347ccd64bd72ef79"},"headline":"Itabuna: &#8220;Andr\u00e9 S\u00f3 Vit\u00f3ria&#8221; \u00e9 o novo filiado do Solidariedade.","datePublished":"2023-11-16T12:00:37+00:00","dateModified":"2023-11-16T12:00:37+00:00","mainEntityOfPage":{"@id":"https:\/\/cacaunews.com\/?p=3543"},"wordCount":137,"commentCount":0,"publisher":{"@id":"https:\/\/cacaunews.com\/#organization"},"keywords":["Andr\u00e9 s\u00f3 vitoria","filia\u00e7\u00e3o","itabuna","Solidariedade"],"articleSection":["cidades","Politica"],"inLanguage":"pt-BR","potentialAction":[{"@type":"CommentAction","name":"Comment","target":["https:\/\/cacaunews.com\/?p=3543#respond"]}]},{"@type":"WebPage","@id":"https:\/\/cacaunews.com\/?p=3543","url":"https:\/\/cacaunews.com\/?p=3543","name":"Itabuna: \"Andr\u00e9 S\u00f3 Vit\u00f3ria\" \u00e9 o novo filiado do Solidariedade. - Cacau News","isPartOf":{"@id":"https:\/\/cacaunews.com\/#website"},"datePublished":"2023-11-16T12:00:37+00:00","dateModified":"2023-11-16T12:00:37+00:00","breadcrumb":{"@id":"https:\/\/cacaunews.com\/?p=3543#breadcrumb"},"inLanguage":"pt-BR","potentialAction":[{"@type":"ReadAction","target":["https:\/\/cacaunews.com\/?p=3543"]}]},{"@type":"BreadcrumbList","@id":"https:\/\/cacaunews.com\/?p=3543#breadcrumb","itemListElement":[{"@type":"ListItem","position":1,"name":"In\u00edcio","item":"https:\/\/cacaunews.com\/"},{"@type":"ListItem","position":2,"name":"Itabuna: &#8220;Andr\u00e9 S\u00f3 Vit\u00f3ria&#8221; \u00e9 o novo filiado do Solidariedade."}]},{"@type":"WebSite","@id":"https:\/\/cacaunews.com\/#website","url":"https:\/\/cacaunews.com\/","name":"Cacau News","description":"A Informa\u00e7\u00e3o que voc\u00ea precisa!","publisher":{"@id":"https:\/\/cacaunews.com\/#organization"},"potentialAction":[{"@type":"SearchAction","target":{"@type":"EntryPoint","urlTemplate":"https:\/\/cacaunews.com\/?s={search_term_string}"},"query-input":"required name=search_term_string"}],"inLanguage":"pt-BR"},{"@type":"Organization","@id":"https:\/\/cacaunews.com\/#organization","name":"Cacau News","url":"https:\/\/cacaunews.com\/","logo":{"@type":"ImageObject","inLanguage":"pt-BR","@id":"https:\/\/cacaunews.com\/#\/schema\/logo\/image\/","url":"https:\/\/cacaunews.com\/wp-content\/uploads\/2025\/01\/cropped-LOGO-NOVA.png","contentUrl":"https:\/\/cacaunews.com\/wp-content\/uploads\/2025\/01\/cropped-LOGO-NOVA.png","width":813,"height":813,"caption":"Cacau News"},"image":{"@id":"https:\/\/cacaunews.com\/#\/schema\/logo\/image\/"},"sameAs":["https:\/\/www.instagram.com\/cacaunews.online\/","https:\/\/youtube.com\/@cacaunews?si=0VXLnjl08SrWbVG9"]},{"@type":"Person","@id":"https:\/\/cacaunews.com\/#\/schema\/person\/ea69703103e606ad347ccd64bd72ef79","name":"Reda\u00e7\u00e3o Cacau News","image":{"@type":"ImageObject","inLanguage":"pt-BR","@id":"https:\/\/cacaunews.com\/#\/schema\/person\/image\/","url":"https:\/\/secure.gravatar.com\/avatar\/d79227a2a7b6cc42e8d7a8f7c284cd3a?s=96&d=mm&r=g","contentUrl":"https:\/\/secure.gravatar.com\/avatar\/d79227a2a7b6cc42e8d7a8f7c284cd3a?s=96&d=mm&r=g","caption":"Reda\u00e7\u00e3o Cacau News"},"sameAs":["https:\/\/cacaunews.com"],"url":"https:\/\/cacaunews.com\/?author=1"}]}},"jetpack_sharing_enabled":true,"jetpack_featured_media_url":"https:\/\/cacaunews.com\/wp-content\/uploads\/2023\/11\/IMG-20231108-WA0173.jpg","_links":{"self":[{"href":"https:\/\/cacaunews.com\/index.php?rest_route=\/wp\/v2\/posts\/3543"}],"collection":[{"href":"https:\/\/cacaunews.com\/index.php?rest_route=\/wp\/v2\/posts"}],"about":[{"href":"https:\/\/cacaunews.com\/index.php?rest_route=\/wp\/v2\/types\/post"}],"author":[{"embeddable":true,"href":"https:\/\/cacaunews.com\/index.php?rest_route=\/wp\/v2\/users\/1"}],"replies":[{"embeddable":true,"href":"https:\/\/cacaunews.com\/index.php?rest_route=%2Fwp%2Fv2%2Fcomments&post=3543"}],"version-history":[{"count":0,"href":"https:\/\/cacaunews.com\/index.php?rest_route=\/wp\/v2\/posts\/3543\/revisions"}],"wp:featuredmedia":[{"embeddable":true,"href":"https:\/\/cacaunews.com\/index.php?rest_route=\/wp\/v2\/media\/3542"}],"wp:attachment":[{"href":"https:\/\/cacaunews.com\/index.php?rest_route=%2Fwp%2Fv2%2Fmedia&parent=3543"}],"wp:term":[{"taxonomy":"category","embeddable":true,"href":"https:\/\/cacaunews.com\/index.php?rest_route=%2Fwp%2Fv2%2Fcategories&post=3543"},{"taxonomy":"post_tag","embeddable":true,"href":"https:\/\/cacaunews.com\/index.php?rest_route=%2Fwp%2Fv2%2Ftags&post=3543"}],"curies":[{"name":"wp","href":"https:\/\/api.w.org\/{rel}","templated":true}]}}