{"id":3563,"date":"2023-11-18T21:40:08","date_gmt":"2023-11-18T21:40:08","guid":{"rendered":"https:\/\/cacaunews.com\/?p=3563"},"modified":"2023-11-18T21:47:34","modified_gmt":"2023-11-18T21:47:34","slug":"conselho-municipal-da-juventude-de-itabuna-e-representado-na-conferencia-estadual-em-salvador","status":"publish","type":"post","link":"https:\/\/cacaunews.com\/?p=3563","title":{"rendered":"Conselho Municipal da Juventude de Itabuna \u00e9 representado na Confer\u00eancia Estadual, em Salvador."},"content":{"rendered":"\n<p>O Conselho Municipal da Juventude de Itabuna, representado por seu vice-presidente, Dr. Glauber Santos, esteve presente na 4\u00aa Confer\u00eancia Estadual da Juventude da Bahia, que ocorreu nos dias 13, 14 e 15 na cidade de Salvador. O evento teve como pauta principal, o debate em torno dos 12 eixos do Estatuto da Juventude, uma legisla\u00e7\u00e3o que completou uma d\u00e9cada de exist\u00eancia em 2023 e \u00e9 um marco na garantia dos direitos dos jovens brasileiros. <\/p>\n\n\n\n<p><br \/>Ainda no evento, foi realizado a leitura do regimento e a sua aprova\u00e7\u00e3o, bem como, as discurs\u00f5es sobre os eixos tem\u00e1ticos que envolvia o direito a educa\u00e7\u00e3o, sa\u00fade, cultura, profissionaliza\u00e7\u00e3o, emprego e renda, direito a sustentabilidade e meio ambiente, o direito a diversidade e \u00e0 igualdade, o direito a cidadania e a participa\u00e7\u00e3o social, o direito ao desporto e lazer, entre outros. Os jovens participantes tiveram a oportunidade de compartilhar suas perspectivas, experi\u00eancias e criar propostas em cada eixo tem\u00e1ticos. Essas propostas criadas pelos jovens, v\u00e3o contribuir para a elabora\u00e7\u00e3o de pol\u00edticas p\u00fablicas que atendam \u00e0s suas necessidades e aspira\u00e7\u00f5es.<\/p>\n\n\n\n<figure class=\"wp-block-image size-large\"><img fetchpriority=\"high\" decoding=\"async\" width=\"696\" height=\"464\" src=\"https:\/\/cacaunews.com\/wp-content\/uploads\/2023\/11\/IMG-20231118-WA0111.jpg\" alt=\"\" class=\"wp-image-3561\" srcset=\"https:\/\/cacaunews.com\/wp-content\/uploads\/2023\/11\/IMG-20231118-WA0111.jpg 696w, https:\/\/cacaunews.com\/wp-content\/uploads\/2023\/11\/IMG-20231118-WA0111-300x200.jpg 300w\" sizes=\"(max-width: 696px) 100vw, 696px\" \/><figcaption class=\"wp-element-caption\">Governador Jer\u00f4nimo Rodrigues (PT) participa da 4\u00b0 Confer\u00eancia Estadual de Juventude.Foto: Glauber Santos <\/figcaption><\/figure>\n\n\n\n<p><br>\u201cFoi um evento enriquecedor para a juventude, principalmente, pelo fato de ter ficado alguns anos sem a realiza\u00e7\u00e3o dessa importante confer\u00eancia da juventude no estado da Bahia. O governador Jer\u00f4nimo Rodrigues e alguns secret\u00e1rios estiveram presentes na cerim\u00f4nia de abertura, se colocando favor\u00e1vel as pautas da juventude. A 4\u00aa Confer\u00eancia Estadual da Juventude da Bahia, posso garantir, foi um sucesso de participa\u00e7\u00e3o e inclus\u00e3o de todos os movimentos sociais, sendo assim, reabre o debate da necessidade de incluir a juventude no or\u00e7amento dos governos, (Uni\u00e3o, estado e munic\u00edpios) e a cria\u00e7\u00e3o de pol\u00edticas p\u00fablicas&#8221;. Afirmou, Glauber Santos, vice-presidente do CMJ.  <\/p>\n\n\n\n<p><br \/>4\u00aa Confer\u00eancia Estadual da Juventude, teve a participa\u00e7\u00e3o de mais de 500 jovens delegados, com representantes de todos os cantos do estado. Agora a pr\u00f3xima etapa, a Confer\u00eancia Nacional de Juventude que est\u00e1 marcada para ocorrer entre os dias 14 e 17 de dezembro, em Bras\u00edlia. A etapa nacional consolidar\u00e1 as contribui\u00e7\u00f5es de todas as confer\u00eancias estaduais, incluindo a da Bahia, em dire\u00e7\u00e3o \u00e0 formula\u00e7\u00e3o de pol\u00edticas p\u00fablicas nacionais que impactar\u00e3o a vida dos jovens em todo o pa\u00eds.<\/p>\n","protected":false},"excerpt":{"rendered":"<p>O Conselho Municipal da Juventude de Itabuna, representado por seu vice-presidente, Dr. Glauber Santos, esteve&#8230;<\/p>\n","protected":false},"author":1,"featured_media":3562,"comment_status":"open","ping_status":"open","sticky":false,"template":"","format":"standard","meta":{"footnotes":""},"categories":[18,11],"tags":[1298,88,27,89,285],"yoast_head":"<!-- This site is optimized with the Yoast SEO plugin v21.7 - https:\/\/yoast.com\/wordpress\/plugins\/seo\/ -->\n<title>Conselho Municipal da Juventude de Itabuna \u00e9 representado na Confer\u00eancia Estadual, em Salvador. - Cacau News<\/title>\n<meta name=\"robots\" content=\"index, follow, max-snippet:-1, max-image-preview:large, max-video-preview:-1\" \/>\n<link rel=\"canonical\" href=\"https:\/\/cacaunews.com\/?p=3563\" \/>\n<meta property=\"og:locale\" content=\"pt_BR\" \/>\n<meta property=\"og:type\" content=\"article\" \/>\n<meta property=\"og:title\" content=\"Conselho Municipal da Juventude de Itabuna \u00e9 representado na Confer\u00eancia Estadual, em Salvador. - Cacau News\" \/>\n<meta property=\"og:description\" content=\"O Conselho Municipal da Juventude de Itabuna, representado por seu vice-presidente, Dr. Glauber Santos, esteve...\" \/>\n<meta property=\"og:url\" content=\"https:\/\/cacaunews.com\/?p=3563\" \/>\n<meta property=\"og:site_name\" content=\"Cacau News\" \/>\n<meta property=\"article:published_time\" content=\"2023-11-18T21:40:08+00:00\" \/>\n<meta property=\"article:modified_time\" content=\"2023-11-18T21:47:34+00:00\" \/>\n<meta property=\"og:image\" content=\"https:\/\/cacaunews.com\/wp-content\/uploads\/2023\/11\/IMG-20231118-WA0112.jpg\" \/>\n\t<meta property=\"og:image:width\" content=\"960\" \/>\n\t<meta property=\"og:image:height\" content=\"1280\" \/>\n\t<meta property=\"og:image:type\" content=\"image\/jpeg\" \/>\n<meta name=\"author\" content=\"Reda\u00e7\u00e3o Cacau News\" \/>\n<meta name=\"twitter:card\" content=\"summary_large_image\" \/>\n<meta name=\"twitter:label1\" content=\"Escrito por\" \/>\n\t<meta name=\"twitter:data1\" content=\"Reda\u00e7\u00e3o Cacau News\" \/>\n\t<meta name=\"twitter:label2\" content=\"Est. tempo de leitura\" \/>\n\t<meta name=\"twitter:data2\" content=\"2 minutos\" \/>\n<script type=\"application\/ld+json\" class=\"yoast-schema-graph\">{\"@context\":\"https:\/\/schema.org\",\"@graph\":[{\"@type\":\"Article\",\"@id\":\"https:\/\/cacaunews.com\/?p=3563#article\",\"isPartOf\":{\"@id\":\"https:\/\/cacaunews.com\/?p=3563\"},\"author\":{\"name\":\"Reda\u00e7\u00e3o Cacau News\",\"@id\":\"https:\/\/cacaunews.com\/#\/schema\/person\/ea69703103e606ad347ccd64bd72ef79\"},\"headline\":\"Conselho Municipal da Juventude de Itabuna \u00e9 representado na Confer\u00eancia Estadual, em Salvador.\",\"datePublished\":\"2023-11-18T21:40:08+00:00\",\"dateModified\":\"2023-11-18T21:47:34+00:00\",\"mainEntityOfPage\":{\"@id\":\"https:\/\/cacaunews.com\/?p=3563\"},\"wordCount\":413,\"commentCount\":0,\"publisher\":{\"@id\":\"https:\/\/cacaunews.com\/#organization\"},\"keywords\":[\"confer\u00eancia\",\"conselho\",\"itabuna\",\"juventude\",\"participa\u00e7\u00e3o\"],\"articleSection\":[\"cidades\",\"Jornalismo\"],\"inLanguage\":\"pt-BR\",\"potentialAction\":[{\"@type\":\"CommentAction\",\"name\":\"Comment\",\"target\":[\"https:\/\/cacaunews.com\/?p=3563#respond\"]}]},{\"@type\":\"WebPage\",\"@id\":\"https:\/\/cacaunews.com\/?p=3563\",\"url\":\"https:\/\/cacaunews.com\/?p=3563\",\"name\":\"Conselho Municipal da Juventude de Itabuna \u00e9 representado na Confer\u00eancia Estadual, em Salvador. - Cacau News\",\"isPartOf\":{\"@id\":\"https:\/\/cacaunews.com\/#website\"},\"datePublished\":\"2023-11-18T21:40:08+00:00\",\"dateModified\":\"2023-11-18T21:47:34+00:00\",\"breadcrumb\":{\"@id\":\"https:\/\/cacaunews.com\/?p=3563#breadcrumb\"},\"inLanguage\":\"pt-BR\",\"potentialAction\":[{\"@type\":\"ReadAction\",\"target\":[\"https:\/\/cacaunews.com\/?p=3563\"]}]},{\"@type\":\"BreadcrumbList\",\"@id\":\"https:\/\/cacaunews.com\/?p=3563#breadcrumb\",\"itemListElement\":[{\"@type\":\"ListItem\",\"position\":1,\"name\":\"In\u00edcio\",\"item\":\"https:\/\/cacaunews.com\/\"},{\"@type\":\"ListItem\",\"position\":2,\"name\":\"Conselho Municipal da Juventude de Itabuna \u00e9 representado na Confer\u00eancia Estadual, em Salvador.\"}]},{\"@type\":\"WebSite\",\"@id\":\"https:\/\/cacaunews.com\/#website\",\"url\":\"https:\/\/cacaunews.com\/\",\"name\":\"Cacau News\",\"description\":\"A Informa\u00e7\u00e3o que voc\u00ea precisa!\",\"publisher\":{\"@id\":\"https:\/\/cacaunews.com\/#organization\"},\"potentialAction\":[{\"@type\":\"SearchAction\",\"target\":{\"@type\":\"EntryPoint\",\"urlTemplate\":\"https:\/\/cacaunews.com\/?s={search_term_string}\"},\"query-input\":\"required name=search_term_string\"}],\"inLanguage\":\"pt-BR\"},{\"@type\":\"Organization\",\"@id\":\"https:\/\/cacaunews.com\/#organization\",\"name\":\"Cacau News\",\"url\":\"https:\/\/cacaunews.com\/\",\"logo\":{\"@type\":\"ImageObject\",\"inLanguage\":\"pt-BR\",\"@id\":\"https:\/\/cacaunews.com\/#\/schema\/logo\/image\/\",\"url\":\"https:\/\/cacaunews.com\/wp-content\/uploads\/2025\/01\/cropped-LOGO-NOVA.png\",\"contentUrl\":\"https:\/\/cacaunews.com\/wp-content\/uploads\/2025\/01\/cropped-LOGO-NOVA.png\",\"width\":813,\"height\":813,\"caption\":\"Cacau News\"},\"image\":{\"@id\":\"https:\/\/cacaunews.com\/#\/schema\/logo\/image\/\"},\"sameAs\":[\"https:\/\/www.instagram.com\/cacaunews.online\/\",\"https:\/\/youtube.com\/@cacaunews?si=0VXLnjl08SrWbVG9\"]},{\"@type\":\"Person\",\"@id\":\"https:\/\/cacaunews.com\/#\/schema\/person\/ea69703103e606ad347ccd64bd72ef79\",\"name\":\"Reda\u00e7\u00e3o Cacau News\",\"image\":{\"@type\":\"ImageObject\",\"inLanguage\":\"pt-BR\",\"@id\":\"https:\/\/cacaunews.com\/#\/schema\/person\/image\/\",\"url\":\"https:\/\/secure.gravatar.com\/avatar\/d79227a2a7b6cc42e8d7a8f7c284cd3a?s=96&d=mm&r=g\",\"contentUrl\":\"https:\/\/secure.gravatar.com\/avatar\/d79227a2a7b6cc42e8d7a8f7c284cd3a?s=96&d=mm&r=g\",\"caption\":\"Reda\u00e7\u00e3o Cacau News\"},\"sameAs\":[\"https:\/\/cacaunews.com\"],\"url\":\"https:\/\/cacaunews.com\/?author=1\"}]}<\/script>\n<!-- \/ Yoast SEO plugin. -->","yoast_head_json":{"title":"Conselho Municipal da Juventude de Itabuna \u00e9 representado na Confer\u00eancia Estadual, em Salvador. - Cacau News","robots":{"index":"index","follow":"follow","max-snippet":"max-snippet:-1","max-image-preview":"max-image-preview:large","max-video-preview":"max-video-preview:-1"},"canonical":"https:\/\/cacaunews.com\/?p=3563","og_locale":"pt_BR","og_type":"article","og_title":"Conselho Municipal da Juventude de Itabuna \u00e9 representado na Confer\u00eancia Estadual, em Salvador. - Cacau News","og_description":"O Conselho Municipal da Juventude de Itabuna, representado por seu vice-presidente, Dr. Glauber Santos, esteve...","og_url":"https:\/\/cacaunews.com\/?p=3563","og_site_name":"Cacau News","article_published_time":"2023-11-18T21:40:08+00:00","article_modified_time":"2023-11-18T21:47:34+00:00","og_image":[{"width":960,"height":1280,"url":"https:\/\/cacaunews.com\/wp-content\/uploads\/2023\/11\/IMG-20231118-WA0112.jpg","type":"image\/jpeg"}],"author":"Reda\u00e7\u00e3o Cacau News","twitter_card":"summary_large_image","twitter_misc":{"Escrito por":"Reda\u00e7\u00e3o Cacau News","Est. tempo de leitura":"2 minutos"},"schema":{"@context":"https:\/\/schema.org","@graph":[{"@type":"Article","@id":"https:\/\/cacaunews.com\/?p=3563#article","isPartOf":{"@id":"https:\/\/cacaunews.com\/?p=3563"},"author":{"name":"Reda\u00e7\u00e3o Cacau News","@id":"https:\/\/cacaunews.com\/#\/schema\/person\/ea69703103e606ad347ccd64bd72ef79"},"headline":"Conselho Municipal da Juventude de Itabuna \u00e9 representado na Confer\u00eancia Estadual, em Salvador.","datePublished":"2023-11-18T21:40:08+00:00","dateModified":"2023-11-18T21:47:34+00:00","mainEntityOfPage":{"@id":"https:\/\/cacaunews.com\/?p=3563"},"wordCount":413,"commentCount":0,"publisher":{"@id":"https:\/\/cacaunews.com\/#organization"},"keywords":["confer\u00eancia","conselho","itabuna","juventude","participa\u00e7\u00e3o"],"articleSection":["cidades","Jornalismo"],"inLanguage":"pt-BR","potentialAction":[{"@type":"CommentAction","name":"Comment","target":["https:\/\/cacaunews.com\/?p=3563#respond"]}]},{"@type":"WebPage","@id":"https:\/\/cacaunews.com\/?p=3563","url":"https:\/\/cacaunews.com\/?p=3563","name":"Conselho Municipal da Juventude de Itabuna \u00e9 representado na Confer\u00eancia Estadual, em Salvador. - Cacau News","isPartOf":{"@id":"https:\/\/cacaunews.com\/#website"},"datePublished":"2023-11-18T21:40:08+00:00","dateModified":"2023-11-18T21:47:34+00:00","breadcrumb":{"@id":"https:\/\/cacaunews.com\/?p=3563#breadcrumb"},"inLanguage":"pt-BR","potentialAction":[{"@type":"ReadAction","target":["https:\/\/cacaunews.com\/?p=3563"]}]},{"@type":"BreadcrumbList","@id":"https:\/\/cacaunews.com\/?p=3563#breadcrumb","itemListElement":[{"@type":"ListItem","position":1,"name":"In\u00edcio","item":"https:\/\/cacaunews.com\/"},{"@type":"ListItem","position":2,"name":"Conselho Municipal da Juventude de Itabuna \u00e9 representado na Confer\u00eancia Estadual, em Salvador."}]},{"@type":"WebSite","@id":"https:\/\/cacaunews.com\/#website","url":"https:\/\/cacaunews.com\/","name":"Cacau News","description":"A Informa\u00e7\u00e3o que voc\u00ea precisa!","publisher":{"@id":"https:\/\/cacaunews.com\/#organization"},"potentialAction":[{"@type":"SearchAction","target":{"@type":"EntryPoint","urlTemplate":"https:\/\/cacaunews.com\/?s={search_term_string}"},"query-input":"required name=search_term_string"}],"inLanguage":"pt-BR"},{"@type":"Organization","@id":"https:\/\/cacaunews.com\/#organization","name":"Cacau News","url":"https:\/\/cacaunews.com\/","logo":{"@type":"ImageObject","inLanguage":"pt-BR","@id":"https:\/\/cacaunews.com\/#\/schema\/logo\/image\/","url":"https:\/\/cacaunews.com\/wp-content\/uploads\/2025\/01\/cropped-LOGO-NOVA.png","contentUrl":"https:\/\/cacaunews.com\/wp-content\/uploads\/2025\/01\/cropped-LOGO-NOVA.png","width":813,"height":813,"caption":"Cacau News"},"image":{"@id":"https:\/\/cacaunews.com\/#\/schema\/logo\/image\/"},"sameAs":["https:\/\/www.instagram.com\/cacaunews.online\/","https:\/\/youtube.com\/@cacaunews?si=0VXLnjl08SrWbVG9"]},{"@type":"Person","@id":"https:\/\/cacaunews.com\/#\/schema\/person\/ea69703103e606ad347ccd64bd72ef79","name":"Reda\u00e7\u00e3o Cacau News","image":{"@type":"ImageObject","inLanguage":"pt-BR","@id":"https:\/\/cacaunews.com\/#\/schema\/person\/image\/","url":"https:\/\/secure.gravatar.com\/avatar\/d79227a2a7b6cc42e8d7a8f7c284cd3a?s=96&d=mm&r=g","contentUrl":"https:\/\/secure.gravatar.com\/avatar\/d79227a2a7b6cc42e8d7a8f7c284cd3a?s=96&d=mm&r=g","caption":"Reda\u00e7\u00e3o Cacau News"},"sameAs":["https:\/\/cacaunews.com"],"url":"https:\/\/cacaunews.com\/?author=1"}]}},"jetpack_sharing_enabled":true,"jetpack_featured_media_url":"https:\/\/cacaunews.com\/wp-content\/uploads\/2023\/11\/IMG-20231118-WA0112.jpg","_links":{"self":[{"href":"https:\/\/cacaunews.com\/index.php?rest_route=\/wp\/v2\/posts\/3563"}],"collection":[{"href":"https:\/\/cacaunews.com\/index.php?rest_route=\/wp\/v2\/posts"}],"about":[{"href":"https:\/\/cacaunews.com\/index.php?rest_route=\/wp\/v2\/types\/post"}],"author":[{"embeddable":true,"href":"https:\/\/cacaunews.com\/index.php?rest_route=\/wp\/v2\/users\/1"}],"replies":[{"embeddable":true,"href":"https:\/\/cacaunews.com\/index.php?rest_route=%2Fwp%2Fv2%2Fcomments&post=3563"}],"version-history":[{"count":2,"href":"https:\/\/cacaunews.com\/index.php?rest_route=\/wp\/v2\/posts\/3563\/revisions"}],"predecessor-version":[{"id":3565,"href":"https:\/\/cacaunews.com\/index.php?rest_route=\/wp\/v2\/posts\/3563\/revisions\/3565"}],"wp:featuredmedia":[{"embeddable":true,"href":"https:\/\/cacaunews.com\/index.php?rest_route=\/wp\/v2\/media\/3562"}],"wp:attachment":[{"href":"https:\/\/cacaunews.com\/index.php?rest_route=%2Fwp%2Fv2%2Fmedia&parent=3563"}],"wp:term":[{"taxonomy":"category","embeddable":true,"href":"https:\/\/cacaunews.com\/index.php?rest_route=%2Fwp%2Fv2%2Fcategories&post=3563"},{"taxonomy":"post_tag","embeddable":true,"href":"https:\/\/cacaunews.com\/index.php?rest_route=%2Fwp%2Fv2%2Ftags&post=3563"}],"curies":[{"name":"wp","href":"https:\/\/api.w.org\/{rel}","templated":true}]}}