{"id":3573,"date":"2023-11-20T13:17:57","date_gmt":"2023-11-20T13:17:57","guid":{"rendered":"https:\/\/cacaunews.com\/?p=3573"},"modified":"2023-11-20T13:17:57","modified_gmt":"2023-11-20T13:17:57","slug":"fundacao-palmares-quer-transformar-o-dia-da-consciencia-negra-em-feriado-nacional","status":"publish","type":"post","link":"https:\/\/cacaunews.com\/?p=3573","title":{"rendered":"Funda\u00e7\u00e3o Palmares quer transformar o Dia da Consci\u00eancia Negra em feriado nacional."},"content":{"rendered":"\n<p>A Funda\u00e7\u00e3o Palmares vai propor que o Dia da Consci\u00eancia Negra, celebrado nesta segunda-feira (20), se torne feriado nacional. A informa\u00e7\u00e3o foi passada pelo presidente do \u00f3rg\u00e3o, Jo\u00e3o Jorge Rodrigues, ao Metr\u00f3poles.<br><br>Segundo Jo\u00e3o, a Funda\u00e7\u00e3o Palmares pretende fazer um &#8220;pr\u00e9-plano&#8221; para a realiza\u00e7\u00e3o de um feriado nacional em 20 de novembro.<\/p>\n\n\n\n<p> &#8220;H\u00e1 uma ideia que, ainda neste ano, o dia 20 [de novembro] se torne um feriado nacional\u201d, afirmou o presidente da institui\u00e7\u00e3o.<br><br>Em outubro, deputados da base governista apresentaram requerimento de urg\u00eancia para a vota\u00e7\u00e3o de um projeto de lei que cria o feriado no dia 20 de novembro. O texto foi apresentado em 2015 e ainda segue em tramita\u00e7\u00e3o.<\/p>\n\n\n\n<p>Atualmente, o Dia da Consci\u00eancia Negra \u00e9 considerado feriado nos seguintes estados: Alagoas; Amazonas; Amap\u00e1; Mato Grosso; Rio de Janeiro e S\u00e3o Paulo. 1.260 munic\u00edpios brasileiros tamb\u00e9m consideram a data feriado \u2014 menos de um ter\u00e7o de todas as cidades do pa\u00eds.<\/p>\n\n\n\n<p>Com Informa\u00e7\u00f5es JC.<\/p>\n","protected":false},"excerpt":{"rendered":"<p>A Funda\u00e7\u00e3o Palmares vai propor que o Dia da Consci\u00eancia Negra, celebrado nesta segunda-feira (20),&#8230;<\/p>\n","protected":false},"author":1,"featured_media":3572,"comment_status":"open","ping_status":"open","sticky":false,"template":"","format":"standard","meta":{"footnotes":""},"categories":[4,11],"tags":[35,1398,1399,1400],"yoast_head":"<!-- This site is optimized with the Yoast SEO plugin v21.7 - https:\/\/yoast.com\/wordpress\/plugins\/seo\/ -->\n<title>Funda\u00e7\u00e3o Palmares quer transformar o Dia da Consci\u00eancia Negra em feriado nacional. - Cacau News<\/title>\n<meta name=\"robots\" content=\"index, follow, max-snippet:-1, max-image-preview:large, max-video-preview:-1\" \/>\n<link rel=\"canonical\" href=\"https:\/\/cacaunews.com\/?p=3573\" \/>\n<meta property=\"og:locale\" content=\"pt_BR\" \/>\n<meta property=\"og:type\" content=\"article\" \/>\n<meta property=\"og:title\" content=\"Funda\u00e7\u00e3o Palmares quer transformar o Dia da Consci\u00eancia Negra em feriado nacional. - Cacau News\" \/>\n<meta property=\"og:description\" content=\"A Funda\u00e7\u00e3o Palmares vai propor que o Dia da Consci\u00eancia Negra, celebrado nesta segunda-feira (20),...\" \/>\n<meta property=\"og:url\" content=\"https:\/\/cacaunews.com\/?p=3573\" \/>\n<meta property=\"og:site_name\" content=\"Cacau News\" \/>\n<meta property=\"article:published_time\" content=\"2023-11-20T13:17:57+00:00\" \/>\n<meta name=\"author\" content=\"Reda\u00e7\u00e3o Cacau News\" \/>\n<meta name=\"twitter:card\" content=\"summary_large_image\" \/>\n<meta name=\"twitter:label1\" content=\"Escrito por\" \/>\n\t<meta name=\"twitter:data1\" content=\"Reda\u00e7\u00e3o Cacau News\" \/>\n\t<meta name=\"twitter:label2\" content=\"Est. tempo de leitura\" \/>\n\t<meta name=\"twitter:data2\" content=\"1 minuto\" \/>\n<script type=\"application\/ld+json\" class=\"yoast-schema-graph\">{\"@context\":\"https:\/\/schema.org\",\"@graph\":[{\"@type\":\"Article\",\"@id\":\"https:\/\/cacaunews.com\/?p=3573#article\",\"isPartOf\":{\"@id\":\"https:\/\/cacaunews.com\/?p=3573\"},\"author\":{\"name\":\"Reda\u00e7\u00e3o Cacau News\",\"@id\":\"https:\/\/cacaunews.com\/#\/schema\/person\/ea69703103e606ad347ccd64bd72ef79\"},\"headline\":\"Funda\u00e7\u00e3o Palmares quer transformar o Dia da Consci\u00eancia Negra em feriado nacional.\",\"datePublished\":\"2023-11-20T13:17:57+00:00\",\"dateModified\":\"2023-11-20T13:17:57+00:00\",\"mainEntityOfPage\":{\"@id\":\"https:\/\/cacaunews.com\/?p=3573\"},\"wordCount\":184,\"commentCount\":0,\"publisher\":{\"@id\":\"https:\/\/cacaunews.com\/#organization\"},\"keywords\":[\"brasil\",\"consci\u00eancia negra\",\"feriado\",\"funda\u00e7\u00e3o palmares\"],\"articleSection\":[\"Internet\",\"Jornalismo\"],\"inLanguage\":\"pt-BR\",\"potentialAction\":[{\"@type\":\"CommentAction\",\"name\":\"Comment\",\"target\":[\"https:\/\/cacaunews.com\/?p=3573#respond\"]}]},{\"@type\":\"WebPage\",\"@id\":\"https:\/\/cacaunews.com\/?p=3573\",\"url\":\"https:\/\/cacaunews.com\/?p=3573\",\"name\":\"Funda\u00e7\u00e3o Palmares quer transformar o Dia da Consci\u00eancia Negra em feriado nacional. - Cacau News\",\"isPartOf\":{\"@id\":\"https:\/\/cacaunews.com\/#website\"},\"datePublished\":\"2023-11-20T13:17:57+00:00\",\"dateModified\":\"2023-11-20T13:17:57+00:00\",\"breadcrumb\":{\"@id\":\"https:\/\/cacaunews.com\/?p=3573#breadcrumb\"},\"inLanguage\":\"pt-BR\",\"potentialAction\":[{\"@type\":\"ReadAction\",\"target\":[\"https:\/\/cacaunews.com\/?p=3573\"]}]},{\"@type\":\"BreadcrumbList\",\"@id\":\"https:\/\/cacaunews.com\/?p=3573#breadcrumb\",\"itemListElement\":[{\"@type\":\"ListItem\",\"position\":1,\"name\":\"In\u00edcio\",\"item\":\"https:\/\/cacaunews.com\/\"},{\"@type\":\"ListItem\",\"position\":2,\"name\":\"Funda\u00e7\u00e3o Palmares quer transformar o Dia da Consci\u00eancia Negra em feriado nacional.\"}]},{\"@type\":\"WebSite\",\"@id\":\"https:\/\/cacaunews.com\/#website\",\"url\":\"https:\/\/cacaunews.com\/\",\"name\":\"Cacau News\",\"description\":\"A Informa\u00e7\u00e3o que voc\u00ea precisa!\",\"publisher\":{\"@id\":\"https:\/\/cacaunews.com\/#organization\"},\"potentialAction\":[{\"@type\":\"SearchAction\",\"target\":{\"@type\":\"EntryPoint\",\"urlTemplate\":\"https:\/\/cacaunews.com\/?s={search_term_string}\"},\"query-input\":\"required name=search_term_string\"}],\"inLanguage\":\"pt-BR\"},{\"@type\":\"Organization\",\"@id\":\"https:\/\/cacaunews.com\/#organization\",\"name\":\"Cacau News\",\"url\":\"https:\/\/cacaunews.com\/\",\"logo\":{\"@type\":\"ImageObject\",\"inLanguage\":\"pt-BR\",\"@id\":\"https:\/\/cacaunews.com\/#\/schema\/logo\/image\/\",\"url\":\"https:\/\/cacaunews.com\/wp-content\/uploads\/2025\/01\/cropped-LOGO-NOVA.png\",\"contentUrl\":\"https:\/\/cacaunews.com\/wp-content\/uploads\/2025\/01\/cropped-LOGO-NOVA.png\",\"width\":813,\"height\":813,\"caption\":\"Cacau News\"},\"image\":{\"@id\":\"https:\/\/cacaunews.com\/#\/schema\/logo\/image\/\"},\"sameAs\":[\"https:\/\/www.instagram.com\/cacaunews.online\/\",\"https:\/\/youtube.com\/@cacaunews?si=0VXLnjl08SrWbVG9\"]},{\"@type\":\"Person\",\"@id\":\"https:\/\/cacaunews.com\/#\/schema\/person\/ea69703103e606ad347ccd64bd72ef79\",\"name\":\"Reda\u00e7\u00e3o Cacau News\",\"image\":{\"@type\":\"ImageObject\",\"inLanguage\":\"pt-BR\",\"@id\":\"https:\/\/cacaunews.com\/#\/schema\/person\/image\/\",\"url\":\"https:\/\/secure.gravatar.com\/avatar\/d79227a2a7b6cc42e8d7a8f7c284cd3a?s=96&d=mm&r=g\",\"contentUrl\":\"https:\/\/secure.gravatar.com\/avatar\/d79227a2a7b6cc42e8d7a8f7c284cd3a?s=96&d=mm&r=g\",\"caption\":\"Reda\u00e7\u00e3o Cacau News\"},\"sameAs\":[\"https:\/\/cacaunews.com\"],\"url\":\"https:\/\/cacaunews.com\/?author=1\"}]}<\/script>\n<!-- \/ Yoast SEO plugin. -->","yoast_head_json":{"title":"Funda\u00e7\u00e3o Palmares quer transformar o Dia da Consci\u00eancia Negra em feriado nacional. - Cacau News","robots":{"index":"index","follow":"follow","max-snippet":"max-snippet:-1","max-image-preview":"max-image-preview:large","max-video-preview":"max-video-preview:-1"},"canonical":"https:\/\/cacaunews.com\/?p=3573","og_locale":"pt_BR","og_type":"article","og_title":"Funda\u00e7\u00e3o Palmares quer transformar o Dia da Consci\u00eancia Negra em feriado nacional. - Cacau News","og_description":"A Funda\u00e7\u00e3o Palmares vai propor que o Dia da Consci\u00eancia Negra, celebrado nesta segunda-feira (20),...","og_url":"https:\/\/cacaunews.com\/?p=3573","og_site_name":"Cacau News","article_published_time":"2023-11-20T13:17:57+00:00","author":"Reda\u00e7\u00e3o Cacau News","twitter_card":"summary_large_image","twitter_misc":{"Escrito por":"Reda\u00e7\u00e3o Cacau News","Est. tempo de leitura":"1 minuto"},"schema":{"@context":"https:\/\/schema.org","@graph":[{"@type":"Article","@id":"https:\/\/cacaunews.com\/?p=3573#article","isPartOf":{"@id":"https:\/\/cacaunews.com\/?p=3573"},"author":{"name":"Reda\u00e7\u00e3o Cacau News","@id":"https:\/\/cacaunews.com\/#\/schema\/person\/ea69703103e606ad347ccd64bd72ef79"},"headline":"Funda\u00e7\u00e3o Palmares quer transformar o Dia da Consci\u00eancia Negra em feriado nacional.","datePublished":"2023-11-20T13:17:57+00:00","dateModified":"2023-11-20T13:17:57+00:00","mainEntityOfPage":{"@id":"https:\/\/cacaunews.com\/?p=3573"},"wordCount":184,"commentCount":0,"publisher":{"@id":"https:\/\/cacaunews.com\/#organization"},"keywords":["brasil","consci\u00eancia negra","feriado","funda\u00e7\u00e3o palmares"],"articleSection":["Internet","Jornalismo"],"inLanguage":"pt-BR","potentialAction":[{"@type":"CommentAction","name":"Comment","target":["https:\/\/cacaunews.com\/?p=3573#respond"]}]},{"@type":"WebPage","@id":"https:\/\/cacaunews.com\/?p=3573","url":"https:\/\/cacaunews.com\/?p=3573","name":"Funda\u00e7\u00e3o Palmares quer transformar o Dia da Consci\u00eancia Negra em feriado nacional. - Cacau News","isPartOf":{"@id":"https:\/\/cacaunews.com\/#website"},"datePublished":"2023-11-20T13:17:57+00:00","dateModified":"2023-11-20T13:17:57+00:00","breadcrumb":{"@id":"https:\/\/cacaunews.com\/?p=3573#breadcrumb"},"inLanguage":"pt-BR","potentialAction":[{"@type":"ReadAction","target":["https:\/\/cacaunews.com\/?p=3573"]}]},{"@type":"BreadcrumbList","@id":"https:\/\/cacaunews.com\/?p=3573#breadcrumb","itemListElement":[{"@type":"ListItem","position":1,"name":"In\u00edcio","item":"https:\/\/cacaunews.com\/"},{"@type":"ListItem","position":2,"name":"Funda\u00e7\u00e3o Palmares quer transformar o Dia da Consci\u00eancia Negra em feriado nacional."}]},{"@type":"WebSite","@id":"https:\/\/cacaunews.com\/#website","url":"https:\/\/cacaunews.com\/","name":"Cacau News","description":"A Informa\u00e7\u00e3o que voc\u00ea precisa!","publisher":{"@id":"https:\/\/cacaunews.com\/#organization"},"potentialAction":[{"@type":"SearchAction","target":{"@type":"EntryPoint","urlTemplate":"https:\/\/cacaunews.com\/?s={search_term_string}"},"query-input":"required name=search_term_string"}],"inLanguage":"pt-BR"},{"@type":"Organization","@id":"https:\/\/cacaunews.com\/#organization","name":"Cacau News","url":"https:\/\/cacaunews.com\/","logo":{"@type":"ImageObject","inLanguage":"pt-BR","@id":"https:\/\/cacaunews.com\/#\/schema\/logo\/image\/","url":"https:\/\/cacaunews.com\/wp-content\/uploads\/2025\/01\/cropped-LOGO-NOVA.png","contentUrl":"https:\/\/cacaunews.com\/wp-content\/uploads\/2025\/01\/cropped-LOGO-NOVA.png","width":813,"height":813,"caption":"Cacau News"},"image":{"@id":"https:\/\/cacaunews.com\/#\/schema\/logo\/image\/"},"sameAs":["https:\/\/www.instagram.com\/cacaunews.online\/","https:\/\/youtube.com\/@cacaunews?si=0VXLnjl08SrWbVG9"]},{"@type":"Person","@id":"https:\/\/cacaunews.com\/#\/schema\/person\/ea69703103e606ad347ccd64bd72ef79","name":"Reda\u00e7\u00e3o Cacau News","image":{"@type":"ImageObject","inLanguage":"pt-BR","@id":"https:\/\/cacaunews.com\/#\/schema\/person\/image\/","url":"https:\/\/secure.gravatar.com\/avatar\/d79227a2a7b6cc42e8d7a8f7c284cd3a?s=96&d=mm&r=g","contentUrl":"https:\/\/secure.gravatar.com\/avatar\/d79227a2a7b6cc42e8d7a8f7c284cd3a?s=96&d=mm&r=g","caption":"Reda\u00e7\u00e3o Cacau News"},"sameAs":["https:\/\/cacaunews.com"],"url":"https:\/\/cacaunews.com\/?author=1"}]}},"jetpack_sharing_enabled":true,"jetpack_featured_media_url":"https:\/\/cacaunews.com\/wp-content\/uploads\/2023\/11\/1_whatsapp_image_2022_12_22_at_21_59_40-22192636.jpeg","_links":{"self":[{"href":"https:\/\/cacaunews.com\/index.php?rest_route=\/wp\/v2\/posts\/3573"}],"collection":[{"href":"https:\/\/cacaunews.com\/index.php?rest_route=\/wp\/v2\/posts"}],"about":[{"href":"https:\/\/cacaunews.com\/index.php?rest_route=\/wp\/v2\/types\/post"}],"author":[{"embeddable":true,"href":"https:\/\/cacaunews.com\/index.php?rest_route=\/wp\/v2\/users\/1"}],"replies":[{"embeddable":true,"href":"https:\/\/cacaunews.com\/index.php?rest_route=%2Fwp%2Fv2%2Fcomments&post=3573"}],"version-history":[{"count":0,"href":"https:\/\/cacaunews.com\/index.php?rest_route=\/wp\/v2\/posts\/3573\/revisions"}],"wp:featuredmedia":[{"embeddable":true,"href":"https:\/\/cacaunews.com\/index.php?rest_route=\/wp\/v2\/media\/3572"}],"wp:attachment":[{"href":"https:\/\/cacaunews.com\/index.php?rest_route=%2Fwp%2Fv2%2Fmedia&parent=3573"}],"wp:term":[{"taxonomy":"category","embeddable":true,"href":"https:\/\/cacaunews.com\/index.php?rest_route=%2Fwp%2Fv2%2Fcategories&post=3573"},{"taxonomy":"post_tag","embeddable":true,"href":"https:\/\/cacaunews.com\/index.php?rest_route=%2Fwp%2Fv2%2Ftags&post=3573"}],"curies":[{"name":"wp","href":"https:\/\/api.w.org\/{rel}","templated":true}]}}