{"id":3602,"date":"2023-11-24T18:20:18","date_gmt":"2023-11-24T18:20:18","guid":{"rendered":"https:\/\/cacaunews.com\/?p=3602"},"modified":"2023-11-24T18:24:51","modified_gmt":"2023-11-24T18:24:51","slug":"lideres-e-pastores-evangelicos-participam-de-lancamento-do-itabuna-em-adoracao-saiba-mais","status":"publish","type":"post","link":"https:\/\/cacaunews.com\/?p=3602","title":{"rendered":"L\u00edderes e pastores evang\u00e9licos participam de lan\u00e7amento do &#8220;Itabuna em Adora\u00e7\u00e3o&#8221;; saiba mais."},"content":{"rendered":"\n<p>Aconteceu hoje (24) em Itabuna no dia 24 a reuni\u00e3o do lan\u00e7amento oficial do evento \u201cItabuna em Adora\u00e7\u00e3o\u201d que ocorrer\u00e1 nos dias 7 e  8 de dezembro na Pra\u00e7a Beira Rio em homenagem ao dia da B\u00edblia.<\/p>\n\n\n\n<p> A reuni\u00e3o contou com a presen\u00e7a de pastores de diversas denomina\u00e7\u00f5es de Itabuna, representantes da comunidade crist\u00e3 da cidade e regi\u00e3o e com o deputado estadual Pancadinha (Solidariedade), que \u00e9 apoiador do evento. O Festival Evang\u00e9lico Itabuna em Adora\u00e7\u00e3o  visa fortalecer e disseminar a Cultura Evang\u00e9lica Itabunense e regional pois atende n\u00e3o s\u00f3 o munic\u00edpio de Itabuna como toda a regi\u00e3o do entorno.<\/p>\n\n\n\n<p>O evento iniciar\u00e1 no dia 07 com  o Concurso vocal denominado &#8220;A VOZ DO ITABUNA EM ADORA\u00c7\u00c3O &#8221; que escolher\u00e1 um cantor gospel que gravar\u00e1 um sigle na Gravadora e Produtora Crist\u00e3 Kair\u00f3s Music, al\u00e9m da grava\u00e7\u00e3o o vencedor cantar\u00e1 com o cantor Davi Sacer no palco principal do evento. No segundo dia o festival contar\u00e1 com cantores nacionais como Davi Sacer, Valesca Mayssa, Walk\u00edria Nunes, al\u00e9m destes nomes haver\u00e1 participa\u00e7\u00e3o de bandas regionais.<\/p>\n\n\n\n<figure class=\"wp-block-image size-large\"><img fetchpriority=\"high\" decoding=\"async\" width=\"1024\" height=\"461\" src=\"https:\/\/cacaunews.com\/wp-content\/uploads\/2023\/11\/IMG_20231124_094704-1024x461.jpg\" alt=\"\" class=\"wp-image-3601\" srcset=\"https:\/\/cacaunews.com\/wp-content\/uploads\/2023\/11\/IMG_20231124_094704-1024x461.jpg 1024w, https:\/\/cacaunews.com\/wp-content\/uploads\/2023\/11\/IMG_20231124_094704-300x135.jpg 300w, https:\/\/cacaunews.com\/wp-content\/uploads\/2023\/11\/IMG_20231124_094704-768x346.jpg 768w, https:\/\/cacaunews.com\/wp-content\/uploads\/2023\/11\/IMG_20231124_094704-1536x691.jpg 1536w, https:\/\/cacaunews.com\/wp-content\/uploads\/2023\/11\/IMG_20231124_094704-2048x922.jpg 2048w\" sizes=\"(max-width: 1024px) 100vw, 1024px\" \/><figcaption class=\"wp-element-caption\">Foto: Cacau News.<\/figcaption><\/figure>\n\n\n\n<p><br>Na reuni\u00e3o o deputado estadual Pancadinha ressaltou a import\u00e2ncia do evento com nomes nacionais e regionais do meio crist\u00e3o, para o fortalecimento  da cultura evang\u00e9lica na cidade que conta com grande n\u00famero na popula\u00e7\u00e3o, ressaltou tamb\u00e9m que conta com a uni\u00e3o das igrejas e comunidades para que o evento venha a se torna uma tradi\u00e7\u00e3o valorizando assim a cultura gospel e o acesso ao direito de sua representatividade, apoio e destaque n\u00e3o s\u00f3 na parte cultural, mas tamb\u00e9m em trabalhos sociais relevantes que estes contribuem.<\/p>\n\n\n\n<p><br>Para maiores informa\u00e7\u00f5es sobre o evento e o concurso que abrir\u00e1 inscri\u00e7\u00f5es para talentos gospel regionais amanh\u00e3 (25), os interessados podem seguir e o perfil oficial instagram: <a href=\"https:\/\/instagram.com\/itabunaemadoracao?igshid=OGQ5ZDc2ODk2ZA==\" target=\"_blank\" rel=\"noreferrer noopener\">@itabunaemadora\u00e7\u00e3o<\/a><\/p>\n","protected":false},"excerpt":{"rendered":"<p>Aconteceu hoje (24) em Itabuna no dia 24 a reuni\u00e3o do lan\u00e7amento oficial do evento&#8230;<\/p>\n","protected":false},"author":1,"featured_media":3600,"comment_status":"open","ping_status":"open","sticky":false,"template":"","format":"standard","meta":{"footnotes":""},"categories":[18,31,11],"tags":[576,27,1415,29],"yoast_head":"<!-- This site is optimized with the Yoast SEO plugin v21.7 - https:\/\/yoast.com\/wordpress\/plugins\/seo\/ -->\n<title>L\u00edderes e pastores evang\u00e9licos participam de lan\u00e7amento do &quot;Itabuna em Adora\u00e7\u00e3o&quot;; saiba mais. - Cacau News<\/title>\n<meta name=\"robots\" content=\"index, follow, max-snippet:-1, max-image-preview:large, max-video-preview:-1\" \/>\n<link rel=\"canonical\" href=\"https:\/\/cacaunews.com\/?p=3602\" \/>\n<meta property=\"og:locale\" content=\"pt_BR\" \/>\n<meta property=\"og:type\" content=\"article\" \/>\n<meta property=\"og:title\" content=\"L\u00edderes e pastores evang\u00e9licos participam de lan\u00e7amento do &quot;Itabuna em Adora\u00e7\u00e3o&quot;; saiba mais. - Cacau News\" \/>\n<meta property=\"og:description\" content=\"Aconteceu hoje (24) em Itabuna no dia 24 a reuni\u00e3o do lan\u00e7amento oficial do evento...\" \/>\n<meta property=\"og:url\" content=\"https:\/\/cacaunews.com\/?p=3602\" \/>\n<meta property=\"og:site_name\" content=\"Cacau News\" \/>\n<meta property=\"article:published_time\" content=\"2023-11-24T18:20:18+00:00\" \/>\n<meta property=\"article:modified_time\" content=\"2023-11-24T18:24:51+00:00\" \/>\n<meta property=\"og:image\" content=\"https:\/\/cacaunews.com\/wp-content\/uploads\/2023\/11\/image_editor_output_image351014650-1700850244511-scaled.jpg\" \/>\n\t<meta property=\"og:image:width\" content=\"2560\" \/>\n\t<meta property=\"og:image:height\" content=\"1633\" \/>\n\t<meta property=\"og:image:type\" content=\"image\/jpeg\" \/>\n<meta name=\"author\" content=\"Reda\u00e7\u00e3o Cacau News\" \/>\n<meta name=\"twitter:card\" content=\"summary_large_image\" \/>\n<meta name=\"twitter:label1\" content=\"Escrito por\" \/>\n\t<meta name=\"twitter:data1\" content=\"Reda\u00e7\u00e3o Cacau News\" \/>\n\t<meta name=\"twitter:label2\" content=\"Est. tempo de leitura\" \/>\n\t<meta name=\"twitter:data2\" content=\"2 minutos\" \/>\n<script type=\"application\/ld+json\" class=\"yoast-schema-graph\">{\"@context\":\"https:\/\/schema.org\",\"@graph\":[{\"@type\":\"Article\",\"@id\":\"https:\/\/cacaunews.com\/?p=3602#article\",\"isPartOf\":{\"@id\":\"https:\/\/cacaunews.com\/?p=3602\"},\"author\":{\"name\":\"Reda\u00e7\u00e3o Cacau News\",\"@id\":\"https:\/\/cacaunews.com\/#\/schema\/person\/ea69703103e606ad347ccd64bd72ef79\"},\"headline\":\"L\u00edderes e pastores evang\u00e9licos participam de lan\u00e7amento do &#8220;Itabuna em Adora\u00e7\u00e3o&#8221;; saiba mais.\",\"datePublished\":\"2023-11-24T18:20:18+00:00\",\"dateModified\":\"2023-11-24T18:24:51+00:00\",\"mainEntityOfPage\":{\"@id\":\"https:\/\/cacaunews.com\/?p=3602\"},\"wordCount\":335,\"commentCount\":0,\"publisher\":{\"@id\":\"https:\/\/cacaunews.com\/#organization\"},\"keywords\":[\"evang\u00e9licos\",\"itabuna\",\"Itabuna em adora\u00e7\u00e3o\",\"pancadinha\"],\"articleSection\":[\"cidades\",\"Cultura\",\"Jornalismo\"],\"inLanguage\":\"pt-BR\",\"potentialAction\":[{\"@type\":\"CommentAction\",\"name\":\"Comment\",\"target\":[\"https:\/\/cacaunews.com\/?p=3602#respond\"]}]},{\"@type\":\"WebPage\",\"@id\":\"https:\/\/cacaunews.com\/?p=3602\",\"url\":\"https:\/\/cacaunews.com\/?p=3602\",\"name\":\"L\u00edderes e pastores evang\u00e9licos participam de lan\u00e7amento do \\\"Itabuna em Adora\u00e7\u00e3o\\\"; saiba mais. - Cacau News\",\"isPartOf\":{\"@id\":\"https:\/\/cacaunews.com\/#website\"},\"datePublished\":\"2023-11-24T18:20:18+00:00\",\"dateModified\":\"2023-11-24T18:24:51+00:00\",\"breadcrumb\":{\"@id\":\"https:\/\/cacaunews.com\/?p=3602#breadcrumb\"},\"inLanguage\":\"pt-BR\",\"potentialAction\":[{\"@type\":\"ReadAction\",\"target\":[\"https:\/\/cacaunews.com\/?p=3602\"]}]},{\"@type\":\"BreadcrumbList\",\"@id\":\"https:\/\/cacaunews.com\/?p=3602#breadcrumb\",\"itemListElement\":[{\"@type\":\"ListItem\",\"position\":1,\"name\":\"In\u00edcio\",\"item\":\"https:\/\/cacaunews.com\/\"},{\"@type\":\"ListItem\",\"position\":2,\"name\":\"L\u00edderes e pastores evang\u00e9licos participam de lan\u00e7amento do &#8220;Itabuna em Adora\u00e7\u00e3o&#8221;; saiba mais.\"}]},{\"@type\":\"WebSite\",\"@id\":\"https:\/\/cacaunews.com\/#website\",\"url\":\"https:\/\/cacaunews.com\/\",\"name\":\"Cacau News\",\"description\":\"A Informa\u00e7\u00e3o que voc\u00ea precisa!\",\"publisher\":{\"@id\":\"https:\/\/cacaunews.com\/#organization\"},\"potentialAction\":[{\"@type\":\"SearchAction\",\"target\":{\"@type\":\"EntryPoint\",\"urlTemplate\":\"https:\/\/cacaunews.com\/?s={search_term_string}\"},\"query-input\":\"required name=search_term_string\"}],\"inLanguage\":\"pt-BR\"},{\"@type\":\"Organization\",\"@id\":\"https:\/\/cacaunews.com\/#organization\",\"name\":\"Cacau News\",\"url\":\"https:\/\/cacaunews.com\/\",\"logo\":{\"@type\":\"ImageObject\",\"inLanguage\":\"pt-BR\",\"@id\":\"https:\/\/cacaunews.com\/#\/schema\/logo\/image\/\",\"url\":\"https:\/\/cacaunews.com\/wp-content\/uploads\/2025\/01\/cropped-LOGO-NOVA.png\",\"contentUrl\":\"https:\/\/cacaunews.com\/wp-content\/uploads\/2025\/01\/cropped-LOGO-NOVA.png\",\"width\":813,\"height\":813,\"caption\":\"Cacau News\"},\"image\":{\"@id\":\"https:\/\/cacaunews.com\/#\/schema\/logo\/image\/\"},\"sameAs\":[\"https:\/\/www.instagram.com\/cacaunews.online\/\",\"https:\/\/youtube.com\/@cacaunews?si=0VXLnjl08SrWbVG9\"]},{\"@type\":\"Person\",\"@id\":\"https:\/\/cacaunews.com\/#\/schema\/person\/ea69703103e606ad347ccd64bd72ef79\",\"name\":\"Reda\u00e7\u00e3o Cacau News\",\"image\":{\"@type\":\"ImageObject\",\"inLanguage\":\"pt-BR\",\"@id\":\"https:\/\/cacaunews.com\/#\/schema\/person\/image\/\",\"url\":\"https:\/\/secure.gravatar.com\/avatar\/d79227a2a7b6cc42e8d7a8f7c284cd3a?s=96&d=mm&r=g\",\"contentUrl\":\"https:\/\/secure.gravatar.com\/avatar\/d79227a2a7b6cc42e8d7a8f7c284cd3a?s=96&d=mm&r=g\",\"caption\":\"Reda\u00e7\u00e3o Cacau News\"},\"sameAs\":[\"https:\/\/cacaunews.com\"],\"url\":\"https:\/\/cacaunews.com\/?author=1\"}]}<\/script>\n<!-- \/ Yoast SEO plugin. -->","yoast_head_json":{"title":"L\u00edderes e pastores evang\u00e9licos participam de lan\u00e7amento do \"Itabuna em Adora\u00e7\u00e3o\"; saiba mais. - Cacau News","robots":{"index":"index","follow":"follow","max-snippet":"max-snippet:-1","max-image-preview":"max-image-preview:large","max-video-preview":"max-video-preview:-1"},"canonical":"https:\/\/cacaunews.com\/?p=3602","og_locale":"pt_BR","og_type":"article","og_title":"L\u00edderes e pastores evang\u00e9licos participam de lan\u00e7amento do \"Itabuna em Adora\u00e7\u00e3o\"; saiba mais. - Cacau News","og_description":"Aconteceu hoje (24) em Itabuna no dia 24 a reuni\u00e3o do lan\u00e7amento oficial do evento...","og_url":"https:\/\/cacaunews.com\/?p=3602","og_site_name":"Cacau News","article_published_time":"2023-11-24T18:20:18+00:00","article_modified_time":"2023-11-24T18:24:51+00:00","og_image":[{"width":2560,"height":1633,"url":"https:\/\/cacaunews.com\/wp-content\/uploads\/2023\/11\/image_editor_output_image351014650-1700850244511-scaled.jpg","type":"image\/jpeg"}],"author":"Reda\u00e7\u00e3o Cacau News","twitter_card":"summary_large_image","twitter_misc":{"Escrito por":"Reda\u00e7\u00e3o Cacau News","Est. tempo de leitura":"2 minutos"},"schema":{"@context":"https:\/\/schema.org","@graph":[{"@type":"Article","@id":"https:\/\/cacaunews.com\/?p=3602#article","isPartOf":{"@id":"https:\/\/cacaunews.com\/?p=3602"},"author":{"name":"Reda\u00e7\u00e3o Cacau News","@id":"https:\/\/cacaunews.com\/#\/schema\/person\/ea69703103e606ad347ccd64bd72ef79"},"headline":"L\u00edderes e pastores evang\u00e9licos participam de lan\u00e7amento do &#8220;Itabuna em Adora\u00e7\u00e3o&#8221;; saiba mais.","datePublished":"2023-11-24T18:20:18+00:00","dateModified":"2023-11-24T18:24:51+00:00","mainEntityOfPage":{"@id":"https:\/\/cacaunews.com\/?p=3602"},"wordCount":335,"commentCount":0,"publisher":{"@id":"https:\/\/cacaunews.com\/#organization"},"keywords":["evang\u00e9licos","itabuna","Itabuna em adora\u00e7\u00e3o","pancadinha"],"articleSection":["cidades","Cultura","Jornalismo"],"inLanguage":"pt-BR","potentialAction":[{"@type":"CommentAction","name":"Comment","target":["https:\/\/cacaunews.com\/?p=3602#respond"]}]},{"@type":"WebPage","@id":"https:\/\/cacaunews.com\/?p=3602","url":"https:\/\/cacaunews.com\/?p=3602","name":"L\u00edderes e pastores evang\u00e9licos participam de lan\u00e7amento do \"Itabuna em Adora\u00e7\u00e3o\"; saiba mais. - Cacau News","isPartOf":{"@id":"https:\/\/cacaunews.com\/#website"},"datePublished":"2023-11-24T18:20:18+00:00","dateModified":"2023-11-24T18:24:51+00:00","breadcrumb":{"@id":"https:\/\/cacaunews.com\/?p=3602#breadcrumb"},"inLanguage":"pt-BR","potentialAction":[{"@type":"ReadAction","target":["https:\/\/cacaunews.com\/?p=3602"]}]},{"@type":"BreadcrumbList","@id":"https:\/\/cacaunews.com\/?p=3602#breadcrumb","itemListElement":[{"@type":"ListItem","position":1,"name":"In\u00edcio","item":"https:\/\/cacaunews.com\/"},{"@type":"ListItem","position":2,"name":"L\u00edderes e pastores evang\u00e9licos participam de lan\u00e7amento do &#8220;Itabuna em Adora\u00e7\u00e3o&#8221;; saiba mais."}]},{"@type":"WebSite","@id":"https:\/\/cacaunews.com\/#website","url":"https:\/\/cacaunews.com\/","name":"Cacau News","description":"A Informa\u00e7\u00e3o que voc\u00ea precisa!","publisher":{"@id":"https:\/\/cacaunews.com\/#organization"},"potentialAction":[{"@type":"SearchAction","target":{"@type":"EntryPoint","urlTemplate":"https:\/\/cacaunews.com\/?s={search_term_string}"},"query-input":"required name=search_term_string"}],"inLanguage":"pt-BR"},{"@type":"Organization","@id":"https:\/\/cacaunews.com\/#organization","name":"Cacau News","url":"https:\/\/cacaunews.com\/","logo":{"@type":"ImageObject","inLanguage":"pt-BR","@id":"https:\/\/cacaunews.com\/#\/schema\/logo\/image\/","url":"https:\/\/cacaunews.com\/wp-content\/uploads\/2025\/01\/cropped-LOGO-NOVA.png","contentUrl":"https:\/\/cacaunews.com\/wp-content\/uploads\/2025\/01\/cropped-LOGO-NOVA.png","width":813,"height":813,"caption":"Cacau News"},"image":{"@id":"https:\/\/cacaunews.com\/#\/schema\/logo\/image\/"},"sameAs":["https:\/\/www.instagram.com\/cacaunews.online\/","https:\/\/youtube.com\/@cacaunews?si=0VXLnjl08SrWbVG9"]},{"@type":"Person","@id":"https:\/\/cacaunews.com\/#\/schema\/person\/ea69703103e606ad347ccd64bd72ef79","name":"Reda\u00e7\u00e3o Cacau News","image":{"@type":"ImageObject","inLanguage":"pt-BR","@id":"https:\/\/cacaunews.com\/#\/schema\/person\/image\/","url":"https:\/\/secure.gravatar.com\/avatar\/d79227a2a7b6cc42e8d7a8f7c284cd3a?s=96&d=mm&r=g","contentUrl":"https:\/\/secure.gravatar.com\/avatar\/d79227a2a7b6cc42e8d7a8f7c284cd3a?s=96&d=mm&r=g","caption":"Reda\u00e7\u00e3o Cacau News"},"sameAs":["https:\/\/cacaunews.com"],"url":"https:\/\/cacaunews.com\/?author=1"}]}},"jetpack_sharing_enabled":true,"jetpack_featured_media_url":"https:\/\/cacaunews.com\/wp-content\/uploads\/2023\/11\/image_editor_output_image351014650-1700850244511-scaled.jpg","_links":{"self":[{"href":"https:\/\/cacaunews.com\/index.php?rest_route=\/wp\/v2\/posts\/3602"}],"collection":[{"href":"https:\/\/cacaunews.com\/index.php?rest_route=\/wp\/v2\/posts"}],"about":[{"href":"https:\/\/cacaunews.com\/index.php?rest_route=\/wp\/v2\/types\/post"}],"author":[{"embeddable":true,"href":"https:\/\/cacaunews.com\/index.php?rest_route=\/wp\/v2\/users\/1"}],"replies":[{"embeddable":true,"href":"https:\/\/cacaunews.com\/index.php?rest_route=%2Fwp%2Fv2%2Fcomments&post=3602"}],"version-history":[{"count":1,"href":"https:\/\/cacaunews.com\/index.php?rest_route=\/wp\/v2\/posts\/3602\/revisions"}],"predecessor-version":[{"id":3603,"href":"https:\/\/cacaunews.com\/index.php?rest_route=\/wp\/v2\/posts\/3602\/revisions\/3603"}],"wp:featuredmedia":[{"embeddable":true,"href":"https:\/\/cacaunews.com\/index.php?rest_route=\/wp\/v2\/media\/3600"}],"wp:attachment":[{"href":"https:\/\/cacaunews.com\/index.php?rest_route=%2Fwp%2Fv2%2Fmedia&parent=3602"}],"wp:term":[{"taxonomy":"category","embeddable":true,"href":"https:\/\/cacaunews.com\/index.php?rest_route=%2Fwp%2Fv2%2Fcategories&post=3602"},{"taxonomy":"post_tag","embeddable":true,"href":"https:\/\/cacaunews.com\/index.php?rest_route=%2Fwp%2Fv2%2Ftags&post=3602"}],"curies":[{"name":"wp","href":"https:\/\/api.w.org\/{rel}","templated":true}]}}