{"id":3605,"date":"2023-11-25T14:18:39","date_gmt":"2023-11-25T14:18:39","guid":{"rendered":"https:\/\/cacaunews.com\/?p=3605"},"modified":"2023-11-25T15:20:27","modified_gmt":"2023-11-25T15:20:27","slug":"tom-ribeiro-diz-que-nao-sera-candidato-em-2024-mas-admite-pensar-futuramente-e-nega-beneficio-pessoal-por-ter-parentes-na-prefeitura","status":"publish","type":"post","link":"https:\/\/cacaunews.com\/?p=3605","title":{"rendered":"Itabuna: &#8220;N\u00e3o sou candidato a nada hoje&#8221;, diz Tom Ribeiro, sobre as elei\u00e7\u00f5es, mas admite pensar futuramente."},"content":{"rendered":"\n<p>Entrevistado por Neto Terra Branca no Quadro na Boca do Tubar\u00e3o na r\u00e1dio Interativa FM , o radialista e apresentador da TV Cabr\u00e1lia, Tom Ribeiro disse que n\u00e3o est\u00e1 em seus planos uma candidatura a qualquer cargo p\u00fablico em 2024. No entanto, disse que pode avaliar futuramente a possibilidade de uma candidatura.<\/p>\n\n\n\n<p><br \/>\u201cN\u00e3o est\u00e1 em minhas m\u00e3os a possibilidade (de ser candidato), \u00e9 uma vontade de Deus\u201d, ponderou. Tom Ribeiro disse ter sido convidado pra ser candidato a prefeito pelo ex-prefeito Vane do Renascer, na \u00e9poca no PRB, partido ao qual \u00e9 filiado. Tom Ribeiro refutou qualquer benef\u00edcio pessoal por ter a mulher e dois filhos contratados na prefeitura, e condenou a lista divulgada com supostos funcion\u00e1rios fantasmas.<\/p>\n\n\n\n<p><br \/>\u201cMinha mulher e meus dois filhos s\u00e3o contratados da prefeitura sim. Minha mulher trabalha na fazenda e meus filhos que s\u00e3o qualificados para os cargos est\u00e3o na prefeitura h\u00e1 doze anos. Eles batem cart\u00e3o, cumprem o seu trabalho. Est\u00e3o l\u00e1 por m\u00e9ritos pr\u00f3prios, n\u00e3o por influ\u00eancia minha. Ser\u00e1 se n\u00e3o fossem preparados permaneceriam\u201d, questionou.<\/p>\n\n\n\n<p> \u201cConfesso que fiquei deprimido com a divulga\u00e7\u00e3o da lista por um cidad\u00e3o a\u00ed\u201d, confessou<br \/>o apresentador que colocou a C\u00e2mara de Vereadores na Boca do Tubar\u00e3o, afirmando que sente saudades dos vereadores que ocuparam a casa no passado. \u201cC\u00e2mara deve cumprir o papel de legislar, promover leis o que n\u00e3o \u00e9 realizado pelos atuais vereadores\u201d, disse Tom.<\/p>\n\n\n\n<p><br \/>Perguntado por Neto Terra Branca sobre a Emasa, Tom Ribeiro, figura popular na radiofonia e tv regional, colocou tamb\u00e9m a empresa municipal de \u00e1guas na Boca do Tubar\u00e3o. Para ele, os investimentos feitos pelo estado melhoraram o abastecimento de \u00e1gua, mas ponderou a falta de saneamento b\u00e1sico na cidade.<\/p>\n\n\n\n<p><br \/>A Augusto Castro rasgado elogios o apresentador rasgou elogios ao atual prefeito de Itabuna, Augusto Castro atribuindo a ele a pavimenta\u00e7\u00e3o asf\u00e1ltica \u201cde qualidade\u201d realizada no munic\u00edpio. \u201cEstou fazendo uma an\u00e1lise. Temos uma rede supermercados do Maranh\u00e3o, uma rede de supermercados em andamento na Princesa Isabel. Eu fui averiguar a qualidade do asfalto. Asfalto de qualidade\u201d, afirmou<br \/>\u201cJ\u00e1 tivemos verdadeiros pintadores de meio fio na cidade. Temos o plano de cargos e sal\u00e1rios do funcionalismo. Veja o Jorge Amado, est\u00e1 ficando bonito, cidad\u00e3o est\u00e1 pedindo a sinaliza\u00e7\u00e3o, eu disse isso no programa. Enquanto cidad\u00e3o, enquanto profissional de comunica\u00e7\u00e3o, n\u00f3s avan\u00e7amos. N\u00f3s vemos o crescimento da cidade. Temos coisas para fazer e melhor, eu sei, Eu n\u00e3o coloco Augusto Castro na boca do tubar\u00e3o\u201d, disse Tom Ribeiro<\/p>\n","protected":false},"excerpt":{"rendered":"<p>Entrevistado por Neto Terra Branca no Quadro na Boca do Tubar\u00e3o na r\u00e1dio Interativa FM&#8230;<\/p>\n","protected":false},"author":1,"featured_media":3604,"comment_status":"open","ping_status":"open","sticky":false,"template":"","format":"standard","meta":{"footnotes":""},"categories":[18,11,5],"tags":[583,448,27,1416],"yoast_head":"<!-- This site is optimized with the Yoast SEO plugin v21.7 - https:\/\/yoast.com\/wordpress\/plugins\/seo\/ -->\n<title>Itabuna: &quot;N\u00e3o sou candidato a nada hoje&quot;, diz Tom Ribeiro, sobre as elei\u00e7\u00f5es, mas admite pensar futuramente. - Cacau News<\/title>\n<meta name=\"robots\" content=\"index, follow, max-snippet:-1, max-image-preview:large, max-video-preview:-1\" \/>\n<link rel=\"canonical\" href=\"https:\/\/cacaunews.com\/?p=3605\" \/>\n<meta property=\"og:locale\" content=\"pt_BR\" \/>\n<meta property=\"og:type\" content=\"article\" \/>\n<meta property=\"og:title\" content=\"Itabuna: &quot;N\u00e3o sou candidato a nada hoje&quot;, diz Tom Ribeiro, sobre as elei\u00e7\u00f5es, mas admite pensar futuramente. - Cacau News\" \/>\n<meta property=\"og:description\" content=\"Entrevistado por Neto Terra Branca no Quadro na Boca do Tubar\u00e3o na r\u00e1dio Interativa FM...\" \/>\n<meta property=\"og:url\" content=\"https:\/\/cacaunews.com\/?p=3605\" \/>\n<meta property=\"og:site_name\" content=\"Cacau News\" \/>\n<meta property=\"article:published_time\" content=\"2023-11-25T14:18:39+00:00\" \/>\n<meta property=\"article:modified_time\" content=\"2023-11-25T15:20:27+00:00\" \/>\n<meta property=\"og:image\" content=\"https:\/\/cacaunews.com\/wp-content\/uploads\/2023\/11\/IMG-20231124-WA0001.jpg\" \/>\n\t<meta property=\"og:image:width\" content=\"678\" \/>\n\t<meta property=\"og:image:height\" content=\"452\" \/>\n\t<meta property=\"og:image:type\" content=\"image\/jpeg\" \/>\n<meta name=\"author\" content=\"Reda\u00e7\u00e3o Cacau News\" \/>\n<meta name=\"twitter:card\" content=\"summary_large_image\" \/>\n<meta name=\"twitter:label1\" content=\"Escrito por\" \/>\n\t<meta name=\"twitter:data1\" content=\"Reda\u00e7\u00e3o Cacau News\" \/>\n\t<meta name=\"twitter:label2\" content=\"Est. tempo de leitura\" \/>\n\t<meta name=\"twitter:data2\" content=\"2 minutos\" \/>\n<script type=\"application\/ld+json\" class=\"yoast-schema-graph\">{\"@context\":\"https:\/\/schema.org\",\"@graph\":[{\"@type\":\"Article\",\"@id\":\"https:\/\/cacaunews.com\/?p=3605#article\",\"isPartOf\":{\"@id\":\"https:\/\/cacaunews.com\/?p=3605\"},\"author\":{\"name\":\"Reda\u00e7\u00e3o Cacau News\",\"@id\":\"https:\/\/cacaunews.com\/#\/schema\/person\/ea69703103e606ad347ccd64bd72ef79\"},\"headline\":\"Itabuna: &#8220;N\u00e3o sou candidato a nada hoje&#8221;, diz Tom Ribeiro, sobre as elei\u00e7\u00f5es, mas admite pensar futuramente.\",\"datePublished\":\"2023-11-25T14:18:39+00:00\",\"dateModified\":\"2023-11-25T15:20:27+00:00\",\"mainEntityOfPage\":{\"@id\":\"https:\/\/cacaunews.com\/?p=3605\"},\"wordCount\":460,\"commentCount\":0,\"publisher\":{\"@id\":\"https:\/\/cacaunews.com\/#organization\"},\"keywords\":[\"entrevista\",\"interativa fm\",\"itabuna\",\"tom Ribeiro\"],\"articleSection\":[\"cidades\",\"Jornalismo\",\"Politica\"],\"inLanguage\":\"pt-BR\",\"potentialAction\":[{\"@type\":\"CommentAction\",\"name\":\"Comment\",\"target\":[\"https:\/\/cacaunews.com\/?p=3605#respond\"]}]},{\"@type\":\"WebPage\",\"@id\":\"https:\/\/cacaunews.com\/?p=3605\",\"url\":\"https:\/\/cacaunews.com\/?p=3605\",\"name\":\"Itabuna: \\\"N\u00e3o sou candidato a nada hoje\\\", diz Tom Ribeiro, sobre as elei\u00e7\u00f5es, mas admite pensar futuramente. - Cacau News\",\"isPartOf\":{\"@id\":\"https:\/\/cacaunews.com\/#website\"},\"datePublished\":\"2023-11-25T14:18:39+00:00\",\"dateModified\":\"2023-11-25T15:20:27+00:00\",\"breadcrumb\":{\"@id\":\"https:\/\/cacaunews.com\/?p=3605#breadcrumb\"},\"inLanguage\":\"pt-BR\",\"potentialAction\":[{\"@type\":\"ReadAction\",\"target\":[\"https:\/\/cacaunews.com\/?p=3605\"]}]},{\"@type\":\"BreadcrumbList\",\"@id\":\"https:\/\/cacaunews.com\/?p=3605#breadcrumb\",\"itemListElement\":[{\"@type\":\"ListItem\",\"position\":1,\"name\":\"In\u00edcio\",\"item\":\"https:\/\/cacaunews.com\/\"},{\"@type\":\"ListItem\",\"position\":2,\"name\":\"Itabuna: &#8220;N\u00e3o sou candidato a nada hoje&#8221;, diz Tom Ribeiro, sobre as elei\u00e7\u00f5es, mas admite pensar futuramente.\"}]},{\"@type\":\"WebSite\",\"@id\":\"https:\/\/cacaunews.com\/#website\",\"url\":\"https:\/\/cacaunews.com\/\",\"name\":\"Cacau News\",\"description\":\"A Informa\u00e7\u00e3o que voc\u00ea precisa!\",\"publisher\":{\"@id\":\"https:\/\/cacaunews.com\/#organization\"},\"potentialAction\":[{\"@type\":\"SearchAction\",\"target\":{\"@type\":\"EntryPoint\",\"urlTemplate\":\"https:\/\/cacaunews.com\/?s={search_term_string}\"},\"query-input\":\"required name=search_term_string\"}],\"inLanguage\":\"pt-BR\"},{\"@type\":\"Organization\",\"@id\":\"https:\/\/cacaunews.com\/#organization\",\"name\":\"Cacau News\",\"url\":\"https:\/\/cacaunews.com\/\",\"logo\":{\"@type\":\"ImageObject\",\"inLanguage\":\"pt-BR\",\"@id\":\"https:\/\/cacaunews.com\/#\/schema\/logo\/image\/\",\"url\":\"https:\/\/cacaunews.com\/wp-content\/uploads\/2025\/01\/cropped-LOGO-NOVA.png\",\"contentUrl\":\"https:\/\/cacaunews.com\/wp-content\/uploads\/2025\/01\/cropped-LOGO-NOVA.png\",\"width\":813,\"height\":813,\"caption\":\"Cacau News\"},\"image\":{\"@id\":\"https:\/\/cacaunews.com\/#\/schema\/logo\/image\/\"},\"sameAs\":[\"https:\/\/www.instagram.com\/cacaunews.online\/\",\"https:\/\/youtube.com\/@cacaunews?si=0VXLnjl08SrWbVG9\"]},{\"@type\":\"Person\",\"@id\":\"https:\/\/cacaunews.com\/#\/schema\/person\/ea69703103e606ad347ccd64bd72ef79\",\"name\":\"Reda\u00e7\u00e3o Cacau News\",\"image\":{\"@type\":\"ImageObject\",\"inLanguage\":\"pt-BR\",\"@id\":\"https:\/\/cacaunews.com\/#\/schema\/person\/image\/\",\"url\":\"https:\/\/secure.gravatar.com\/avatar\/d79227a2a7b6cc42e8d7a8f7c284cd3a?s=96&d=mm&r=g\",\"contentUrl\":\"https:\/\/secure.gravatar.com\/avatar\/d79227a2a7b6cc42e8d7a8f7c284cd3a?s=96&d=mm&r=g\",\"caption\":\"Reda\u00e7\u00e3o Cacau News\"},\"sameAs\":[\"https:\/\/cacaunews.com\"],\"url\":\"https:\/\/cacaunews.com\/?author=1\"}]}<\/script>\n<!-- \/ Yoast SEO plugin. -->","yoast_head_json":{"title":"Itabuna: \"N\u00e3o sou candidato a nada hoje\", diz Tom Ribeiro, sobre as elei\u00e7\u00f5es, mas admite pensar futuramente. - Cacau News","robots":{"index":"index","follow":"follow","max-snippet":"max-snippet:-1","max-image-preview":"max-image-preview:large","max-video-preview":"max-video-preview:-1"},"canonical":"https:\/\/cacaunews.com\/?p=3605","og_locale":"pt_BR","og_type":"article","og_title":"Itabuna: \"N\u00e3o sou candidato a nada hoje\", diz Tom Ribeiro, sobre as elei\u00e7\u00f5es, mas admite pensar futuramente. - Cacau News","og_description":"Entrevistado por Neto Terra Branca no Quadro na Boca do Tubar\u00e3o na r\u00e1dio Interativa FM...","og_url":"https:\/\/cacaunews.com\/?p=3605","og_site_name":"Cacau News","article_published_time":"2023-11-25T14:18:39+00:00","article_modified_time":"2023-11-25T15:20:27+00:00","og_image":[{"width":678,"height":452,"url":"https:\/\/cacaunews.com\/wp-content\/uploads\/2023\/11\/IMG-20231124-WA0001.jpg","type":"image\/jpeg"}],"author":"Reda\u00e7\u00e3o Cacau News","twitter_card":"summary_large_image","twitter_misc":{"Escrito por":"Reda\u00e7\u00e3o Cacau News","Est. tempo de leitura":"2 minutos"},"schema":{"@context":"https:\/\/schema.org","@graph":[{"@type":"Article","@id":"https:\/\/cacaunews.com\/?p=3605#article","isPartOf":{"@id":"https:\/\/cacaunews.com\/?p=3605"},"author":{"name":"Reda\u00e7\u00e3o Cacau News","@id":"https:\/\/cacaunews.com\/#\/schema\/person\/ea69703103e606ad347ccd64bd72ef79"},"headline":"Itabuna: &#8220;N\u00e3o sou candidato a nada hoje&#8221;, diz Tom Ribeiro, sobre as elei\u00e7\u00f5es, mas admite pensar futuramente.","datePublished":"2023-11-25T14:18:39+00:00","dateModified":"2023-11-25T15:20:27+00:00","mainEntityOfPage":{"@id":"https:\/\/cacaunews.com\/?p=3605"},"wordCount":460,"commentCount":0,"publisher":{"@id":"https:\/\/cacaunews.com\/#organization"},"keywords":["entrevista","interativa fm","itabuna","tom Ribeiro"],"articleSection":["cidades","Jornalismo","Politica"],"inLanguage":"pt-BR","potentialAction":[{"@type":"CommentAction","name":"Comment","target":["https:\/\/cacaunews.com\/?p=3605#respond"]}]},{"@type":"WebPage","@id":"https:\/\/cacaunews.com\/?p=3605","url":"https:\/\/cacaunews.com\/?p=3605","name":"Itabuna: \"N\u00e3o sou candidato a nada hoje\", diz Tom Ribeiro, sobre as elei\u00e7\u00f5es, mas admite pensar futuramente. - Cacau News","isPartOf":{"@id":"https:\/\/cacaunews.com\/#website"},"datePublished":"2023-11-25T14:18:39+00:00","dateModified":"2023-11-25T15:20:27+00:00","breadcrumb":{"@id":"https:\/\/cacaunews.com\/?p=3605#breadcrumb"},"inLanguage":"pt-BR","potentialAction":[{"@type":"ReadAction","target":["https:\/\/cacaunews.com\/?p=3605"]}]},{"@type":"BreadcrumbList","@id":"https:\/\/cacaunews.com\/?p=3605#breadcrumb","itemListElement":[{"@type":"ListItem","position":1,"name":"In\u00edcio","item":"https:\/\/cacaunews.com\/"},{"@type":"ListItem","position":2,"name":"Itabuna: &#8220;N\u00e3o sou candidato a nada hoje&#8221;, diz Tom Ribeiro, sobre as elei\u00e7\u00f5es, mas admite pensar futuramente."}]},{"@type":"WebSite","@id":"https:\/\/cacaunews.com\/#website","url":"https:\/\/cacaunews.com\/","name":"Cacau News","description":"A Informa\u00e7\u00e3o que voc\u00ea precisa!","publisher":{"@id":"https:\/\/cacaunews.com\/#organization"},"potentialAction":[{"@type":"SearchAction","target":{"@type":"EntryPoint","urlTemplate":"https:\/\/cacaunews.com\/?s={search_term_string}"},"query-input":"required name=search_term_string"}],"inLanguage":"pt-BR"},{"@type":"Organization","@id":"https:\/\/cacaunews.com\/#organization","name":"Cacau News","url":"https:\/\/cacaunews.com\/","logo":{"@type":"ImageObject","inLanguage":"pt-BR","@id":"https:\/\/cacaunews.com\/#\/schema\/logo\/image\/","url":"https:\/\/cacaunews.com\/wp-content\/uploads\/2025\/01\/cropped-LOGO-NOVA.png","contentUrl":"https:\/\/cacaunews.com\/wp-content\/uploads\/2025\/01\/cropped-LOGO-NOVA.png","width":813,"height":813,"caption":"Cacau News"},"image":{"@id":"https:\/\/cacaunews.com\/#\/schema\/logo\/image\/"},"sameAs":["https:\/\/www.instagram.com\/cacaunews.online\/","https:\/\/youtube.com\/@cacaunews?si=0VXLnjl08SrWbVG9"]},{"@type":"Person","@id":"https:\/\/cacaunews.com\/#\/schema\/person\/ea69703103e606ad347ccd64bd72ef79","name":"Reda\u00e7\u00e3o Cacau News","image":{"@type":"ImageObject","inLanguage":"pt-BR","@id":"https:\/\/cacaunews.com\/#\/schema\/person\/image\/","url":"https:\/\/secure.gravatar.com\/avatar\/d79227a2a7b6cc42e8d7a8f7c284cd3a?s=96&d=mm&r=g","contentUrl":"https:\/\/secure.gravatar.com\/avatar\/d79227a2a7b6cc42e8d7a8f7c284cd3a?s=96&d=mm&r=g","caption":"Reda\u00e7\u00e3o Cacau News"},"sameAs":["https:\/\/cacaunews.com"],"url":"https:\/\/cacaunews.com\/?author=1"}]}},"jetpack_sharing_enabled":true,"jetpack_featured_media_url":"https:\/\/cacaunews.com\/wp-content\/uploads\/2023\/11\/IMG-20231124-WA0001.jpg","_links":{"self":[{"href":"https:\/\/cacaunews.com\/index.php?rest_route=\/wp\/v2\/posts\/3605"}],"collection":[{"href":"https:\/\/cacaunews.com\/index.php?rest_route=\/wp\/v2\/posts"}],"about":[{"href":"https:\/\/cacaunews.com\/index.php?rest_route=\/wp\/v2\/types\/post"}],"author":[{"embeddable":true,"href":"https:\/\/cacaunews.com\/index.php?rest_route=\/wp\/v2\/users\/1"}],"replies":[{"embeddable":true,"href":"https:\/\/cacaunews.com\/index.php?rest_route=%2Fwp%2Fv2%2Fcomments&post=3605"}],"version-history":[{"count":3,"href":"https:\/\/cacaunews.com\/index.php?rest_route=\/wp\/v2\/posts\/3605\/revisions"}],"predecessor-version":[{"id":3614,"href":"https:\/\/cacaunews.com\/index.php?rest_route=\/wp\/v2\/posts\/3605\/revisions\/3614"}],"wp:featuredmedia":[{"embeddable":true,"href":"https:\/\/cacaunews.com\/index.php?rest_route=\/wp\/v2\/media\/3604"}],"wp:attachment":[{"href":"https:\/\/cacaunews.com\/index.php?rest_route=%2Fwp%2Fv2%2Fmedia&parent=3605"}],"wp:term":[{"taxonomy":"category","embeddable":true,"href":"https:\/\/cacaunews.com\/index.php?rest_route=%2Fwp%2Fv2%2Fcategories&post=3605"},{"taxonomy":"post_tag","embeddable":true,"href":"https:\/\/cacaunews.com\/index.php?rest_route=%2Fwp%2Fv2%2Ftags&post=3605"}],"curies":[{"name":"wp","href":"https:\/\/api.w.org\/{rel}","templated":true}]}}