{"id":3622,"date":"2023-11-27T14:19:12","date_gmt":"2023-11-27T14:19:12","guid":{"rendered":"https:\/\/cacaunews.com\/?p=3622"},"modified":"2023-11-27T14:19:12","modified_gmt":"2023-11-27T14:19:12","slug":"eleicao-para-reitor-e-vice-da-uesc-acontece-na-terca-feira-dia-28","status":"publish","type":"post","link":"https:\/\/cacaunews.com\/?p=3622","title":{"rendered":"Elei\u00e7\u00e3o para reitor e vice da UESC acontece na ter\u00e7a-feira, dia 28."},"content":{"rendered":"\n<p>Todas as provid\u00eancias est\u00e3o sendo adotadas para a realiza\u00e7\u00e3o da elei\u00e7\u00e3o para reitor e vice-reitor da Universidade Estadual de Santa Cruz (Uesc), marcada para ter\u00e7a-feira, 28 de novembro de 2023. O col\u00e9gio eleitoral \u00e9 formado por cerca de sete mil pessoas, entre docentes, discentes, t\u00e9cnicos e analistas universit\u00e1rios. Est\u00e3o impedidos de votar, os servidores t\u00e9cnico-administrativos em cargos comissionados com menos de cinco anos de exerc\u00edcio das suas respectivas fun\u00e7\u00f5es.<\/p>\n\n\n\n<p><br>A chapa \u00fanica \u00e9 composta pelo atual reitor, professor doutor Alessandro Fernandes, e o vice-reitor, professor doutor Maur\u00edcio Santana Moreau, que pleiteiam o segundo mandato \u00e0 frente da gest\u00e3o superior para o quadri\u00eanio 2024-2028. Durante a elei\u00e7\u00e3o, funcionar\u00e3o 21 urnas distribu\u00eddas em v\u00e1rios pontos do Campus Professor Soane Nazar\u00e9 de Andrade.<br><br>O processo de vota\u00e7\u00e3o ter\u00e1 in\u00edcio \u00e0s 8 horas, com encerramento previsto para \u00e0s 21 horas. Em seguida, ser\u00e1 iniciada a apura\u00e7\u00e3o manual dos votos, e imediata proclama\u00e7\u00e3o do resultado. O sistema de escolha dos cargos de reitor e vice-reitor da Uesc \u00e9 coordenado pela comiss\u00e3o indicada na 69\u00aa Reuni\u00e3o Extraordin\u00e1ria do Conselho Universit\u00e1rio, realizada no dia 2 de agosto de 2023. <br><br>Presidida pelo professor doutor Marcos Ant\u00f4nio Bandeira, a comiss\u00e3o tem como vice-presidente a professora doutora L\u00edvia Andrade Coelho e como secret\u00e1rio, o estudante Shauan Keven Rocha Fontes. Os demais membros titulares s\u00e3o: a professora doutora L\u00edlia Marta Brand\u00e3o Modesto e o t\u00e9cnico-administrativo Rafael Bertoldo. Na supl\u00eancia, est\u00e3o os docentes Vin\u00edcius Augusto Takahashi Arakawa, Alexandre Justo de Oliveira Lima, Ant\u00f4nio Balbino Lima, a discente A\u00edla Oliveira da Silva e a servidora t\u00e9cnico-administrativo, Cristina Ver\u00f4nica Novaes.<br><br>Conforme a Resolu\u00e7\u00e3o Eleitoral, aprovada pelo Conselho Universit\u00e1rio (Consu), os pedidos de impugna\u00e7\u00e3o do resultado podem ser apresentados no dia 29. O julgamento das impugna\u00e7\u00f5es e homologa\u00e7\u00e3o do resultado final ocorrer\u00e1 no dia 01 de dezembro de 2023. No dia 11 de dezembro \u00e9 o prazo final para o encaminhamento, por parte da Comiss\u00e3o Eleitoral, das decis\u00f5es dos recursos ao Conselho Universit\u00e1rio, cujos resultados ser\u00e3o encaminhados ao Governador do Estado da Bahia, Jer\u00f4nimo Rodrigues, para proclama\u00e7\u00e3o e data da posse dos eleitos.<\/p>\n\n\n\n<p>Ascom UESC.<\/p>\n","protected":false},"excerpt":{"rendered":"<p>Todas as provid\u00eancias est\u00e3o sendo adotadas para a realiza\u00e7\u00e3o da elei\u00e7\u00e3o para reitor e vice-reitor&#8230;<\/p>\n","protected":false},"author":1,"featured_media":3621,"comment_status":"open","ping_status":"open","sticky":false,"template":"","format":"standard","meta":{"footnotes":""},"categories":[4,11],"tags":[33,681,1422,352],"yoast_head":"<!-- This site is optimized with the Yoast SEO plugin v21.7 - https:\/\/yoast.com\/wordpress\/plugins\/seo\/ -->\n<title>Elei\u00e7\u00e3o para reitor e vice da UESC acontece na ter\u00e7a-feira, dia 28. - Cacau News<\/title>\n<meta name=\"robots\" content=\"index, follow, max-snippet:-1, max-image-preview:large, max-video-preview:-1\" \/>\n<link rel=\"canonical\" href=\"https:\/\/cacaunews.com\/?p=3622\" \/>\n<meta property=\"og:locale\" content=\"pt_BR\" \/>\n<meta property=\"og:type\" content=\"article\" \/>\n<meta property=\"og:title\" content=\"Elei\u00e7\u00e3o para reitor e vice da UESC acontece na ter\u00e7a-feira, dia 28. - Cacau News\" \/>\n<meta property=\"og:description\" content=\"Todas as provid\u00eancias est\u00e3o sendo adotadas para a realiza\u00e7\u00e3o da elei\u00e7\u00e3o para reitor e vice-reitor...\" \/>\n<meta property=\"og:url\" content=\"https:\/\/cacaunews.com\/?p=3622\" \/>\n<meta property=\"og:site_name\" content=\"Cacau News\" \/>\n<meta property=\"article:published_time\" content=\"2023-11-27T14:19:12+00:00\" \/>\n<meta name=\"author\" content=\"Reda\u00e7\u00e3o Cacau News\" \/>\n<meta name=\"twitter:card\" content=\"summary_large_image\" \/>\n<meta name=\"twitter:label1\" content=\"Escrito por\" \/>\n\t<meta name=\"twitter:data1\" content=\"Reda\u00e7\u00e3o Cacau News\" \/>\n\t<meta name=\"twitter:label2\" content=\"Est. tempo de leitura\" \/>\n\t<meta name=\"twitter:data2\" content=\"2 minutos\" \/>\n<script type=\"application\/ld+json\" class=\"yoast-schema-graph\">{\"@context\":\"https:\/\/schema.org\",\"@graph\":[{\"@type\":\"Article\",\"@id\":\"https:\/\/cacaunews.com\/?p=3622#article\",\"isPartOf\":{\"@id\":\"https:\/\/cacaunews.com\/?p=3622\"},\"author\":{\"name\":\"Reda\u00e7\u00e3o Cacau News\",\"@id\":\"https:\/\/cacaunews.com\/#\/schema\/person\/ea69703103e606ad347ccd64bd72ef79\"},\"headline\":\"Elei\u00e7\u00e3o para reitor e vice da UESC acontece na ter\u00e7a-feira, dia 28.\",\"datePublished\":\"2023-11-27T14:19:12+00:00\",\"dateModified\":\"2023-11-27T14:19:12+00:00\",\"mainEntityOfPage\":{\"@id\":\"https:\/\/cacaunews.com\/?p=3622\"},\"wordCount\":389,\"commentCount\":0,\"publisher\":{\"@id\":\"https:\/\/cacaunews.com\/#organization\"},\"keywords\":[\"educa\u00e7\u00e3o\",\"elei\u00e7\u00f5es\",\"reitoria\",\"UESC\"],\"articleSection\":[\"Internet\",\"Jornalismo\"],\"inLanguage\":\"pt-BR\",\"potentialAction\":[{\"@type\":\"CommentAction\",\"name\":\"Comment\",\"target\":[\"https:\/\/cacaunews.com\/?p=3622#respond\"]}]},{\"@type\":\"WebPage\",\"@id\":\"https:\/\/cacaunews.com\/?p=3622\",\"url\":\"https:\/\/cacaunews.com\/?p=3622\",\"name\":\"Elei\u00e7\u00e3o para reitor e vice da UESC acontece na ter\u00e7a-feira, dia 28. - Cacau News\",\"isPartOf\":{\"@id\":\"https:\/\/cacaunews.com\/#website\"},\"datePublished\":\"2023-11-27T14:19:12+00:00\",\"dateModified\":\"2023-11-27T14:19:12+00:00\",\"breadcrumb\":{\"@id\":\"https:\/\/cacaunews.com\/?p=3622#breadcrumb\"},\"inLanguage\":\"pt-BR\",\"potentialAction\":[{\"@type\":\"ReadAction\",\"target\":[\"https:\/\/cacaunews.com\/?p=3622\"]}]},{\"@type\":\"BreadcrumbList\",\"@id\":\"https:\/\/cacaunews.com\/?p=3622#breadcrumb\",\"itemListElement\":[{\"@type\":\"ListItem\",\"position\":1,\"name\":\"In\u00edcio\",\"item\":\"https:\/\/cacaunews.com\/\"},{\"@type\":\"ListItem\",\"position\":2,\"name\":\"Elei\u00e7\u00e3o para reitor e vice da UESC acontece na ter\u00e7a-feira, dia 28.\"}]},{\"@type\":\"WebSite\",\"@id\":\"https:\/\/cacaunews.com\/#website\",\"url\":\"https:\/\/cacaunews.com\/\",\"name\":\"Cacau News\",\"description\":\"A Informa\u00e7\u00e3o que voc\u00ea precisa!\",\"publisher\":{\"@id\":\"https:\/\/cacaunews.com\/#organization\"},\"potentialAction\":[{\"@type\":\"SearchAction\",\"target\":{\"@type\":\"EntryPoint\",\"urlTemplate\":\"https:\/\/cacaunews.com\/?s={search_term_string}\"},\"query-input\":\"required name=search_term_string\"}],\"inLanguage\":\"pt-BR\"},{\"@type\":\"Organization\",\"@id\":\"https:\/\/cacaunews.com\/#organization\",\"name\":\"Cacau News\",\"url\":\"https:\/\/cacaunews.com\/\",\"logo\":{\"@type\":\"ImageObject\",\"inLanguage\":\"pt-BR\",\"@id\":\"https:\/\/cacaunews.com\/#\/schema\/logo\/image\/\",\"url\":\"https:\/\/cacaunews.com\/wp-content\/uploads\/2025\/01\/cropped-LOGO-NOVA.png\",\"contentUrl\":\"https:\/\/cacaunews.com\/wp-content\/uploads\/2025\/01\/cropped-LOGO-NOVA.png\",\"width\":813,\"height\":813,\"caption\":\"Cacau News\"},\"image\":{\"@id\":\"https:\/\/cacaunews.com\/#\/schema\/logo\/image\/\"},\"sameAs\":[\"https:\/\/www.instagram.com\/cacaunews.online\/\",\"https:\/\/youtube.com\/@cacaunews?si=0VXLnjl08SrWbVG9\"]},{\"@type\":\"Person\",\"@id\":\"https:\/\/cacaunews.com\/#\/schema\/person\/ea69703103e606ad347ccd64bd72ef79\",\"name\":\"Reda\u00e7\u00e3o Cacau News\",\"image\":{\"@type\":\"ImageObject\",\"inLanguage\":\"pt-BR\",\"@id\":\"https:\/\/cacaunews.com\/#\/schema\/person\/image\/\",\"url\":\"https:\/\/secure.gravatar.com\/avatar\/d79227a2a7b6cc42e8d7a8f7c284cd3a?s=96&d=mm&r=g\",\"contentUrl\":\"https:\/\/secure.gravatar.com\/avatar\/d79227a2a7b6cc42e8d7a8f7c284cd3a?s=96&d=mm&r=g\",\"caption\":\"Reda\u00e7\u00e3o Cacau News\"},\"sameAs\":[\"https:\/\/cacaunews.com\"],\"url\":\"https:\/\/cacaunews.com\/?author=1\"}]}<\/script>\n<!-- \/ Yoast SEO plugin. -->","yoast_head_json":{"title":"Elei\u00e7\u00e3o para reitor e vice da UESC acontece na ter\u00e7a-feira, dia 28. - Cacau News","robots":{"index":"index","follow":"follow","max-snippet":"max-snippet:-1","max-image-preview":"max-image-preview:large","max-video-preview":"max-video-preview:-1"},"canonical":"https:\/\/cacaunews.com\/?p=3622","og_locale":"pt_BR","og_type":"article","og_title":"Elei\u00e7\u00e3o para reitor e vice da UESC acontece na ter\u00e7a-feira, dia 28. - Cacau News","og_description":"Todas as provid\u00eancias est\u00e3o sendo adotadas para a realiza\u00e7\u00e3o da elei\u00e7\u00e3o para reitor e vice-reitor...","og_url":"https:\/\/cacaunews.com\/?p=3622","og_site_name":"Cacau News","article_published_time":"2023-11-27T14:19:12+00:00","author":"Reda\u00e7\u00e3o Cacau News","twitter_card":"summary_large_image","twitter_misc":{"Escrito por":"Reda\u00e7\u00e3o Cacau News","Est. tempo de leitura":"2 minutos"},"schema":{"@context":"https:\/\/schema.org","@graph":[{"@type":"Article","@id":"https:\/\/cacaunews.com\/?p=3622#article","isPartOf":{"@id":"https:\/\/cacaunews.com\/?p=3622"},"author":{"name":"Reda\u00e7\u00e3o Cacau News","@id":"https:\/\/cacaunews.com\/#\/schema\/person\/ea69703103e606ad347ccd64bd72ef79"},"headline":"Elei\u00e7\u00e3o para reitor e vice da UESC acontece na ter\u00e7a-feira, dia 28.","datePublished":"2023-11-27T14:19:12+00:00","dateModified":"2023-11-27T14:19:12+00:00","mainEntityOfPage":{"@id":"https:\/\/cacaunews.com\/?p=3622"},"wordCount":389,"commentCount":0,"publisher":{"@id":"https:\/\/cacaunews.com\/#organization"},"keywords":["educa\u00e7\u00e3o","elei\u00e7\u00f5es","reitoria","UESC"],"articleSection":["Internet","Jornalismo"],"inLanguage":"pt-BR","potentialAction":[{"@type":"CommentAction","name":"Comment","target":["https:\/\/cacaunews.com\/?p=3622#respond"]}]},{"@type":"WebPage","@id":"https:\/\/cacaunews.com\/?p=3622","url":"https:\/\/cacaunews.com\/?p=3622","name":"Elei\u00e7\u00e3o para reitor e vice da UESC acontece na ter\u00e7a-feira, dia 28. - Cacau News","isPartOf":{"@id":"https:\/\/cacaunews.com\/#website"},"datePublished":"2023-11-27T14:19:12+00:00","dateModified":"2023-11-27T14:19:12+00:00","breadcrumb":{"@id":"https:\/\/cacaunews.com\/?p=3622#breadcrumb"},"inLanguage":"pt-BR","potentialAction":[{"@type":"ReadAction","target":["https:\/\/cacaunews.com\/?p=3622"]}]},{"@type":"BreadcrumbList","@id":"https:\/\/cacaunews.com\/?p=3622#breadcrumb","itemListElement":[{"@type":"ListItem","position":1,"name":"In\u00edcio","item":"https:\/\/cacaunews.com\/"},{"@type":"ListItem","position":2,"name":"Elei\u00e7\u00e3o para reitor e vice da UESC acontece na ter\u00e7a-feira, dia 28."}]},{"@type":"WebSite","@id":"https:\/\/cacaunews.com\/#website","url":"https:\/\/cacaunews.com\/","name":"Cacau News","description":"A Informa\u00e7\u00e3o que voc\u00ea precisa!","publisher":{"@id":"https:\/\/cacaunews.com\/#organization"},"potentialAction":[{"@type":"SearchAction","target":{"@type":"EntryPoint","urlTemplate":"https:\/\/cacaunews.com\/?s={search_term_string}"},"query-input":"required name=search_term_string"}],"inLanguage":"pt-BR"},{"@type":"Organization","@id":"https:\/\/cacaunews.com\/#organization","name":"Cacau News","url":"https:\/\/cacaunews.com\/","logo":{"@type":"ImageObject","inLanguage":"pt-BR","@id":"https:\/\/cacaunews.com\/#\/schema\/logo\/image\/","url":"https:\/\/cacaunews.com\/wp-content\/uploads\/2025\/01\/cropped-LOGO-NOVA.png","contentUrl":"https:\/\/cacaunews.com\/wp-content\/uploads\/2025\/01\/cropped-LOGO-NOVA.png","width":813,"height":813,"caption":"Cacau News"},"image":{"@id":"https:\/\/cacaunews.com\/#\/schema\/logo\/image\/"},"sameAs":["https:\/\/www.instagram.com\/cacaunews.online\/","https:\/\/youtube.com\/@cacaunews?si=0VXLnjl08SrWbVG9"]},{"@type":"Person","@id":"https:\/\/cacaunews.com\/#\/schema\/person\/ea69703103e606ad347ccd64bd72ef79","name":"Reda\u00e7\u00e3o Cacau News","image":{"@type":"ImageObject","inLanguage":"pt-BR","@id":"https:\/\/cacaunews.com\/#\/schema\/person\/image\/","url":"https:\/\/secure.gravatar.com\/avatar\/d79227a2a7b6cc42e8d7a8f7c284cd3a?s=96&d=mm&r=g","contentUrl":"https:\/\/secure.gravatar.com\/avatar\/d79227a2a7b6cc42e8d7a8f7c284cd3a?s=96&d=mm&r=g","caption":"Reda\u00e7\u00e3o Cacau News"},"sameAs":["https:\/\/cacaunews.com"],"url":"https:\/\/cacaunews.com\/?author=1"}]}},"jetpack_sharing_enabled":true,"jetpack_featured_media_url":"https:\/\/cacaunews.com\/wp-content\/uploads\/2023\/11\/FotosCarlosDuarte28829.png","_links":{"self":[{"href":"https:\/\/cacaunews.com\/index.php?rest_route=\/wp\/v2\/posts\/3622"}],"collection":[{"href":"https:\/\/cacaunews.com\/index.php?rest_route=\/wp\/v2\/posts"}],"about":[{"href":"https:\/\/cacaunews.com\/index.php?rest_route=\/wp\/v2\/types\/post"}],"author":[{"embeddable":true,"href":"https:\/\/cacaunews.com\/index.php?rest_route=\/wp\/v2\/users\/1"}],"replies":[{"embeddable":true,"href":"https:\/\/cacaunews.com\/index.php?rest_route=%2Fwp%2Fv2%2Fcomments&post=3622"}],"version-history":[{"count":0,"href":"https:\/\/cacaunews.com\/index.php?rest_route=\/wp\/v2\/posts\/3622\/revisions"}],"wp:featuredmedia":[{"embeddable":true,"href":"https:\/\/cacaunews.com\/index.php?rest_route=\/wp\/v2\/media\/3621"}],"wp:attachment":[{"href":"https:\/\/cacaunews.com\/index.php?rest_route=%2Fwp%2Fv2%2Fmedia&parent=3622"}],"wp:term":[{"taxonomy":"category","embeddable":true,"href":"https:\/\/cacaunews.com\/index.php?rest_route=%2Fwp%2Fv2%2Fcategories&post=3622"},{"taxonomy":"post_tag","embeddable":true,"href":"https:\/\/cacaunews.com\/index.php?rest_route=%2Fwp%2Fv2%2Ftags&post=3622"}],"curies":[{"name":"wp","href":"https:\/\/api.w.org\/{rel}","templated":true}]}}