{"id":3628,"date":"2023-11-28T00:00:24","date_gmt":"2023-11-28T00:00:24","guid":{"rendered":"https:\/\/cacaunews.com\/?p=3628"},"modified":"2023-11-28T04:13:38","modified_gmt":"2023-11-28T04:13:38","slug":"pre-candidato-em-ilheus-bebeto-galvao-desconversa-sobre-suplencia-de-wagner-nem-na-torcida-nem-contra","status":"publish","type":"post","link":"https:\/\/cacaunews.com\/?p=3628","title":{"rendered":"Pr\u00e9-candidato em Ilh\u00e9us, Bebeto Galv\u00e3o desconversa sobre supl\u00eancia de Wagner: \u2018Nem na torcida, nem contra\u201d."},"content":{"rendered":"\n<p>Vice-prefeito de Ilh\u00e9us e primeiro suplente de Jaques Wagner (PT) no Senado, Bebeto Galv\u00e3o (PSB) disse que tem observado com parcim\u00f4nia a especula\u00e7\u00e3o de que o petista ir\u00e1 ocupar um minist\u00e9rio. Em entrevista, Galv\u00e3o disse estar focado em ser o candidato do seu grupo \u00e0 sucess\u00e3o de M\u00e1rio Alexandre no Executivo municipal.<br><br>\u201cNem na torcida, nem contra [ser ministro]. Compete ao presidente e a Wagner. Mantenho minha emo\u00e7\u00e3o regulada. Meu foco \u00e9 Ilh\u00e9us. N\u00e3o \u00e9 uma decis\u00e3o que passa por mim. Por isso que n\u00e3o estou com nenhum tipo de expectativa\u201d, afirmou.<br><br>Galv\u00e3o disse estar trabalhando sua pr\u00e9-candidatura e defende que, at\u00e9 o in\u00edcio do ano de 2024, sejam definidos crit\u00e9rios para a escolha do nome da base. Hoje, al\u00e9m dele, a secretaria de Educa\u00e7\u00e3o da Bahia, Ad\u00e9lia Pinheiro (PT), \u00e9 um nome lembrado.<br><br>\u201cT\u00f4 trabalhando minha pr\u00e9-candidatura na base. Respeitando os demais da base. Estamos numa fase de defini\u00e7\u00e3o e acho que temos que definir o procedimento. Mar\u00e3o [apelido do prefeito M\u00e1rio Alexandre] ainda n\u00e3o decidiu, mas acreditamos que a unidade nos possibilita uma posi\u00e7\u00e3o de vit\u00f3ria. N\u00e3o estou dizendo que vamos ganhar, mas refor\u00e7a. Se for depois do carnaval pode gerar trincamento da base\u201d, apontou.<br><br>Alexandre Galv\u00e3o &#8211; Pol\u00edtica Livre.<\/p>\n","protected":false},"excerpt":{"rendered":"<p>Vice-prefeito de Ilh\u00e9us e primeiro suplente de Jaques Wagner (PT) no Senado, Bebeto Galv\u00e3o (PSB)&#8230;<\/p>\n","protected":false},"author":1,"featured_media":3627,"comment_status":"open","ping_status":"open","sticky":false,"template":"","format":"standard","meta":{"footnotes":""},"categories":[18,11,5],"tags":[1425,681,37,26,86],"yoast_head":"<!-- This site is optimized with the Yoast SEO plugin v21.7 - https:\/\/yoast.com\/wordpress\/plugins\/seo\/ -->\n<title>Pr\u00e9-candidato em Ilh\u00e9us, Bebeto Galv\u00e3o desconversa sobre supl\u00eancia de Wagner: \u2018Nem na torcida, nem contra\u201d. - Cacau News<\/title>\n<meta name=\"robots\" content=\"index, follow, max-snippet:-1, max-image-preview:large, max-video-preview:-1\" \/>\n<link rel=\"canonical\" href=\"https:\/\/cacaunews.com\/?p=3628\" \/>\n<meta property=\"og:locale\" content=\"pt_BR\" \/>\n<meta property=\"og:type\" content=\"article\" \/>\n<meta property=\"og:title\" content=\"Pr\u00e9-candidato em Ilh\u00e9us, Bebeto Galv\u00e3o desconversa sobre supl\u00eancia de Wagner: \u2018Nem na torcida, nem contra\u201d. - Cacau News\" \/>\n<meta property=\"og:description\" content=\"Vice-prefeito de Ilh\u00e9us e primeiro suplente de Jaques Wagner (PT) no Senado, Bebeto Galv\u00e3o (PSB)...\" \/>\n<meta property=\"og:url\" content=\"https:\/\/cacaunews.com\/?p=3628\" \/>\n<meta property=\"og:site_name\" content=\"Cacau News\" \/>\n<meta property=\"article:published_time\" content=\"2023-11-28T00:00:24+00:00\" \/>\n<meta property=\"article:modified_time\" content=\"2023-11-28T04:13:38+00:00\" \/>\n<meta property=\"og:image\" content=\"https:\/\/cacaunews.com\/wp-content\/uploads\/2023\/11\/IMG_20231127_210100.jpg\" \/>\n\t<meta property=\"og:image:width\" content=\"966\" \/>\n\t<meta property=\"og:image:height\" content=\"744\" \/>\n\t<meta property=\"og:image:type\" content=\"image\/jpeg\" \/>\n<meta name=\"author\" content=\"Reda\u00e7\u00e3o Cacau News\" \/>\n<meta name=\"twitter:card\" content=\"summary_large_image\" \/>\n<meta name=\"twitter:label1\" content=\"Escrito por\" \/>\n\t<meta name=\"twitter:data1\" content=\"Reda\u00e7\u00e3o Cacau News\" \/>\n\t<meta name=\"twitter:label2\" content=\"Est. tempo de leitura\" \/>\n\t<meta name=\"twitter:data2\" content=\"1 minuto\" \/>\n<script type=\"application\/ld+json\" class=\"yoast-schema-graph\">{\"@context\":\"https:\/\/schema.org\",\"@graph\":[{\"@type\":\"Article\",\"@id\":\"https:\/\/cacaunews.com\/?p=3628#article\",\"isPartOf\":{\"@id\":\"https:\/\/cacaunews.com\/?p=3628\"},\"author\":{\"name\":\"Reda\u00e7\u00e3o Cacau News\",\"@id\":\"https:\/\/cacaunews.com\/#\/schema\/person\/ea69703103e606ad347ccd64bd72ef79\"},\"headline\":\"Pr\u00e9-candidato em Ilh\u00e9us, Bebeto Galv\u00e3o desconversa sobre supl\u00eancia de Wagner: \u2018Nem na torcida, nem contra\u201d.\",\"datePublished\":\"2023-11-28T00:00:24+00:00\",\"dateModified\":\"2023-11-28T04:13:38+00:00\",\"mainEntityOfPage\":{\"@id\":\"https:\/\/cacaunews.com\/?p=3628\"},\"wordCount\":247,\"commentCount\":0,\"publisher\":{\"@id\":\"https:\/\/cacaunews.com\/#organization\"},\"keywords\":[\"Bebeto\",\"elei\u00e7\u00f5es\",\"ilheus\",\"politica\",\"senado\"],\"articleSection\":[\"cidades\",\"Jornalismo\",\"Politica\"],\"inLanguage\":\"pt-BR\",\"potentialAction\":[{\"@type\":\"CommentAction\",\"name\":\"Comment\",\"target\":[\"https:\/\/cacaunews.com\/?p=3628#respond\"]}]},{\"@type\":\"WebPage\",\"@id\":\"https:\/\/cacaunews.com\/?p=3628\",\"url\":\"https:\/\/cacaunews.com\/?p=3628\",\"name\":\"Pr\u00e9-candidato em Ilh\u00e9us, Bebeto Galv\u00e3o desconversa sobre supl\u00eancia de Wagner: \u2018Nem na torcida, nem contra\u201d. - Cacau News\",\"isPartOf\":{\"@id\":\"https:\/\/cacaunews.com\/#website\"},\"datePublished\":\"2023-11-28T00:00:24+00:00\",\"dateModified\":\"2023-11-28T04:13:38+00:00\",\"breadcrumb\":{\"@id\":\"https:\/\/cacaunews.com\/?p=3628#breadcrumb\"},\"inLanguage\":\"pt-BR\",\"potentialAction\":[{\"@type\":\"ReadAction\",\"target\":[\"https:\/\/cacaunews.com\/?p=3628\"]}]},{\"@type\":\"BreadcrumbList\",\"@id\":\"https:\/\/cacaunews.com\/?p=3628#breadcrumb\",\"itemListElement\":[{\"@type\":\"ListItem\",\"position\":1,\"name\":\"In\u00edcio\",\"item\":\"https:\/\/cacaunews.com\/\"},{\"@type\":\"ListItem\",\"position\":2,\"name\":\"Pr\u00e9-candidato em Ilh\u00e9us, Bebeto Galv\u00e3o desconversa sobre supl\u00eancia de Wagner: \u2018Nem na torcida, nem contra\u201d.\"}]},{\"@type\":\"WebSite\",\"@id\":\"https:\/\/cacaunews.com\/#website\",\"url\":\"https:\/\/cacaunews.com\/\",\"name\":\"Cacau News\",\"description\":\"A Informa\u00e7\u00e3o que voc\u00ea precisa!\",\"publisher\":{\"@id\":\"https:\/\/cacaunews.com\/#organization\"},\"potentialAction\":[{\"@type\":\"SearchAction\",\"target\":{\"@type\":\"EntryPoint\",\"urlTemplate\":\"https:\/\/cacaunews.com\/?s={search_term_string}\"},\"query-input\":\"required name=search_term_string\"}],\"inLanguage\":\"pt-BR\"},{\"@type\":\"Organization\",\"@id\":\"https:\/\/cacaunews.com\/#organization\",\"name\":\"Cacau News\",\"url\":\"https:\/\/cacaunews.com\/\",\"logo\":{\"@type\":\"ImageObject\",\"inLanguage\":\"pt-BR\",\"@id\":\"https:\/\/cacaunews.com\/#\/schema\/logo\/image\/\",\"url\":\"https:\/\/cacaunews.com\/wp-content\/uploads\/2025\/01\/cropped-LOGO-NOVA.png\",\"contentUrl\":\"https:\/\/cacaunews.com\/wp-content\/uploads\/2025\/01\/cropped-LOGO-NOVA.png\",\"width\":813,\"height\":813,\"caption\":\"Cacau News\"},\"image\":{\"@id\":\"https:\/\/cacaunews.com\/#\/schema\/logo\/image\/\"},\"sameAs\":[\"https:\/\/www.instagram.com\/cacaunews.online\/\",\"https:\/\/youtube.com\/@cacaunews?si=0VXLnjl08SrWbVG9\"]},{\"@type\":\"Person\",\"@id\":\"https:\/\/cacaunews.com\/#\/schema\/person\/ea69703103e606ad347ccd64bd72ef79\",\"name\":\"Reda\u00e7\u00e3o Cacau News\",\"image\":{\"@type\":\"ImageObject\",\"inLanguage\":\"pt-BR\",\"@id\":\"https:\/\/cacaunews.com\/#\/schema\/person\/image\/\",\"url\":\"https:\/\/secure.gravatar.com\/avatar\/d79227a2a7b6cc42e8d7a8f7c284cd3a?s=96&d=mm&r=g\",\"contentUrl\":\"https:\/\/secure.gravatar.com\/avatar\/d79227a2a7b6cc42e8d7a8f7c284cd3a?s=96&d=mm&r=g\",\"caption\":\"Reda\u00e7\u00e3o Cacau News\"},\"sameAs\":[\"https:\/\/cacaunews.com\"],\"url\":\"https:\/\/cacaunews.com\/?author=1\"}]}<\/script>\n<!-- \/ Yoast SEO plugin. -->","yoast_head_json":{"title":"Pr\u00e9-candidato em Ilh\u00e9us, Bebeto Galv\u00e3o desconversa sobre supl\u00eancia de Wagner: \u2018Nem na torcida, nem contra\u201d. - Cacau News","robots":{"index":"index","follow":"follow","max-snippet":"max-snippet:-1","max-image-preview":"max-image-preview:large","max-video-preview":"max-video-preview:-1"},"canonical":"https:\/\/cacaunews.com\/?p=3628","og_locale":"pt_BR","og_type":"article","og_title":"Pr\u00e9-candidato em Ilh\u00e9us, Bebeto Galv\u00e3o desconversa sobre supl\u00eancia de Wagner: \u2018Nem na torcida, nem contra\u201d. - Cacau News","og_description":"Vice-prefeito de Ilh\u00e9us e primeiro suplente de Jaques Wagner (PT) no Senado, Bebeto Galv\u00e3o (PSB)...","og_url":"https:\/\/cacaunews.com\/?p=3628","og_site_name":"Cacau News","article_published_time":"2023-11-28T00:00:24+00:00","article_modified_time":"2023-11-28T04:13:38+00:00","og_image":[{"width":966,"height":744,"url":"https:\/\/cacaunews.com\/wp-content\/uploads\/2023\/11\/IMG_20231127_210100.jpg","type":"image\/jpeg"}],"author":"Reda\u00e7\u00e3o Cacau News","twitter_card":"summary_large_image","twitter_misc":{"Escrito por":"Reda\u00e7\u00e3o Cacau News","Est. tempo de leitura":"1 minuto"},"schema":{"@context":"https:\/\/schema.org","@graph":[{"@type":"Article","@id":"https:\/\/cacaunews.com\/?p=3628#article","isPartOf":{"@id":"https:\/\/cacaunews.com\/?p=3628"},"author":{"name":"Reda\u00e7\u00e3o Cacau News","@id":"https:\/\/cacaunews.com\/#\/schema\/person\/ea69703103e606ad347ccd64bd72ef79"},"headline":"Pr\u00e9-candidato em Ilh\u00e9us, Bebeto Galv\u00e3o desconversa sobre supl\u00eancia de Wagner: \u2018Nem na torcida, nem contra\u201d.","datePublished":"2023-11-28T00:00:24+00:00","dateModified":"2023-11-28T04:13:38+00:00","mainEntityOfPage":{"@id":"https:\/\/cacaunews.com\/?p=3628"},"wordCount":247,"commentCount":0,"publisher":{"@id":"https:\/\/cacaunews.com\/#organization"},"keywords":["Bebeto","elei\u00e7\u00f5es","ilheus","politica","senado"],"articleSection":["cidades","Jornalismo","Politica"],"inLanguage":"pt-BR","potentialAction":[{"@type":"CommentAction","name":"Comment","target":["https:\/\/cacaunews.com\/?p=3628#respond"]}]},{"@type":"WebPage","@id":"https:\/\/cacaunews.com\/?p=3628","url":"https:\/\/cacaunews.com\/?p=3628","name":"Pr\u00e9-candidato em Ilh\u00e9us, Bebeto Galv\u00e3o desconversa sobre supl\u00eancia de Wagner: \u2018Nem na torcida, nem contra\u201d. - Cacau News","isPartOf":{"@id":"https:\/\/cacaunews.com\/#website"},"datePublished":"2023-11-28T00:00:24+00:00","dateModified":"2023-11-28T04:13:38+00:00","breadcrumb":{"@id":"https:\/\/cacaunews.com\/?p=3628#breadcrumb"},"inLanguage":"pt-BR","potentialAction":[{"@type":"ReadAction","target":["https:\/\/cacaunews.com\/?p=3628"]}]},{"@type":"BreadcrumbList","@id":"https:\/\/cacaunews.com\/?p=3628#breadcrumb","itemListElement":[{"@type":"ListItem","position":1,"name":"In\u00edcio","item":"https:\/\/cacaunews.com\/"},{"@type":"ListItem","position":2,"name":"Pr\u00e9-candidato em Ilh\u00e9us, Bebeto Galv\u00e3o desconversa sobre supl\u00eancia de Wagner: \u2018Nem na torcida, nem contra\u201d."}]},{"@type":"WebSite","@id":"https:\/\/cacaunews.com\/#website","url":"https:\/\/cacaunews.com\/","name":"Cacau News","description":"A Informa\u00e7\u00e3o que voc\u00ea precisa!","publisher":{"@id":"https:\/\/cacaunews.com\/#organization"},"potentialAction":[{"@type":"SearchAction","target":{"@type":"EntryPoint","urlTemplate":"https:\/\/cacaunews.com\/?s={search_term_string}"},"query-input":"required name=search_term_string"}],"inLanguage":"pt-BR"},{"@type":"Organization","@id":"https:\/\/cacaunews.com\/#organization","name":"Cacau News","url":"https:\/\/cacaunews.com\/","logo":{"@type":"ImageObject","inLanguage":"pt-BR","@id":"https:\/\/cacaunews.com\/#\/schema\/logo\/image\/","url":"https:\/\/cacaunews.com\/wp-content\/uploads\/2025\/01\/cropped-LOGO-NOVA.png","contentUrl":"https:\/\/cacaunews.com\/wp-content\/uploads\/2025\/01\/cropped-LOGO-NOVA.png","width":813,"height":813,"caption":"Cacau News"},"image":{"@id":"https:\/\/cacaunews.com\/#\/schema\/logo\/image\/"},"sameAs":["https:\/\/www.instagram.com\/cacaunews.online\/","https:\/\/youtube.com\/@cacaunews?si=0VXLnjl08SrWbVG9"]},{"@type":"Person","@id":"https:\/\/cacaunews.com\/#\/schema\/person\/ea69703103e606ad347ccd64bd72ef79","name":"Reda\u00e7\u00e3o Cacau News","image":{"@type":"ImageObject","inLanguage":"pt-BR","@id":"https:\/\/cacaunews.com\/#\/schema\/person\/image\/","url":"https:\/\/secure.gravatar.com\/avatar\/d79227a2a7b6cc42e8d7a8f7c284cd3a?s=96&d=mm&r=g","contentUrl":"https:\/\/secure.gravatar.com\/avatar\/d79227a2a7b6cc42e8d7a8f7c284cd3a?s=96&d=mm&r=g","caption":"Reda\u00e7\u00e3o Cacau News"},"sameAs":["https:\/\/cacaunews.com"],"url":"https:\/\/cacaunews.com\/?author=1"}]}},"jetpack_sharing_enabled":true,"jetpack_featured_media_url":"https:\/\/cacaunews.com\/wp-content\/uploads\/2023\/11\/IMG_20231127_210100.jpg","_links":{"self":[{"href":"https:\/\/cacaunews.com\/index.php?rest_route=\/wp\/v2\/posts\/3628"}],"collection":[{"href":"https:\/\/cacaunews.com\/index.php?rest_route=\/wp\/v2\/posts"}],"about":[{"href":"https:\/\/cacaunews.com\/index.php?rest_route=\/wp\/v2\/types\/post"}],"author":[{"embeddable":true,"href":"https:\/\/cacaunews.com\/index.php?rest_route=\/wp\/v2\/users\/1"}],"replies":[{"embeddable":true,"href":"https:\/\/cacaunews.com\/index.php?rest_route=%2Fwp%2Fv2%2Fcomments&post=3628"}],"version-history":[{"count":1,"href":"https:\/\/cacaunews.com\/index.php?rest_route=\/wp\/v2\/posts\/3628\/revisions"}],"predecessor-version":[{"id":3629,"href":"https:\/\/cacaunews.com\/index.php?rest_route=\/wp\/v2\/posts\/3628\/revisions\/3629"}],"wp:featuredmedia":[{"embeddable":true,"href":"https:\/\/cacaunews.com\/index.php?rest_route=\/wp\/v2\/media\/3627"}],"wp:attachment":[{"href":"https:\/\/cacaunews.com\/index.php?rest_route=%2Fwp%2Fv2%2Fmedia&parent=3628"}],"wp:term":[{"taxonomy":"category","embeddable":true,"href":"https:\/\/cacaunews.com\/index.php?rest_route=%2Fwp%2Fv2%2Fcategories&post=3628"},{"taxonomy":"post_tag","embeddable":true,"href":"https:\/\/cacaunews.com\/index.php?rest_route=%2Fwp%2Fv2%2Ftags&post=3628"}],"curies":[{"name":"wp","href":"https:\/\/api.w.org\/{rel}","templated":true}]}}