{"id":3637,"date":"2023-11-28T12:00:37","date_gmt":"2023-11-28T12:00:37","guid":{"rendered":"https:\/\/cacaunews.com\/?p=3637"},"modified":"2023-11-28T12:00:37","modified_gmt":"2023-11-28T12:00:37","slug":"acao-conjunta-entre-policias-civis-da-bahia-e-minas-apreende-autor-de-ameacas-a-uesc","status":"publish","type":"post","link":"https:\/\/cacaunews.com\/?p=3637","title":{"rendered":"A\u00e7\u00e3o conjunta entre pol\u00edcias civis da Bahia e Minas apreende autor de amea\u00e7as \u00e0 Uesc."},"content":{"rendered":"\n<p>Um adolescente de 15 anos foi apreendido, na manh\u00e3 desta ter\u00e7a-feira (28), ap\u00f3s policiais da 7\u00aa Coordenadoria Regional de Pol\u00edcia do Interior (Coorpin\/Ilh\u00e9us) e da Pol\u00edcia Civil de Minas Gerais realizarem a investiga\u00e7\u00e3o de um poss\u00edvel ataque \u00e0 Universidade Estadual de Santa Cruz (Uesc). O jovem foi encontrado em uma resid\u00eancia na cidade de Belo Horizonte, em Minas Gerais, com vasto material pornogr\u00e1fico infantojuvenil.<br><br>\u201cTudo come\u00e7ou com o registro de uma ocorr\u00eancia de ataque \u00e0 universidade, no dia 16 deste m\u00eas. Um e-mail foi enviado para a institui\u00e7\u00e3o com diversas amea\u00e7as. A partir dessas informa\u00e7\u00f5es, acionamos o Laborat\u00f3rio de Tecnologia e Intelig\u00eancia Cibern\u00e9tica (CyberLab) da Pol\u00edcia Civil, que identificou a origem do e-mail\u201d, explicou a coordenadora da 7\u00aa Coorpin, delegada Katiana Amorim.<\/p>\n\n\n\n<p><br>Na segunda-feira (20), outro e-mail foi enviado \u00e0 institui\u00e7\u00e3o de ensino com material pornogr\u00e1fico. \u201cAp\u00f3s nossa solicita\u00e7\u00e3o, o Judici\u00e1rio expediu o mandado de busca e apreens\u00e3o na resid\u00eancia do alvo, e a determina\u00e7\u00e3o foi cumprida por policiais civis da capital mineira\u201d, disse a delegada.<br><br>Na casa do adolescente, foram apreendidos celulares e um computador com material pornogr\u00e1fico infantil. O delegado \u00c2ngelo Ramalho, titular da 1\u00aa Delegacia Especializada de Investiga\u00e7\u00e3o de Ato Infracional (DEAI) de Minas Gerais, informou que o adolescente confessou o ato infracional.<br><br>Em depoimento, ele afirmou que n\u00e3o tinha inten\u00e7\u00e3o de colocar em pr\u00e1tica as amea\u00e7as. O jovem segue na unidade policial, onde est\u00e1 sendo ouvido. O material apreendido passar\u00e1 por per\u00edcia.<\/p>\n","protected":false},"excerpt":{"rendered":"<p>Um adolescente de 15 anos foi apreendido, na manh\u00e3 desta ter\u00e7a-feira (28), ap\u00f3s policiais da&#8230;<\/p>\n","protected":false},"author":1,"featured_media":3636,"comment_status":"open","ping_status":"open","sticky":false,"template":"","format":"standard","meta":{"footnotes":""},"categories":[18,4,11],"tags":[200,1429,1430,1428,584,352],"yoast_head":"<!-- This site is optimized with the Yoast SEO plugin v21.7 - https:\/\/yoast.com\/wordpress\/plugins\/seo\/ -->\n<title>A\u00e7\u00e3o conjunta entre pol\u00edcias civis da Bahia e Minas apreende autor de amea\u00e7as \u00e0 Uesc. - Cacau News<\/title>\n<meta name=\"robots\" content=\"index, follow, max-snippet:-1, max-image-preview:large, max-video-preview:-1\" \/>\n<link rel=\"canonical\" href=\"https:\/\/cacaunews.com\/?p=3637\" \/>\n<meta property=\"og:locale\" content=\"pt_BR\" \/>\n<meta property=\"og:type\" content=\"article\" \/>\n<meta property=\"og:title\" content=\"A\u00e7\u00e3o conjunta entre pol\u00edcias civis da Bahia e Minas apreende autor de amea\u00e7as \u00e0 Uesc. - Cacau News\" \/>\n<meta property=\"og:description\" content=\"Um adolescente de 15 anos foi apreendido, na manh\u00e3 desta ter\u00e7a-feira (28), ap\u00f3s policiais da...\" \/>\n<meta property=\"og:url\" content=\"https:\/\/cacaunews.com\/?p=3637\" \/>\n<meta property=\"og:site_name\" content=\"Cacau News\" \/>\n<meta property=\"article:published_time\" content=\"2023-11-28T12:00:37+00:00\" \/>\n<meta name=\"author\" content=\"Reda\u00e7\u00e3o Cacau News\" \/>\n<meta name=\"twitter:card\" content=\"summary_large_image\" \/>\n<meta name=\"twitter:label1\" content=\"Escrito por\" \/>\n\t<meta name=\"twitter:data1\" content=\"Reda\u00e7\u00e3o Cacau News\" \/>\n\t<meta name=\"twitter:label2\" content=\"Est. tempo de leitura\" \/>\n\t<meta name=\"twitter:data2\" content=\"1 minuto\" \/>\n<script type=\"application\/ld+json\" class=\"yoast-schema-graph\">{\"@context\":\"https:\/\/schema.org\",\"@graph\":[{\"@type\":\"Article\",\"@id\":\"https:\/\/cacaunews.com\/?p=3637#article\",\"isPartOf\":{\"@id\":\"https:\/\/cacaunews.com\/?p=3637\"},\"author\":{\"name\":\"Reda\u00e7\u00e3o Cacau News\",\"@id\":\"https:\/\/cacaunews.com\/#\/schema\/person\/ea69703103e606ad347ccd64bd72ef79\"},\"headline\":\"A\u00e7\u00e3o conjunta entre pol\u00edcias civis da Bahia e Minas apreende autor de amea\u00e7as \u00e0 Uesc.\",\"datePublished\":\"2023-11-28T12:00:37+00:00\",\"dateModified\":\"2023-11-28T12:00:37+00:00\",\"mainEntityOfPage\":{\"@id\":\"https:\/\/cacaunews.com\/?p=3637\"},\"wordCount\":278,\"commentCount\":0,\"publisher\":{\"@id\":\"https:\/\/cacaunews.com\/#organization\"},\"keywords\":[\"apreens\u00e3o\",\"ataque\",\"bahia-minas\",\"menor\",\"pol\u00edcia civil\",\"UESC\"],\"articleSection\":[\"cidades\",\"Internet\",\"Jornalismo\"],\"inLanguage\":\"pt-BR\",\"potentialAction\":[{\"@type\":\"CommentAction\",\"name\":\"Comment\",\"target\":[\"https:\/\/cacaunews.com\/?p=3637#respond\"]}]},{\"@type\":\"WebPage\",\"@id\":\"https:\/\/cacaunews.com\/?p=3637\",\"url\":\"https:\/\/cacaunews.com\/?p=3637\",\"name\":\"A\u00e7\u00e3o conjunta entre pol\u00edcias civis da Bahia e Minas apreende autor de amea\u00e7as \u00e0 Uesc. - Cacau News\",\"isPartOf\":{\"@id\":\"https:\/\/cacaunews.com\/#website\"},\"datePublished\":\"2023-11-28T12:00:37+00:00\",\"dateModified\":\"2023-11-28T12:00:37+00:00\",\"breadcrumb\":{\"@id\":\"https:\/\/cacaunews.com\/?p=3637#breadcrumb\"},\"inLanguage\":\"pt-BR\",\"potentialAction\":[{\"@type\":\"ReadAction\",\"target\":[\"https:\/\/cacaunews.com\/?p=3637\"]}]},{\"@type\":\"BreadcrumbList\",\"@id\":\"https:\/\/cacaunews.com\/?p=3637#breadcrumb\",\"itemListElement\":[{\"@type\":\"ListItem\",\"position\":1,\"name\":\"In\u00edcio\",\"item\":\"https:\/\/cacaunews.com\/\"},{\"@type\":\"ListItem\",\"position\":2,\"name\":\"A\u00e7\u00e3o conjunta entre pol\u00edcias civis da Bahia e Minas apreende autor de amea\u00e7as \u00e0 Uesc.\"}]},{\"@type\":\"WebSite\",\"@id\":\"https:\/\/cacaunews.com\/#website\",\"url\":\"https:\/\/cacaunews.com\/\",\"name\":\"Cacau News\",\"description\":\"A Informa\u00e7\u00e3o que voc\u00ea precisa!\",\"publisher\":{\"@id\":\"https:\/\/cacaunews.com\/#organization\"},\"potentialAction\":[{\"@type\":\"SearchAction\",\"target\":{\"@type\":\"EntryPoint\",\"urlTemplate\":\"https:\/\/cacaunews.com\/?s={search_term_string}\"},\"query-input\":\"required name=search_term_string\"}],\"inLanguage\":\"pt-BR\"},{\"@type\":\"Organization\",\"@id\":\"https:\/\/cacaunews.com\/#organization\",\"name\":\"Cacau News\",\"url\":\"https:\/\/cacaunews.com\/\",\"logo\":{\"@type\":\"ImageObject\",\"inLanguage\":\"pt-BR\",\"@id\":\"https:\/\/cacaunews.com\/#\/schema\/logo\/image\/\",\"url\":\"https:\/\/cacaunews.com\/wp-content\/uploads\/2025\/01\/cropped-LOGO-NOVA.png\",\"contentUrl\":\"https:\/\/cacaunews.com\/wp-content\/uploads\/2025\/01\/cropped-LOGO-NOVA.png\",\"width\":813,\"height\":813,\"caption\":\"Cacau News\"},\"image\":{\"@id\":\"https:\/\/cacaunews.com\/#\/schema\/logo\/image\/\"},\"sameAs\":[\"https:\/\/www.instagram.com\/cacaunews.online\/\",\"https:\/\/youtube.com\/@cacaunews?si=0VXLnjl08SrWbVG9\"]},{\"@type\":\"Person\",\"@id\":\"https:\/\/cacaunews.com\/#\/schema\/person\/ea69703103e606ad347ccd64bd72ef79\",\"name\":\"Reda\u00e7\u00e3o Cacau News\",\"image\":{\"@type\":\"ImageObject\",\"inLanguage\":\"pt-BR\",\"@id\":\"https:\/\/cacaunews.com\/#\/schema\/person\/image\/\",\"url\":\"https:\/\/secure.gravatar.com\/avatar\/d79227a2a7b6cc42e8d7a8f7c284cd3a?s=96&d=mm&r=g\",\"contentUrl\":\"https:\/\/secure.gravatar.com\/avatar\/d79227a2a7b6cc42e8d7a8f7c284cd3a?s=96&d=mm&r=g\",\"caption\":\"Reda\u00e7\u00e3o Cacau News\"},\"sameAs\":[\"https:\/\/cacaunews.com\"],\"url\":\"https:\/\/cacaunews.com\/?author=1\"}]}<\/script>\n<!-- \/ Yoast SEO plugin. -->","yoast_head_json":{"title":"A\u00e7\u00e3o conjunta entre pol\u00edcias civis da Bahia e Minas apreende autor de amea\u00e7as \u00e0 Uesc. - Cacau News","robots":{"index":"index","follow":"follow","max-snippet":"max-snippet:-1","max-image-preview":"max-image-preview:large","max-video-preview":"max-video-preview:-1"},"canonical":"https:\/\/cacaunews.com\/?p=3637","og_locale":"pt_BR","og_type":"article","og_title":"A\u00e7\u00e3o conjunta entre pol\u00edcias civis da Bahia e Minas apreende autor de amea\u00e7as \u00e0 Uesc. - Cacau News","og_description":"Um adolescente de 15 anos foi apreendido, na manh\u00e3 desta ter\u00e7a-feira (28), ap\u00f3s policiais da...","og_url":"https:\/\/cacaunews.com\/?p=3637","og_site_name":"Cacau News","article_published_time":"2023-11-28T12:00:37+00:00","author":"Reda\u00e7\u00e3o Cacau News","twitter_card":"summary_large_image","twitter_misc":{"Escrito por":"Reda\u00e7\u00e3o Cacau News","Est. tempo de leitura":"1 minuto"},"schema":{"@context":"https:\/\/schema.org","@graph":[{"@type":"Article","@id":"https:\/\/cacaunews.com\/?p=3637#article","isPartOf":{"@id":"https:\/\/cacaunews.com\/?p=3637"},"author":{"name":"Reda\u00e7\u00e3o Cacau News","@id":"https:\/\/cacaunews.com\/#\/schema\/person\/ea69703103e606ad347ccd64bd72ef79"},"headline":"A\u00e7\u00e3o conjunta entre pol\u00edcias civis da Bahia e Minas apreende autor de amea\u00e7as \u00e0 Uesc.","datePublished":"2023-11-28T12:00:37+00:00","dateModified":"2023-11-28T12:00:37+00:00","mainEntityOfPage":{"@id":"https:\/\/cacaunews.com\/?p=3637"},"wordCount":278,"commentCount":0,"publisher":{"@id":"https:\/\/cacaunews.com\/#organization"},"keywords":["apreens\u00e3o","ataque","bahia-minas","menor","pol\u00edcia civil","UESC"],"articleSection":["cidades","Internet","Jornalismo"],"inLanguage":"pt-BR","potentialAction":[{"@type":"CommentAction","name":"Comment","target":["https:\/\/cacaunews.com\/?p=3637#respond"]}]},{"@type":"WebPage","@id":"https:\/\/cacaunews.com\/?p=3637","url":"https:\/\/cacaunews.com\/?p=3637","name":"A\u00e7\u00e3o conjunta entre pol\u00edcias civis da Bahia e Minas apreende autor de amea\u00e7as \u00e0 Uesc. - Cacau News","isPartOf":{"@id":"https:\/\/cacaunews.com\/#website"},"datePublished":"2023-11-28T12:00:37+00:00","dateModified":"2023-11-28T12:00:37+00:00","breadcrumb":{"@id":"https:\/\/cacaunews.com\/?p=3637#breadcrumb"},"inLanguage":"pt-BR","potentialAction":[{"@type":"ReadAction","target":["https:\/\/cacaunews.com\/?p=3637"]}]},{"@type":"BreadcrumbList","@id":"https:\/\/cacaunews.com\/?p=3637#breadcrumb","itemListElement":[{"@type":"ListItem","position":1,"name":"In\u00edcio","item":"https:\/\/cacaunews.com\/"},{"@type":"ListItem","position":2,"name":"A\u00e7\u00e3o conjunta entre pol\u00edcias civis da Bahia e Minas apreende autor de amea\u00e7as \u00e0 Uesc."}]},{"@type":"WebSite","@id":"https:\/\/cacaunews.com\/#website","url":"https:\/\/cacaunews.com\/","name":"Cacau News","description":"A Informa\u00e7\u00e3o que voc\u00ea precisa!","publisher":{"@id":"https:\/\/cacaunews.com\/#organization"},"potentialAction":[{"@type":"SearchAction","target":{"@type":"EntryPoint","urlTemplate":"https:\/\/cacaunews.com\/?s={search_term_string}"},"query-input":"required name=search_term_string"}],"inLanguage":"pt-BR"},{"@type":"Organization","@id":"https:\/\/cacaunews.com\/#organization","name":"Cacau News","url":"https:\/\/cacaunews.com\/","logo":{"@type":"ImageObject","inLanguage":"pt-BR","@id":"https:\/\/cacaunews.com\/#\/schema\/logo\/image\/","url":"https:\/\/cacaunews.com\/wp-content\/uploads\/2025\/01\/cropped-LOGO-NOVA.png","contentUrl":"https:\/\/cacaunews.com\/wp-content\/uploads\/2025\/01\/cropped-LOGO-NOVA.png","width":813,"height":813,"caption":"Cacau News"},"image":{"@id":"https:\/\/cacaunews.com\/#\/schema\/logo\/image\/"},"sameAs":["https:\/\/www.instagram.com\/cacaunews.online\/","https:\/\/youtube.com\/@cacaunews?si=0VXLnjl08SrWbVG9"]},{"@type":"Person","@id":"https:\/\/cacaunews.com\/#\/schema\/person\/ea69703103e606ad347ccd64bd72ef79","name":"Reda\u00e7\u00e3o Cacau News","image":{"@type":"ImageObject","inLanguage":"pt-BR","@id":"https:\/\/cacaunews.com\/#\/schema\/person\/image\/","url":"https:\/\/secure.gravatar.com\/avatar\/d79227a2a7b6cc42e8d7a8f7c284cd3a?s=96&d=mm&r=g","contentUrl":"https:\/\/secure.gravatar.com\/avatar\/d79227a2a7b6cc42e8d7a8f7c284cd3a?s=96&d=mm&r=g","caption":"Reda\u00e7\u00e3o Cacau News"},"sameAs":["https:\/\/cacaunews.com"],"url":"https:\/\/cacaunews.com\/?author=1"}]}},"jetpack_sharing_enabled":true,"jetpack_featured_media_url":"https:\/\/cacaunews.com\/wp-content\/uploads\/2023\/11\/notaPOlicias.png","_links":{"self":[{"href":"https:\/\/cacaunews.com\/index.php?rest_route=\/wp\/v2\/posts\/3637"}],"collection":[{"href":"https:\/\/cacaunews.com\/index.php?rest_route=\/wp\/v2\/posts"}],"about":[{"href":"https:\/\/cacaunews.com\/index.php?rest_route=\/wp\/v2\/types\/post"}],"author":[{"embeddable":true,"href":"https:\/\/cacaunews.com\/index.php?rest_route=\/wp\/v2\/users\/1"}],"replies":[{"embeddable":true,"href":"https:\/\/cacaunews.com\/index.php?rest_route=%2Fwp%2Fv2%2Fcomments&post=3637"}],"version-history":[{"count":0,"href":"https:\/\/cacaunews.com\/index.php?rest_route=\/wp\/v2\/posts\/3637\/revisions"}],"wp:featuredmedia":[{"embeddable":true,"href":"https:\/\/cacaunews.com\/index.php?rest_route=\/wp\/v2\/media\/3636"}],"wp:attachment":[{"href":"https:\/\/cacaunews.com\/index.php?rest_route=%2Fwp%2Fv2%2Fmedia&parent=3637"}],"wp:term":[{"taxonomy":"category","embeddable":true,"href":"https:\/\/cacaunews.com\/index.php?rest_route=%2Fwp%2Fv2%2Fcategories&post=3637"},{"taxonomy":"post_tag","embeddable":true,"href":"https:\/\/cacaunews.com\/index.php?rest_route=%2Fwp%2Fv2%2Ftags&post=3637"}],"curies":[{"name":"wp","href":"https:\/\/api.w.org\/{rel}","templated":true}]}}