{"id":3677,"date":"2023-11-30T13:36:12","date_gmt":"2023-11-30T13:36:12","guid":{"rendered":"https:\/\/cacaunews.com\/?p=3677"},"modified":"2023-11-30T13:36:12","modified_gmt":"2023-11-30T13:36:12","slug":"camara-aprova-dia-da-consciencia-negra-como-feriado-nacional","status":"publish","type":"post","link":"https:\/\/cacaunews.com\/?p=3677","title":{"rendered":"C\u00e2mara aprova Dia da Consci\u00eancia Negra como feriado nacional."},"content":{"rendered":"\n<p>A C\u00e2mara dos Deputados aprovou na noite desta quarta-feira (29) o projeto de lei que torna o Dia da Consci\u00eancia Negra, celebrado em 20 de novembro, feriado nacional. O texto j\u00e1 tinha sido aprovado pelo Senado e, agora, vai \u00e0 san\u00e7\u00e3o presidencial. Pelo projeto, a data ser\u00e1 chamada Dia Nacional de Zumbi e da Consci\u00eancia Negra.<br><br>Foram 286 votos a favor, 121 contra e duas absten\u00e7\u00f5es. Atualmente, a data \u00e9 feriado em seis estados \u2013 Mato Grosso, Rio de Janeiro, Alagoas, Amazonas, Amap\u00e1 e S\u00e3o Paulo \u2013 e em mais de 1.000 cidades por meio de leis municipais e estaduais.<br><br>A data \u00e9 uma homenagem a Zumbi dos Palmares, l\u00edder do Quilombo dos Palmares, morto em 1695, e s\u00edmbolo de resist\u00eancia contra a escravid\u00e3o.<br><br>\u201cZumbi dos Palmares foi um homem que conseguiu manter a chama viva, ardente em nossos cora\u00e7\u00f5es, nas nossas veias, nas nossas almas, que fez com que esse Brasil pudesse reconhec\u00ea-lo como her\u00f3i da p\u00e1tria brasileira. N\u00e3o her\u00f3i dos negros, \u00e9 her\u00f3i da p\u00e1tria brasileira. N\u00e3o \u00e9 apenas um feriado qualquer, \u00e9 uma hist\u00f3ria do Brasil\u201d, disse a deputada Benedita da Silva (PT-RJ), que falou em nome da bancada governista.<br><br>A relatora Reginete Bispo (PT-RS) disse que a data servir\u00e1 para aumentar os esfor\u00e7os de combate ao racismo e de promo\u00e7\u00e3o da igualdade racial. \u201cTalvez pare\u00e7a a muitos uma iniciativa menor, meramente simb\u00f3lica. Mas n\u00e3o o \u00e9. Porque s\u00edmbolos s\u00e3o importantes. S\u00e3o datas alusivas ao que o pa\u00eds considera mais relevante em sua hist\u00f3ria\u201d, disse.<br><br>Para os deputados contr\u00e1rios, a declara\u00e7\u00e3o de feriado prejudica setores da economia e a data deve ser estipulada por assembleias estaduais e municipais, como \u00e9 atualmente. \u201cNo m\u00eas de novembro j\u00e1 temos muitos feriados, isso teria de ser decis\u00e3o das c\u00e2maras municipais\u201d, argumentou o deputado Professor Paulo Fernando (Republicanos-DF).<br><br>Desde 2003, as escolas passaram a ser obrigadas a incluir o ensino de hist\u00f3ria e cultura afro-brasileira no curr\u00edculo. Em 2011, a ent\u00e3o presidente Dilma Rousseff oficializou o 20 de novembro como Dia Nacional de Zumbi e da Consci\u00eancia Negra.<\/p>\n","protected":false},"excerpt":{"rendered":"<p>A C\u00e2mara dos Deputados aprovou na noite desta quarta-feira (29) o projeto de lei que&#8230;<\/p>\n","protected":false},"author":1,"featured_media":3676,"comment_status":"open","ping_status":"open","sticky":false,"template":"","format":"standard","meta":{"footnotes":""},"categories":[4,11,5],"tags":[669,743,1398,1399],"yoast_head":"<!-- This site is optimized with the Yoast SEO plugin v21.7 - https:\/\/yoast.com\/wordpress\/plugins\/seo\/ -->\n<title>C\u00e2mara aprova Dia da Consci\u00eancia Negra como feriado nacional. - Cacau News<\/title>\n<meta name=\"robots\" content=\"index, follow, max-snippet:-1, max-image-preview:large, max-video-preview:-1\" \/>\n<link rel=\"canonical\" href=\"https:\/\/cacaunews.com\/?p=3677\" \/>\n<meta property=\"og:locale\" content=\"pt_BR\" \/>\n<meta property=\"og:type\" content=\"article\" \/>\n<meta property=\"og:title\" content=\"C\u00e2mara aprova Dia da Consci\u00eancia Negra como feriado nacional. - Cacau News\" \/>\n<meta property=\"og:description\" content=\"A C\u00e2mara dos Deputados aprovou na noite desta quarta-feira (29) o projeto de lei que...\" \/>\n<meta property=\"og:url\" content=\"https:\/\/cacaunews.com\/?p=3677\" \/>\n<meta property=\"og:site_name\" content=\"Cacau News\" \/>\n<meta property=\"article:published_time\" content=\"2023-11-30T13:36:12+00:00\" \/>\n<meta name=\"author\" content=\"Reda\u00e7\u00e3o Cacau News\" \/>\n<meta name=\"twitter:card\" content=\"summary_large_image\" \/>\n<meta name=\"twitter:label1\" content=\"Escrito por\" \/>\n\t<meta name=\"twitter:data1\" content=\"Reda\u00e7\u00e3o Cacau News\" \/>\n\t<meta name=\"twitter:label2\" content=\"Est. tempo de leitura\" \/>\n\t<meta name=\"twitter:data2\" content=\"2 minutos\" \/>\n<script type=\"application\/ld+json\" class=\"yoast-schema-graph\">{\"@context\":\"https:\/\/schema.org\",\"@graph\":[{\"@type\":\"Article\",\"@id\":\"https:\/\/cacaunews.com\/?p=3677#article\",\"isPartOf\":{\"@id\":\"https:\/\/cacaunews.com\/?p=3677\"},\"author\":{\"name\":\"Reda\u00e7\u00e3o Cacau News\",\"@id\":\"https:\/\/cacaunews.com\/#\/schema\/person\/ea69703103e606ad347ccd64bd72ef79\"},\"headline\":\"C\u00e2mara aprova Dia da Consci\u00eancia Negra como feriado nacional.\",\"datePublished\":\"2023-11-30T13:36:12+00:00\",\"dateModified\":\"2023-11-30T13:36:12+00:00\",\"mainEntityOfPage\":{\"@id\":\"https:\/\/cacaunews.com\/?p=3677\"},\"wordCount\":368,\"commentCount\":0,\"publisher\":{\"@id\":\"https:\/\/cacaunews.com\/#organization\"},\"keywords\":[\"aprova\u00e7\u00e3o\",\"c\u00e2mara dos deputados\",\"consci\u00eancia negra\",\"feriado\"],\"articleSection\":[\"Internet\",\"Jornalismo\",\"Politica\"],\"inLanguage\":\"pt-BR\",\"potentialAction\":[{\"@type\":\"CommentAction\",\"name\":\"Comment\",\"target\":[\"https:\/\/cacaunews.com\/?p=3677#respond\"]}]},{\"@type\":\"WebPage\",\"@id\":\"https:\/\/cacaunews.com\/?p=3677\",\"url\":\"https:\/\/cacaunews.com\/?p=3677\",\"name\":\"C\u00e2mara aprova Dia da Consci\u00eancia Negra como feriado nacional. - Cacau News\",\"isPartOf\":{\"@id\":\"https:\/\/cacaunews.com\/#website\"},\"datePublished\":\"2023-11-30T13:36:12+00:00\",\"dateModified\":\"2023-11-30T13:36:12+00:00\",\"breadcrumb\":{\"@id\":\"https:\/\/cacaunews.com\/?p=3677#breadcrumb\"},\"inLanguage\":\"pt-BR\",\"potentialAction\":[{\"@type\":\"ReadAction\",\"target\":[\"https:\/\/cacaunews.com\/?p=3677\"]}]},{\"@type\":\"BreadcrumbList\",\"@id\":\"https:\/\/cacaunews.com\/?p=3677#breadcrumb\",\"itemListElement\":[{\"@type\":\"ListItem\",\"position\":1,\"name\":\"In\u00edcio\",\"item\":\"https:\/\/cacaunews.com\/\"},{\"@type\":\"ListItem\",\"position\":2,\"name\":\"C\u00e2mara aprova Dia da Consci\u00eancia Negra como feriado nacional.\"}]},{\"@type\":\"WebSite\",\"@id\":\"https:\/\/cacaunews.com\/#website\",\"url\":\"https:\/\/cacaunews.com\/\",\"name\":\"Cacau News\",\"description\":\"A Informa\u00e7\u00e3o que voc\u00ea precisa!\",\"publisher\":{\"@id\":\"https:\/\/cacaunews.com\/#organization\"},\"potentialAction\":[{\"@type\":\"SearchAction\",\"target\":{\"@type\":\"EntryPoint\",\"urlTemplate\":\"https:\/\/cacaunews.com\/?s={search_term_string}\"},\"query-input\":\"required name=search_term_string\"}],\"inLanguage\":\"pt-BR\"},{\"@type\":\"Organization\",\"@id\":\"https:\/\/cacaunews.com\/#organization\",\"name\":\"Cacau News\",\"url\":\"https:\/\/cacaunews.com\/\",\"logo\":{\"@type\":\"ImageObject\",\"inLanguage\":\"pt-BR\",\"@id\":\"https:\/\/cacaunews.com\/#\/schema\/logo\/image\/\",\"url\":\"https:\/\/cacaunews.com\/wp-content\/uploads\/2025\/01\/cropped-LOGO-NOVA.png\",\"contentUrl\":\"https:\/\/cacaunews.com\/wp-content\/uploads\/2025\/01\/cropped-LOGO-NOVA.png\",\"width\":813,\"height\":813,\"caption\":\"Cacau News\"},\"image\":{\"@id\":\"https:\/\/cacaunews.com\/#\/schema\/logo\/image\/\"},\"sameAs\":[\"https:\/\/www.instagram.com\/cacaunews.online\/\",\"https:\/\/youtube.com\/@cacaunews?si=0VXLnjl08SrWbVG9\"]},{\"@type\":\"Person\",\"@id\":\"https:\/\/cacaunews.com\/#\/schema\/person\/ea69703103e606ad347ccd64bd72ef79\",\"name\":\"Reda\u00e7\u00e3o Cacau News\",\"image\":{\"@type\":\"ImageObject\",\"inLanguage\":\"pt-BR\",\"@id\":\"https:\/\/cacaunews.com\/#\/schema\/person\/image\/\",\"url\":\"https:\/\/secure.gravatar.com\/avatar\/d79227a2a7b6cc42e8d7a8f7c284cd3a?s=96&d=mm&r=g\",\"contentUrl\":\"https:\/\/secure.gravatar.com\/avatar\/d79227a2a7b6cc42e8d7a8f7c284cd3a?s=96&d=mm&r=g\",\"caption\":\"Reda\u00e7\u00e3o Cacau News\"},\"sameAs\":[\"https:\/\/cacaunews.com\"],\"url\":\"https:\/\/cacaunews.com\/?author=1\"}]}<\/script>\n<!-- \/ Yoast SEO plugin. -->","yoast_head_json":{"title":"C\u00e2mara aprova Dia da Consci\u00eancia Negra como feriado nacional. - Cacau News","robots":{"index":"index","follow":"follow","max-snippet":"max-snippet:-1","max-image-preview":"max-image-preview:large","max-video-preview":"max-video-preview:-1"},"canonical":"https:\/\/cacaunews.com\/?p=3677","og_locale":"pt_BR","og_type":"article","og_title":"C\u00e2mara aprova Dia da Consci\u00eancia Negra como feriado nacional. - Cacau News","og_description":"A C\u00e2mara dos Deputados aprovou na noite desta quarta-feira (29) o projeto de lei que...","og_url":"https:\/\/cacaunews.com\/?p=3677","og_site_name":"Cacau News","article_published_time":"2023-11-30T13:36:12+00:00","author":"Reda\u00e7\u00e3o Cacau News","twitter_card":"summary_large_image","twitter_misc":{"Escrito por":"Reda\u00e7\u00e3o Cacau News","Est. tempo de leitura":"2 minutos"},"schema":{"@context":"https:\/\/schema.org","@graph":[{"@type":"Article","@id":"https:\/\/cacaunews.com\/?p=3677#article","isPartOf":{"@id":"https:\/\/cacaunews.com\/?p=3677"},"author":{"name":"Reda\u00e7\u00e3o Cacau News","@id":"https:\/\/cacaunews.com\/#\/schema\/person\/ea69703103e606ad347ccd64bd72ef79"},"headline":"C\u00e2mara aprova Dia da Consci\u00eancia Negra como feriado nacional.","datePublished":"2023-11-30T13:36:12+00:00","dateModified":"2023-11-30T13:36:12+00:00","mainEntityOfPage":{"@id":"https:\/\/cacaunews.com\/?p=3677"},"wordCount":368,"commentCount":0,"publisher":{"@id":"https:\/\/cacaunews.com\/#organization"},"keywords":["aprova\u00e7\u00e3o","c\u00e2mara dos deputados","consci\u00eancia negra","feriado"],"articleSection":["Internet","Jornalismo","Politica"],"inLanguage":"pt-BR","potentialAction":[{"@type":"CommentAction","name":"Comment","target":["https:\/\/cacaunews.com\/?p=3677#respond"]}]},{"@type":"WebPage","@id":"https:\/\/cacaunews.com\/?p=3677","url":"https:\/\/cacaunews.com\/?p=3677","name":"C\u00e2mara aprova Dia da Consci\u00eancia Negra como feriado nacional. - Cacau News","isPartOf":{"@id":"https:\/\/cacaunews.com\/#website"},"datePublished":"2023-11-30T13:36:12+00:00","dateModified":"2023-11-30T13:36:12+00:00","breadcrumb":{"@id":"https:\/\/cacaunews.com\/?p=3677#breadcrumb"},"inLanguage":"pt-BR","potentialAction":[{"@type":"ReadAction","target":["https:\/\/cacaunews.com\/?p=3677"]}]},{"@type":"BreadcrumbList","@id":"https:\/\/cacaunews.com\/?p=3677#breadcrumb","itemListElement":[{"@type":"ListItem","position":1,"name":"In\u00edcio","item":"https:\/\/cacaunews.com\/"},{"@type":"ListItem","position":2,"name":"C\u00e2mara aprova Dia da Consci\u00eancia Negra como feriado nacional."}]},{"@type":"WebSite","@id":"https:\/\/cacaunews.com\/#website","url":"https:\/\/cacaunews.com\/","name":"Cacau News","description":"A Informa\u00e7\u00e3o que voc\u00ea precisa!","publisher":{"@id":"https:\/\/cacaunews.com\/#organization"},"potentialAction":[{"@type":"SearchAction","target":{"@type":"EntryPoint","urlTemplate":"https:\/\/cacaunews.com\/?s={search_term_string}"},"query-input":"required name=search_term_string"}],"inLanguage":"pt-BR"},{"@type":"Organization","@id":"https:\/\/cacaunews.com\/#organization","name":"Cacau News","url":"https:\/\/cacaunews.com\/","logo":{"@type":"ImageObject","inLanguage":"pt-BR","@id":"https:\/\/cacaunews.com\/#\/schema\/logo\/image\/","url":"https:\/\/cacaunews.com\/wp-content\/uploads\/2025\/01\/cropped-LOGO-NOVA.png","contentUrl":"https:\/\/cacaunews.com\/wp-content\/uploads\/2025\/01\/cropped-LOGO-NOVA.png","width":813,"height":813,"caption":"Cacau News"},"image":{"@id":"https:\/\/cacaunews.com\/#\/schema\/logo\/image\/"},"sameAs":["https:\/\/www.instagram.com\/cacaunews.online\/","https:\/\/youtube.com\/@cacaunews?si=0VXLnjl08SrWbVG9"]},{"@type":"Person","@id":"https:\/\/cacaunews.com\/#\/schema\/person\/ea69703103e606ad347ccd64bd72ef79","name":"Reda\u00e7\u00e3o Cacau News","image":{"@type":"ImageObject","inLanguage":"pt-BR","@id":"https:\/\/cacaunews.com\/#\/schema\/person\/image\/","url":"https:\/\/secure.gravatar.com\/avatar\/d79227a2a7b6cc42e8d7a8f7c284cd3a?s=96&d=mm&r=g","contentUrl":"https:\/\/secure.gravatar.com\/avatar\/d79227a2a7b6cc42e8d7a8f7c284cd3a?s=96&d=mm&r=g","caption":"Reda\u00e7\u00e3o Cacau News"},"sameAs":["https:\/\/cacaunews.com"],"url":"https:\/\/cacaunews.com\/?author=1"}]}},"jetpack_sharing_enabled":true,"jetpack_featured_media_url":"https:\/\/cacaunews.com\/wp-content\/uploads\/2023\/11\/image_editor_output_image-1585639673-1701351401482.jpg","_links":{"self":[{"href":"https:\/\/cacaunews.com\/index.php?rest_route=\/wp\/v2\/posts\/3677"}],"collection":[{"href":"https:\/\/cacaunews.com\/index.php?rest_route=\/wp\/v2\/posts"}],"about":[{"href":"https:\/\/cacaunews.com\/index.php?rest_route=\/wp\/v2\/types\/post"}],"author":[{"embeddable":true,"href":"https:\/\/cacaunews.com\/index.php?rest_route=\/wp\/v2\/users\/1"}],"replies":[{"embeddable":true,"href":"https:\/\/cacaunews.com\/index.php?rest_route=%2Fwp%2Fv2%2Fcomments&post=3677"}],"version-history":[{"count":0,"href":"https:\/\/cacaunews.com\/index.php?rest_route=\/wp\/v2\/posts\/3677\/revisions"}],"wp:featuredmedia":[{"embeddable":true,"href":"https:\/\/cacaunews.com\/index.php?rest_route=\/wp\/v2\/media\/3676"}],"wp:attachment":[{"href":"https:\/\/cacaunews.com\/index.php?rest_route=%2Fwp%2Fv2%2Fmedia&parent=3677"}],"wp:term":[{"taxonomy":"category","embeddable":true,"href":"https:\/\/cacaunews.com\/index.php?rest_route=%2Fwp%2Fv2%2Fcategories&post=3677"},{"taxonomy":"post_tag","embeddable":true,"href":"https:\/\/cacaunews.com\/index.php?rest_route=%2Fwp%2Fv2%2Ftags&post=3677"}],"curies":[{"name":"wp","href":"https:\/\/api.w.org\/{rel}","templated":true}]}}