{"id":3684,"date":"2023-12-01T11:30:28","date_gmt":"2023-12-01T11:30:28","guid":{"rendered":"https:\/\/cacaunews.com\/?p=3684"},"modified":"2023-12-01T11:30:28","modified_gmt":"2023-12-01T11:30:28","slug":"sebrae-realiza-evento-de-encerramento-do-comercio-digital-em-ilheus-e-itabuna","status":"publish","type":"post","link":"https:\/\/cacaunews.com\/?p=3684","title":{"rendered":"Sebrae realiza evento de encerramento do Com\u00e9rcio Digital em Ilh\u00e9us e Itabuna."},"content":{"rendered":"\n<p>Nos dias 27 e 28 de novembro, o Centro de Conven\u00e7\u00f5es de Ilh\u00e9us e a Terceira Via Hall em Itabuna, respectivamente, foram palcos do evento de encerramento do ciclo 2023 do Programa Com\u00e9rcio Digital, promovido pelo Sebrae. Com o tema \u201cTime de Campe\u00f5es\u201d, os dois atos contaram com a presen\u00e7a de aproximadamente 1.200 pessoas, que puderam desfrutar n\u00e3o apenas de conhecimento e capacita\u00e7\u00e3o, mas tamb\u00e9m de momentos de entretenimento proporcionados pela Banda Reverb e pelas palestras de Caio Camargo e Jr Smarzaro.<\/p>\n\n\n\n<figure class=\"wp-block-image size-large\"><img fetchpriority=\"high\" decoding=\"async\" width=\"1024\" height=\"684\" src=\"https:\/\/cacaunews.com\/wp-content\/uploads\/2023\/12\/IMG-20231201-WA0000-1024x684.jpg\" alt=\"\" class=\"wp-image-3683\" srcset=\"https:\/\/cacaunews.com\/wp-content\/uploads\/2023\/12\/IMG-20231201-WA0000-1024x684.jpg 1024w, https:\/\/cacaunews.com\/wp-content\/uploads\/2023\/12\/IMG-20231201-WA0000-300x200.jpg 300w, https:\/\/cacaunews.com\/wp-content\/uploads\/2023\/12\/IMG-20231201-WA0000-768x513.jpg 768w, https:\/\/cacaunews.com\/wp-content\/uploads\/2023\/12\/IMG-20231201-WA0000-1536x1026.jpg 1536w, https:\/\/cacaunews.com\/wp-content\/uploads\/2023\/12\/IMG-20231201-WA0000.jpg 1600w\" sizes=\"(max-width: 1024px) 100vw, 1024px\" \/><figcaption class=\"wp-element-caption\">Foto: Branca Magalh\u00e3es.<\/figcaption><\/figure>\n\n\n\n<p><br><br>A atmosfera do evento foi embalada pela energia contagiante da Banda Reverb, que proporcionou momentos de descontra\u00e7\u00e3o e integra\u00e7\u00e3o entre os participantes. Em sua fala, o vocalista da banda Allan Dias Castro, destacou a import\u00e2ncia de eventos como o Com\u00e9rcio Digital para fortalecer o empreendedorismo local: \u201cA m\u00fasica tem o poder de unir as pessoas, assim como iniciativas como o Com\u00e9rcio Digital t\u00eam o poder de unir e contribuir os neg\u00f3cios locais. Estamos felizes em fazer parte desse momento\u201d, pontuou.<br><br>Os participantes foram brindados com palestras enriquecedoras de Caio Camargo e Jr Smarzaro, que compartilharam insights valiosos sobre inova\u00e7\u00e3o, estrat\u00e9gias de vendas e os desafios do mundo digital. Caio Camargo ressaltou a import\u00e2ncia de se adaptar \u00e0s mudan\u00e7as do mercado: \u201cO Com\u00e9rcio Digital n\u00e3o \u00e9 apenas uma op\u00e7\u00e3o, \u00e9 uma necessidade para quem busca o sucesso nos dias de hoje. \u00c9 preciso estar atento \u00e0s tend\u00eancias e inovar constantemente\u201d, disse.<br><br>J\u00fanior Smarzaro complementou, enfatizando a relev\u00e2ncia do trabalho em equipe: \u201cO tema \u2018Time de Campe\u00f5es\u2019 n\u00e3o \u00e9 por acaso. O sucesso no com\u00e9rcio digital requer um tempo comprometido e alinhado com os objetivos da empresa. Cada integrante \u00e9 pe\u00e7a fundamental nesse jogo\u201d, afirmou.<\/p>\n\n\n\n<figure class=\"wp-block-image size-large\"><img decoding=\"async\" width=\"1024\" height=\"976\" src=\"https:\/\/cacaunews.com\/wp-content\/uploads\/2023\/12\/image_editor_output_image2070665261-1701400545043-1024x976.jpg\" alt=\"\" class=\"wp-image-3681\" srcset=\"https:\/\/cacaunews.com\/wp-content\/uploads\/2023\/12\/image_editor_output_image2070665261-1701400545043-1024x976.jpg 1024w, https:\/\/cacaunews.com\/wp-content\/uploads\/2023\/12\/image_editor_output_image2070665261-1701400545043-300x286.jpg 300w, https:\/\/cacaunews.com\/wp-content\/uploads\/2023\/12\/image_editor_output_image2070665261-1701400545043-768x732.jpg 768w, https:\/\/cacaunews.com\/wp-content\/uploads\/2023\/12\/image_editor_output_image2070665261-1701400545043.jpg 1068w\" sizes=\"(max-width: 1024px) 100vw, 1024px\" \/><figcaption class=\"wp-element-caption\">Foto: Branca Magalh\u00e3es.<\/figcaption><\/figure>\n\n\n\n<p><br><br>A gerente regional do Sebrae em Ilh\u00e9us, Claudiana Figueiredo, parabenizou os participantes do Renova Varejo, destacando o envolvimento dos empreendedores que buscam constantemente capacita\u00e7\u00e3o e orienta\u00e7\u00e3o para melhorar a gest\u00e3o de suas empresas. \u201cO Renova Varejo \u00e9 um programa que tem transformado realidades, e cada participante \u00e9 um agente de mudan\u00e7a em nossa comunidade empresarial\u201d, destacou.<br><br>Carla Mendon\u00e7a, da empresa Abaraje da M\u00f4nica, em Ilh\u00e9us, expressou sua satisfa\u00e7\u00e3o em participar do evento. \u201cO Com\u00e9rcio Digital tem sido uma verdadeira revolu\u00e7\u00e3o para os donos de pequenos neg\u00f3cios. A troca de experi\u00eancias aqui \u00e9 fundamental para fortalecer nossos neg\u00f3cios e enfrentar os desafios do mercado digital,\u201d celebrou.<br>Paulo S\u00e9rgio, presidente da Associa\u00e7\u00e3o Comercial de Ilh\u00e9us, ressaltou a import\u00e2ncia da uni\u00e3o entre entidades e empres\u00e1rios para transfer\u00eancia o com\u00e9rcio local. \u201cEventos como esse refor\u00e7am a ideia de que juntos somos mais fortes. Precisamos continuar investindo em capacita\u00e7\u00e3o e inova\u00e7\u00e3o para manter nossos neg\u00f3cios competitivos\u201d.<br><br>Gildete Curvelo, da CEPI de Itabuna, disse que \u201co Com\u00e9rcio Digital tem sido importante para o setor empresarial de Itabuna. E eventos como estes refor\u00e7am o potencial transformador do digital. A troca de experi\u00eancias aqui \u00e9 fundamental para investir nossos neg\u00f3cios e fortalecer a economia local.\u201d<br><br>Para Caetano Silva, da empresa Casa dos Cal\u00e7ados \u201co Com\u00e9rcio Digital \u00e9 um caminho sem volta para o varejo. Eventos como este nos fornecem insights importantes para aprimorar nossa presen\u00e7a online e oferecer aos nossos clientes uma experi\u00eancia ainda mais completa. Estamos animados com as possibilidades\u201d, concluiu.<\/p>\n\n\n\n<p><br><br>A gerente de projetos do Sebrae em Ilh\u00e9us, Karla Peixoto, comemorou os resultados positivos obtidos durante o ciclo 2023 do Programa Com\u00e9rcio Digital. \u201cVemos empresas transformadas, empreendedores mais preparados para os desafios do mundo digital. O Com\u00e9rcio Digital n\u00e3o \u00e9 apenas um programa, \u00e9 uma jornada de evolu\u00e7\u00e3o e crescimento para nossos empres\u00e1rios locais,\u201d salientou.<\/p>\n","protected":false},"excerpt":{"rendered":"<p>Nos dias 27 e 28 de novembro, o Centro de Conven\u00e7\u00f5es de Ilh\u00e9us e a&#8230;<\/p>\n","protected":false},"author":1,"featured_media":3682,"comment_status":"open","ping_status":"open","sticky":false,"template":"","format":"standard","meta":{"footnotes":""},"categories":[18,4,11],"tags":[22,1440,1019,45],"yoast_head":"<!-- This site is optimized with the Yoast SEO plugin v21.7 - https:\/\/yoast.com\/wordpress\/plugins\/seo\/ -->\n<title>Sebrae realiza evento de encerramento do Com\u00e9rcio Digital em Ilh\u00e9us e Itabuna. - Cacau News<\/title>\n<meta name=\"robots\" content=\"index, follow, max-snippet:-1, max-image-preview:large, max-video-preview:-1\" \/>\n<link rel=\"canonical\" href=\"https:\/\/cacaunews.com\/?p=3684\" \/>\n<meta property=\"og:locale\" content=\"pt_BR\" \/>\n<meta property=\"og:type\" content=\"article\" \/>\n<meta property=\"og:title\" content=\"Sebrae realiza evento de encerramento do Com\u00e9rcio Digital em Ilh\u00e9us e Itabuna. - Cacau News\" \/>\n<meta property=\"og:description\" content=\"Nos dias 27 e 28 de novembro, o Centro de Conven\u00e7\u00f5es de Ilh\u00e9us e a...\" \/>\n<meta property=\"og:url\" content=\"https:\/\/cacaunews.com\/?p=3684\" \/>\n<meta property=\"og:site_name\" content=\"Cacau News\" \/>\n<meta property=\"article:published_time\" content=\"2023-12-01T11:30:28+00:00\" \/>\n<meta property=\"og:image\" content=\"https:\/\/cacaunews.com\/wp-content\/uploads\/2023\/12\/IMG-20231201-WA0001.jpg\" \/>\n\t<meta property=\"og:image:width\" content=\"1600\" \/>\n\t<meta property=\"og:image:height\" content=\"1069\" \/>\n\t<meta property=\"og:image:type\" content=\"image\/jpeg\" \/>\n<meta name=\"author\" content=\"Reda\u00e7\u00e3o Cacau News\" \/>\n<meta name=\"twitter:card\" content=\"summary_large_image\" \/>\n<meta name=\"twitter:label1\" content=\"Escrito por\" \/>\n\t<meta name=\"twitter:data1\" content=\"Reda\u00e7\u00e3o Cacau News\" \/>\n\t<meta name=\"twitter:label2\" content=\"Est. tempo de leitura\" \/>\n\t<meta name=\"twitter:data2\" content=\"3 minutos\" \/>\n<script type=\"application\/ld+json\" class=\"yoast-schema-graph\">{\"@context\":\"https:\/\/schema.org\",\"@graph\":[{\"@type\":\"Article\",\"@id\":\"https:\/\/cacaunews.com\/?p=3684#article\",\"isPartOf\":{\"@id\":\"https:\/\/cacaunews.com\/?p=3684\"},\"author\":{\"name\":\"Reda\u00e7\u00e3o Cacau News\",\"@id\":\"https:\/\/cacaunews.com\/#\/schema\/person\/ea69703103e606ad347ccd64bd72ef79\"},\"headline\":\"Sebrae realiza evento de encerramento do Com\u00e9rcio Digital em Ilh\u00e9us e Itabuna.\",\"datePublished\":\"2023-12-01T11:30:28+00:00\",\"dateModified\":\"2023-12-01T11:30:28+00:00\",\"mainEntityOfPage\":{\"@id\":\"https:\/\/cacaunews.com\/?p=3684\"},\"wordCount\":649,\"commentCount\":0,\"publisher\":{\"@id\":\"https:\/\/cacaunews.com\/#organization\"},\"keywords\":[\"capacita\u00e7\u00e3o\",\"digital\",\"ilh\u00e9us Itabuna\",\"sebrae\"],\"articleSection\":[\"cidades\",\"Internet\",\"Jornalismo\"],\"inLanguage\":\"pt-BR\",\"potentialAction\":[{\"@type\":\"CommentAction\",\"name\":\"Comment\",\"target\":[\"https:\/\/cacaunews.com\/?p=3684#respond\"]}]},{\"@type\":\"WebPage\",\"@id\":\"https:\/\/cacaunews.com\/?p=3684\",\"url\":\"https:\/\/cacaunews.com\/?p=3684\",\"name\":\"Sebrae realiza evento de encerramento do Com\u00e9rcio Digital em Ilh\u00e9us e Itabuna. - Cacau News\",\"isPartOf\":{\"@id\":\"https:\/\/cacaunews.com\/#website\"},\"datePublished\":\"2023-12-01T11:30:28+00:00\",\"dateModified\":\"2023-12-01T11:30:28+00:00\",\"breadcrumb\":{\"@id\":\"https:\/\/cacaunews.com\/?p=3684#breadcrumb\"},\"inLanguage\":\"pt-BR\",\"potentialAction\":[{\"@type\":\"ReadAction\",\"target\":[\"https:\/\/cacaunews.com\/?p=3684\"]}]},{\"@type\":\"BreadcrumbList\",\"@id\":\"https:\/\/cacaunews.com\/?p=3684#breadcrumb\",\"itemListElement\":[{\"@type\":\"ListItem\",\"position\":1,\"name\":\"In\u00edcio\",\"item\":\"https:\/\/cacaunews.com\/\"},{\"@type\":\"ListItem\",\"position\":2,\"name\":\"Sebrae realiza evento de encerramento do Com\u00e9rcio Digital em Ilh\u00e9us e Itabuna.\"}]},{\"@type\":\"WebSite\",\"@id\":\"https:\/\/cacaunews.com\/#website\",\"url\":\"https:\/\/cacaunews.com\/\",\"name\":\"Cacau News\",\"description\":\"A Informa\u00e7\u00e3o que voc\u00ea precisa!\",\"publisher\":{\"@id\":\"https:\/\/cacaunews.com\/#organization\"},\"potentialAction\":[{\"@type\":\"SearchAction\",\"target\":{\"@type\":\"EntryPoint\",\"urlTemplate\":\"https:\/\/cacaunews.com\/?s={search_term_string}\"},\"query-input\":\"required name=search_term_string\"}],\"inLanguage\":\"pt-BR\"},{\"@type\":\"Organization\",\"@id\":\"https:\/\/cacaunews.com\/#organization\",\"name\":\"Cacau News\",\"url\":\"https:\/\/cacaunews.com\/\",\"logo\":{\"@type\":\"ImageObject\",\"inLanguage\":\"pt-BR\",\"@id\":\"https:\/\/cacaunews.com\/#\/schema\/logo\/image\/\",\"url\":\"https:\/\/cacaunews.com\/wp-content\/uploads\/2025\/01\/cropped-LOGO-NOVA.png\",\"contentUrl\":\"https:\/\/cacaunews.com\/wp-content\/uploads\/2025\/01\/cropped-LOGO-NOVA.png\",\"width\":813,\"height\":813,\"caption\":\"Cacau News\"},\"image\":{\"@id\":\"https:\/\/cacaunews.com\/#\/schema\/logo\/image\/\"},\"sameAs\":[\"https:\/\/www.instagram.com\/cacaunews.online\/\",\"https:\/\/youtube.com\/@cacaunews?si=0VXLnjl08SrWbVG9\"]},{\"@type\":\"Person\",\"@id\":\"https:\/\/cacaunews.com\/#\/schema\/person\/ea69703103e606ad347ccd64bd72ef79\",\"name\":\"Reda\u00e7\u00e3o Cacau News\",\"image\":{\"@type\":\"ImageObject\",\"inLanguage\":\"pt-BR\",\"@id\":\"https:\/\/cacaunews.com\/#\/schema\/person\/image\/\",\"url\":\"https:\/\/secure.gravatar.com\/avatar\/d79227a2a7b6cc42e8d7a8f7c284cd3a?s=96&d=mm&r=g\",\"contentUrl\":\"https:\/\/secure.gravatar.com\/avatar\/d79227a2a7b6cc42e8d7a8f7c284cd3a?s=96&d=mm&r=g\",\"caption\":\"Reda\u00e7\u00e3o Cacau News\"},\"sameAs\":[\"https:\/\/cacaunews.com\"],\"url\":\"https:\/\/cacaunews.com\/?author=1\"}]}<\/script>\n<!-- \/ Yoast SEO plugin. -->","yoast_head_json":{"title":"Sebrae realiza evento de encerramento do Com\u00e9rcio Digital em Ilh\u00e9us e Itabuna. - Cacau News","robots":{"index":"index","follow":"follow","max-snippet":"max-snippet:-1","max-image-preview":"max-image-preview:large","max-video-preview":"max-video-preview:-1"},"canonical":"https:\/\/cacaunews.com\/?p=3684","og_locale":"pt_BR","og_type":"article","og_title":"Sebrae realiza evento de encerramento do Com\u00e9rcio Digital em Ilh\u00e9us e Itabuna. - Cacau News","og_description":"Nos dias 27 e 28 de novembro, o Centro de Conven\u00e7\u00f5es de Ilh\u00e9us e a...","og_url":"https:\/\/cacaunews.com\/?p=3684","og_site_name":"Cacau News","article_published_time":"2023-12-01T11:30:28+00:00","og_image":[{"width":1600,"height":1069,"url":"https:\/\/cacaunews.com\/wp-content\/uploads\/2023\/12\/IMG-20231201-WA0001.jpg","type":"image\/jpeg"}],"author":"Reda\u00e7\u00e3o Cacau News","twitter_card":"summary_large_image","twitter_misc":{"Escrito por":"Reda\u00e7\u00e3o Cacau News","Est. tempo de leitura":"3 minutos"},"schema":{"@context":"https:\/\/schema.org","@graph":[{"@type":"Article","@id":"https:\/\/cacaunews.com\/?p=3684#article","isPartOf":{"@id":"https:\/\/cacaunews.com\/?p=3684"},"author":{"name":"Reda\u00e7\u00e3o Cacau News","@id":"https:\/\/cacaunews.com\/#\/schema\/person\/ea69703103e606ad347ccd64bd72ef79"},"headline":"Sebrae realiza evento de encerramento do Com\u00e9rcio Digital em Ilh\u00e9us e Itabuna.","datePublished":"2023-12-01T11:30:28+00:00","dateModified":"2023-12-01T11:30:28+00:00","mainEntityOfPage":{"@id":"https:\/\/cacaunews.com\/?p=3684"},"wordCount":649,"commentCount":0,"publisher":{"@id":"https:\/\/cacaunews.com\/#organization"},"keywords":["capacita\u00e7\u00e3o","digital","ilh\u00e9us Itabuna","sebrae"],"articleSection":["cidades","Internet","Jornalismo"],"inLanguage":"pt-BR","potentialAction":[{"@type":"CommentAction","name":"Comment","target":["https:\/\/cacaunews.com\/?p=3684#respond"]}]},{"@type":"WebPage","@id":"https:\/\/cacaunews.com\/?p=3684","url":"https:\/\/cacaunews.com\/?p=3684","name":"Sebrae realiza evento de encerramento do Com\u00e9rcio Digital em Ilh\u00e9us e Itabuna. - Cacau News","isPartOf":{"@id":"https:\/\/cacaunews.com\/#website"},"datePublished":"2023-12-01T11:30:28+00:00","dateModified":"2023-12-01T11:30:28+00:00","breadcrumb":{"@id":"https:\/\/cacaunews.com\/?p=3684#breadcrumb"},"inLanguage":"pt-BR","potentialAction":[{"@type":"ReadAction","target":["https:\/\/cacaunews.com\/?p=3684"]}]},{"@type":"BreadcrumbList","@id":"https:\/\/cacaunews.com\/?p=3684#breadcrumb","itemListElement":[{"@type":"ListItem","position":1,"name":"In\u00edcio","item":"https:\/\/cacaunews.com\/"},{"@type":"ListItem","position":2,"name":"Sebrae realiza evento de encerramento do Com\u00e9rcio Digital em Ilh\u00e9us e Itabuna."}]},{"@type":"WebSite","@id":"https:\/\/cacaunews.com\/#website","url":"https:\/\/cacaunews.com\/","name":"Cacau News","description":"A Informa\u00e7\u00e3o que voc\u00ea precisa!","publisher":{"@id":"https:\/\/cacaunews.com\/#organization"},"potentialAction":[{"@type":"SearchAction","target":{"@type":"EntryPoint","urlTemplate":"https:\/\/cacaunews.com\/?s={search_term_string}"},"query-input":"required name=search_term_string"}],"inLanguage":"pt-BR"},{"@type":"Organization","@id":"https:\/\/cacaunews.com\/#organization","name":"Cacau News","url":"https:\/\/cacaunews.com\/","logo":{"@type":"ImageObject","inLanguage":"pt-BR","@id":"https:\/\/cacaunews.com\/#\/schema\/logo\/image\/","url":"https:\/\/cacaunews.com\/wp-content\/uploads\/2025\/01\/cropped-LOGO-NOVA.png","contentUrl":"https:\/\/cacaunews.com\/wp-content\/uploads\/2025\/01\/cropped-LOGO-NOVA.png","width":813,"height":813,"caption":"Cacau News"},"image":{"@id":"https:\/\/cacaunews.com\/#\/schema\/logo\/image\/"},"sameAs":["https:\/\/www.instagram.com\/cacaunews.online\/","https:\/\/youtube.com\/@cacaunews?si=0VXLnjl08SrWbVG9"]},{"@type":"Person","@id":"https:\/\/cacaunews.com\/#\/schema\/person\/ea69703103e606ad347ccd64bd72ef79","name":"Reda\u00e7\u00e3o Cacau News","image":{"@type":"ImageObject","inLanguage":"pt-BR","@id":"https:\/\/cacaunews.com\/#\/schema\/person\/image\/","url":"https:\/\/secure.gravatar.com\/avatar\/d79227a2a7b6cc42e8d7a8f7c284cd3a?s=96&d=mm&r=g","contentUrl":"https:\/\/secure.gravatar.com\/avatar\/d79227a2a7b6cc42e8d7a8f7c284cd3a?s=96&d=mm&r=g","caption":"Reda\u00e7\u00e3o Cacau News"},"sameAs":["https:\/\/cacaunews.com"],"url":"https:\/\/cacaunews.com\/?author=1"}]}},"jetpack_sharing_enabled":true,"jetpack_featured_media_url":"https:\/\/cacaunews.com\/wp-content\/uploads\/2023\/12\/IMG-20231201-WA0001.jpg","_links":{"self":[{"href":"https:\/\/cacaunews.com\/index.php?rest_route=\/wp\/v2\/posts\/3684"}],"collection":[{"href":"https:\/\/cacaunews.com\/index.php?rest_route=\/wp\/v2\/posts"}],"about":[{"href":"https:\/\/cacaunews.com\/index.php?rest_route=\/wp\/v2\/types\/post"}],"author":[{"embeddable":true,"href":"https:\/\/cacaunews.com\/index.php?rest_route=\/wp\/v2\/users\/1"}],"replies":[{"embeddable":true,"href":"https:\/\/cacaunews.com\/index.php?rest_route=%2Fwp%2Fv2%2Fcomments&post=3684"}],"version-history":[{"count":0,"href":"https:\/\/cacaunews.com\/index.php?rest_route=\/wp\/v2\/posts\/3684\/revisions"}],"wp:featuredmedia":[{"embeddable":true,"href":"https:\/\/cacaunews.com\/index.php?rest_route=\/wp\/v2\/media\/3682"}],"wp:attachment":[{"href":"https:\/\/cacaunews.com\/index.php?rest_route=%2Fwp%2Fv2%2Fmedia&parent=3684"}],"wp:term":[{"taxonomy":"category","embeddable":true,"href":"https:\/\/cacaunews.com\/index.php?rest_route=%2Fwp%2Fv2%2Fcategories&post=3684"},{"taxonomy":"post_tag","embeddable":true,"href":"https:\/\/cacaunews.com\/index.php?rest_route=%2Fwp%2Fv2%2Ftags&post=3684"}],"curies":[{"name":"wp","href":"https:\/\/api.w.org\/{rel}","templated":true}]}}