{"id":3692,"date":"2023-12-01T17:45:05","date_gmt":"2023-12-01T17:45:05","guid":{"rendered":"https:\/\/cacaunews.com\/?p=3692"},"modified":"2023-12-01T19:30:13","modified_gmt":"2023-12-01T19:30:13","slug":"deputada-soane-galvao-fala-da-sua-trajetoria-na-politica-e-sai-em-defesa-ao-colega-fabricio-pancadinha","status":"publish","type":"post","link":"https:\/\/cacaunews.com\/?p=3692","title":{"rendered":"No ElasPod, Deputada Soane Galv\u00e3o fala da sua trajet\u00f3ria na pol\u00edtica e sai em defesa do colega Fabr\u00edcio Pancadinha."},"content":{"rendered":"\n<p>Na \u00faltima quinta-feira esteve presente em Itabuna a Deputada Estadual Soane Galv\u00e3o &#8211; PSB para ser entrevistada no PodCast ElasPod no Studio Hub 73, o programa que \u00e9 comandado por Charliane Sousa e Larissa Ara\u00fajo foi transmitido ao vivo atrav\u00e9s da plataforma digital no YouTube e contou com a participa\u00e7\u00e3o na roda de conversa de Tia Nem e tamb\u00e9m ainda o pronunciamento exclusivo do Deputado Fabr\u00edcio Pancadinha \u00e0 respeito da pol\u00eamica gerada pela atual gest\u00e3o em rela\u00e7\u00e3o a emenda parlamentar destinada para \u00e1rea da infraestrutura.<\/p>\n\n\n\n<figure class=\"wp-block-image size-large\"><img fetchpriority=\"high\" decoding=\"async\" width=\"1024\" height=\"868\" src=\"https:\/\/cacaunews.com\/wp-content\/uploads\/2023\/12\/IMG_20231201_144819-1024x868.jpg\" alt=\"\" class=\"wp-image-3695\" srcset=\"https:\/\/cacaunews.com\/wp-content\/uploads\/2023\/12\/IMG_20231201_144819-1024x868.jpg 1024w, https:\/\/cacaunews.com\/wp-content\/uploads\/2023\/12\/IMG_20231201_144819-300x254.jpg 300w, https:\/\/cacaunews.com\/wp-content\/uploads\/2023\/12\/IMG_20231201_144819-768x651.jpg 768w, https:\/\/cacaunews.com\/wp-content\/uploads\/2023\/12\/IMG_20231201_144819.jpg 1080w\" sizes=\"(max-width: 1024px) 100vw, 1024px\" \/><figcaption class=\"wp-element-caption\">Foto: Reprodu\u00e7\u00e3o\/Redes Sociais.<\/figcaption><\/figure>\n\n\n\n<p>Na oportunidade, Soane falou sobre sua vida pregressa \u00e0 pol\u00edtica, assim bem como seus feitos ap\u00f3s ingressar na gest\u00e3o p\u00fablica, principalmente em a\u00e7\u00f5es sociais, a deputada que tamb\u00e9m \u00e9 presidente da comiss\u00e3o dos direitos da mulher na assembleia legislativa da bahia destacou a import\u00e2ncia dessa representatividade feminina nesse contexto. A roda de conversa\u00e7\u00e3o abordou diversas pautas pol\u00edticas e isso contribuiu para que Soane compartilhasse suas experi\u00eancias e expectativas com muita propriedade de causa.<\/p>\n\n\n\n<p>Sobre o espa\u00e7o de fala aberto ao Deputado Pancadinha para esclarecimentos, Soane foi firme e enf\u00e1tica ao defender o posicionamento do mesmo, ressaltou a import\u00e2ncia de Pancadinha no legislativo e sua iniciativa em tentar unir for\u00e7as para o desenvolvimento da Cidade, reprovando toda e qualquer pr\u00e1tica de politicagem que venha prejudicar a popula\u00e7\u00e3o nesse sentido.<\/p>\n\n\n\n<p><\/p>\n","protected":false},"excerpt":{"rendered":"<p>Na \u00faltima quinta-feira esteve presente em Itabuna a Deputada Estadual Soane Galv\u00e3o &#8211; PSB para&#8230;<\/p>\n","protected":false},"author":2,"featured_media":3694,"comment_status":"open","ping_status":"open","sticky":false,"template":"","format":"standard","meta":{"footnotes":""},"categories":[18,11,5],"tags":[39,1445,1444,26,1036],"yoast_head":"<!-- This site is optimized with the Yoast SEO plugin v21.7 - https:\/\/yoast.com\/wordpress\/plugins\/seo\/ -->\n<title>No ElasPod, Deputada Soane Galv\u00e3o fala da sua trajet\u00f3ria na pol\u00edtica e sai em defesa do colega Fabr\u00edcio Pancadinha. - Cacau News<\/title>\n<meta name=\"robots\" content=\"index, follow, max-snippet:-1, max-image-preview:large, max-video-preview:-1\" \/>\n<link rel=\"canonical\" href=\"https:\/\/cacaunews.com\/?p=3692\" \/>\n<meta property=\"og:locale\" content=\"pt_BR\" \/>\n<meta property=\"og:type\" content=\"article\" \/>\n<meta property=\"og:title\" content=\"No ElasPod, Deputada Soane Galv\u00e3o fala da sua trajet\u00f3ria na pol\u00edtica e sai em defesa do colega Fabr\u00edcio Pancadinha. - Cacau News\" \/>\n<meta property=\"og:description\" content=\"Na \u00faltima quinta-feira esteve presente em Itabuna a Deputada Estadual Soane Galv\u00e3o &#8211; PSB para...\" \/>\n<meta property=\"og:url\" content=\"https:\/\/cacaunews.com\/?p=3692\" \/>\n<meta property=\"og:site_name\" content=\"Cacau News\" \/>\n<meta property=\"article:published_time\" content=\"2023-12-01T17:45:05+00:00\" \/>\n<meta property=\"article:modified_time\" content=\"2023-12-01T19:30:13+00:00\" \/>\n<meta property=\"og:image\" content=\"https:\/\/cacaunews.com\/wp-content\/uploads\/2023\/12\/image_editor_output_image529333093-1701452817938.jpg\" \/>\n\t<meta property=\"og:image:width\" content=\"1080\" \/>\n\t<meta property=\"og:image:height\" content=\"707\" \/>\n\t<meta property=\"og:image:type\" content=\"image\/jpeg\" \/>\n<meta name=\"author\" content=\"Larissa Ara\u00fajo\" \/>\n<meta name=\"twitter:card\" content=\"summary_large_image\" \/>\n<meta name=\"twitter:label1\" content=\"Escrito por\" \/>\n\t<meta name=\"twitter:data1\" content=\"Larissa Ara\u00fajo\" \/>\n\t<meta name=\"twitter:label2\" content=\"Est. tempo de leitura\" \/>\n\t<meta name=\"twitter:data2\" content=\"1 minuto\" \/>\n<script type=\"application\/ld+json\" class=\"yoast-schema-graph\">{\"@context\":\"https:\/\/schema.org\",\"@graph\":[{\"@type\":\"Article\",\"@id\":\"https:\/\/cacaunews.com\/?p=3692#article\",\"isPartOf\":{\"@id\":\"https:\/\/cacaunews.com\/?p=3692\"},\"author\":{\"name\":\"Larissa Ara\u00fajo\",\"@id\":\"https:\/\/cacaunews.com\/#\/schema\/person\/01842fb65f1988a32292b9001bcc8da1\"},\"headline\":\"No ElasPod, Deputada Soane Galv\u00e3o fala da sua trajet\u00f3ria na pol\u00edtica e sai em defesa do colega Fabr\u00edcio Pancadinha.\",\"datePublished\":\"2023-12-01T17:45:05+00:00\",\"dateModified\":\"2023-12-01T19:30:13+00:00\",\"mainEntityOfPage\":{\"@id\":\"https:\/\/cacaunews.com\/?p=3692\"},\"wordCount\":262,\"commentCount\":0,\"publisher\":{\"@id\":\"https:\/\/cacaunews.com\/#organization\"},\"keywords\":[\"bahia\",\"Deputada\",\"Mulher\",\"politica\",\"Soane Galv\u00e3o\"],\"articleSection\":[\"cidades\",\"Jornalismo\",\"Politica\"],\"inLanguage\":\"pt-BR\",\"potentialAction\":[{\"@type\":\"CommentAction\",\"name\":\"Comment\",\"target\":[\"https:\/\/cacaunews.com\/?p=3692#respond\"]}]},{\"@type\":\"WebPage\",\"@id\":\"https:\/\/cacaunews.com\/?p=3692\",\"url\":\"https:\/\/cacaunews.com\/?p=3692\",\"name\":\"No ElasPod, Deputada Soane Galv\u00e3o fala da sua trajet\u00f3ria na pol\u00edtica e sai em defesa do colega Fabr\u00edcio Pancadinha. - Cacau News\",\"isPartOf\":{\"@id\":\"https:\/\/cacaunews.com\/#website\"},\"datePublished\":\"2023-12-01T17:45:05+00:00\",\"dateModified\":\"2023-12-01T19:30:13+00:00\",\"breadcrumb\":{\"@id\":\"https:\/\/cacaunews.com\/?p=3692#breadcrumb\"},\"inLanguage\":\"pt-BR\",\"potentialAction\":[{\"@type\":\"ReadAction\",\"target\":[\"https:\/\/cacaunews.com\/?p=3692\"]}]},{\"@type\":\"BreadcrumbList\",\"@id\":\"https:\/\/cacaunews.com\/?p=3692#breadcrumb\",\"itemListElement\":[{\"@type\":\"ListItem\",\"position\":1,\"name\":\"In\u00edcio\",\"item\":\"https:\/\/cacaunews.com\/\"},{\"@type\":\"ListItem\",\"position\":2,\"name\":\"No ElasPod, Deputada Soane Galv\u00e3o fala da sua trajet\u00f3ria na pol\u00edtica e sai em defesa do colega Fabr\u00edcio Pancadinha.\"}]},{\"@type\":\"WebSite\",\"@id\":\"https:\/\/cacaunews.com\/#website\",\"url\":\"https:\/\/cacaunews.com\/\",\"name\":\"Cacau News\",\"description\":\"A Informa\u00e7\u00e3o que voc\u00ea precisa!\",\"publisher\":{\"@id\":\"https:\/\/cacaunews.com\/#organization\"},\"potentialAction\":[{\"@type\":\"SearchAction\",\"target\":{\"@type\":\"EntryPoint\",\"urlTemplate\":\"https:\/\/cacaunews.com\/?s={search_term_string}\"},\"query-input\":\"required name=search_term_string\"}],\"inLanguage\":\"pt-BR\"},{\"@type\":\"Organization\",\"@id\":\"https:\/\/cacaunews.com\/#organization\",\"name\":\"Cacau News\",\"url\":\"https:\/\/cacaunews.com\/\",\"logo\":{\"@type\":\"ImageObject\",\"inLanguage\":\"pt-BR\",\"@id\":\"https:\/\/cacaunews.com\/#\/schema\/logo\/image\/\",\"url\":\"https:\/\/cacaunews.com\/wp-content\/uploads\/2025\/01\/cropped-LOGO-NOVA.png\",\"contentUrl\":\"https:\/\/cacaunews.com\/wp-content\/uploads\/2025\/01\/cropped-LOGO-NOVA.png\",\"width\":813,\"height\":813,\"caption\":\"Cacau News\"},\"image\":{\"@id\":\"https:\/\/cacaunews.com\/#\/schema\/logo\/image\/\"},\"sameAs\":[\"https:\/\/www.instagram.com\/cacaunews.online\/\",\"https:\/\/youtube.com\/@cacaunews?si=0VXLnjl08SrWbVG9\"]},{\"@type\":\"Person\",\"@id\":\"https:\/\/cacaunews.com\/#\/schema\/person\/01842fb65f1988a32292b9001bcc8da1\",\"name\":\"Larissa Ara\u00fajo\",\"image\":{\"@type\":\"ImageObject\",\"inLanguage\":\"pt-BR\",\"@id\":\"https:\/\/cacaunews.com\/#\/schema\/person\/image\/\",\"url\":\"https:\/\/secure.gravatar.com\/avatar\/a0326d150c7b18e3d35f112fc5b57e78?s=96&d=mm&r=g\",\"contentUrl\":\"https:\/\/secure.gravatar.com\/avatar\/a0326d150c7b18e3d35f112fc5b57e78?s=96&d=mm&r=g\",\"caption\":\"Larissa Ara\u00fajo\"},\"sameAs\":[\"http:\/\/www.cacaunews.com\"],\"url\":\"https:\/\/cacaunews.com\/?author=2\"}]}<\/script>\n<!-- \/ Yoast SEO plugin. -->","yoast_head_json":{"title":"No ElasPod, Deputada Soane Galv\u00e3o fala da sua trajet\u00f3ria na pol\u00edtica e sai em defesa do colega Fabr\u00edcio Pancadinha. - Cacau News","robots":{"index":"index","follow":"follow","max-snippet":"max-snippet:-1","max-image-preview":"max-image-preview:large","max-video-preview":"max-video-preview:-1"},"canonical":"https:\/\/cacaunews.com\/?p=3692","og_locale":"pt_BR","og_type":"article","og_title":"No ElasPod, Deputada Soane Galv\u00e3o fala da sua trajet\u00f3ria na pol\u00edtica e sai em defesa do colega Fabr\u00edcio Pancadinha. - Cacau News","og_description":"Na \u00faltima quinta-feira esteve presente em Itabuna a Deputada Estadual Soane Galv\u00e3o &#8211; PSB para...","og_url":"https:\/\/cacaunews.com\/?p=3692","og_site_name":"Cacau News","article_published_time":"2023-12-01T17:45:05+00:00","article_modified_time":"2023-12-01T19:30:13+00:00","og_image":[{"width":1080,"height":707,"url":"https:\/\/cacaunews.com\/wp-content\/uploads\/2023\/12\/image_editor_output_image529333093-1701452817938.jpg","type":"image\/jpeg"}],"author":"Larissa Ara\u00fajo","twitter_card":"summary_large_image","twitter_misc":{"Escrito por":"Larissa Ara\u00fajo","Est. tempo de leitura":"1 minuto"},"schema":{"@context":"https:\/\/schema.org","@graph":[{"@type":"Article","@id":"https:\/\/cacaunews.com\/?p=3692#article","isPartOf":{"@id":"https:\/\/cacaunews.com\/?p=3692"},"author":{"name":"Larissa Ara\u00fajo","@id":"https:\/\/cacaunews.com\/#\/schema\/person\/01842fb65f1988a32292b9001bcc8da1"},"headline":"No ElasPod, Deputada Soane Galv\u00e3o fala da sua trajet\u00f3ria na pol\u00edtica e sai em defesa do colega Fabr\u00edcio Pancadinha.","datePublished":"2023-12-01T17:45:05+00:00","dateModified":"2023-12-01T19:30:13+00:00","mainEntityOfPage":{"@id":"https:\/\/cacaunews.com\/?p=3692"},"wordCount":262,"commentCount":0,"publisher":{"@id":"https:\/\/cacaunews.com\/#organization"},"keywords":["bahia","Deputada","Mulher","politica","Soane Galv\u00e3o"],"articleSection":["cidades","Jornalismo","Politica"],"inLanguage":"pt-BR","potentialAction":[{"@type":"CommentAction","name":"Comment","target":["https:\/\/cacaunews.com\/?p=3692#respond"]}]},{"@type":"WebPage","@id":"https:\/\/cacaunews.com\/?p=3692","url":"https:\/\/cacaunews.com\/?p=3692","name":"No ElasPod, Deputada Soane Galv\u00e3o fala da sua trajet\u00f3ria na pol\u00edtica e sai em defesa do colega Fabr\u00edcio Pancadinha. - Cacau News","isPartOf":{"@id":"https:\/\/cacaunews.com\/#website"},"datePublished":"2023-12-01T17:45:05+00:00","dateModified":"2023-12-01T19:30:13+00:00","breadcrumb":{"@id":"https:\/\/cacaunews.com\/?p=3692#breadcrumb"},"inLanguage":"pt-BR","potentialAction":[{"@type":"ReadAction","target":["https:\/\/cacaunews.com\/?p=3692"]}]},{"@type":"BreadcrumbList","@id":"https:\/\/cacaunews.com\/?p=3692#breadcrumb","itemListElement":[{"@type":"ListItem","position":1,"name":"In\u00edcio","item":"https:\/\/cacaunews.com\/"},{"@type":"ListItem","position":2,"name":"No ElasPod, Deputada Soane Galv\u00e3o fala da sua trajet\u00f3ria na pol\u00edtica e sai em defesa do colega Fabr\u00edcio Pancadinha."}]},{"@type":"WebSite","@id":"https:\/\/cacaunews.com\/#website","url":"https:\/\/cacaunews.com\/","name":"Cacau News","description":"A Informa\u00e7\u00e3o que voc\u00ea precisa!","publisher":{"@id":"https:\/\/cacaunews.com\/#organization"},"potentialAction":[{"@type":"SearchAction","target":{"@type":"EntryPoint","urlTemplate":"https:\/\/cacaunews.com\/?s={search_term_string}"},"query-input":"required name=search_term_string"}],"inLanguage":"pt-BR"},{"@type":"Organization","@id":"https:\/\/cacaunews.com\/#organization","name":"Cacau News","url":"https:\/\/cacaunews.com\/","logo":{"@type":"ImageObject","inLanguage":"pt-BR","@id":"https:\/\/cacaunews.com\/#\/schema\/logo\/image\/","url":"https:\/\/cacaunews.com\/wp-content\/uploads\/2025\/01\/cropped-LOGO-NOVA.png","contentUrl":"https:\/\/cacaunews.com\/wp-content\/uploads\/2025\/01\/cropped-LOGO-NOVA.png","width":813,"height":813,"caption":"Cacau News"},"image":{"@id":"https:\/\/cacaunews.com\/#\/schema\/logo\/image\/"},"sameAs":["https:\/\/www.instagram.com\/cacaunews.online\/","https:\/\/youtube.com\/@cacaunews?si=0VXLnjl08SrWbVG9"]},{"@type":"Person","@id":"https:\/\/cacaunews.com\/#\/schema\/person\/01842fb65f1988a32292b9001bcc8da1","name":"Larissa Ara\u00fajo","image":{"@type":"ImageObject","inLanguage":"pt-BR","@id":"https:\/\/cacaunews.com\/#\/schema\/person\/image\/","url":"https:\/\/secure.gravatar.com\/avatar\/a0326d150c7b18e3d35f112fc5b57e78?s=96&d=mm&r=g","contentUrl":"https:\/\/secure.gravatar.com\/avatar\/a0326d150c7b18e3d35f112fc5b57e78?s=96&d=mm&r=g","caption":"Larissa Ara\u00fajo"},"sameAs":["http:\/\/www.cacaunews.com"],"url":"https:\/\/cacaunews.com\/?author=2"}]}},"jetpack_sharing_enabled":true,"jetpack_featured_media_url":"https:\/\/cacaunews.com\/wp-content\/uploads\/2023\/12\/image_editor_output_image529333093-1701452817938.jpg","_links":{"self":[{"href":"https:\/\/cacaunews.com\/index.php?rest_route=\/wp\/v2\/posts\/3692"}],"collection":[{"href":"https:\/\/cacaunews.com\/index.php?rest_route=\/wp\/v2\/posts"}],"about":[{"href":"https:\/\/cacaunews.com\/index.php?rest_route=\/wp\/v2\/types\/post"}],"author":[{"embeddable":true,"href":"https:\/\/cacaunews.com\/index.php?rest_route=\/wp\/v2\/users\/2"}],"replies":[{"embeddable":true,"href":"https:\/\/cacaunews.com\/index.php?rest_route=%2Fwp%2Fv2%2Fcomments&post=3692"}],"version-history":[{"count":2,"href":"https:\/\/cacaunews.com\/index.php?rest_route=\/wp\/v2\/posts\/3692\/revisions"}],"predecessor-version":[{"id":3696,"href":"https:\/\/cacaunews.com\/index.php?rest_route=\/wp\/v2\/posts\/3692\/revisions\/3696"}],"wp:featuredmedia":[{"embeddable":true,"href":"https:\/\/cacaunews.com\/index.php?rest_route=\/wp\/v2\/media\/3694"}],"wp:attachment":[{"href":"https:\/\/cacaunews.com\/index.php?rest_route=%2Fwp%2Fv2%2Fmedia&parent=3692"}],"wp:term":[{"taxonomy":"category","embeddable":true,"href":"https:\/\/cacaunews.com\/index.php?rest_route=%2Fwp%2Fv2%2Fcategories&post=3692"},{"taxonomy":"post_tag","embeddable":true,"href":"https:\/\/cacaunews.com\/index.php?rest_route=%2Fwp%2Fv2%2Ftags&post=3692"}],"curies":[{"name":"wp","href":"https:\/\/api.w.org\/{rel}","templated":true}]}}