{"id":3706,"date":"2023-12-04T12:00:23","date_gmt":"2023-12-04T12:00:23","guid":{"rendered":"https:\/\/cacaunews.com\/?p=3706"},"modified":"2023-12-04T12:00:23","modified_gmt":"2023-12-04T12:00:23","slug":"na-cop28-governador-jeronimo-defende-criacao-de-fundo-para-financiar-preservacao-da-caatinga","status":"publish","type":"post","link":"https:\/\/cacaunews.com\/?p=3706","title":{"rendered":"Na COP28, governador Jer\u00f4nimo defende cria\u00e7\u00e3o de Fundo para financiar preserva\u00e7\u00e3o da Caatinga."},"content":{"rendered":"\n<p>Em seu \u00faltimo dia na COP28, nos Emirados \u00c1rabes, o governador Jer\u00f4nimo Rodrigues participou, neste domingo (3), de um painel que reuniu governadores do Nordeste na defesa do bioma da Caatinga. Ao lado da governadora de Pernambuco, Raquel Lyra, e do governador do Cear\u00e1, Elmano de Freitas, Jer\u00f4nimo ressaltou que a import\u00e2ncia ambiental e social da Caatinga precisa ser reconhecida e preservada. <br><br>\u201cA Caatinga precisa ocupar o seu espa\u00e7o na constru\u00e7\u00e3o das pol\u00edticas p\u00fablicas de preserva\u00e7\u00e3o no Brasil. Colocamos \u00e0 mesa do governo federal uma proposta para a cria\u00e7\u00e3o do Fundo da Caatinga, um instrumento que vai, entre outras coisas, permitir o financiamento de a\u00e7\u00f5es para prevenir desmatamento, promover revegeta\u00e7\u00e3o, educa\u00e7\u00e3o ambiental e sustentabilidade, por exemplo\u201d, explicou o governador da Bahia.<\/p>\n\n\n\n<figure class=\"wp-block-image size-large\"><img fetchpriority=\"high\" decoding=\"async\" width=\"1024\" height=\"768\" src=\"https:\/\/cacaunews.com\/wp-content\/uploads\/2023\/12\/IMG-20231203-WA0605-1024x768.jpg\" alt=\"\" class=\"wp-image-3705\" srcset=\"https:\/\/cacaunews.com\/wp-content\/uploads\/2023\/12\/IMG-20231203-WA0605-1024x768.jpg 1024w, https:\/\/cacaunews.com\/wp-content\/uploads\/2023\/12\/IMG-20231203-WA0605-300x225.jpg 300w, https:\/\/cacaunews.com\/wp-content\/uploads\/2023\/12\/IMG-20231203-WA0605-768x576.jpg 768w, https:\/\/cacaunews.com\/wp-content\/uploads\/2023\/12\/IMG-20231203-WA0605-1536x1152.jpg 1536w, https:\/\/cacaunews.com\/wp-content\/uploads\/2023\/12\/IMG-20231203-WA0605.jpg 1600w\" sizes=\"(max-width: 1024px) 100vw, 1024px\" \/><figcaption class=\"wp-element-caption\">Foto: Daniel Senna.<\/figcaption><\/figure>\n\n\n\n<p><br><br>A ideia dos governadores do Nordeste \u00e9 criar um fundo similar ao Fundo da Amaz\u00f4nia. A proposta foi entregue ao Banco Nacional de Desenvolvimento Econ\u00f4mico e Social (BNDES) e est\u00e1 em estudo. A governadora de Pernambuco destacou a import\u00e2ncia da Caatinga para o cumprimento das metas brasileiras de preserva\u00e7\u00e3o. \u201cSem d\u00favidas, o Brasil \u00e9 parte da solu\u00e7\u00e3o do problema clim\u00e1tico no mundo, e queremos que o Brasil veja a Caatinga como parte da solu\u00e7\u00e3o no Brasil\u201d, afirmou Raquel.<br><br>A Caatinga \u00e9 o \u00fanico bioma que \u00e9 totalmente brasileiro, est\u00e1 presente em todos os estados do Nordeste e no norte de Minas Gerais. Nele moram 27 milh\u00f5es de pessoas e sua \u00e1rea ocupa cerca de 10% do territ\u00f3rio do pa\u00eds. Na Bahia, a Caatinga ocupa 85% do territ\u00f3rio. O estado promove a\u00e7\u00f5es de preserva\u00e7\u00e3o do bioma e, em agosto de 2016, instituiu a Pol\u00edtica Estadual de Conviv\u00eancia com o Semi\u00e1rido, instrumento intersetorial que d\u00e1 sustenta\u00e7\u00e3o jur\u00eddica a programas governamentais e a\u00e7\u00f5es da sociedade civil.<br><br>\u201cReconhecemos a import\u00e2ncia de todos os biomas, n\u00e3o queremos competir ou inviabilzar outras a\u00e7\u00f5es, mas o Fundo da Caatinga precisa ser pensado como mais uma a\u00e7\u00e3o do Brasil em seu compromisso com a quest\u00e3o ambiental, inclusive por conta da sua import\u00e2ncia no processo de transi\u00e7\u00e3o energ\u00e9tica\u201d, resaltou Jer\u00f4nimo. <br>Atualmente, 90% da energia e\u00f3lica e a grande maioria dos parques de energia solar instalados do pa\u00eds est\u00e3o na Caatinga. Como contrapartida a essa contribui\u00e7\u00e3o, os governadores pedem que o governo federal aprove a cria\u00e7\u00e3o do fundo que vai garantir as condi\u00e7\u00f5es naturais do bioma, que passa por graves amea\u00e7as, com pontos de desertifica\u00e7\u00e3o que preocupam especialistas. <br><br>\u201cSe engana quem pensa que a caatinga \u00e9 um lugar seco e sem vida. Apesar da aridez, a vegeta\u00e7\u00e3o tem como caracter\u00edstica ra\u00edzes profundas que seguram o carbono, contribuindo para a redu\u00e7\u00e3o do aquecimento global. Precisamos de mecanismos que permitam preserv\u00e1-la\u201d, explicou o governador Jer\u00f4nimo Rodrigues.<br><br>Texto: Daniel Senna<\/p>\n","protected":false},"excerpt":{"rendered":"<p>Em seu \u00faltimo dia na COP28, nos Emirados \u00c1rabes, o governador Jer\u00f4nimo Rodrigues participou, neste&#8230;<\/p>\n","protected":false},"author":1,"featured_media":3704,"comment_status":"open","ping_status":"open","sticky":false,"template":"","format":"standard","meta":{"footnotes":""},"categories":[4,11,5],"tags":[39,1448,140,285],"yoast_head":"<!-- This site is optimized with the Yoast SEO plugin v21.7 - https:\/\/yoast.com\/wordpress\/plugins\/seo\/ -->\n<title>Na COP28, governador Jer\u00f4nimo defende cria\u00e7\u00e3o de Fundo para financiar preserva\u00e7\u00e3o da Caatinga. - Cacau News<\/title>\n<meta name=\"robots\" content=\"index, follow, max-snippet:-1, max-image-preview:large, max-video-preview:-1\" \/>\n<link rel=\"canonical\" href=\"https:\/\/cacaunews.com\/?p=3706\" \/>\n<meta property=\"og:locale\" content=\"pt_BR\" \/>\n<meta property=\"og:type\" content=\"article\" \/>\n<meta property=\"og:title\" content=\"Na COP28, governador Jer\u00f4nimo defende cria\u00e7\u00e3o de Fundo para financiar preserva\u00e7\u00e3o da Caatinga. - Cacau News\" \/>\n<meta property=\"og:description\" content=\"Em seu \u00faltimo dia na COP28, nos Emirados \u00c1rabes, o governador Jer\u00f4nimo Rodrigues participou, neste...\" \/>\n<meta property=\"og:url\" content=\"https:\/\/cacaunews.com\/?p=3706\" \/>\n<meta property=\"og:site_name\" content=\"Cacau News\" \/>\n<meta property=\"article:published_time\" content=\"2023-12-04T12:00:23+00:00\" \/>\n<meta property=\"og:image\" content=\"https:\/\/cacaunews.com\/wp-content\/uploads\/2023\/12\/IMG-20231203-WA0606.jpg\" \/>\n\t<meta property=\"og:image:width\" content=\"1309\" \/>\n\t<meta property=\"og:image:height\" content=\"907\" \/>\n\t<meta property=\"og:image:type\" content=\"image\/jpeg\" \/>\n<meta name=\"author\" content=\"Reda\u00e7\u00e3o Cacau News\" \/>\n<meta name=\"twitter:card\" content=\"summary_large_image\" \/>\n<meta name=\"twitter:label1\" content=\"Escrito por\" \/>\n\t<meta name=\"twitter:data1\" content=\"Reda\u00e7\u00e3o Cacau News\" \/>\n\t<meta name=\"twitter:label2\" content=\"Est. tempo de leitura\" \/>\n\t<meta name=\"twitter:data2\" content=\"2 minutos\" \/>\n<script type=\"application\/ld+json\" class=\"yoast-schema-graph\">{\"@context\":\"https:\/\/schema.org\",\"@graph\":[{\"@type\":\"Article\",\"@id\":\"https:\/\/cacaunews.com\/?p=3706#article\",\"isPartOf\":{\"@id\":\"https:\/\/cacaunews.com\/?p=3706\"},\"author\":{\"name\":\"Reda\u00e7\u00e3o Cacau News\",\"@id\":\"https:\/\/cacaunews.com\/#\/schema\/person\/ea69703103e606ad347ccd64bd72ef79\"},\"headline\":\"Na COP28, governador Jer\u00f4nimo defende cria\u00e7\u00e3o de Fundo para financiar preserva\u00e7\u00e3o da Caatinga.\",\"datePublished\":\"2023-12-04T12:00:23+00:00\",\"dateModified\":\"2023-12-04T12:00:23+00:00\",\"mainEntityOfPage\":{\"@id\":\"https:\/\/cacaunews.com\/?p=3706\"},\"wordCount\":500,\"commentCount\":0,\"publisher\":{\"@id\":\"https:\/\/cacaunews.com\/#organization\"},\"keywords\":[\"bahia\",\"cop28\",\"governador\",\"participa\u00e7\u00e3o\"],\"articleSection\":[\"Internet\",\"Jornalismo\",\"Politica\"],\"inLanguage\":\"pt-BR\",\"potentialAction\":[{\"@type\":\"CommentAction\",\"name\":\"Comment\",\"target\":[\"https:\/\/cacaunews.com\/?p=3706#respond\"]}]},{\"@type\":\"WebPage\",\"@id\":\"https:\/\/cacaunews.com\/?p=3706\",\"url\":\"https:\/\/cacaunews.com\/?p=3706\",\"name\":\"Na COP28, governador Jer\u00f4nimo defende cria\u00e7\u00e3o de Fundo para financiar preserva\u00e7\u00e3o da Caatinga. - Cacau News\",\"isPartOf\":{\"@id\":\"https:\/\/cacaunews.com\/#website\"},\"datePublished\":\"2023-12-04T12:00:23+00:00\",\"dateModified\":\"2023-12-04T12:00:23+00:00\",\"breadcrumb\":{\"@id\":\"https:\/\/cacaunews.com\/?p=3706#breadcrumb\"},\"inLanguage\":\"pt-BR\",\"potentialAction\":[{\"@type\":\"ReadAction\",\"target\":[\"https:\/\/cacaunews.com\/?p=3706\"]}]},{\"@type\":\"BreadcrumbList\",\"@id\":\"https:\/\/cacaunews.com\/?p=3706#breadcrumb\",\"itemListElement\":[{\"@type\":\"ListItem\",\"position\":1,\"name\":\"In\u00edcio\",\"item\":\"https:\/\/cacaunews.com\/\"},{\"@type\":\"ListItem\",\"position\":2,\"name\":\"Na COP28, governador Jer\u00f4nimo defende cria\u00e7\u00e3o de Fundo para financiar preserva\u00e7\u00e3o da Caatinga.\"}]},{\"@type\":\"WebSite\",\"@id\":\"https:\/\/cacaunews.com\/#website\",\"url\":\"https:\/\/cacaunews.com\/\",\"name\":\"Cacau News\",\"description\":\"A Informa\u00e7\u00e3o que voc\u00ea precisa!\",\"publisher\":{\"@id\":\"https:\/\/cacaunews.com\/#organization\"},\"potentialAction\":[{\"@type\":\"SearchAction\",\"target\":{\"@type\":\"EntryPoint\",\"urlTemplate\":\"https:\/\/cacaunews.com\/?s={search_term_string}\"},\"query-input\":\"required name=search_term_string\"}],\"inLanguage\":\"pt-BR\"},{\"@type\":\"Organization\",\"@id\":\"https:\/\/cacaunews.com\/#organization\",\"name\":\"Cacau News\",\"url\":\"https:\/\/cacaunews.com\/\",\"logo\":{\"@type\":\"ImageObject\",\"inLanguage\":\"pt-BR\",\"@id\":\"https:\/\/cacaunews.com\/#\/schema\/logo\/image\/\",\"url\":\"https:\/\/cacaunews.com\/wp-content\/uploads\/2025\/01\/cropped-LOGO-NOVA.png\",\"contentUrl\":\"https:\/\/cacaunews.com\/wp-content\/uploads\/2025\/01\/cropped-LOGO-NOVA.png\",\"width\":813,\"height\":813,\"caption\":\"Cacau News\"},\"image\":{\"@id\":\"https:\/\/cacaunews.com\/#\/schema\/logo\/image\/\"},\"sameAs\":[\"https:\/\/www.instagram.com\/cacaunews.online\/\",\"https:\/\/youtube.com\/@cacaunews?si=0VXLnjl08SrWbVG9\"]},{\"@type\":\"Person\",\"@id\":\"https:\/\/cacaunews.com\/#\/schema\/person\/ea69703103e606ad347ccd64bd72ef79\",\"name\":\"Reda\u00e7\u00e3o Cacau News\",\"image\":{\"@type\":\"ImageObject\",\"inLanguage\":\"pt-BR\",\"@id\":\"https:\/\/cacaunews.com\/#\/schema\/person\/image\/\",\"url\":\"https:\/\/secure.gravatar.com\/avatar\/d79227a2a7b6cc42e8d7a8f7c284cd3a?s=96&d=mm&r=g\",\"contentUrl\":\"https:\/\/secure.gravatar.com\/avatar\/d79227a2a7b6cc42e8d7a8f7c284cd3a?s=96&d=mm&r=g\",\"caption\":\"Reda\u00e7\u00e3o Cacau News\"},\"sameAs\":[\"https:\/\/cacaunews.com\"],\"url\":\"https:\/\/cacaunews.com\/?author=1\"}]}<\/script>\n<!-- \/ Yoast SEO plugin. -->","yoast_head_json":{"title":"Na COP28, governador Jer\u00f4nimo defende cria\u00e7\u00e3o de Fundo para financiar preserva\u00e7\u00e3o da Caatinga. - Cacau News","robots":{"index":"index","follow":"follow","max-snippet":"max-snippet:-1","max-image-preview":"max-image-preview:large","max-video-preview":"max-video-preview:-1"},"canonical":"https:\/\/cacaunews.com\/?p=3706","og_locale":"pt_BR","og_type":"article","og_title":"Na COP28, governador Jer\u00f4nimo defende cria\u00e7\u00e3o de Fundo para financiar preserva\u00e7\u00e3o da Caatinga. - Cacau News","og_description":"Em seu \u00faltimo dia na COP28, nos Emirados \u00c1rabes, o governador Jer\u00f4nimo Rodrigues participou, neste...","og_url":"https:\/\/cacaunews.com\/?p=3706","og_site_name":"Cacau News","article_published_time":"2023-12-04T12:00:23+00:00","og_image":[{"width":1309,"height":907,"url":"https:\/\/cacaunews.com\/wp-content\/uploads\/2023\/12\/IMG-20231203-WA0606.jpg","type":"image\/jpeg"}],"author":"Reda\u00e7\u00e3o Cacau News","twitter_card":"summary_large_image","twitter_misc":{"Escrito por":"Reda\u00e7\u00e3o Cacau News","Est. tempo de leitura":"2 minutos"},"schema":{"@context":"https:\/\/schema.org","@graph":[{"@type":"Article","@id":"https:\/\/cacaunews.com\/?p=3706#article","isPartOf":{"@id":"https:\/\/cacaunews.com\/?p=3706"},"author":{"name":"Reda\u00e7\u00e3o Cacau News","@id":"https:\/\/cacaunews.com\/#\/schema\/person\/ea69703103e606ad347ccd64bd72ef79"},"headline":"Na COP28, governador Jer\u00f4nimo defende cria\u00e7\u00e3o de Fundo para financiar preserva\u00e7\u00e3o da Caatinga.","datePublished":"2023-12-04T12:00:23+00:00","dateModified":"2023-12-04T12:00:23+00:00","mainEntityOfPage":{"@id":"https:\/\/cacaunews.com\/?p=3706"},"wordCount":500,"commentCount":0,"publisher":{"@id":"https:\/\/cacaunews.com\/#organization"},"keywords":["bahia","cop28","governador","participa\u00e7\u00e3o"],"articleSection":["Internet","Jornalismo","Politica"],"inLanguage":"pt-BR","potentialAction":[{"@type":"CommentAction","name":"Comment","target":["https:\/\/cacaunews.com\/?p=3706#respond"]}]},{"@type":"WebPage","@id":"https:\/\/cacaunews.com\/?p=3706","url":"https:\/\/cacaunews.com\/?p=3706","name":"Na COP28, governador Jer\u00f4nimo defende cria\u00e7\u00e3o de Fundo para financiar preserva\u00e7\u00e3o da Caatinga. - Cacau News","isPartOf":{"@id":"https:\/\/cacaunews.com\/#website"},"datePublished":"2023-12-04T12:00:23+00:00","dateModified":"2023-12-04T12:00:23+00:00","breadcrumb":{"@id":"https:\/\/cacaunews.com\/?p=3706#breadcrumb"},"inLanguage":"pt-BR","potentialAction":[{"@type":"ReadAction","target":["https:\/\/cacaunews.com\/?p=3706"]}]},{"@type":"BreadcrumbList","@id":"https:\/\/cacaunews.com\/?p=3706#breadcrumb","itemListElement":[{"@type":"ListItem","position":1,"name":"In\u00edcio","item":"https:\/\/cacaunews.com\/"},{"@type":"ListItem","position":2,"name":"Na COP28, governador Jer\u00f4nimo defende cria\u00e7\u00e3o de Fundo para financiar preserva\u00e7\u00e3o da Caatinga."}]},{"@type":"WebSite","@id":"https:\/\/cacaunews.com\/#website","url":"https:\/\/cacaunews.com\/","name":"Cacau News","description":"A Informa\u00e7\u00e3o que voc\u00ea precisa!","publisher":{"@id":"https:\/\/cacaunews.com\/#organization"},"potentialAction":[{"@type":"SearchAction","target":{"@type":"EntryPoint","urlTemplate":"https:\/\/cacaunews.com\/?s={search_term_string}"},"query-input":"required name=search_term_string"}],"inLanguage":"pt-BR"},{"@type":"Organization","@id":"https:\/\/cacaunews.com\/#organization","name":"Cacau News","url":"https:\/\/cacaunews.com\/","logo":{"@type":"ImageObject","inLanguage":"pt-BR","@id":"https:\/\/cacaunews.com\/#\/schema\/logo\/image\/","url":"https:\/\/cacaunews.com\/wp-content\/uploads\/2025\/01\/cropped-LOGO-NOVA.png","contentUrl":"https:\/\/cacaunews.com\/wp-content\/uploads\/2025\/01\/cropped-LOGO-NOVA.png","width":813,"height":813,"caption":"Cacau News"},"image":{"@id":"https:\/\/cacaunews.com\/#\/schema\/logo\/image\/"},"sameAs":["https:\/\/www.instagram.com\/cacaunews.online\/","https:\/\/youtube.com\/@cacaunews?si=0VXLnjl08SrWbVG9"]},{"@type":"Person","@id":"https:\/\/cacaunews.com\/#\/schema\/person\/ea69703103e606ad347ccd64bd72ef79","name":"Reda\u00e7\u00e3o Cacau News","image":{"@type":"ImageObject","inLanguage":"pt-BR","@id":"https:\/\/cacaunews.com\/#\/schema\/person\/image\/","url":"https:\/\/secure.gravatar.com\/avatar\/d79227a2a7b6cc42e8d7a8f7c284cd3a?s=96&d=mm&r=g","contentUrl":"https:\/\/secure.gravatar.com\/avatar\/d79227a2a7b6cc42e8d7a8f7c284cd3a?s=96&d=mm&r=g","caption":"Reda\u00e7\u00e3o Cacau News"},"sameAs":["https:\/\/cacaunews.com"],"url":"https:\/\/cacaunews.com\/?author=1"}]}},"jetpack_sharing_enabled":true,"jetpack_featured_media_url":"https:\/\/cacaunews.com\/wp-content\/uploads\/2023\/12\/IMG-20231203-WA0606.jpg","_links":{"self":[{"href":"https:\/\/cacaunews.com\/index.php?rest_route=\/wp\/v2\/posts\/3706"}],"collection":[{"href":"https:\/\/cacaunews.com\/index.php?rest_route=\/wp\/v2\/posts"}],"about":[{"href":"https:\/\/cacaunews.com\/index.php?rest_route=\/wp\/v2\/types\/post"}],"author":[{"embeddable":true,"href":"https:\/\/cacaunews.com\/index.php?rest_route=\/wp\/v2\/users\/1"}],"replies":[{"embeddable":true,"href":"https:\/\/cacaunews.com\/index.php?rest_route=%2Fwp%2Fv2%2Fcomments&post=3706"}],"version-history":[{"count":0,"href":"https:\/\/cacaunews.com\/index.php?rest_route=\/wp\/v2\/posts\/3706\/revisions"}],"wp:featuredmedia":[{"embeddable":true,"href":"https:\/\/cacaunews.com\/index.php?rest_route=\/wp\/v2\/media\/3704"}],"wp:attachment":[{"href":"https:\/\/cacaunews.com\/index.php?rest_route=%2Fwp%2Fv2%2Fmedia&parent=3706"}],"wp:term":[{"taxonomy":"category","embeddable":true,"href":"https:\/\/cacaunews.com\/index.php?rest_route=%2Fwp%2Fv2%2Fcategories&post=3706"},{"taxonomy":"post_tag","embeddable":true,"href":"https:\/\/cacaunews.com\/index.php?rest_route=%2Fwp%2Fv2%2Ftags&post=3706"}],"curies":[{"name":"wp","href":"https:\/\/api.w.org\/{rel}","templated":true}]}}