{"id":3721,"date":"2023-12-05T17:00:38","date_gmt":"2023-12-05T17:00:38","guid":{"rendered":"https:\/\/cacaunews.com\/?p=3721"},"modified":"2023-12-05T17:00:38","modified_gmt":"2023-12-05T17:00:38","slug":"uesc-completa-32-anos-de-estadualizacao","status":"publish","type":"post","link":"https:\/\/cacaunews.com\/?p=3721","title":{"rendered":"Uesc completa 32 anos de estadualiza\u00e7\u00e3o."},"content":{"rendered":"\n<p>Nesta ter\u00e7a-feira, 5 de dezembro, a educa\u00e7\u00e3o baiana e brasileira celebra os 32 anos da Universidade Estadual de Santa Cruz (Uesc), localizada no bairro Salobrinho, \u00e0 margem da Rodovia Jorge Amado, munic\u00edpio de Ilh\u00e9us. Trata-se de uma iniciativa cient\u00edfica, acad\u00eamica, social, cultural e econ\u00f4mica bem-sucedida; sua atua\u00e7\u00e3o incide em toda Bahia, principalmente nos 74 munic\u00edpios de sua \u00e1rea de abrang\u00eancia. Atualmente, a Universidade acolhe estudantes vindos de todos os estados, do Distrito Federal, e de v\u00e1rios pa\u00edses.<br><br>A trajet\u00f3ria de sucesso da Uesc como Universidade p\u00fablica, gratuita, com ensino de qualidade, tem in\u00edcio a partir do momento em que o Governo do Estado incorporou a Federa\u00e7\u00e3o das Escolas Superiores de Ilh\u00e9us e Itabuna (Fespi), uma escola particular, ao quadro das institui\u00e7\u00f5es p\u00fablicas de 3\u00ba grau da Bahia, atrav\u00e9s da Lei 6.344 de 05\/12\/91.<br><br>Para o reitor Alessandro Fernandes, nestes 32 anos de exist\u00eancia, a Uesc tem participado ativamente do processo de desenvolvimento cultural e socioecon\u00f4mico da regi\u00e3o cacaueira e de toda Bahia, por meio da contribui\u00e7\u00e3o direta na formula\u00e7\u00e3o de pol\u00edticas p\u00fablicas, forma\u00e7\u00e3o de excelentes profissionais e incentivo ao empreendedorismo, tendo alcan\u00e7ado posi\u00e7\u00e3o de destaque e excel\u00eancia junto ao Minist\u00e9rio da Educa\u00e7\u00e3o.<br><br>Gra\u00e7as ao esfor\u00e7o dos seus professores, estudantes, t\u00e9cnicos e analistas, a Uesc tem se destacado na produ\u00e7\u00e3o cient\u00edfica em seus diversos laborat\u00f3rios de pesquisa, nas mais diferentes \u00e1reas do saber, desde a inicia\u00e7\u00e3o cient\u00edfica at\u00e9 a p\u00f3s-gradua\u00e7\u00e3o, com uma profus\u00e3o de artigos publicados e patentes registradas no Brasil e no exterior, al\u00e9m de ser agraciada com in\u00fameros pr\u00eamios em congressos e concursos que tem participado.<br><br>A Uesc oferece 39 cursos de gradua\u00e7\u00e3o, sendo 34 regulares e presenciais e cinco na modalidade ensino a dist\u00e2ncia (Ead). A P\u00f3s-Gradua\u00e7\u00e3o conta com 50 cursos, distribu\u00eddos em 17 especializa\u00e7\u00f5es, 25 mestrados e 08 doutorados.<br><br>O reitor Alessandro Fernandes lembra que a nossa Universidade \u00e9 o resultado de esfor\u00e7os plurais, da comunidade acad\u00eamica e da regional. \u201cNossa riqueza \u00e9, e deve ser, a nossa pluralidade e a nossa diversidade. Com 32 anos de estadualiza\u00e7\u00e3o, hoje estamos conscientes que uma universidade deve estar al\u00e9m das suas atividades final\u00edsticas, que consiste no ensino, na pesquisa e na extens\u00e3o, deve formar cidad\u00e3os capazes de influ\u00edrem na transforma\u00e7\u00e3o do ambiente onde est\u00e3o inseridos\u201d. <\/p>\n\n\n\n<p>Ascom\/UESC.<\/p>\n\n\n\n<p><\/p>\n","protected":false},"excerpt":{"rendered":"<p>Nesta ter\u00e7a-feira, 5 de dezembro, a educa\u00e7\u00e3o baiana e brasileira celebra os 32 anos da&#8230;<\/p>\n","protected":false},"author":1,"featured_media":3720,"comment_status":"open","ping_status":"open","sticky":false,"template":"","format":"standard","meta":{"footnotes":""},"categories":[4,11],"tags":[69,39,33,352],"yoast_head":"<!-- This site is optimized with the Yoast SEO plugin v21.7 - https:\/\/yoast.com\/wordpress\/plugins\/seo\/ -->\n<title>Uesc completa 32 anos de estadualiza\u00e7\u00e3o. - Cacau News<\/title>\n<meta name=\"robots\" content=\"index, follow, max-snippet:-1, max-image-preview:large, max-video-preview:-1\" \/>\n<link rel=\"canonical\" href=\"https:\/\/cacaunews.com\/?p=3721\" \/>\n<meta property=\"og:locale\" content=\"pt_BR\" \/>\n<meta property=\"og:type\" content=\"article\" \/>\n<meta property=\"og:title\" content=\"Uesc completa 32 anos de estadualiza\u00e7\u00e3o. - Cacau News\" \/>\n<meta property=\"og:description\" content=\"Nesta ter\u00e7a-feira, 5 de dezembro, a educa\u00e7\u00e3o baiana e brasileira celebra os 32 anos da...\" \/>\n<meta property=\"og:url\" content=\"https:\/\/cacaunews.com\/?p=3721\" \/>\n<meta property=\"og:site_name\" content=\"Cacau News\" \/>\n<meta property=\"article:published_time\" content=\"2023-12-05T17:00:38+00:00\" \/>\n<meta name=\"author\" content=\"Reda\u00e7\u00e3o Cacau News\" \/>\n<meta name=\"twitter:card\" content=\"summary_large_image\" \/>\n<meta name=\"twitter:label1\" content=\"Escrito por\" \/>\n\t<meta name=\"twitter:data1\" content=\"Reda\u00e7\u00e3o Cacau News\" \/>\n\t<meta name=\"twitter:label2\" content=\"Est. tempo de leitura\" \/>\n\t<meta name=\"twitter:data2\" content=\"2 minutos\" \/>\n<script type=\"application\/ld+json\" class=\"yoast-schema-graph\">{\"@context\":\"https:\/\/schema.org\",\"@graph\":[{\"@type\":\"Article\",\"@id\":\"https:\/\/cacaunews.com\/?p=3721#article\",\"isPartOf\":{\"@id\":\"https:\/\/cacaunews.com\/?p=3721\"},\"author\":{\"name\":\"Reda\u00e7\u00e3o Cacau News\",\"@id\":\"https:\/\/cacaunews.com\/#\/schema\/person\/ea69703103e606ad347ccd64bd72ef79\"},\"headline\":\"Uesc completa 32 anos de estadualiza\u00e7\u00e3o.\",\"datePublished\":\"2023-12-05T17:00:38+00:00\",\"dateModified\":\"2023-12-05T17:00:38+00:00\",\"mainEntityOfPage\":{\"@id\":\"https:\/\/cacaunews.com\/?p=3721\"},\"wordCount\":420,\"commentCount\":0,\"publisher\":{\"@id\":\"https:\/\/cacaunews.com\/#organization\"},\"keywords\":[\"anivers\u00e1rio\",\"bahia\",\"educa\u00e7\u00e3o\",\"UESC\"],\"articleSection\":[\"Internet\",\"Jornalismo\"],\"inLanguage\":\"pt-BR\",\"potentialAction\":[{\"@type\":\"CommentAction\",\"name\":\"Comment\",\"target\":[\"https:\/\/cacaunews.com\/?p=3721#respond\"]}]},{\"@type\":\"WebPage\",\"@id\":\"https:\/\/cacaunews.com\/?p=3721\",\"url\":\"https:\/\/cacaunews.com\/?p=3721\",\"name\":\"Uesc completa 32 anos de estadualiza\u00e7\u00e3o. - Cacau News\",\"isPartOf\":{\"@id\":\"https:\/\/cacaunews.com\/#website\"},\"datePublished\":\"2023-12-05T17:00:38+00:00\",\"dateModified\":\"2023-12-05T17:00:38+00:00\",\"breadcrumb\":{\"@id\":\"https:\/\/cacaunews.com\/?p=3721#breadcrumb\"},\"inLanguage\":\"pt-BR\",\"potentialAction\":[{\"@type\":\"ReadAction\",\"target\":[\"https:\/\/cacaunews.com\/?p=3721\"]}]},{\"@type\":\"BreadcrumbList\",\"@id\":\"https:\/\/cacaunews.com\/?p=3721#breadcrumb\",\"itemListElement\":[{\"@type\":\"ListItem\",\"position\":1,\"name\":\"In\u00edcio\",\"item\":\"https:\/\/cacaunews.com\/\"},{\"@type\":\"ListItem\",\"position\":2,\"name\":\"Uesc completa 32 anos de estadualiza\u00e7\u00e3o.\"}]},{\"@type\":\"WebSite\",\"@id\":\"https:\/\/cacaunews.com\/#website\",\"url\":\"https:\/\/cacaunews.com\/\",\"name\":\"Cacau News\",\"description\":\"A Informa\u00e7\u00e3o que voc\u00ea precisa!\",\"publisher\":{\"@id\":\"https:\/\/cacaunews.com\/#organization\"},\"potentialAction\":[{\"@type\":\"SearchAction\",\"target\":{\"@type\":\"EntryPoint\",\"urlTemplate\":\"https:\/\/cacaunews.com\/?s={search_term_string}\"},\"query-input\":\"required name=search_term_string\"}],\"inLanguage\":\"pt-BR\"},{\"@type\":\"Organization\",\"@id\":\"https:\/\/cacaunews.com\/#organization\",\"name\":\"Cacau News\",\"url\":\"https:\/\/cacaunews.com\/\",\"logo\":{\"@type\":\"ImageObject\",\"inLanguage\":\"pt-BR\",\"@id\":\"https:\/\/cacaunews.com\/#\/schema\/logo\/image\/\",\"url\":\"https:\/\/cacaunews.com\/wp-content\/uploads\/2025\/01\/cropped-LOGO-NOVA.png\",\"contentUrl\":\"https:\/\/cacaunews.com\/wp-content\/uploads\/2025\/01\/cropped-LOGO-NOVA.png\",\"width\":813,\"height\":813,\"caption\":\"Cacau News\"},\"image\":{\"@id\":\"https:\/\/cacaunews.com\/#\/schema\/logo\/image\/\"},\"sameAs\":[\"https:\/\/www.instagram.com\/cacaunews.online\/\",\"https:\/\/youtube.com\/@cacaunews?si=0VXLnjl08SrWbVG9\"]},{\"@type\":\"Person\",\"@id\":\"https:\/\/cacaunews.com\/#\/schema\/person\/ea69703103e606ad347ccd64bd72ef79\",\"name\":\"Reda\u00e7\u00e3o Cacau News\",\"image\":{\"@type\":\"ImageObject\",\"inLanguage\":\"pt-BR\",\"@id\":\"https:\/\/cacaunews.com\/#\/schema\/person\/image\/\",\"url\":\"https:\/\/secure.gravatar.com\/avatar\/d79227a2a7b6cc42e8d7a8f7c284cd3a?s=96&d=mm&r=g\",\"contentUrl\":\"https:\/\/secure.gravatar.com\/avatar\/d79227a2a7b6cc42e8d7a8f7c284cd3a?s=96&d=mm&r=g\",\"caption\":\"Reda\u00e7\u00e3o Cacau News\"},\"sameAs\":[\"https:\/\/cacaunews.com\"],\"url\":\"https:\/\/cacaunews.com\/?author=1\"}]}<\/script>\n<!-- \/ Yoast SEO plugin. -->","yoast_head_json":{"title":"Uesc completa 32 anos de estadualiza\u00e7\u00e3o. - Cacau News","robots":{"index":"index","follow":"follow","max-snippet":"max-snippet:-1","max-image-preview":"max-image-preview:large","max-video-preview":"max-video-preview:-1"},"canonical":"https:\/\/cacaunews.com\/?p=3721","og_locale":"pt_BR","og_type":"article","og_title":"Uesc completa 32 anos de estadualiza\u00e7\u00e3o. - Cacau News","og_description":"Nesta ter\u00e7a-feira, 5 de dezembro, a educa\u00e7\u00e3o baiana e brasileira celebra os 32 anos da...","og_url":"https:\/\/cacaunews.com\/?p=3721","og_site_name":"Cacau News","article_published_time":"2023-12-05T17:00:38+00:00","author":"Reda\u00e7\u00e3o Cacau News","twitter_card":"summary_large_image","twitter_misc":{"Escrito por":"Reda\u00e7\u00e3o Cacau News","Est. tempo de leitura":"2 minutos"},"schema":{"@context":"https:\/\/schema.org","@graph":[{"@type":"Article","@id":"https:\/\/cacaunews.com\/?p=3721#article","isPartOf":{"@id":"https:\/\/cacaunews.com\/?p=3721"},"author":{"name":"Reda\u00e7\u00e3o Cacau News","@id":"https:\/\/cacaunews.com\/#\/schema\/person\/ea69703103e606ad347ccd64bd72ef79"},"headline":"Uesc completa 32 anos de estadualiza\u00e7\u00e3o.","datePublished":"2023-12-05T17:00:38+00:00","dateModified":"2023-12-05T17:00:38+00:00","mainEntityOfPage":{"@id":"https:\/\/cacaunews.com\/?p=3721"},"wordCount":420,"commentCount":0,"publisher":{"@id":"https:\/\/cacaunews.com\/#organization"},"keywords":["anivers\u00e1rio","bahia","educa\u00e7\u00e3o","UESC"],"articleSection":["Internet","Jornalismo"],"inLanguage":"pt-BR","potentialAction":[{"@type":"CommentAction","name":"Comment","target":["https:\/\/cacaunews.com\/?p=3721#respond"]}]},{"@type":"WebPage","@id":"https:\/\/cacaunews.com\/?p=3721","url":"https:\/\/cacaunews.com\/?p=3721","name":"Uesc completa 32 anos de estadualiza\u00e7\u00e3o. - Cacau News","isPartOf":{"@id":"https:\/\/cacaunews.com\/#website"},"datePublished":"2023-12-05T17:00:38+00:00","dateModified":"2023-12-05T17:00:38+00:00","breadcrumb":{"@id":"https:\/\/cacaunews.com\/?p=3721#breadcrumb"},"inLanguage":"pt-BR","potentialAction":[{"@type":"ReadAction","target":["https:\/\/cacaunews.com\/?p=3721"]}]},{"@type":"BreadcrumbList","@id":"https:\/\/cacaunews.com\/?p=3721#breadcrumb","itemListElement":[{"@type":"ListItem","position":1,"name":"In\u00edcio","item":"https:\/\/cacaunews.com\/"},{"@type":"ListItem","position":2,"name":"Uesc completa 32 anos de estadualiza\u00e7\u00e3o."}]},{"@type":"WebSite","@id":"https:\/\/cacaunews.com\/#website","url":"https:\/\/cacaunews.com\/","name":"Cacau News","description":"A Informa\u00e7\u00e3o que voc\u00ea precisa!","publisher":{"@id":"https:\/\/cacaunews.com\/#organization"},"potentialAction":[{"@type":"SearchAction","target":{"@type":"EntryPoint","urlTemplate":"https:\/\/cacaunews.com\/?s={search_term_string}"},"query-input":"required name=search_term_string"}],"inLanguage":"pt-BR"},{"@type":"Organization","@id":"https:\/\/cacaunews.com\/#organization","name":"Cacau News","url":"https:\/\/cacaunews.com\/","logo":{"@type":"ImageObject","inLanguage":"pt-BR","@id":"https:\/\/cacaunews.com\/#\/schema\/logo\/image\/","url":"https:\/\/cacaunews.com\/wp-content\/uploads\/2025\/01\/cropped-LOGO-NOVA.png","contentUrl":"https:\/\/cacaunews.com\/wp-content\/uploads\/2025\/01\/cropped-LOGO-NOVA.png","width":813,"height":813,"caption":"Cacau News"},"image":{"@id":"https:\/\/cacaunews.com\/#\/schema\/logo\/image\/"},"sameAs":["https:\/\/www.instagram.com\/cacaunews.online\/","https:\/\/youtube.com\/@cacaunews?si=0VXLnjl08SrWbVG9"]},{"@type":"Person","@id":"https:\/\/cacaunews.com\/#\/schema\/person\/ea69703103e606ad347ccd64bd72ef79","name":"Reda\u00e7\u00e3o Cacau News","image":{"@type":"ImageObject","inLanguage":"pt-BR","@id":"https:\/\/cacaunews.com\/#\/schema\/person\/image\/","url":"https:\/\/secure.gravatar.com\/avatar\/d79227a2a7b6cc42e8d7a8f7c284cd3a?s=96&d=mm&r=g","contentUrl":"https:\/\/secure.gravatar.com\/avatar\/d79227a2a7b6cc42e8d7a8f7c284cd3a?s=96&d=mm&r=g","caption":"Reda\u00e7\u00e3o Cacau News"},"sameAs":["https:\/\/cacaunews.com"],"url":"https:\/\/cacaunews.com\/?author=1"}]}},"jetpack_sharing_enabled":true,"jetpack_featured_media_url":"https:\/\/cacaunews.com\/wp-content\/uploads\/2023\/12\/Foto-Uesc-.png","_links":{"self":[{"href":"https:\/\/cacaunews.com\/index.php?rest_route=\/wp\/v2\/posts\/3721"}],"collection":[{"href":"https:\/\/cacaunews.com\/index.php?rest_route=\/wp\/v2\/posts"}],"about":[{"href":"https:\/\/cacaunews.com\/index.php?rest_route=\/wp\/v2\/types\/post"}],"author":[{"embeddable":true,"href":"https:\/\/cacaunews.com\/index.php?rest_route=\/wp\/v2\/users\/1"}],"replies":[{"embeddable":true,"href":"https:\/\/cacaunews.com\/index.php?rest_route=%2Fwp%2Fv2%2Fcomments&post=3721"}],"version-history":[{"count":0,"href":"https:\/\/cacaunews.com\/index.php?rest_route=\/wp\/v2\/posts\/3721\/revisions"}],"wp:featuredmedia":[{"embeddable":true,"href":"https:\/\/cacaunews.com\/index.php?rest_route=\/wp\/v2\/media\/3720"}],"wp:attachment":[{"href":"https:\/\/cacaunews.com\/index.php?rest_route=%2Fwp%2Fv2%2Fmedia&parent=3721"}],"wp:term":[{"taxonomy":"category","embeddable":true,"href":"https:\/\/cacaunews.com\/index.php?rest_route=%2Fwp%2Fv2%2Fcategories&post=3721"},{"taxonomy":"post_tag","embeddable":true,"href":"https:\/\/cacaunews.com\/index.php?rest_route=%2Fwp%2Fv2%2Ftags&post=3721"}],"curies":[{"name":"wp","href":"https:\/\/api.w.org\/{rel}","templated":true}]}}