{"id":3737,"date":"2023-12-08T21:31:21","date_gmt":"2023-12-08T21:31:21","guid":{"rendered":"https:\/\/cacaunews.com\/?p=3737"},"modified":"2023-12-09T19:00:59","modified_gmt":"2023-12-09T19:00:59","slug":"com-exclusividade-ao-elaspod-lisdeili-nobre-fala-pela-primeira-vez-sobre-a-sua-filiacao-ao-ub","status":"publish","type":"post","link":"https:\/\/cacaunews.com\/?p=3737","title":{"rendered":"Com exclusividade ao ElasPod, Lisdeili Nobre fala pela primeira vez sobre a sua filia\u00e7\u00e3o ao UB."},"content":{"rendered":"\n<p>O Podcast ElasPod, apresentado por Charliane Sousa e Larissa Ara\u00fajo no Studio Hub 73 trouxeram com exclusividade para a bancada do programa desta \u00faltima quinta-feira o primeiro pronunciamento da delegada Lisdeili Nobre sobre o seu processo de filia\u00e7\u00e3o ao Partido Uni\u00e3o Brasil.<\/p>\n\n\n\n<p>Lisdeili declarou que a escolha em trocar de partido se deu pelo esgotamento da possibilidade de di\u00e1logo dentro da conjuntura das elei\u00e7\u00f5es para 2024. J\u00e1 no UB encontrou uma abertura de di\u00e1logo e espa\u00e7o de a\u00e7\u00f5es para serem desenvolvidas como Presidente do Uni\u00e3o Brasil Mulher em Itabuna.<\/p>\n\n\n\n<p>Ao ser questionada sobre uma poss\u00edvel composi\u00e7\u00e3o de chapa, Lisdeili afirmou que a sua pr\u00e9 candidatura est\u00e1 mantida assim bem como tamb\u00e9m de Enderson Guinho e que a prioridade no momento \u00e9 unir esfor\u00e7os para desenvolver projetos s\u00f3lidos, al\u00e9m disso ela tamb\u00e9m pretende trabalhar para garantir que outras mulheres alcancem esse espa\u00e7o na pol\u00edtica e possam contribuir.<\/p>\n\n\n\n<figure class=\"wp-block-video\"><video controls src=\"https:\/\/cacaunews.com\/wp-content\/uploads\/2023\/12\/VID-20231208-WA0206.mp4\"><\/video><figcaption class=\"wp-element-caption\">Entrevista <\/figcaption><\/figure>\n","protected":false},"excerpt":{"rendered":"<p>O Podcast ElasPod, apresentado por Charliane Sousa e Larissa Ara\u00fajo no Studio Hub 73 trouxeram&#8230;<\/p>\n","protected":false},"author":2,"featured_media":3756,"comment_status":"open","ping_status":"open","sticky":false,"template":"","format":"standard","meta":{"footnotes":""},"categories":[1],"tags":[1460],"yoast_head":"<!-- This site is optimized with the Yoast SEO plugin v21.7 - https:\/\/yoast.com\/wordpress\/plugins\/seo\/ -->\n<title>Com exclusividade ao ElasPod, Lisdeili Nobre fala pela primeira vez sobre a sua filia\u00e7\u00e3o ao UB. - Cacau News<\/title>\n<meta name=\"robots\" content=\"index, follow, max-snippet:-1, max-image-preview:large, max-video-preview:-1\" \/>\n<link rel=\"canonical\" href=\"https:\/\/cacaunews.com\/?p=3737\" \/>\n<meta property=\"og:locale\" content=\"pt_BR\" \/>\n<meta property=\"og:type\" content=\"article\" \/>\n<meta property=\"og:title\" content=\"Com exclusividade ao ElasPod, Lisdeili Nobre fala pela primeira vez sobre a sua filia\u00e7\u00e3o ao UB. - Cacau News\" \/>\n<meta property=\"og:description\" content=\"O Podcast ElasPod, apresentado por Charliane Sousa e Larissa Ara\u00fajo no Studio Hub 73 trouxeram...\" \/>\n<meta property=\"og:url\" content=\"https:\/\/cacaunews.com\/?p=3737\" \/>\n<meta property=\"og:site_name\" content=\"Cacau News\" \/>\n<meta property=\"article:published_time\" content=\"2023-12-08T21:31:21+00:00\" \/>\n<meta property=\"article:modified_time\" content=\"2023-12-09T19:00:59+00:00\" \/>\n<meta property=\"og:image\" content=\"https:\/\/cacaunews.com\/wp-content\/uploads\/2023\/12\/IMG_20231208_181003-5.jpg\" \/>\n\t<meta property=\"og:image:width\" content=\"810\" \/>\n\t<meta property=\"og:image:height\" content=\"488\" \/>\n\t<meta property=\"og:image:type\" content=\"image\/jpeg\" \/>\n<meta name=\"author\" content=\"Larissa Ara\u00fajo\" \/>\n<meta name=\"twitter:card\" content=\"summary_large_image\" \/>\n<meta name=\"twitter:label1\" content=\"Escrito por\" \/>\n\t<meta name=\"twitter:data1\" content=\"Larissa Ara\u00fajo\" \/>\n\t<meta name=\"twitter:label2\" content=\"Est. tempo de leitura\" \/>\n\t<meta name=\"twitter:data2\" content=\"1 minuto\" \/>\n<script type=\"application\/ld+json\" class=\"yoast-schema-graph\">{\"@context\":\"https:\/\/schema.org\",\"@graph\":[{\"@type\":\"Article\",\"@id\":\"https:\/\/cacaunews.com\/?p=3737#article\",\"isPartOf\":{\"@id\":\"https:\/\/cacaunews.com\/?p=3737\"},\"author\":{\"name\":\"Larissa Ara\u00fajo\",\"@id\":\"https:\/\/cacaunews.com\/#\/schema\/person\/01842fb65f1988a32292b9001bcc8da1\"},\"headline\":\"Com exclusividade ao ElasPod, Lisdeili Nobre fala pela primeira vez sobre a sua filia\u00e7\u00e3o ao UB.\",\"datePublished\":\"2023-12-08T21:31:21+00:00\",\"dateModified\":\"2023-12-09T19:00:59+00:00\",\"mainEntityOfPage\":{\"@id\":\"https:\/\/cacaunews.com\/?p=3737\"},\"wordCount\":179,\"commentCount\":0,\"publisher\":{\"@id\":\"https:\/\/cacaunews.com\/#organization\"},\"keywords\":[\"Pol\u00edtica itabuna Partido Podcast Entrevista Mulher\"],\"articleSection\":[\"Cacau News TV\"],\"inLanguage\":\"pt-BR\",\"potentialAction\":[{\"@type\":\"CommentAction\",\"name\":\"Comment\",\"target\":[\"https:\/\/cacaunews.com\/?p=3737#respond\"]}]},{\"@type\":\"WebPage\",\"@id\":\"https:\/\/cacaunews.com\/?p=3737\",\"url\":\"https:\/\/cacaunews.com\/?p=3737\",\"name\":\"Com exclusividade ao ElasPod, Lisdeili Nobre fala pela primeira vez sobre a sua filia\u00e7\u00e3o ao UB. - Cacau News\",\"isPartOf\":{\"@id\":\"https:\/\/cacaunews.com\/#website\"},\"datePublished\":\"2023-12-08T21:31:21+00:00\",\"dateModified\":\"2023-12-09T19:00:59+00:00\",\"breadcrumb\":{\"@id\":\"https:\/\/cacaunews.com\/?p=3737#breadcrumb\"},\"inLanguage\":\"pt-BR\",\"potentialAction\":[{\"@type\":\"ReadAction\",\"target\":[\"https:\/\/cacaunews.com\/?p=3737\"]}]},{\"@type\":\"BreadcrumbList\",\"@id\":\"https:\/\/cacaunews.com\/?p=3737#breadcrumb\",\"itemListElement\":[{\"@type\":\"ListItem\",\"position\":1,\"name\":\"In\u00edcio\",\"item\":\"https:\/\/cacaunews.com\/\"},{\"@type\":\"ListItem\",\"position\":2,\"name\":\"Com exclusividade ao ElasPod, Lisdeili Nobre fala pela primeira vez sobre a sua filia\u00e7\u00e3o ao UB.\"}]},{\"@type\":\"WebSite\",\"@id\":\"https:\/\/cacaunews.com\/#website\",\"url\":\"https:\/\/cacaunews.com\/\",\"name\":\"Cacau News\",\"description\":\"A Informa\u00e7\u00e3o que voc\u00ea precisa!\",\"publisher\":{\"@id\":\"https:\/\/cacaunews.com\/#organization\"},\"potentialAction\":[{\"@type\":\"SearchAction\",\"target\":{\"@type\":\"EntryPoint\",\"urlTemplate\":\"https:\/\/cacaunews.com\/?s={search_term_string}\"},\"query-input\":\"required name=search_term_string\"}],\"inLanguage\":\"pt-BR\"},{\"@type\":\"Organization\",\"@id\":\"https:\/\/cacaunews.com\/#organization\",\"name\":\"Cacau News\",\"url\":\"https:\/\/cacaunews.com\/\",\"logo\":{\"@type\":\"ImageObject\",\"inLanguage\":\"pt-BR\",\"@id\":\"https:\/\/cacaunews.com\/#\/schema\/logo\/image\/\",\"url\":\"https:\/\/cacaunews.com\/wp-content\/uploads\/2025\/01\/cropped-LOGO-NOVA.png\",\"contentUrl\":\"https:\/\/cacaunews.com\/wp-content\/uploads\/2025\/01\/cropped-LOGO-NOVA.png\",\"width\":813,\"height\":813,\"caption\":\"Cacau News\"},\"image\":{\"@id\":\"https:\/\/cacaunews.com\/#\/schema\/logo\/image\/\"},\"sameAs\":[\"https:\/\/www.instagram.com\/cacaunews.online\/\",\"https:\/\/youtube.com\/@cacaunews?si=0VXLnjl08SrWbVG9\"]},{\"@type\":\"Person\",\"@id\":\"https:\/\/cacaunews.com\/#\/schema\/person\/01842fb65f1988a32292b9001bcc8da1\",\"name\":\"Larissa Ara\u00fajo\",\"image\":{\"@type\":\"ImageObject\",\"inLanguage\":\"pt-BR\",\"@id\":\"https:\/\/cacaunews.com\/#\/schema\/person\/image\/\",\"url\":\"https:\/\/secure.gravatar.com\/avatar\/a0326d150c7b18e3d35f112fc5b57e78?s=96&d=mm&r=g\",\"contentUrl\":\"https:\/\/secure.gravatar.com\/avatar\/a0326d150c7b18e3d35f112fc5b57e78?s=96&d=mm&r=g\",\"caption\":\"Larissa Ara\u00fajo\"},\"sameAs\":[\"http:\/\/www.cacaunews.com\"],\"url\":\"https:\/\/cacaunews.com\/?author=2\"}]}<\/script>\n<!-- \/ Yoast SEO plugin. -->","yoast_head_json":{"title":"Com exclusividade ao ElasPod, Lisdeili Nobre fala pela primeira vez sobre a sua filia\u00e7\u00e3o ao UB. - Cacau News","robots":{"index":"index","follow":"follow","max-snippet":"max-snippet:-1","max-image-preview":"max-image-preview:large","max-video-preview":"max-video-preview:-1"},"canonical":"https:\/\/cacaunews.com\/?p=3737","og_locale":"pt_BR","og_type":"article","og_title":"Com exclusividade ao ElasPod, Lisdeili Nobre fala pela primeira vez sobre a sua filia\u00e7\u00e3o ao UB. - Cacau News","og_description":"O Podcast ElasPod, apresentado por Charliane Sousa e Larissa Ara\u00fajo no Studio Hub 73 trouxeram...","og_url":"https:\/\/cacaunews.com\/?p=3737","og_site_name":"Cacau News","article_published_time":"2023-12-08T21:31:21+00:00","article_modified_time":"2023-12-09T19:00:59+00:00","og_image":[{"width":810,"height":488,"url":"https:\/\/cacaunews.com\/wp-content\/uploads\/2023\/12\/IMG_20231208_181003-5.jpg","type":"image\/jpeg"}],"author":"Larissa Ara\u00fajo","twitter_card":"summary_large_image","twitter_misc":{"Escrito por":"Larissa Ara\u00fajo","Est. tempo de leitura":"1 minuto"},"schema":{"@context":"https:\/\/schema.org","@graph":[{"@type":"Article","@id":"https:\/\/cacaunews.com\/?p=3737#article","isPartOf":{"@id":"https:\/\/cacaunews.com\/?p=3737"},"author":{"name":"Larissa Ara\u00fajo","@id":"https:\/\/cacaunews.com\/#\/schema\/person\/01842fb65f1988a32292b9001bcc8da1"},"headline":"Com exclusividade ao ElasPod, Lisdeili Nobre fala pela primeira vez sobre a sua filia\u00e7\u00e3o ao UB.","datePublished":"2023-12-08T21:31:21+00:00","dateModified":"2023-12-09T19:00:59+00:00","mainEntityOfPage":{"@id":"https:\/\/cacaunews.com\/?p=3737"},"wordCount":179,"commentCount":0,"publisher":{"@id":"https:\/\/cacaunews.com\/#organization"},"keywords":["Pol\u00edtica itabuna Partido Podcast Entrevista Mulher"],"articleSection":["Cacau News TV"],"inLanguage":"pt-BR","potentialAction":[{"@type":"CommentAction","name":"Comment","target":["https:\/\/cacaunews.com\/?p=3737#respond"]}]},{"@type":"WebPage","@id":"https:\/\/cacaunews.com\/?p=3737","url":"https:\/\/cacaunews.com\/?p=3737","name":"Com exclusividade ao ElasPod, Lisdeili Nobre fala pela primeira vez sobre a sua filia\u00e7\u00e3o ao UB. - Cacau News","isPartOf":{"@id":"https:\/\/cacaunews.com\/#website"},"datePublished":"2023-12-08T21:31:21+00:00","dateModified":"2023-12-09T19:00:59+00:00","breadcrumb":{"@id":"https:\/\/cacaunews.com\/?p=3737#breadcrumb"},"inLanguage":"pt-BR","potentialAction":[{"@type":"ReadAction","target":["https:\/\/cacaunews.com\/?p=3737"]}]},{"@type":"BreadcrumbList","@id":"https:\/\/cacaunews.com\/?p=3737#breadcrumb","itemListElement":[{"@type":"ListItem","position":1,"name":"In\u00edcio","item":"https:\/\/cacaunews.com\/"},{"@type":"ListItem","position":2,"name":"Com exclusividade ao ElasPod, Lisdeili Nobre fala pela primeira vez sobre a sua filia\u00e7\u00e3o ao UB."}]},{"@type":"WebSite","@id":"https:\/\/cacaunews.com\/#website","url":"https:\/\/cacaunews.com\/","name":"Cacau News","description":"A Informa\u00e7\u00e3o que voc\u00ea precisa!","publisher":{"@id":"https:\/\/cacaunews.com\/#organization"},"potentialAction":[{"@type":"SearchAction","target":{"@type":"EntryPoint","urlTemplate":"https:\/\/cacaunews.com\/?s={search_term_string}"},"query-input":"required name=search_term_string"}],"inLanguage":"pt-BR"},{"@type":"Organization","@id":"https:\/\/cacaunews.com\/#organization","name":"Cacau News","url":"https:\/\/cacaunews.com\/","logo":{"@type":"ImageObject","inLanguage":"pt-BR","@id":"https:\/\/cacaunews.com\/#\/schema\/logo\/image\/","url":"https:\/\/cacaunews.com\/wp-content\/uploads\/2025\/01\/cropped-LOGO-NOVA.png","contentUrl":"https:\/\/cacaunews.com\/wp-content\/uploads\/2025\/01\/cropped-LOGO-NOVA.png","width":813,"height":813,"caption":"Cacau News"},"image":{"@id":"https:\/\/cacaunews.com\/#\/schema\/logo\/image\/"},"sameAs":["https:\/\/www.instagram.com\/cacaunews.online\/","https:\/\/youtube.com\/@cacaunews?si=0VXLnjl08SrWbVG9"]},{"@type":"Person","@id":"https:\/\/cacaunews.com\/#\/schema\/person\/01842fb65f1988a32292b9001bcc8da1","name":"Larissa Ara\u00fajo","image":{"@type":"ImageObject","inLanguage":"pt-BR","@id":"https:\/\/cacaunews.com\/#\/schema\/person\/image\/","url":"https:\/\/secure.gravatar.com\/avatar\/a0326d150c7b18e3d35f112fc5b57e78?s=96&d=mm&r=g","contentUrl":"https:\/\/secure.gravatar.com\/avatar\/a0326d150c7b18e3d35f112fc5b57e78?s=96&d=mm&r=g","caption":"Larissa Ara\u00fajo"},"sameAs":["http:\/\/www.cacaunews.com"],"url":"https:\/\/cacaunews.com\/?author=2"}]}},"jetpack_sharing_enabled":true,"jetpack_featured_media_url":"https:\/\/cacaunews.com\/wp-content\/uploads\/2023\/12\/IMG_20231208_181003-5.jpg","_links":{"self":[{"href":"https:\/\/cacaunews.com\/index.php?rest_route=\/wp\/v2\/posts\/3737"}],"collection":[{"href":"https:\/\/cacaunews.com\/index.php?rest_route=\/wp\/v2\/posts"}],"about":[{"href":"https:\/\/cacaunews.com\/index.php?rest_route=\/wp\/v2\/types\/post"}],"author":[{"embeddable":true,"href":"https:\/\/cacaunews.com\/index.php?rest_route=\/wp\/v2\/users\/2"}],"replies":[{"embeddable":true,"href":"https:\/\/cacaunews.com\/index.php?rest_route=%2Fwp%2Fv2%2Fcomments&post=3737"}],"version-history":[{"count":5,"href":"https:\/\/cacaunews.com\/index.php?rest_route=\/wp\/v2\/posts\/3737\/revisions"}],"predecessor-version":[{"id":3768,"href":"https:\/\/cacaunews.com\/index.php?rest_route=\/wp\/v2\/posts\/3737\/revisions\/3768"}],"wp:featuredmedia":[{"embeddable":true,"href":"https:\/\/cacaunews.com\/index.php?rest_route=\/wp\/v2\/media\/3756"}],"wp:attachment":[{"href":"https:\/\/cacaunews.com\/index.php?rest_route=%2Fwp%2Fv2%2Fmedia&parent=3737"}],"wp:term":[{"taxonomy":"category","embeddable":true,"href":"https:\/\/cacaunews.com\/index.php?rest_route=%2Fwp%2Fv2%2Fcategories&post=3737"},{"taxonomy":"post_tag","embeddable":true,"href":"https:\/\/cacaunews.com\/index.php?rest_route=%2Fwp%2Fv2%2Ftags&post=3737"}],"curies":[{"name":"wp","href":"https:\/\/api.w.org\/{rel}","templated":true}]}}