{"id":3788,"date":"2023-12-11T17:52:11","date_gmt":"2023-12-11T17:52:11","guid":{"rendered":"https:\/\/cacaunews.com\/?p=3788"},"modified":"2023-12-11T17:52:11","modified_gmt":"2023-12-11T17:52:11","slug":"em-ilheus-governador-inaugura-26a-policlinica-regional-e-unidade-basica-de-saude","status":"publish","type":"post","link":"https:\/\/cacaunews.com\/?p=3788","title":{"rendered":"Em Ilh\u00e9us, governador inaugura 26\u00aa Policl\u00ednica Regional e Unidade B\u00e1sica de Sa\u00fade."},"content":{"rendered":"\n<p><br><em>O investimento feito pelo Governo do Estado foi de R$ 37,8 milh\u00f5es, entre obra f\u00edsica e equipamentos<\/em>.<br> <br>A 26\u00b0 Policl\u00ednica Regional de Sa\u00fade foi inaugurada nesta segunda-feira (11), em Ilh\u00e9us, no litoral sul do estado, pelo governador Jer\u00f4nimo Rodrigues. Localizada na Rodovia Jorge Amado, a unidade oferece consultas especializadas, pequenos procedimentos cir\u00fargicos e exames de m\u00e9dia e alta complexidade. A policl\u00ednica tamb\u00e9m atender\u00e1 aos moradores das cidades de Canavieiras, Coaraci, Gongogi, Itacar\u00e9, Mara\u00fa, Santa Luzia, Ubaitaba, Una e Uru\u00e7uca atrav\u00e9s do Cons\u00f3rcio Interfederativo de Sa\u00fade das Terras do Cacau. O investimento feito pelo Governo do Estado por meio da Secretaria da Sa\u00fade (Sesab) foi de R$ 37,8 milh\u00f5es, entre obra f\u00edsica e equipamentos. A obra foi executada pela Companhia de Desenvolvimento Urbano da Bahia (Conder), \u00f3rg\u00e3o vinculado \u00e0 Secretaria de Desenvolvimento Urbano (Sedur).<\/p>\n\n\n\n<figure class=\"wp-block-image size-large\"><img fetchpriority=\"high\" decoding=\"async\" width=\"1024\" height=\"682\" src=\"https:\/\/cacaunews.com\/wp-content\/uploads\/2023\/12\/IMG-20231211-WA0114-1024x682.jpg\" alt=\"\" class=\"wp-image-3786\" srcset=\"https:\/\/cacaunews.com\/wp-content\/uploads\/2023\/12\/IMG-20231211-WA0114-1024x682.jpg 1024w, https:\/\/cacaunews.com\/wp-content\/uploads\/2023\/12\/IMG-20231211-WA0114-300x200.jpg 300w, https:\/\/cacaunews.com\/wp-content\/uploads\/2023\/12\/IMG-20231211-WA0114-768x512.jpg 768w, https:\/\/cacaunews.com\/wp-content\/uploads\/2023\/12\/IMG-20231211-WA0114-1536x1023.jpg 1536w, https:\/\/cacaunews.com\/wp-content\/uploads\/2023\/12\/IMG-20231211-WA0114.jpg 1600w\" sizes=\"(max-width: 1024px) 100vw, 1024px\" \/><figcaption class=\"wp-element-caption\">Foto: Jo\u00e1 Souza\/ GOV-BA.<\/figcaption><\/figure>\n\n\n\n<p><br> <br>\u201cEsta policl\u00ednica \u00e9 para que nenhum baiano ou baiana dessa regi\u00e3o precise padecer, em um momento posterior, por n\u00e3o ter feito um exame importante, e quando for fazer, j\u00e1 seja tarde demais. Faremos uma campanha, com as prefeituras, com os ve\u00edculos de comunica\u00e7\u00e3o, para que esta policl\u00ednica n\u00e3o fique nem um dia nenhum sem o atendimento necess\u00e1rio, fazendo uma antecipa\u00e7\u00e3o de tratamentos, e salvando vidas. Essa \u00e9 a nossa obriga\u00e7\u00e3o\u201d, garantiu o governador, que revelou tamb\u00e9m que cadastrou mais sete policl\u00ednicas no novo Programa de Acelera\u00e7\u00e3o do Crescimento (PAC) para completar a cobertura no estado.<\/p>\n\n\n\n<figure class=\"wp-block-image size-large\"><img decoding=\"async\" width=\"1024\" height=\"682\" src=\"https:\/\/cacaunews.com\/wp-content\/uploads\/2023\/12\/IMG-20231211-WA0115-1024x682.jpg\" alt=\"\" class=\"wp-image-3787\" srcset=\"https:\/\/cacaunews.com\/wp-content\/uploads\/2023\/12\/IMG-20231211-WA0115-1024x682.jpg 1024w, https:\/\/cacaunews.com\/wp-content\/uploads\/2023\/12\/IMG-20231211-WA0115-300x200.jpg 300w, https:\/\/cacaunews.com\/wp-content\/uploads\/2023\/12\/IMG-20231211-WA0115-768x512.jpg 768w, https:\/\/cacaunews.com\/wp-content\/uploads\/2023\/12\/IMG-20231211-WA0115-1536x1023.jpg 1536w, https:\/\/cacaunews.com\/wp-content\/uploads\/2023\/12\/IMG-20231211-WA0115.jpg 1600w\" sizes=\"(max-width: 1024px) 100vw, 1024px\" \/><figcaption class=\"wp-element-caption\">Foto: Jo\u00e1 Souza.<\/figcaption><\/figure>\n\n\n\n<p><br> <br>Conforme Jer\u00f4nimo, atualmente, as policl\u00ednicas recebem repasse do Governo Federal e que o custeio da unidade de Ilh\u00e9us segue o modo de gest\u00e3o das demais: partilhado entre o Governo do Estado e os munic\u00edpios que integram o Cons\u00f3rcio P\u00fablico Interfederativo. O Estado \u00e9 respons\u00e1vel por 50% do custeio da opera\u00e7\u00e3o, e os outros 50% s\u00e3o financiados pelos munic\u00edpios consorciados. O governador tamb\u00e9m fez entregas para garantir o transporte dos pacientes da policl\u00ednica, com seis micro\u00f4nibus e seis vans. Foram entregues ainda duas ambul\u00e2ncias, uma para o Hospital Regional Costa do Cacau e a outra para munic\u00edpio de Ilh\u00e9us.<br> <br><strong>Atendimento em rede<\/strong><br> <br>A secret\u00e1ria da sa\u00fade, Roberta Santana, explicou que a Policl\u00ednica de Ilh\u00e9us \u00e9 a quarta da macrorregi\u00e3o sul, que tem unidades em Valen\u00e7a, Jequi\u00e9 e Itabuna. \u201cA nossa expectativa aqui \u00e9 que 370 mil pessoas sejam atendidas [nos 10 munic\u00edpios consorciados]. O que a gente traz aqui s\u00e3o consultas especializadas, aparelho de tomografia de ponta, como o primeiro equipamento de raio-X digital que a gente entrega no interior do estado, nas nossas policl\u00ednicas. A gente est\u00e1 trazendo inova\u00e7\u00e3o\u201d, afirmou a secret\u00e1ria.<br> <br>A nova policl\u00ednica oferece consultas especializadas em angiologia, cardiologia, neurologia, endocrinologia, gastroenterologia, otorrinolaringologia, oftalmologia, urologia, ginecologia, pneumologia, dermatologia, reumatologia, anestesia e ortopedia.  A unidade tamb\u00e9m conta com atendimento em especialidades n\u00e3o m\u00e9dicas: farm\u00e1cia cl\u00ednica, enfermagem, psic\u00f3logo e nutricionista e exames de mapa, holter, ecocardiograma, ergometria, eletrocardiograma, eletroencefalograma, endoscopia digestiva, mamografia, ultrassonografia doppler, raio-X, resson\u00e2ncia magn\u00e9tica e tomografia. Ao todo, a unidade conta com 104 profissionais.<br> <br>As Policl\u00ednicas Regionais de Sa\u00fade est\u00e3o espalhadas por toda a Bahia e contemplam 408 munic\u00edpios. Juntas, as unidades assistem a mais de 13,9 milh\u00f5es de habitantes, o que representa 97% da popula\u00e7\u00e3o baiana. Desde novembro de 2017, quando foi inaugurada a primeira Policl\u00ednica Regional de Sa\u00fade, j\u00e1 foram realizados 5,3 milh\u00f5es de exames e consultas e 3.219.985 exames e procedimentos. As Policl\u00ednicas n\u00e3o s\u00e3o unidades de atendimento com portas abertas. Todas as consultas e exames s\u00e3o feitos atrav\u00e9s de um agendamento pr\u00e9vio, que deve ser realizado pela Secretaria de Sa\u00fade dos munic\u00edpios consorciados.<br> <br>As outras 24 policl\u00ednicas j\u00e1 em funcionamento est\u00e3o instaladas nas cidades de Alagoinhas, Barreiras, Brumado, Eun\u00e1polis, Feira de Santana, Guanambi, Irec\u00ea, Itaberaba, Itabuna, Jacobina, Jequi\u00e9, Juazeiro, Paulo Afonso, Ribeira do Pombal, Santo Ant\u00f4nio de Jesus, Senhor do Bonfim, Serrinha, Sim\u00f5es Filho, Teixeira de Freitas, Valen\u00e7a, Vit\u00f3ria da Conquista, Santa Maria da Vit\u00f3ria, S\u00e3o Francisco do Conde, al\u00e9m de Salvador, que possui duas policl\u00ednicas funcionando, nos bairros de Narandiba e Escada.<br> <br><strong>Mais sa\u00fade<\/strong><br> <br>No povoado Banco da Vit\u00f3ria, o governador inaugurou uma Unidade B\u00e1sica de Sa\u00fade (UBS) Tipo III que vai beneficiar cerca de seis mil habitantes da regi\u00e3o com atendimentos m\u00e9dicos, odontol\u00f3gicos e de enfermagem, al\u00e9m de salas de vacina e de curativos. Para construir e equipar a UBS, que passa para gest\u00e3o do munic\u00edpio, o Governo do Estado investiu R$ 5,6 milh\u00f5es. \u201cA UBS est\u00e1 pronta para ser utilizada e vai nos ajudar muito na retaguarda do atendimento aos pacientes com classifica\u00e7\u00e3o azuis e verdes [n\u00e3o urgentes e pouco urgentes]\u201d, acrescentou a secret\u00e1ria Roberta.<br> <br>Rep\u00f3rter: Lina Magal\u00ed\/GOVBA<br>Fotos: Jo\u00e1 Souza\/GOVBA<\/p>\n","protected":false},"excerpt":{"rendered":"<p>O investimento feito pelo Governo do Estado foi de R$ 37,8 milh\u00f5es, entre obra f\u00edsica&#8230;<\/p>\n","protected":false},"author":1,"featured_media":3785,"comment_status":"open","ping_status":"open","sticky":false,"template":"","format":"standard","meta":{"footnotes":""},"categories":[18,11,5],"tags":[39,37,1465,13],"yoast_head":"<!-- This site is optimized with the Yoast SEO plugin v21.7 - https:\/\/yoast.com\/wordpress\/plugins\/seo\/ -->\n<title>Em Ilh\u00e9us, governador inaugura 26\u00aa Policl\u00ednica Regional e Unidade B\u00e1sica de Sa\u00fade. - Cacau News<\/title>\n<meta name=\"robots\" content=\"index, follow, max-snippet:-1, max-image-preview:large, max-video-preview:-1\" \/>\n<link rel=\"canonical\" href=\"https:\/\/cacaunews.com\/?p=3788\" \/>\n<meta property=\"og:locale\" content=\"pt_BR\" \/>\n<meta property=\"og:type\" content=\"article\" \/>\n<meta property=\"og:title\" content=\"Em Ilh\u00e9us, governador inaugura 26\u00aa Policl\u00ednica Regional e Unidade B\u00e1sica de Sa\u00fade. - Cacau News\" \/>\n<meta property=\"og:description\" content=\"O investimento feito pelo Governo do Estado foi de R$ 37,8 milh\u00f5es, entre obra f\u00edsica...\" \/>\n<meta property=\"og:url\" content=\"https:\/\/cacaunews.com\/?p=3788\" \/>\n<meta property=\"og:site_name\" content=\"Cacau News\" \/>\n<meta property=\"article:published_time\" content=\"2023-12-11T17:52:11+00:00\" \/>\n<meta property=\"og:image\" content=\"https:\/\/cacaunews.com\/wp-content\/uploads\/2023\/12\/IMG-20231211-WA0116.jpg\" \/>\n\t<meta property=\"og:image:width\" content=\"1600\" \/>\n\t<meta property=\"og:image:height\" content=\"1000\" \/>\n\t<meta property=\"og:image:type\" content=\"image\/jpeg\" \/>\n<meta name=\"author\" content=\"Reda\u00e7\u00e3o Cacau News\" \/>\n<meta name=\"twitter:card\" content=\"summary_large_image\" \/>\n<meta name=\"twitter:label1\" content=\"Escrito por\" \/>\n\t<meta name=\"twitter:data1\" content=\"Reda\u00e7\u00e3o Cacau News\" \/>\n\t<meta name=\"twitter:label2\" content=\"Est. tempo de leitura\" \/>\n\t<meta name=\"twitter:data2\" content=\"4 minutos\" \/>\n<script type=\"application\/ld+json\" class=\"yoast-schema-graph\">{\"@context\":\"https:\/\/schema.org\",\"@graph\":[{\"@type\":\"Article\",\"@id\":\"https:\/\/cacaunews.com\/?p=3788#article\",\"isPartOf\":{\"@id\":\"https:\/\/cacaunews.com\/?p=3788\"},\"author\":{\"name\":\"Reda\u00e7\u00e3o Cacau News\",\"@id\":\"https:\/\/cacaunews.com\/#\/schema\/person\/ea69703103e606ad347ccd64bd72ef79\"},\"headline\":\"Em Ilh\u00e9us, governador inaugura 26\u00aa Policl\u00ednica Regional e Unidade B\u00e1sica de Sa\u00fade.\",\"datePublished\":\"2023-12-11T17:52:11+00:00\",\"dateModified\":\"2023-12-11T17:52:11+00:00\",\"mainEntityOfPage\":{\"@id\":\"https:\/\/cacaunews.com\/?p=3788\"},\"wordCount\":850,\"commentCount\":0,\"publisher\":{\"@id\":\"https:\/\/cacaunews.com\/#organization\"},\"keywords\":[\"bahia\",\"ilheus\",\"policl\u00ednica regional\",\"sa\u00fade\"],\"articleSection\":[\"cidades\",\"Jornalismo\",\"Politica\"],\"inLanguage\":\"pt-BR\",\"potentialAction\":[{\"@type\":\"CommentAction\",\"name\":\"Comment\",\"target\":[\"https:\/\/cacaunews.com\/?p=3788#respond\"]}]},{\"@type\":\"WebPage\",\"@id\":\"https:\/\/cacaunews.com\/?p=3788\",\"url\":\"https:\/\/cacaunews.com\/?p=3788\",\"name\":\"Em Ilh\u00e9us, governador inaugura 26\u00aa Policl\u00ednica Regional e Unidade B\u00e1sica de Sa\u00fade. - Cacau News\",\"isPartOf\":{\"@id\":\"https:\/\/cacaunews.com\/#website\"},\"datePublished\":\"2023-12-11T17:52:11+00:00\",\"dateModified\":\"2023-12-11T17:52:11+00:00\",\"breadcrumb\":{\"@id\":\"https:\/\/cacaunews.com\/?p=3788#breadcrumb\"},\"inLanguage\":\"pt-BR\",\"potentialAction\":[{\"@type\":\"ReadAction\",\"target\":[\"https:\/\/cacaunews.com\/?p=3788\"]}]},{\"@type\":\"BreadcrumbList\",\"@id\":\"https:\/\/cacaunews.com\/?p=3788#breadcrumb\",\"itemListElement\":[{\"@type\":\"ListItem\",\"position\":1,\"name\":\"In\u00edcio\",\"item\":\"https:\/\/cacaunews.com\/\"},{\"@type\":\"ListItem\",\"position\":2,\"name\":\"Em Ilh\u00e9us, governador inaugura 26\u00aa Policl\u00ednica Regional e Unidade B\u00e1sica de Sa\u00fade.\"}]},{\"@type\":\"WebSite\",\"@id\":\"https:\/\/cacaunews.com\/#website\",\"url\":\"https:\/\/cacaunews.com\/\",\"name\":\"Cacau News\",\"description\":\"A Informa\u00e7\u00e3o que voc\u00ea precisa!\",\"publisher\":{\"@id\":\"https:\/\/cacaunews.com\/#organization\"},\"potentialAction\":[{\"@type\":\"SearchAction\",\"target\":{\"@type\":\"EntryPoint\",\"urlTemplate\":\"https:\/\/cacaunews.com\/?s={search_term_string}\"},\"query-input\":\"required name=search_term_string\"}],\"inLanguage\":\"pt-BR\"},{\"@type\":\"Organization\",\"@id\":\"https:\/\/cacaunews.com\/#organization\",\"name\":\"Cacau News\",\"url\":\"https:\/\/cacaunews.com\/\",\"logo\":{\"@type\":\"ImageObject\",\"inLanguage\":\"pt-BR\",\"@id\":\"https:\/\/cacaunews.com\/#\/schema\/logo\/image\/\",\"url\":\"https:\/\/cacaunews.com\/wp-content\/uploads\/2025\/01\/cropped-LOGO-NOVA.png\",\"contentUrl\":\"https:\/\/cacaunews.com\/wp-content\/uploads\/2025\/01\/cropped-LOGO-NOVA.png\",\"width\":813,\"height\":813,\"caption\":\"Cacau News\"},\"image\":{\"@id\":\"https:\/\/cacaunews.com\/#\/schema\/logo\/image\/\"},\"sameAs\":[\"https:\/\/www.instagram.com\/cacaunews.online\/\",\"https:\/\/youtube.com\/@cacaunews?si=0VXLnjl08SrWbVG9\"]},{\"@type\":\"Person\",\"@id\":\"https:\/\/cacaunews.com\/#\/schema\/person\/ea69703103e606ad347ccd64bd72ef79\",\"name\":\"Reda\u00e7\u00e3o Cacau News\",\"image\":{\"@type\":\"ImageObject\",\"inLanguage\":\"pt-BR\",\"@id\":\"https:\/\/cacaunews.com\/#\/schema\/person\/image\/\",\"url\":\"https:\/\/secure.gravatar.com\/avatar\/d79227a2a7b6cc42e8d7a8f7c284cd3a?s=96&d=mm&r=g\",\"contentUrl\":\"https:\/\/secure.gravatar.com\/avatar\/d79227a2a7b6cc42e8d7a8f7c284cd3a?s=96&d=mm&r=g\",\"caption\":\"Reda\u00e7\u00e3o Cacau News\"},\"sameAs\":[\"https:\/\/cacaunews.com\"],\"url\":\"https:\/\/cacaunews.com\/?author=1\"}]}<\/script>\n<!-- \/ Yoast SEO plugin. -->","yoast_head_json":{"title":"Em Ilh\u00e9us, governador inaugura 26\u00aa Policl\u00ednica Regional e Unidade B\u00e1sica de Sa\u00fade. - Cacau News","robots":{"index":"index","follow":"follow","max-snippet":"max-snippet:-1","max-image-preview":"max-image-preview:large","max-video-preview":"max-video-preview:-1"},"canonical":"https:\/\/cacaunews.com\/?p=3788","og_locale":"pt_BR","og_type":"article","og_title":"Em Ilh\u00e9us, governador inaugura 26\u00aa Policl\u00ednica Regional e Unidade B\u00e1sica de Sa\u00fade. - Cacau News","og_description":"O investimento feito pelo Governo do Estado foi de R$ 37,8 milh\u00f5es, entre obra f\u00edsica...","og_url":"https:\/\/cacaunews.com\/?p=3788","og_site_name":"Cacau News","article_published_time":"2023-12-11T17:52:11+00:00","og_image":[{"width":1600,"height":1000,"url":"https:\/\/cacaunews.com\/wp-content\/uploads\/2023\/12\/IMG-20231211-WA0116.jpg","type":"image\/jpeg"}],"author":"Reda\u00e7\u00e3o Cacau News","twitter_card":"summary_large_image","twitter_misc":{"Escrito por":"Reda\u00e7\u00e3o Cacau News","Est. tempo de leitura":"4 minutos"},"schema":{"@context":"https:\/\/schema.org","@graph":[{"@type":"Article","@id":"https:\/\/cacaunews.com\/?p=3788#article","isPartOf":{"@id":"https:\/\/cacaunews.com\/?p=3788"},"author":{"name":"Reda\u00e7\u00e3o Cacau News","@id":"https:\/\/cacaunews.com\/#\/schema\/person\/ea69703103e606ad347ccd64bd72ef79"},"headline":"Em Ilh\u00e9us, governador inaugura 26\u00aa Policl\u00ednica Regional e Unidade B\u00e1sica de Sa\u00fade.","datePublished":"2023-12-11T17:52:11+00:00","dateModified":"2023-12-11T17:52:11+00:00","mainEntityOfPage":{"@id":"https:\/\/cacaunews.com\/?p=3788"},"wordCount":850,"commentCount":0,"publisher":{"@id":"https:\/\/cacaunews.com\/#organization"},"keywords":["bahia","ilheus","policl\u00ednica regional","sa\u00fade"],"articleSection":["cidades","Jornalismo","Politica"],"inLanguage":"pt-BR","potentialAction":[{"@type":"CommentAction","name":"Comment","target":["https:\/\/cacaunews.com\/?p=3788#respond"]}]},{"@type":"WebPage","@id":"https:\/\/cacaunews.com\/?p=3788","url":"https:\/\/cacaunews.com\/?p=3788","name":"Em Ilh\u00e9us, governador inaugura 26\u00aa Policl\u00ednica Regional e Unidade B\u00e1sica de Sa\u00fade. - Cacau News","isPartOf":{"@id":"https:\/\/cacaunews.com\/#website"},"datePublished":"2023-12-11T17:52:11+00:00","dateModified":"2023-12-11T17:52:11+00:00","breadcrumb":{"@id":"https:\/\/cacaunews.com\/?p=3788#breadcrumb"},"inLanguage":"pt-BR","potentialAction":[{"@type":"ReadAction","target":["https:\/\/cacaunews.com\/?p=3788"]}]},{"@type":"BreadcrumbList","@id":"https:\/\/cacaunews.com\/?p=3788#breadcrumb","itemListElement":[{"@type":"ListItem","position":1,"name":"In\u00edcio","item":"https:\/\/cacaunews.com\/"},{"@type":"ListItem","position":2,"name":"Em Ilh\u00e9us, governador inaugura 26\u00aa Policl\u00ednica Regional e Unidade B\u00e1sica de Sa\u00fade."}]},{"@type":"WebSite","@id":"https:\/\/cacaunews.com\/#website","url":"https:\/\/cacaunews.com\/","name":"Cacau News","description":"A Informa\u00e7\u00e3o que voc\u00ea precisa!","publisher":{"@id":"https:\/\/cacaunews.com\/#organization"},"potentialAction":[{"@type":"SearchAction","target":{"@type":"EntryPoint","urlTemplate":"https:\/\/cacaunews.com\/?s={search_term_string}"},"query-input":"required name=search_term_string"}],"inLanguage":"pt-BR"},{"@type":"Organization","@id":"https:\/\/cacaunews.com\/#organization","name":"Cacau News","url":"https:\/\/cacaunews.com\/","logo":{"@type":"ImageObject","inLanguage":"pt-BR","@id":"https:\/\/cacaunews.com\/#\/schema\/logo\/image\/","url":"https:\/\/cacaunews.com\/wp-content\/uploads\/2025\/01\/cropped-LOGO-NOVA.png","contentUrl":"https:\/\/cacaunews.com\/wp-content\/uploads\/2025\/01\/cropped-LOGO-NOVA.png","width":813,"height":813,"caption":"Cacau News"},"image":{"@id":"https:\/\/cacaunews.com\/#\/schema\/logo\/image\/"},"sameAs":["https:\/\/www.instagram.com\/cacaunews.online\/","https:\/\/youtube.com\/@cacaunews?si=0VXLnjl08SrWbVG9"]},{"@type":"Person","@id":"https:\/\/cacaunews.com\/#\/schema\/person\/ea69703103e606ad347ccd64bd72ef79","name":"Reda\u00e7\u00e3o Cacau News","image":{"@type":"ImageObject","inLanguage":"pt-BR","@id":"https:\/\/cacaunews.com\/#\/schema\/person\/image\/","url":"https:\/\/secure.gravatar.com\/avatar\/d79227a2a7b6cc42e8d7a8f7c284cd3a?s=96&d=mm&r=g","contentUrl":"https:\/\/secure.gravatar.com\/avatar\/d79227a2a7b6cc42e8d7a8f7c284cd3a?s=96&d=mm&r=g","caption":"Reda\u00e7\u00e3o Cacau News"},"sameAs":["https:\/\/cacaunews.com"],"url":"https:\/\/cacaunews.com\/?author=1"}]}},"jetpack_sharing_enabled":true,"jetpack_featured_media_url":"https:\/\/cacaunews.com\/wp-content\/uploads\/2023\/12\/IMG-20231211-WA0116.jpg","_links":{"self":[{"href":"https:\/\/cacaunews.com\/index.php?rest_route=\/wp\/v2\/posts\/3788"}],"collection":[{"href":"https:\/\/cacaunews.com\/index.php?rest_route=\/wp\/v2\/posts"}],"about":[{"href":"https:\/\/cacaunews.com\/index.php?rest_route=\/wp\/v2\/types\/post"}],"author":[{"embeddable":true,"href":"https:\/\/cacaunews.com\/index.php?rest_route=\/wp\/v2\/users\/1"}],"replies":[{"embeddable":true,"href":"https:\/\/cacaunews.com\/index.php?rest_route=%2Fwp%2Fv2%2Fcomments&post=3788"}],"version-history":[{"count":0,"href":"https:\/\/cacaunews.com\/index.php?rest_route=\/wp\/v2\/posts\/3788\/revisions"}],"wp:featuredmedia":[{"embeddable":true,"href":"https:\/\/cacaunews.com\/index.php?rest_route=\/wp\/v2\/media\/3785"}],"wp:attachment":[{"href":"https:\/\/cacaunews.com\/index.php?rest_route=%2Fwp%2Fv2%2Fmedia&parent=3788"}],"wp:term":[{"taxonomy":"category","embeddable":true,"href":"https:\/\/cacaunews.com\/index.php?rest_route=%2Fwp%2Fv2%2Fcategories&post=3788"},{"taxonomy":"post_tag","embeddable":true,"href":"https:\/\/cacaunews.com\/index.php?rest_route=%2Fwp%2Fv2%2Ftags&post=3788"}],"curies":[{"name":"wp","href":"https:\/\/api.w.org\/{rel}","templated":true}]}}