{"id":3831,"date":"2023-12-14T00:28:56","date_gmt":"2023-12-14T00:28:56","guid":{"rendered":"https:\/\/cacaunews.com\/?p=3831"},"modified":"2023-12-14T00:32:40","modified_gmt":"2023-12-14T00:32:40","slug":"itabuna-em-assembleia-trabalhadores-da-saude-da-santa-casa-aprovam-greve-a-partir-de-segunda18","status":"publish","type":"post","link":"https:\/\/cacaunews.com\/?p=3831","title":{"rendered":"Itabuna: Em assembl\u00e9ia, trabalhadores da sa\u00fade da Santa casa aprovam greve a partir de segunda(18)."},"content":{"rendered":"\n<p>Em assembl\u00e9ia realizada hoje (13), no audit\u00f3rio do Sindicato dos Trabalhadores da Sa\u00fade de Itabuna &#8211; SINTESI, por maioria absoluta, foi decidida a aprova\u00e7\u00e3o do in\u00edcio de greve na Santa Casa de Miseric\u00f3rdia, a partir da pr\u00f3xima segunda (18), caso a situa\u00e7\u00e3o de atrasos nos sal\u00e1rios n\u00e3o seja resolvida.<\/p>\n\n\n\n<p>Como informado, a medida acontece por conta do atraso no pagamento de sal\u00e1rio dos trabalhadores, segundo informa\u00e7\u00f5es o m\u00eas de novembro ainda n\u00e3o foi creditado na conta dos profissionais.<\/p>\n\n\n\n<p>A Santa Casa de Miseric\u00f3rdia por sua vez alega o n\u00e3o repasse por parte da Prefeitura Municipal, e alega estar em situa\u00e7\u00e3o muito prec\u00e1ria, chega-se a falar em cancelamento de alguns procedimentos e cirurgias.<\/p>\n\n\n\n<p>Vale lembrar que recentemente foi cobrado pelo  deputado estadual Pancadinha (Solidariedade) o envio para Santa Casa de uma emenda, no valor de 1 milh\u00e3o de reais encaminhada pelo deputado federal Elmar Nascimento (Uni\u00e3o), para o setor de hemodi\u00e1lise, mas que segundo informa\u00e7\u00f5es est\u00e1 na conta do munic\u00edpio por\u00e9m ainda n\u00e3o foi repassada para seu destino.<\/p>\n\n\n\n<p>Vamos aguardar as cenas dos pr\u00f3ximos cap\u00edtulos!<\/p>\n","protected":false},"excerpt":{"rendered":"<p>Em assembl\u00e9ia realizada hoje (13), no audit\u00f3rio do Sindicato dos Trabalhadores da Sa\u00fade de Itabuna&#8230;<\/p>\n","protected":false},"author":1,"featured_media":3830,"comment_status":"open","ping_status":"open","sticky":false,"template":"","format":"standard","meta":{"footnotes":""},"categories":[18,11],"tags":[766,27,13,1363],"yoast_head":"<!-- This site is optimized with the Yoast SEO plugin v21.7 - https:\/\/yoast.com\/wordpress\/plugins\/seo\/ -->\n<title>Itabuna: Em assembl\u00e9ia, trabalhadores da sa\u00fade da Santa casa aprovam greve a partir de segunda(18). - Cacau News<\/title>\n<meta name=\"robots\" content=\"index, follow, max-snippet:-1, max-image-preview:large, max-video-preview:-1\" \/>\n<link rel=\"canonical\" href=\"https:\/\/cacaunews.com\/?p=3831\" \/>\n<meta property=\"og:locale\" content=\"pt_BR\" \/>\n<meta property=\"og:type\" content=\"article\" \/>\n<meta property=\"og:title\" content=\"Itabuna: Em assembl\u00e9ia, trabalhadores da sa\u00fade da Santa casa aprovam greve a partir de segunda(18). - Cacau News\" \/>\n<meta property=\"og:description\" content=\"Em assembl\u00e9ia realizada hoje (13), no audit\u00f3rio do Sindicato dos Trabalhadores da Sa\u00fade de Itabuna...\" \/>\n<meta property=\"og:url\" content=\"https:\/\/cacaunews.com\/?p=3831\" \/>\n<meta property=\"og:site_name\" content=\"Cacau News\" \/>\n<meta property=\"article:published_time\" content=\"2023-12-14T00:28:56+00:00\" \/>\n<meta property=\"article:modified_time\" content=\"2023-12-14T00:32:40+00:00\" \/>\n<meta property=\"og:image\" content=\"https:\/\/cacaunews.com\/wp-content\/uploads\/2023\/12\/IMG-20231213-WA0352.jpg\" \/>\n\t<meta property=\"og:image:width\" content=\"1600\" \/>\n\t<meta property=\"og:image:height\" content=\"1200\" \/>\n\t<meta property=\"og:image:type\" content=\"image\/jpeg\" \/>\n<meta name=\"author\" content=\"Reda\u00e7\u00e3o Cacau News\" \/>\n<meta name=\"twitter:card\" content=\"summary_large_image\" \/>\n<meta name=\"twitter:label1\" content=\"Escrito por\" \/>\n\t<meta name=\"twitter:data1\" content=\"Reda\u00e7\u00e3o Cacau News\" \/>\n\t<meta name=\"twitter:label2\" content=\"Est. tempo de leitura\" \/>\n\t<meta name=\"twitter:data2\" content=\"1 minuto\" \/>\n<script type=\"application\/ld+json\" class=\"yoast-schema-graph\">{\"@context\":\"https:\/\/schema.org\",\"@graph\":[{\"@type\":\"Article\",\"@id\":\"https:\/\/cacaunews.com\/?p=3831#article\",\"isPartOf\":{\"@id\":\"https:\/\/cacaunews.com\/?p=3831\"},\"author\":{\"name\":\"Reda\u00e7\u00e3o Cacau News\",\"@id\":\"https:\/\/cacaunews.com\/#\/schema\/person\/ea69703103e606ad347ccd64bd72ef79\"},\"headline\":\"Itabuna: Em assembl\u00e9ia, trabalhadores da sa\u00fade da Santa casa aprovam greve a partir de segunda(18).\",\"datePublished\":\"2023-12-14T00:28:56+00:00\",\"dateModified\":\"2023-12-14T00:32:40+00:00\",\"mainEntityOfPage\":{\"@id\":\"https:\/\/cacaunews.com\/?p=3831\"},\"wordCount\":215,\"commentCount\":0,\"publisher\":{\"@id\":\"https:\/\/cacaunews.com\/#organization\"},\"keywords\":[\"greve\",\"itabuna\",\"sa\u00fade\",\"sintesi\"],\"articleSection\":[\"cidades\",\"Jornalismo\"],\"inLanguage\":\"pt-BR\",\"potentialAction\":[{\"@type\":\"CommentAction\",\"name\":\"Comment\",\"target\":[\"https:\/\/cacaunews.com\/?p=3831#respond\"]}]},{\"@type\":\"WebPage\",\"@id\":\"https:\/\/cacaunews.com\/?p=3831\",\"url\":\"https:\/\/cacaunews.com\/?p=3831\",\"name\":\"Itabuna: Em assembl\u00e9ia, trabalhadores da sa\u00fade da Santa casa aprovam greve a partir de segunda(18). - Cacau News\",\"isPartOf\":{\"@id\":\"https:\/\/cacaunews.com\/#website\"},\"datePublished\":\"2023-12-14T00:28:56+00:00\",\"dateModified\":\"2023-12-14T00:32:40+00:00\",\"breadcrumb\":{\"@id\":\"https:\/\/cacaunews.com\/?p=3831#breadcrumb\"},\"inLanguage\":\"pt-BR\",\"potentialAction\":[{\"@type\":\"ReadAction\",\"target\":[\"https:\/\/cacaunews.com\/?p=3831\"]}]},{\"@type\":\"BreadcrumbList\",\"@id\":\"https:\/\/cacaunews.com\/?p=3831#breadcrumb\",\"itemListElement\":[{\"@type\":\"ListItem\",\"position\":1,\"name\":\"In\u00edcio\",\"item\":\"https:\/\/cacaunews.com\/\"},{\"@type\":\"ListItem\",\"position\":2,\"name\":\"Itabuna: Em assembl\u00e9ia, trabalhadores da sa\u00fade da Santa casa aprovam greve a partir de segunda(18).\"}]},{\"@type\":\"WebSite\",\"@id\":\"https:\/\/cacaunews.com\/#website\",\"url\":\"https:\/\/cacaunews.com\/\",\"name\":\"Cacau News\",\"description\":\"A Informa\u00e7\u00e3o que voc\u00ea precisa!\",\"publisher\":{\"@id\":\"https:\/\/cacaunews.com\/#organization\"},\"potentialAction\":[{\"@type\":\"SearchAction\",\"target\":{\"@type\":\"EntryPoint\",\"urlTemplate\":\"https:\/\/cacaunews.com\/?s={search_term_string}\"},\"query-input\":\"required name=search_term_string\"}],\"inLanguage\":\"pt-BR\"},{\"@type\":\"Organization\",\"@id\":\"https:\/\/cacaunews.com\/#organization\",\"name\":\"Cacau News\",\"url\":\"https:\/\/cacaunews.com\/\",\"logo\":{\"@type\":\"ImageObject\",\"inLanguage\":\"pt-BR\",\"@id\":\"https:\/\/cacaunews.com\/#\/schema\/logo\/image\/\",\"url\":\"https:\/\/cacaunews.com\/wp-content\/uploads\/2025\/01\/cropped-LOGO-NOVA.png\",\"contentUrl\":\"https:\/\/cacaunews.com\/wp-content\/uploads\/2025\/01\/cropped-LOGO-NOVA.png\",\"width\":813,\"height\":813,\"caption\":\"Cacau News\"},\"image\":{\"@id\":\"https:\/\/cacaunews.com\/#\/schema\/logo\/image\/\"},\"sameAs\":[\"https:\/\/www.instagram.com\/cacaunews.online\/\",\"https:\/\/youtube.com\/@cacaunews?si=0VXLnjl08SrWbVG9\"]},{\"@type\":\"Person\",\"@id\":\"https:\/\/cacaunews.com\/#\/schema\/person\/ea69703103e606ad347ccd64bd72ef79\",\"name\":\"Reda\u00e7\u00e3o Cacau News\",\"image\":{\"@type\":\"ImageObject\",\"inLanguage\":\"pt-BR\",\"@id\":\"https:\/\/cacaunews.com\/#\/schema\/person\/image\/\",\"url\":\"https:\/\/secure.gravatar.com\/avatar\/d79227a2a7b6cc42e8d7a8f7c284cd3a?s=96&d=mm&r=g\",\"contentUrl\":\"https:\/\/secure.gravatar.com\/avatar\/d79227a2a7b6cc42e8d7a8f7c284cd3a?s=96&d=mm&r=g\",\"caption\":\"Reda\u00e7\u00e3o Cacau News\"},\"sameAs\":[\"https:\/\/cacaunews.com\"],\"url\":\"https:\/\/cacaunews.com\/?author=1\"}]}<\/script>\n<!-- \/ Yoast SEO plugin. -->","yoast_head_json":{"title":"Itabuna: Em assembl\u00e9ia, trabalhadores da sa\u00fade da Santa casa aprovam greve a partir de segunda(18). - Cacau News","robots":{"index":"index","follow":"follow","max-snippet":"max-snippet:-1","max-image-preview":"max-image-preview:large","max-video-preview":"max-video-preview:-1"},"canonical":"https:\/\/cacaunews.com\/?p=3831","og_locale":"pt_BR","og_type":"article","og_title":"Itabuna: Em assembl\u00e9ia, trabalhadores da sa\u00fade da Santa casa aprovam greve a partir de segunda(18). - Cacau News","og_description":"Em assembl\u00e9ia realizada hoje (13), no audit\u00f3rio do Sindicato dos Trabalhadores da Sa\u00fade de Itabuna...","og_url":"https:\/\/cacaunews.com\/?p=3831","og_site_name":"Cacau News","article_published_time":"2023-12-14T00:28:56+00:00","article_modified_time":"2023-12-14T00:32:40+00:00","og_image":[{"width":1600,"height":1200,"url":"https:\/\/cacaunews.com\/wp-content\/uploads\/2023\/12\/IMG-20231213-WA0352.jpg","type":"image\/jpeg"}],"author":"Reda\u00e7\u00e3o Cacau News","twitter_card":"summary_large_image","twitter_misc":{"Escrito por":"Reda\u00e7\u00e3o Cacau News","Est. tempo de leitura":"1 minuto"},"schema":{"@context":"https:\/\/schema.org","@graph":[{"@type":"Article","@id":"https:\/\/cacaunews.com\/?p=3831#article","isPartOf":{"@id":"https:\/\/cacaunews.com\/?p=3831"},"author":{"name":"Reda\u00e7\u00e3o Cacau News","@id":"https:\/\/cacaunews.com\/#\/schema\/person\/ea69703103e606ad347ccd64bd72ef79"},"headline":"Itabuna: Em assembl\u00e9ia, trabalhadores da sa\u00fade da Santa casa aprovam greve a partir de segunda(18).","datePublished":"2023-12-14T00:28:56+00:00","dateModified":"2023-12-14T00:32:40+00:00","mainEntityOfPage":{"@id":"https:\/\/cacaunews.com\/?p=3831"},"wordCount":215,"commentCount":0,"publisher":{"@id":"https:\/\/cacaunews.com\/#organization"},"keywords":["greve","itabuna","sa\u00fade","sintesi"],"articleSection":["cidades","Jornalismo"],"inLanguage":"pt-BR","potentialAction":[{"@type":"CommentAction","name":"Comment","target":["https:\/\/cacaunews.com\/?p=3831#respond"]}]},{"@type":"WebPage","@id":"https:\/\/cacaunews.com\/?p=3831","url":"https:\/\/cacaunews.com\/?p=3831","name":"Itabuna: Em assembl\u00e9ia, trabalhadores da sa\u00fade da Santa casa aprovam greve a partir de segunda(18). - Cacau News","isPartOf":{"@id":"https:\/\/cacaunews.com\/#website"},"datePublished":"2023-12-14T00:28:56+00:00","dateModified":"2023-12-14T00:32:40+00:00","breadcrumb":{"@id":"https:\/\/cacaunews.com\/?p=3831#breadcrumb"},"inLanguage":"pt-BR","potentialAction":[{"@type":"ReadAction","target":["https:\/\/cacaunews.com\/?p=3831"]}]},{"@type":"BreadcrumbList","@id":"https:\/\/cacaunews.com\/?p=3831#breadcrumb","itemListElement":[{"@type":"ListItem","position":1,"name":"In\u00edcio","item":"https:\/\/cacaunews.com\/"},{"@type":"ListItem","position":2,"name":"Itabuna: Em assembl\u00e9ia, trabalhadores da sa\u00fade da Santa casa aprovam greve a partir de segunda(18)."}]},{"@type":"WebSite","@id":"https:\/\/cacaunews.com\/#website","url":"https:\/\/cacaunews.com\/","name":"Cacau News","description":"A Informa\u00e7\u00e3o que voc\u00ea precisa!","publisher":{"@id":"https:\/\/cacaunews.com\/#organization"},"potentialAction":[{"@type":"SearchAction","target":{"@type":"EntryPoint","urlTemplate":"https:\/\/cacaunews.com\/?s={search_term_string}"},"query-input":"required name=search_term_string"}],"inLanguage":"pt-BR"},{"@type":"Organization","@id":"https:\/\/cacaunews.com\/#organization","name":"Cacau News","url":"https:\/\/cacaunews.com\/","logo":{"@type":"ImageObject","inLanguage":"pt-BR","@id":"https:\/\/cacaunews.com\/#\/schema\/logo\/image\/","url":"https:\/\/cacaunews.com\/wp-content\/uploads\/2025\/01\/cropped-LOGO-NOVA.png","contentUrl":"https:\/\/cacaunews.com\/wp-content\/uploads\/2025\/01\/cropped-LOGO-NOVA.png","width":813,"height":813,"caption":"Cacau News"},"image":{"@id":"https:\/\/cacaunews.com\/#\/schema\/logo\/image\/"},"sameAs":["https:\/\/www.instagram.com\/cacaunews.online\/","https:\/\/youtube.com\/@cacaunews?si=0VXLnjl08SrWbVG9"]},{"@type":"Person","@id":"https:\/\/cacaunews.com\/#\/schema\/person\/ea69703103e606ad347ccd64bd72ef79","name":"Reda\u00e7\u00e3o Cacau News","image":{"@type":"ImageObject","inLanguage":"pt-BR","@id":"https:\/\/cacaunews.com\/#\/schema\/person\/image\/","url":"https:\/\/secure.gravatar.com\/avatar\/d79227a2a7b6cc42e8d7a8f7c284cd3a?s=96&d=mm&r=g","contentUrl":"https:\/\/secure.gravatar.com\/avatar\/d79227a2a7b6cc42e8d7a8f7c284cd3a?s=96&d=mm&r=g","caption":"Reda\u00e7\u00e3o Cacau News"},"sameAs":["https:\/\/cacaunews.com"],"url":"https:\/\/cacaunews.com\/?author=1"}]}},"jetpack_sharing_enabled":true,"jetpack_featured_media_url":"https:\/\/cacaunews.com\/wp-content\/uploads\/2023\/12\/IMG-20231213-WA0352.jpg","_links":{"self":[{"href":"https:\/\/cacaunews.com\/index.php?rest_route=\/wp\/v2\/posts\/3831"}],"collection":[{"href":"https:\/\/cacaunews.com\/index.php?rest_route=\/wp\/v2\/posts"}],"about":[{"href":"https:\/\/cacaunews.com\/index.php?rest_route=\/wp\/v2\/types\/post"}],"author":[{"embeddable":true,"href":"https:\/\/cacaunews.com\/index.php?rest_route=\/wp\/v2\/users\/1"}],"replies":[{"embeddable":true,"href":"https:\/\/cacaunews.com\/index.php?rest_route=%2Fwp%2Fv2%2Fcomments&post=3831"}],"version-history":[{"count":1,"href":"https:\/\/cacaunews.com\/index.php?rest_route=\/wp\/v2\/posts\/3831\/revisions"}],"predecessor-version":[{"id":3832,"href":"https:\/\/cacaunews.com\/index.php?rest_route=\/wp\/v2\/posts\/3831\/revisions\/3832"}],"wp:featuredmedia":[{"embeddable":true,"href":"https:\/\/cacaunews.com\/index.php?rest_route=\/wp\/v2\/media\/3830"}],"wp:attachment":[{"href":"https:\/\/cacaunews.com\/index.php?rest_route=%2Fwp%2Fv2%2Fmedia&parent=3831"}],"wp:term":[{"taxonomy":"category","embeddable":true,"href":"https:\/\/cacaunews.com\/index.php?rest_route=%2Fwp%2Fv2%2Fcategories&post=3831"},{"taxonomy":"post_tag","embeddable":true,"href":"https:\/\/cacaunews.com\/index.php?rest_route=%2Fwp%2Fv2%2Ftags&post=3831"}],"curies":[{"name":"wp","href":"https:\/\/api.w.org\/{rel}","templated":true}]}}