{"id":3842,"date":"2023-12-14T19:34:15","date_gmt":"2023-12-14T19:34:15","guid":{"rendered":"https:\/\/cacaunews.com\/?p=3842"},"modified":"2023-12-14T19:34:15","modified_gmt":"2023-12-14T19:34:15","slug":"itape-vice-prefeito-andre-jatoba-alega-que-nao-esta-foragido-e-defesa-ja-apresentou-recurso","status":"publish","type":"post","link":"https:\/\/cacaunews.com\/?p=3842","title":{"rendered":"Itap\u00e9: Vice-prefeito Andr\u00e9 Jatob\u00e1 alega que n\u00e3o est\u00e1 foragido e defesa j\u00e1 apresentou recurso."},"content":{"rendered":"\n<p>Nesta quinta-feira (14.dezembro), o vice-prefeito de Itap\u00e9, Andr\u00e9 Jatob\u00e1, teve a pris\u00e3o preventiva decretada pela 1\u00aa Vara Criminal de Ipia\u00fa. No documento, \u00e9 dito que o pedido do Minist\u00e9rio P\u00fablico estadual foi acatado porque houve quebra de fian\u00e7a.<br><br>Jatob\u00e1 disse que, em 2019, foi flagrado com uma arma de fogo e autuado por porte ilegal em Ipia\u00fa. Na ocasi\u00e3o, ele foi conduzido \u00e0 delegacia, foi arbitrada uma fian\u00e7a de R$ 1.000,00 e, em seguida, ele foi liberado.<br><br>Ainda segundo o vice-prefeito, na \u00e9poca do ocorrido, ele morava em Itabuna e esse \u00e9 o endere\u00e7o que constava nos registros judiciais. Quando ele foi eleito em Itap\u00e9 em 2020, passou a residir na cidade, mas o endere\u00e7o n\u00e3o foi atualizado no sistema judici\u00e1rio.<br><br>Neste ano, o processo foi desarquivado e houve algumas atualiza\u00e7\u00f5es, no entanto, as tr\u00eas notifica\u00e7\u00f5es foram encaminhadas para o endere\u00e7o de Itabuna, e n\u00e3o para Itap\u00e9. Jatob\u00e1 alega, ent\u00e3o, que n\u00e3o foi encontrado pelos oficiais da Justi\u00e7a e, portanto, passou a ser considerado foragido, o que, segundo ele, n\u00e3o \u00e9 verdade.<br><br>A quebra de fian\u00e7a refere-se ao fato de que o valor, anteriormente pago de R$ 1 mil, foi atualizado para R$ 5 mil e Jatob\u00e1 precisava pagar a diferen\u00e7a de R$ 4 mil: \u201cJ\u00e1 est\u00e1 protocolada a defesa, j\u00e1 paguei a diferen\u00e7a da fian\u00e7a, j\u00e1 atualizei meu endere\u00e7o e, agora, a ju\u00edza precisa despachar o relaxamento da pris\u00e3o. Essa pris\u00e3o \u00e9 arbitr\u00e1ria porque eu n\u00e3o fui notificado que estava foragido!\u201d.<br><br>Para o vice-prefeito, o ocorrido faz parte de mais uma jogada pol\u00edtica mirando as elei\u00e7\u00f5es de 2024: \u201cN\u00e3o estou foragido! Estou \u00e0 disposi\u00e7\u00e3o da Justi\u00e7a! A podrid\u00e3o da pol\u00edtica \u00e9 tamanha que ningu\u00e9m chuta cachorro morto. Isso foi feito com fins pol\u00edticos, mas meus eleitores t\u00eam ci\u00eancia disso \u00e9 tanto que, em 2020, eu fui eleito vice-prefeito. Todo mundo tem um passado!\u201d.<\/p>\n\n\n\n<p>Com Informa\u00e7\u00f5es Pauta Blog.<\/p>\n","protected":false},"excerpt":{"rendered":"<p>Nesta quinta-feira (14.dezembro), o vice-prefeito de Itap\u00e9, Andr\u00e9 Jatob\u00e1, teve a pris\u00e3o preventiva decretada pela&#8230;<\/p>\n","protected":false},"author":1,"featured_media":3841,"comment_status":"open","ping_status":"open","sticky":false,"template":"","format":"standard","meta":{"footnotes":""},"categories":[18,11],"tags":[478,481,59,205],"yoast_head":"<!-- This site is optimized with the Yoast SEO plugin v21.7 - https:\/\/yoast.com\/wordpress\/plugins\/seo\/ -->\n<title>Itap\u00e9: Vice-prefeito Andr\u00e9 Jatob\u00e1 alega que n\u00e3o est\u00e1 foragido e defesa j\u00e1 apresentou recurso. - Cacau News<\/title>\n<meta name=\"robots\" content=\"index, follow, max-snippet:-1, max-image-preview:large, max-video-preview:-1\" \/>\n<link rel=\"canonical\" href=\"https:\/\/cacaunews.com\/?p=3842\" \/>\n<meta property=\"og:locale\" content=\"pt_BR\" \/>\n<meta property=\"og:type\" content=\"article\" \/>\n<meta property=\"og:title\" content=\"Itap\u00e9: Vice-prefeito Andr\u00e9 Jatob\u00e1 alega que n\u00e3o est\u00e1 foragido e defesa j\u00e1 apresentou recurso. - Cacau News\" \/>\n<meta property=\"og:description\" content=\"Nesta quinta-feira (14.dezembro), o vice-prefeito de Itap\u00e9, Andr\u00e9 Jatob\u00e1, teve a pris\u00e3o preventiva decretada pela...\" \/>\n<meta property=\"og:url\" content=\"https:\/\/cacaunews.com\/?p=3842\" \/>\n<meta property=\"og:site_name\" content=\"Cacau News\" \/>\n<meta property=\"article:published_time\" content=\"2023-12-14T19:34:15+00:00\" \/>\n<meta name=\"author\" content=\"Reda\u00e7\u00e3o Cacau News\" \/>\n<meta name=\"twitter:card\" content=\"summary_large_image\" \/>\n<meta name=\"twitter:label1\" content=\"Escrito por\" \/>\n\t<meta name=\"twitter:data1\" content=\"Reda\u00e7\u00e3o Cacau News\" \/>\n\t<meta name=\"twitter:label2\" content=\"Est. tempo de leitura\" \/>\n\t<meta name=\"twitter:data2\" content=\"2 minutos\" \/>\n<script type=\"application\/ld+json\" class=\"yoast-schema-graph\">{\"@context\":\"https:\/\/schema.org\",\"@graph\":[{\"@type\":\"Article\",\"@id\":\"https:\/\/cacaunews.com\/?p=3842#article\",\"isPartOf\":{\"@id\":\"https:\/\/cacaunews.com\/?p=3842\"},\"author\":{\"name\":\"Reda\u00e7\u00e3o Cacau News\",\"@id\":\"https:\/\/cacaunews.com\/#\/schema\/person\/ea69703103e606ad347ccd64bd72ef79\"},\"headline\":\"Itap\u00e9: Vice-prefeito Andr\u00e9 Jatob\u00e1 alega que n\u00e3o est\u00e1 foragido e defesa j\u00e1 apresentou recurso.\",\"datePublished\":\"2023-12-14T19:34:15+00:00\",\"dateModified\":\"2023-12-14T19:34:15+00:00\",\"mainEntityOfPage\":{\"@id\":\"https:\/\/cacaunews.com\/?p=3842\"},\"wordCount\":347,\"commentCount\":0,\"publisher\":{\"@id\":\"https:\/\/cacaunews.com\/#organization\"},\"keywords\":[\"Andr\u00e9 Jatob\u00e1\",\"itap\u00e9\",\"justi\u00e7a\",\"mandato\"],\"articleSection\":[\"cidades\",\"Jornalismo\"],\"inLanguage\":\"pt-BR\",\"potentialAction\":[{\"@type\":\"CommentAction\",\"name\":\"Comment\",\"target\":[\"https:\/\/cacaunews.com\/?p=3842#respond\"]}]},{\"@type\":\"WebPage\",\"@id\":\"https:\/\/cacaunews.com\/?p=3842\",\"url\":\"https:\/\/cacaunews.com\/?p=3842\",\"name\":\"Itap\u00e9: Vice-prefeito Andr\u00e9 Jatob\u00e1 alega que n\u00e3o est\u00e1 foragido e defesa j\u00e1 apresentou recurso. - Cacau News\",\"isPartOf\":{\"@id\":\"https:\/\/cacaunews.com\/#website\"},\"datePublished\":\"2023-12-14T19:34:15+00:00\",\"dateModified\":\"2023-12-14T19:34:15+00:00\",\"breadcrumb\":{\"@id\":\"https:\/\/cacaunews.com\/?p=3842#breadcrumb\"},\"inLanguage\":\"pt-BR\",\"potentialAction\":[{\"@type\":\"ReadAction\",\"target\":[\"https:\/\/cacaunews.com\/?p=3842\"]}]},{\"@type\":\"BreadcrumbList\",\"@id\":\"https:\/\/cacaunews.com\/?p=3842#breadcrumb\",\"itemListElement\":[{\"@type\":\"ListItem\",\"position\":1,\"name\":\"In\u00edcio\",\"item\":\"https:\/\/cacaunews.com\/\"},{\"@type\":\"ListItem\",\"position\":2,\"name\":\"Itap\u00e9: Vice-prefeito Andr\u00e9 Jatob\u00e1 alega que n\u00e3o est\u00e1 foragido e defesa j\u00e1 apresentou recurso.\"}]},{\"@type\":\"WebSite\",\"@id\":\"https:\/\/cacaunews.com\/#website\",\"url\":\"https:\/\/cacaunews.com\/\",\"name\":\"Cacau News\",\"description\":\"A Informa\u00e7\u00e3o que voc\u00ea precisa!\",\"publisher\":{\"@id\":\"https:\/\/cacaunews.com\/#organization\"},\"potentialAction\":[{\"@type\":\"SearchAction\",\"target\":{\"@type\":\"EntryPoint\",\"urlTemplate\":\"https:\/\/cacaunews.com\/?s={search_term_string}\"},\"query-input\":\"required name=search_term_string\"}],\"inLanguage\":\"pt-BR\"},{\"@type\":\"Organization\",\"@id\":\"https:\/\/cacaunews.com\/#organization\",\"name\":\"Cacau News\",\"url\":\"https:\/\/cacaunews.com\/\",\"logo\":{\"@type\":\"ImageObject\",\"inLanguage\":\"pt-BR\",\"@id\":\"https:\/\/cacaunews.com\/#\/schema\/logo\/image\/\",\"url\":\"https:\/\/cacaunews.com\/wp-content\/uploads\/2025\/01\/cropped-LOGO-NOVA.png\",\"contentUrl\":\"https:\/\/cacaunews.com\/wp-content\/uploads\/2025\/01\/cropped-LOGO-NOVA.png\",\"width\":813,\"height\":813,\"caption\":\"Cacau News\"},\"image\":{\"@id\":\"https:\/\/cacaunews.com\/#\/schema\/logo\/image\/\"},\"sameAs\":[\"https:\/\/www.instagram.com\/cacaunews.online\/\",\"https:\/\/youtube.com\/@cacaunews?si=0VXLnjl08SrWbVG9\"]},{\"@type\":\"Person\",\"@id\":\"https:\/\/cacaunews.com\/#\/schema\/person\/ea69703103e606ad347ccd64bd72ef79\",\"name\":\"Reda\u00e7\u00e3o Cacau News\",\"image\":{\"@type\":\"ImageObject\",\"inLanguage\":\"pt-BR\",\"@id\":\"https:\/\/cacaunews.com\/#\/schema\/person\/image\/\",\"url\":\"https:\/\/secure.gravatar.com\/avatar\/d79227a2a7b6cc42e8d7a8f7c284cd3a?s=96&d=mm&r=g\",\"contentUrl\":\"https:\/\/secure.gravatar.com\/avatar\/d79227a2a7b6cc42e8d7a8f7c284cd3a?s=96&d=mm&r=g\",\"caption\":\"Reda\u00e7\u00e3o Cacau News\"},\"sameAs\":[\"https:\/\/cacaunews.com\"],\"url\":\"https:\/\/cacaunews.com\/?author=1\"}]}<\/script>\n<!-- \/ Yoast SEO plugin. -->","yoast_head_json":{"title":"Itap\u00e9: Vice-prefeito Andr\u00e9 Jatob\u00e1 alega que n\u00e3o est\u00e1 foragido e defesa j\u00e1 apresentou recurso. - Cacau News","robots":{"index":"index","follow":"follow","max-snippet":"max-snippet:-1","max-image-preview":"max-image-preview:large","max-video-preview":"max-video-preview:-1"},"canonical":"https:\/\/cacaunews.com\/?p=3842","og_locale":"pt_BR","og_type":"article","og_title":"Itap\u00e9: Vice-prefeito Andr\u00e9 Jatob\u00e1 alega que n\u00e3o est\u00e1 foragido e defesa j\u00e1 apresentou recurso. - Cacau News","og_description":"Nesta quinta-feira (14.dezembro), o vice-prefeito de Itap\u00e9, Andr\u00e9 Jatob\u00e1, teve a pris\u00e3o preventiva decretada pela...","og_url":"https:\/\/cacaunews.com\/?p=3842","og_site_name":"Cacau News","article_published_time":"2023-12-14T19:34:15+00:00","author":"Reda\u00e7\u00e3o Cacau News","twitter_card":"summary_large_image","twitter_misc":{"Escrito por":"Reda\u00e7\u00e3o Cacau News","Est. tempo de leitura":"2 minutos"},"schema":{"@context":"https:\/\/schema.org","@graph":[{"@type":"Article","@id":"https:\/\/cacaunews.com\/?p=3842#article","isPartOf":{"@id":"https:\/\/cacaunews.com\/?p=3842"},"author":{"name":"Reda\u00e7\u00e3o Cacau News","@id":"https:\/\/cacaunews.com\/#\/schema\/person\/ea69703103e606ad347ccd64bd72ef79"},"headline":"Itap\u00e9: Vice-prefeito Andr\u00e9 Jatob\u00e1 alega que n\u00e3o est\u00e1 foragido e defesa j\u00e1 apresentou recurso.","datePublished":"2023-12-14T19:34:15+00:00","dateModified":"2023-12-14T19:34:15+00:00","mainEntityOfPage":{"@id":"https:\/\/cacaunews.com\/?p=3842"},"wordCount":347,"commentCount":0,"publisher":{"@id":"https:\/\/cacaunews.com\/#organization"},"keywords":["Andr\u00e9 Jatob\u00e1","itap\u00e9","justi\u00e7a","mandato"],"articleSection":["cidades","Jornalismo"],"inLanguage":"pt-BR","potentialAction":[{"@type":"CommentAction","name":"Comment","target":["https:\/\/cacaunews.com\/?p=3842#respond"]}]},{"@type":"WebPage","@id":"https:\/\/cacaunews.com\/?p=3842","url":"https:\/\/cacaunews.com\/?p=3842","name":"Itap\u00e9: Vice-prefeito Andr\u00e9 Jatob\u00e1 alega que n\u00e3o est\u00e1 foragido e defesa j\u00e1 apresentou recurso. - Cacau News","isPartOf":{"@id":"https:\/\/cacaunews.com\/#website"},"datePublished":"2023-12-14T19:34:15+00:00","dateModified":"2023-12-14T19:34:15+00:00","breadcrumb":{"@id":"https:\/\/cacaunews.com\/?p=3842#breadcrumb"},"inLanguage":"pt-BR","potentialAction":[{"@type":"ReadAction","target":["https:\/\/cacaunews.com\/?p=3842"]}]},{"@type":"BreadcrumbList","@id":"https:\/\/cacaunews.com\/?p=3842#breadcrumb","itemListElement":[{"@type":"ListItem","position":1,"name":"In\u00edcio","item":"https:\/\/cacaunews.com\/"},{"@type":"ListItem","position":2,"name":"Itap\u00e9: Vice-prefeito Andr\u00e9 Jatob\u00e1 alega que n\u00e3o est\u00e1 foragido e defesa j\u00e1 apresentou recurso."}]},{"@type":"WebSite","@id":"https:\/\/cacaunews.com\/#website","url":"https:\/\/cacaunews.com\/","name":"Cacau News","description":"A Informa\u00e7\u00e3o que voc\u00ea precisa!","publisher":{"@id":"https:\/\/cacaunews.com\/#organization"},"potentialAction":[{"@type":"SearchAction","target":{"@type":"EntryPoint","urlTemplate":"https:\/\/cacaunews.com\/?s={search_term_string}"},"query-input":"required name=search_term_string"}],"inLanguage":"pt-BR"},{"@type":"Organization","@id":"https:\/\/cacaunews.com\/#organization","name":"Cacau News","url":"https:\/\/cacaunews.com\/","logo":{"@type":"ImageObject","inLanguage":"pt-BR","@id":"https:\/\/cacaunews.com\/#\/schema\/logo\/image\/","url":"https:\/\/cacaunews.com\/wp-content\/uploads\/2025\/01\/cropped-LOGO-NOVA.png","contentUrl":"https:\/\/cacaunews.com\/wp-content\/uploads\/2025\/01\/cropped-LOGO-NOVA.png","width":813,"height":813,"caption":"Cacau News"},"image":{"@id":"https:\/\/cacaunews.com\/#\/schema\/logo\/image\/"},"sameAs":["https:\/\/www.instagram.com\/cacaunews.online\/","https:\/\/youtube.com\/@cacaunews?si=0VXLnjl08SrWbVG9"]},{"@type":"Person","@id":"https:\/\/cacaunews.com\/#\/schema\/person\/ea69703103e606ad347ccd64bd72ef79","name":"Reda\u00e7\u00e3o Cacau News","image":{"@type":"ImageObject","inLanguage":"pt-BR","@id":"https:\/\/cacaunews.com\/#\/schema\/person\/image\/","url":"https:\/\/secure.gravatar.com\/avatar\/d79227a2a7b6cc42e8d7a8f7c284cd3a?s=96&d=mm&r=g","contentUrl":"https:\/\/secure.gravatar.com\/avatar\/d79227a2a7b6cc42e8d7a8f7c284cd3a?s=96&d=mm&r=g","caption":"Reda\u00e7\u00e3o Cacau News"},"sameAs":["https:\/\/cacaunews.com"],"url":"https:\/\/cacaunews.com\/?author=1"}]}},"jetpack_sharing_enabled":true,"jetpack_featured_media_url":"https:\/\/cacaunews.com\/wp-content\/uploads\/2023\/12\/images-2023-12-14T163447.063.jpeg","_links":{"self":[{"href":"https:\/\/cacaunews.com\/index.php?rest_route=\/wp\/v2\/posts\/3842"}],"collection":[{"href":"https:\/\/cacaunews.com\/index.php?rest_route=\/wp\/v2\/posts"}],"about":[{"href":"https:\/\/cacaunews.com\/index.php?rest_route=\/wp\/v2\/types\/post"}],"author":[{"embeddable":true,"href":"https:\/\/cacaunews.com\/index.php?rest_route=\/wp\/v2\/users\/1"}],"replies":[{"embeddable":true,"href":"https:\/\/cacaunews.com\/index.php?rest_route=%2Fwp%2Fv2%2Fcomments&post=3842"}],"version-history":[{"count":0,"href":"https:\/\/cacaunews.com\/index.php?rest_route=\/wp\/v2\/posts\/3842\/revisions"}],"wp:featuredmedia":[{"embeddable":true,"href":"https:\/\/cacaunews.com\/index.php?rest_route=\/wp\/v2\/media\/3841"}],"wp:attachment":[{"href":"https:\/\/cacaunews.com\/index.php?rest_route=%2Fwp%2Fv2%2Fmedia&parent=3842"}],"wp:term":[{"taxonomy":"category","embeddable":true,"href":"https:\/\/cacaunews.com\/index.php?rest_route=%2Fwp%2Fv2%2Fcategories&post=3842"},{"taxonomy":"post_tag","embeddable":true,"href":"https:\/\/cacaunews.com\/index.php?rest_route=%2Fwp%2Fv2%2Ftags&post=3842"}],"curies":[{"name":"wp","href":"https:\/\/api.w.org\/{rel}","templated":true}]}}