{"id":3847,"date":"2023-12-15T23:03:26","date_gmt":"2023-12-15T23:03:26","guid":{"rendered":"https:\/\/cacaunews.com\/?p=3847"},"modified":"2023-12-15T23:10:53","modified_gmt":"2023-12-15T23:10:53","slug":"itape-justica-revoga-mandato-de-prisao-do-vice-prefeito-andre-jatoba","status":"publish","type":"post","link":"https:\/\/cacaunews.com\/?p=3847","title":{"rendered":"Itap\u00e9: Justi\u00e7a revoga mandado de pris\u00e3o do vice prefeito Andr\u00e9 Jatob\u00e1."},"content":{"rendered":"\n<p>Nesta sexta feira (15), em decis\u00e3o expedida pelo juiz Rafael Barbosa da Cunha foi revogado o mandato de pris\u00e3o preventiva do vice prefeito de Itap\u00e9, Andr\u00e9 Jatob\u00e1.<\/p>\n\n\n\n<p>A decis\u00e3o foi expedida ap\u00f3s confirma\u00e7\u00e3o do pagamento de fian\u00e7a impetrada pela justi\u00e7a, segundo informa\u00e7\u00f5es, o pagamento j\u00e1 havia sido efetuado por\u00e9m n\u00e3o compensado, como foi comprovado o chamado &#8220;refor\u00e7o de fian\u00e7a&#8221;, logo foi expedida  a decis\u00e3o de revoga\u00e7\u00e3o da pris\u00e3o preventiva.<\/p>\n\n\n\n<figure class=\"wp-block-image size-large\"><img fetchpriority=\"high\" decoding=\"async\" width=\"577\" height=\"1024\" src=\"https:\/\/cacaunews.com\/wp-content\/uploads\/2023\/12\/image_editor_output_image-57362461-1702681388958-577x1024.jpg\" alt=\"\" class=\"wp-image-3845\" srcset=\"https:\/\/cacaunews.com\/wp-content\/uploads\/2023\/12\/image_editor_output_image-57362461-1702681388958-577x1024.jpg 577w, https:\/\/cacaunews.com\/wp-content\/uploads\/2023\/12\/image_editor_output_image-57362461-1702681388958-169x300.jpg 169w, https:\/\/cacaunews.com\/wp-content\/uploads\/2023\/12\/image_editor_output_image-57362461-1702681388958.jpg 738w\" sizes=\"(max-width: 577px) 100vw, 577px\" \/><\/figure>\n\n\n\n<p><\/p>\n","protected":false},"excerpt":{"rendered":"<p>Nesta sexta feira (15), em decis\u00e3o expedida pelo juiz Rafael Barbosa da Cunha foi revogado&#8230;<\/p>\n","protected":false},"author":1,"featured_media":3846,"comment_status":"open","ping_status":"open","sticky":false,"template":"","format":"standard","meta":{"footnotes":""},"categories":[18,11,5],"tags":[478,481,183,673],"yoast_head":"<!-- This site is optimized with the Yoast SEO plugin v21.7 - https:\/\/yoast.com\/wordpress\/plugins\/seo\/ -->\n<title>Itap\u00e9: Justi\u00e7a revoga mandado de pris\u00e3o do vice prefeito Andr\u00e9 Jatob\u00e1. - Cacau News<\/title>\n<meta name=\"robots\" content=\"index, follow, max-snippet:-1, max-image-preview:large, max-video-preview:-1\" \/>\n<link rel=\"canonical\" href=\"https:\/\/cacaunews.com\/?p=3847\" \/>\n<meta property=\"og:locale\" content=\"pt_BR\" \/>\n<meta property=\"og:type\" content=\"article\" \/>\n<meta property=\"og:title\" content=\"Itap\u00e9: Justi\u00e7a revoga mandado de pris\u00e3o do vice prefeito Andr\u00e9 Jatob\u00e1. - Cacau News\" \/>\n<meta property=\"og:description\" content=\"Nesta sexta feira (15), em decis\u00e3o expedida pelo juiz Rafael Barbosa da Cunha foi revogado...\" \/>\n<meta property=\"og:url\" content=\"https:\/\/cacaunews.com\/?p=3847\" \/>\n<meta property=\"og:site_name\" content=\"Cacau News\" \/>\n<meta property=\"article:published_time\" content=\"2023-12-15T23:03:26+00:00\" \/>\n<meta property=\"article:modified_time\" content=\"2023-12-15T23:10:53+00:00\" \/>\n<meta property=\"og:image\" content=\"https:\/\/cacaunews.com\/wp-content\/uploads\/2023\/12\/7096-vice-prefeito-de-itape-blog-regional.jpg\" \/>\n\t<meta property=\"og:image:width\" content=\"850\" \/>\n\t<meta property=\"og:image:height\" content=\"600\" \/>\n\t<meta property=\"og:image:type\" content=\"image\/jpeg\" \/>\n<meta name=\"author\" content=\"Reda\u00e7\u00e3o Cacau News\" \/>\n<meta name=\"twitter:card\" content=\"summary_large_image\" \/>\n<meta name=\"twitter:label1\" content=\"Escrito por\" \/>\n\t<meta name=\"twitter:data1\" content=\"Reda\u00e7\u00e3o Cacau News\" \/>\n<script type=\"application\/ld+json\" class=\"yoast-schema-graph\">{\"@context\":\"https:\/\/schema.org\",\"@graph\":[{\"@type\":\"Article\",\"@id\":\"https:\/\/cacaunews.com\/?p=3847#article\",\"isPartOf\":{\"@id\":\"https:\/\/cacaunews.com\/?p=3847\"},\"author\":{\"name\":\"Reda\u00e7\u00e3o Cacau News\",\"@id\":\"https:\/\/cacaunews.com\/#\/schema\/person\/ea69703103e606ad347ccd64bd72ef79\"},\"headline\":\"Itap\u00e9: Justi\u00e7a revoga mandado de pris\u00e3o do vice prefeito Andr\u00e9 Jatob\u00e1.\",\"datePublished\":\"2023-12-15T23:03:26+00:00\",\"dateModified\":\"2023-12-15T23:10:53+00:00\",\"mainEntityOfPage\":{\"@id\":\"https:\/\/cacaunews.com\/?p=3847\"},\"wordCount\":96,\"commentCount\":0,\"publisher\":{\"@id\":\"https:\/\/cacaunews.com\/#organization\"},\"keywords\":[\"Andr\u00e9 Jatob\u00e1\",\"itap\u00e9\",\"pris\u00e3o\",\"revoga\u00e7\u00e3o\"],\"articleSection\":[\"cidades\",\"Jornalismo\",\"Politica\"],\"inLanguage\":\"pt-BR\",\"potentialAction\":[{\"@type\":\"CommentAction\",\"name\":\"Comment\",\"target\":[\"https:\/\/cacaunews.com\/?p=3847#respond\"]}]},{\"@type\":\"WebPage\",\"@id\":\"https:\/\/cacaunews.com\/?p=3847\",\"url\":\"https:\/\/cacaunews.com\/?p=3847\",\"name\":\"Itap\u00e9: Justi\u00e7a revoga mandado de pris\u00e3o do vice prefeito Andr\u00e9 Jatob\u00e1. - Cacau News\",\"isPartOf\":{\"@id\":\"https:\/\/cacaunews.com\/#website\"},\"datePublished\":\"2023-12-15T23:03:26+00:00\",\"dateModified\":\"2023-12-15T23:10:53+00:00\",\"breadcrumb\":{\"@id\":\"https:\/\/cacaunews.com\/?p=3847#breadcrumb\"},\"inLanguage\":\"pt-BR\",\"potentialAction\":[{\"@type\":\"ReadAction\",\"target\":[\"https:\/\/cacaunews.com\/?p=3847\"]}]},{\"@type\":\"BreadcrumbList\",\"@id\":\"https:\/\/cacaunews.com\/?p=3847#breadcrumb\",\"itemListElement\":[{\"@type\":\"ListItem\",\"position\":1,\"name\":\"In\u00edcio\",\"item\":\"https:\/\/cacaunews.com\/\"},{\"@type\":\"ListItem\",\"position\":2,\"name\":\"Itap\u00e9: Justi\u00e7a revoga mandado de pris\u00e3o do vice prefeito Andr\u00e9 Jatob\u00e1.\"}]},{\"@type\":\"WebSite\",\"@id\":\"https:\/\/cacaunews.com\/#website\",\"url\":\"https:\/\/cacaunews.com\/\",\"name\":\"Cacau News\",\"description\":\"A Informa\u00e7\u00e3o que voc\u00ea precisa!\",\"publisher\":{\"@id\":\"https:\/\/cacaunews.com\/#organization\"},\"potentialAction\":[{\"@type\":\"SearchAction\",\"target\":{\"@type\":\"EntryPoint\",\"urlTemplate\":\"https:\/\/cacaunews.com\/?s={search_term_string}\"},\"query-input\":\"required name=search_term_string\"}],\"inLanguage\":\"pt-BR\"},{\"@type\":\"Organization\",\"@id\":\"https:\/\/cacaunews.com\/#organization\",\"name\":\"Cacau News\",\"url\":\"https:\/\/cacaunews.com\/\",\"logo\":{\"@type\":\"ImageObject\",\"inLanguage\":\"pt-BR\",\"@id\":\"https:\/\/cacaunews.com\/#\/schema\/logo\/image\/\",\"url\":\"https:\/\/cacaunews.com\/wp-content\/uploads\/2025\/01\/cropped-LOGO-NOVA.png\",\"contentUrl\":\"https:\/\/cacaunews.com\/wp-content\/uploads\/2025\/01\/cropped-LOGO-NOVA.png\",\"width\":813,\"height\":813,\"caption\":\"Cacau News\"},\"image\":{\"@id\":\"https:\/\/cacaunews.com\/#\/schema\/logo\/image\/\"},\"sameAs\":[\"https:\/\/www.instagram.com\/cacaunews.online\/\",\"https:\/\/youtube.com\/@cacaunews?si=0VXLnjl08SrWbVG9\"]},{\"@type\":\"Person\",\"@id\":\"https:\/\/cacaunews.com\/#\/schema\/person\/ea69703103e606ad347ccd64bd72ef79\",\"name\":\"Reda\u00e7\u00e3o Cacau News\",\"image\":{\"@type\":\"ImageObject\",\"inLanguage\":\"pt-BR\",\"@id\":\"https:\/\/cacaunews.com\/#\/schema\/person\/image\/\",\"url\":\"https:\/\/secure.gravatar.com\/avatar\/d79227a2a7b6cc42e8d7a8f7c284cd3a?s=96&d=mm&r=g\",\"contentUrl\":\"https:\/\/secure.gravatar.com\/avatar\/d79227a2a7b6cc42e8d7a8f7c284cd3a?s=96&d=mm&r=g\",\"caption\":\"Reda\u00e7\u00e3o Cacau News\"},\"sameAs\":[\"https:\/\/cacaunews.com\"],\"url\":\"https:\/\/cacaunews.com\/?author=1\"}]}<\/script>\n<!-- \/ Yoast SEO plugin. -->","yoast_head_json":{"title":"Itap\u00e9: Justi\u00e7a revoga mandado de pris\u00e3o do vice prefeito Andr\u00e9 Jatob\u00e1. - Cacau News","robots":{"index":"index","follow":"follow","max-snippet":"max-snippet:-1","max-image-preview":"max-image-preview:large","max-video-preview":"max-video-preview:-1"},"canonical":"https:\/\/cacaunews.com\/?p=3847","og_locale":"pt_BR","og_type":"article","og_title":"Itap\u00e9: Justi\u00e7a revoga mandado de pris\u00e3o do vice prefeito Andr\u00e9 Jatob\u00e1. - Cacau News","og_description":"Nesta sexta feira (15), em decis\u00e3o expedida pelo juiz Rafael Barbosa da Cunha foi revogado...","og_url":"https:\/\/cacaunews.com\/?p=3847","og_site_name":"Cacau News","article_published_time":"2023-12-15T23:03:26+00:00","article_modified_time":"2023-12-15T23:10:53+00:00","og_image":[{"width":850,"height":600,"url":"https:\/\/cacaunews.com\/wp-content\/uploads\/2023\/12\/7096-vice-prefeito-de-itape-blog-regional.jpg","type":"image\/jpeg"}],"author":"Reda\u00e7\u00e3o Cacau News","twitter_card":"summary_large_image","twitter_misc":{"Escrito por":"Reda\u00e7\u00e3o Cacau News"},"schema":{"@context":"https:\/\/schema.org","@graph":[{"@type":"Article","@id":"https:\/\/cacaunews.com\/?p=3847#article","isPartOf":{"@id":"https:\/\/cacaunews.com\/?p=3847"},"author":{"name":"Reda\u00e7\u00e3o Cacau News","@id":"https:\/\/cacaunews.com\/#\/schema\/person\/ea69703103e606ad347ccd64bd72ef79"},"headline":"Itap\u00e9: Justi\u00e7a revoga mandado de pris\u00e3o do vice prefeito Andr\u00e9 Jatob\u00e1.","datePublished":"2023-12-15T23:03:26+00:00","dateModified":"2023-12-15T23:10:53+00:00","mainEntityOfPage":{"@id":"https:\/\/cacaunews.com\/?p=3847"},"wordCount":96,"commentCount":0,"publisher":{"@id":"https:\/\/cacaunews.com\/#organization"},"keywords":["Andr\u00e9 Jatob\u00e1","itap\u00e9","pris\u00e3o","revoga\u00e7\u00e3o"],"articleSection":["cidades","Jornalismo","Politica"],"inLanguage":"pt-BR","potentialAction":[{"@type":"CommentAction","name":"Comment","target":["https:\/\/cacaunews.com\/?p=3847#respond"]}]},{"@type":"WebPage","@id":"https:\/\/cacaunews.com\/?p=3847","url":"https:\/\/cacaunews.com\/?p=3847","name":"Itap\u00e9: Justi\u00e7a revoga mandado de pris\u00e3o do vice prefeito Andr\u00e9 Jatob\u00e1. - Cacau News","isPartOf":{"@id":"https:\/\/cacaunews.com\/#website"},"datePublished":"2023-12-15T23:03:26+00:00","dateModified":"2023-12-15T23:10:53+00:00","breadcrumb":{"@id":"https:\/\/cacaunews.com\/?p=3847#breadcrumb"},"inLanguage":"pt-BR","potentialAction":[{"@type":"ReadAction","target":["https:\/\/cacaunews.com\/?p=3847"]}]},{"@type":"BreadcrumbList","@id":"https:\/\/cacaunews.com\/?p=3847#breadcrumb","itemListElement":[{"@type":"ListItem","position":1,"name":"In\u00edcio","item":"https:\/\/cacaunews.com\/"},{"@type":"ListItem","position":2,"name":"Itap\u00e9: Justi\u00e7a revoga mandado de pris\u00e3o do vice prefeito Andr\u00e9 Jatob\u00e1."}]},{"@type":"WebSite","@id":"https:\/\/cacaunews.com\/#website","url":"https:\/\/cacaunews.com\/","name":"Cacau News","description":"A Informa\u00e7\u00e3o que voc\u00ea precisa!","publisher":{"@id":"https:\/\/cacaunews.com\/#organization"},"potentialAction":[{"@type":"SearchAction","target":{"@type":"EntryPoint","urlTemplate":"https:\/\/cacaunews.com\/?s={search_term_string}"},"query-input":"required name=search_term_string"}],"inLanguage":"pt-BR"},{"@type":"Organization","@id":"https:\/\/cacaunews.com\/#organization","name":"Cacau News","url":"https:\/\/cacaunews.com\/","logo":{"@type":"ImageObject","inLanguage":"pt-BR","@id":"https:\/\/cacaunews.com\/#\/schema\/logo\/image\/","url":"https:\/\/cacaunews.com\/wp-content\/uploads\/2025\/01\/cropped-LOGO-NOVA.png","contentUrl":"https:\/\/cacaunews.com\/wp-content\/uploads\/2025\/01\/cropped-LOGO-NOVA.png","width":813,"height":813,"caption":"Cacau News"},"image":{"@id":"https:\/\/cacaunews.com\/#\/schema\/logo\/image\/"},"sameAs":["https:\/\/www.instagram.com\/cacaunews.online\/","https:\/\/youtube.com\/@cacaunews?si=0VXLnjl08SrWbVG9"]},{"@type":"Person","@id":"https:\/\/cacaunews.com\/#\/schema\/person\/ea69703103e606ad347ccd64bd72ef79","name":"Reda\u00e7\u00e3o Cacau News","image":{"@type":"ImageObject","inLanguage":"pt-BR","@id":"https:\/\/cacaunews.com\/#\/schema\/person\/image\/","url":"https:\/\/secure.gravatar.com\/avatar\/d79227a2a7b6cc42e8d7a8f7c284cd3a?s=96&d=mm&r=g","contentUrl":"https:\/\/secure.gravatar.com\/avatar\/d79227a2a7b6cc42e8d7a8f7c284cd3a?s=96&d=mm&r=g","caption":"Reda\u00e7\u00e3o Cacau News"},"sameAs":["https:\/\/cacaunews.com"],"url":"https:\/\/cacaunews.com\/?author=1"}]}},"jetpack_sharing_enabled":true,"jetpack_featured_media_url":"https:\/\/cacaunews.com\/wp-content\/uploads\/2023\/12\/7096-vice-prefeito-de-itape-blog-regional.jpg","_links":{"self":[{"href":"https:\/\/cacaunews.com\/index.php?rest_route=\/wp\/v2\/posts\/3847"}],"collection":[{"href":"https:\/\/cacaunews.com\/index.php?rest_route=\/wp\/v2\/posts"}],"about":[{"href":"https:\/\/cacaunews.com\/index.php?rest_route=\/wp\/v2\/types\/post"}],"author":[{"embeddable":true,"href":"https:\/\/cacaunews.com\/index.php?rest_route=\/wp\/v2\/users\/1"}],"replies":[{"embeddable":true,"href":"https:\/\/cacaunews.com\/index.php?rest_route=%2Fwp%2Fv2%2Fcomments&post=3847"}],"version-history":[{"count":1,"href":"https:\/\/cacaunews.com\/index.php?rest_route=\/wp\/v2\/posts\/3847\/revisions"}],"predecessor-version":[{"id":3848,"href":"https:\/\/cacaunews.com\/index.php?rest_route=\/wp\/v2\/posts\/3847\/revisions\/3848"}],"wp:featuredmedia":[{"embeddable":true,"href":"https:\/\/cacaunews.com\/index.php?rest_route=\/wp\/v2\/media\/3846"}],"wp:attachment":[{"href":"https:\/\/cacaunews.com\/index.php?rest_route=%2Fwp%2Fv2%2Fmedia&parent=3847"}],"wp:term":[{"taxonomy":"category","embeddable":true,"href":"https:\/\/cacaunews.com\/index.php?rest_route=%2Fwp%2Fv2%2Fcategories&post=3847"},{"taxonomy":"post_tag","embeddable":true,"href":"https:\/\/cacaunews.com\/index.php?rest_route=%2Fwp%2Fv2%2Ftags&post=3847"}],"curies":[{"name":"wp","href":"https:\/\/api.w.org\/{rel}","templated":true}]}}