{"id":3883,"date":"2023-12-21T11:47:41","date_gmt":"2023-12-21T11:47:41","guid":{"rendered":"https:\/\/cacaunews.com\/?p=3883"},"modified":"2023-12-21T14:05:45","modified_gmt":"2023-12-21T14:05:45","slug":"uniao-brasil-promovera-amanha-22-dia-d-filiacao-itabuna","status":"publish","type":"post","link":"https:\/\/cacaunews.com\/?p=3883","title":{"rendered":"Uni\u00e3o Brasil promover\u00e1 Dia D de Filia\u00e7\u00e3o amanh\u00e3 (22) em Itabuna."},"content":{"rendered":"\n<p>A cerim\u00f4nia pol\u00edtica est\u00e1 programada para acontecer nesta sexta-feira (22) na C\u00e2mara de Vereadores de Itabuna \u00e0s 19:00 horas, e tem como intuito convidar a sociedade Itabunense para participar com o objetivo de interesse \u00e0 filia\u00e7\u00e3o partid\u00e1ria, assim bem como visar a constru\u00e7\u00e3o de pr\u00e9 candidaturas pelo partido.<\/p>\n\n\n\n<p>Esta \u00e9 mais uma a\u00e7\u00e3o do Uni\u00e3o Brasil em movimento as elei\u00e7\u00f5es no munic\u00edpio.<br \/>Segundo o Presidente Enderson Guinho, o dia D de filia\u00e7\u00e3o \u00e9 um evento de suma import\u00e2ncia para o fortalecimento do partido na cidade, com prospec\u00e7\u00e3o de a\u00e7\u00f5es efetivas que ir\u00e3o contribuir no projeto eleitoral 2024.<\/p>\n","protected":false},"excerpt":{"rendered":"<p>A cerim\u00f4nia pol\u00edtica est\u00e1 programada para acontecer nesta sexta-feira (22) na C\u00e2mara de Vereadores de&#8230;<\/p>\n","protected":false},"author":2,"featured_media":3882,"comment_status":"open","ping_status":"open","sticky":false,"template":"","format":"standard","meta":{"footnotes":""},"categories":[1],"tags":[1492],"yoast_head":"<!-- This site is optimized with the Yoast SEO plugin v21.7 - https:\/\/yoast.com\/wordpress\/plugins\/seo\/ -->\n<title>Uni\u00e3o Brasil promover\u00e1 Dia D de Filia\u00e7\u00e3o amanh\u00e3 (22) em Itabuna. - Cacau News<\/title>\n<meta name=\"robots\" content=\"index, follow, max-snippet:-1, max-image-preview:large, max-video-preview:-1\" \/>\n<link rel=\"canonical\" href=\"https:\/\/cacaunews.com\/?p=3883\" \/>\n<meta property=\"og:locale\" content=\"pt_BR\" \/>\n<meta property=\"og:type\" content=\"article\" \/>\n<meta property=\"og:title\" content=\"Uni\u00e3o Brasil promover\u00e1 Dia D de Filia\u00e7\u00e3o amanh\u00e3 (22) em Itabuna. - Cacau News\" \/>\n<meta property=\"og:description\" content=\"A cerim\u00f4nia pol\u00edtica est\u00e1 programada para acontecer nesta sexta-feira (22) na C\u00e2mara de Vereadores de...\" \/>\n<meta property=\"og:url\" content=\"https:\/\/cacaunews.com\/?p=3883\" \/>\n<meta property=\"og:site_name\" content=\"Cacau News\" \/>\n<meta property=\"article:published_time\" content=\"2023-12-21T11:47:41+00:00\" \/>\n<meta property=\"article:modified_time\" content=\"2023-12-21T14:05:45+00:00\" \/>\n<meta property=\"og:image\" content=\"https:\/\/cacaunews.com\/wp-content\/uploads\/2023\/12\/IMG_20231221_084346.jpg\" \/>\n\t<meta property=\"og:image:width\" content=\"1080\" \/>\n\t<meta property=\"og:image:height\" content=\"950\" \/>\n\t<meta property=\"og:image:type\" content=\"image\/jpeg\" \/>\n<meta name=\"author\" content=\"Larissa Ara\u00fajo\" \/>\n<meta name=\"twitter:card\" content=\"summary_large_image\" \/>\n<meta name=\"twitter:label1\" content=\"Escrito por\" \/>\n\t<meta name=\"twitter:data1\" content=\"Larissa Ara\u00fajo\" \/>\n\t<meta name=\"twitter:label2\" content=\"Est. tempo de leitura\" \/>\n\t<meta name=\"twitter:data2\" content=\"1 minuto\" \/>\n<script type=\"application\/ld+json\" class=\"yoast-schema-graph\">{\"@context\":\"https:\/\/schema.org\",\"@graph\":[{\"@type\":\"Article\",\"@id\":\"https:\/\/cacaunews.com\/?p=3883#article\",\"isPartOf\":{\"@id\":\"https:\/\/cacaunews.com\/?p=3883\"},\"author\":{\"name\":\"Larissa Ara\u00fajo\",\"@id\":\"https:\/\/cacaunews.com\/#\/schema\/person\/01842fb65f1988a32292b9001bcc8da1\"},\"headline\":\"Uni\u00e3o Brasil promover\u00e1 Dia D de Filia\u00e7\u00e3o amanh\u00e3 (22) em Itabuna.\",\"datePublished\":\"2023-12-21T11:47:41+00:00\",\"dateModified\":\"2023-12-21T14:05:45+00:00\",\"mainEntityOfPage\":{\"@id\":\"https:\/\/cacaunews.com\/?p=3883\"},\"wordCount\":118,\"commentCount\":0,\"publisher\":{\"@id\":\"https:\/\/cacaunews.com\/#organization\"},\"keywords\":[\"filia\u00e7\u00e3o partid\u00e1ria evento cerim\u00f4nia pol\u00edtica Itabuna\"],\"articleSection\":[\"Cacau News TV\"],\"inLanguage\":\"pt-BR\",\"potentialAction\":[{\"@type\":\"CommentAction\",\"name\":\"Comment\",\"target\":[\"https:\/\/cacaunews.com\/?p=3883#respond\"]}]},{\"@type\":\"WebPage\",\"@id\":\"https:\/\/cacaunews.com\/?p=3883\",\"url\":\"https:\/\/cacaunews.com\/?p=3883\",\"name\":\"Uni\u00e3o Brasil promover\u00e1 Dia D de Filia\u00e7\u00e3o amanh\u00e3 (22) em Itabuna. - Cacau News\",\"isPartOf\":{\"@id\":\"https:\/\/cacaunews.com\/#website\"},\"datePublished\":\"2023-12-21T11:47:41+00:00\",\"dateModified\":\"2023-12-21T14:05:45+00:00\",\"breadcrumb\":{\"@id\":\"https:\/\/cacaunews.com\/?p=3883#breadcrumb\"},\"inLanguage\":\"pt-BR\",\"potentialAction\":[{\"@type\":\"ReadAction\",\"target\":[\"https:\/\/cacaunews.com\/?p=3883\"]}]},{\"@type\":\"BreadcrumbList\",\"@id\":\"https:\/\/cacaunews.com\/?p=3883#breadcrumb\",\"itemListElement\":[{\"@type\":\"ListItem\",\"position\":1,\"name\":\"In\u00edcio\",\"item\":\"https:\/\/cacaunews.com\/\"},{\"@type\":\"ListItem\",\"position\":2,\"name\":\"Uni\u00e3o Brasil promover\u00e1 Dia D de Filia\u00e7\u00e3o amanh\u00e3 (22) em Itabuna.\"}]},{\"@type\":\"WebSite\",\"@id\":\"https:\/\/cacaunews.com\/#website\",\"url\":\"https:\/\/cacaunews.com\/\",\"name\":\"Cacau News\",\"description\":\"A Informa\u00e7\u00e3o que voc\u00ea precisa!\",\"publisher\":{\"@id\":\"https:\/\/cacaunews.com\/#organization\"},\"potentialAction\":[{\"@type\":\"SearchAction\",\"target\":{\"@type\":\"EntryPoint\",\"urlTemplate\":\"https:\/\/cacaunews.com\/?s={search_term_string}\"},\"query-input\":\"required name=search_term_string\"}],\"inLanguage\":\"pt-BR\"},{\"@type\":\"Organization\",\"@id\":\"https:\/\/cacaunews.com\/#organization\",\"name\":\"Cacau News\",\"url\":\"https:\/\/cacaunews.com\/\",\"logo\":{\"@type\":\"ImageObject\",\"inLanguage\":\"pt-BR\",\"@id\":\"https:\/\/cacaunews.com\/#\/schema\/logo\/image\/\",\"url\":\"https:\/\/cacaunews.com\/wp-content\/uploads\/2025\/01\/cropped-LOGO-NOVA.png\",\"contentUrl\":\"https:\/\/cacaunews.com\/wp-content\/uploads\/2025\/01\/cropped-LOGO-NOVA.png\",\"width\":813,\"height\":813,\"caption\":\"Cacau News\"},\"image\":{\"@id\":\"https:\/\/cacaunews.com\/#\/schema\/logo\/image\/\"},\"sameAs\":[\"https:\/\/www.instagram.com\/cacaunews.online\/\",\"https:\/\/youtube.com\/@cacaunews?si=0VXLnjl08SrWbVG9\"]},{\"@type\":\"Person\",\"@id\":\"https:\/\/cacaunews.com\/#\/schema\/person\/01842fb65f1988a32292b9001bcc8da1\",\"name\":\"Larissa Ara\u00fajo\",\"image\":{\"@type\":\"ImageObject\",\"inLanguage\":\"pt-BR\",\"@id\":\"https:\/\/cacaunews.com\/#\/schema\/person\/image\/\",\"url\":\"https:\/\/secure.gravatar.com\/avatar\/a0326d150c7b18e3d35f112fc5b57e78?s=96&d=mm&r=g\",\"contentUrl\":\"https:\/\/secure.gravatar.com\/avatar\/a0326d150c7b18e3d35f112fc5b57e78?s=96&d=mm&r=g\",\"caption\":\"Larissa Ara\u00fajo\"},\"sameAs\":[\"http:\/\/www.cacaunews.com\"],\"url\":\"https:\/\/cacaunews.com\/?author=2\"}]}<\/script>\n<!-- \/ Yoast SEO plugin. -->","yoast_head_json":{"title":"Uni\u00e3o Brasil promover\u00e1 Dia D de Filia\u00e7\u00e3o amanh\u00e3 (22) em Itabuna. - Cacau News","robots":{"index":"index","follow":"follow","max-snippet":"max-snippet:-1","max-image-preview":"max-image-preview:large","max-video-preview":"max-video-preview:-1"},"canonical":"https:\/\/cacaunews.com\/?p=3883","og_locale":"pt_BR","og_type":"article","og_title":"Uni\u00e3o Brasil promover\u00e1 Dia D de Filia\u00e7\u00e3o amanh\u00e3 (22) em Itabuna. - Cacau News","og_description":"A cerim\u00f4nia pol\u00edtica est\u00e1 programada para acontecer nesta sexta-feira (22) na C\u00e2mara de Vereadores de...","og_url":"https:\/\/cacaunews.com\/?p=3883","og_site_name":"Cacau News","article_published_time":"2023-12-21T11:47:41+00:00","article_modified_time":"2023-12-21T14:05:45+00:00","og_image":[{"width":1080,"height":950,"url":"https:\/\/cacaunews.com\/wp-content\/uploads\/2023\/12\/IMG_20231221_084346.jpg","type":"image\/jpeg"}],"author":"Larissa Ara\u00fajo","twitter_card":"summary_large_image","twitter_misc":{"Escrito por":"Larissa Ara\u00fajo","Est. tempo de leitura":"1 minuto"},"schema":{"@context":"https:\/\/schema.org","@graph":[{"@type":"Article","@id":"https:\/\/cacaunews.com\/?p=3883#article","isPartOf":{"@id":"https:\/\/cacaunews.com\/?p=3883"},"author":{"name":"Larissa Ara\u00fajo","@id":"https:\/\/cacaunews.com\/#\/schema\/person\/01842fb65f1988a32292b9001bcc8da1"},"headline":"Uni\u00e3o Brasil promover\u00e1 Dia D de Filia\u00e7\u00e3o amanh\u00e3 (22) em Itabuna.","datePublished":"2023-12-21T11:47:41+00:00","dateModified":"2023-12-21T14:05:45+00:00","mainEntityOfPage":{"@id":"https:\/\/cacaunews.com\/?p=3883"},"wordCount":118,"commentCount":0,"publisher":{"@id":"https:\/\/cacaunews.com\/#organization"},"keywords":["filia\u00e7\u00e3o partid\u00e1ria evento cerim\u00f4nia pol\u00edtica Itabuna"],"articleSection":["Cacau News TV"],"inLanguage":"pt-BR","potentialAction":[{"@type":"CommentAction","name":"Comment","target":["https:\/\/cacaunews.com\/?p=3883#respond"]}]},{"@type":"WebPage","@id":"https:\/\/cacaunews.com\/?p=3883","url":"https:\/\/cacaunews.com\/?p=3883","name":"Uni\u00e3o Brasil promover\u00e1 Dia D de Filia\u00e7\u00e3o amanh\u00e3 (22) em Itabuna. - Cacau News","isPartOf":{"@id":"https:\/\/cacaunews.com\/#website"},"datePublished":"2023-12-21T11:47:41+00:00","dateModified":"2023-12-21T14:05:45+00:00","breadcrumb":{"@id":"https:\/\/cacaunews.com\/?p=3883#breadcrumb"},"inLanguage":"pt-BR","potentialAction":[{"@type":"ReadAction","target":["https:\/\/cacaunews.com\/?p=3883"]}]},{"@type":"BreadcrumbList","@id":"https:\/\/cacaunews.com\/?p=3883#breadcrumb","itemListElement":[{"@type":"ListItem","position":1,"name":"In\u00edcio","item":"https:\/\/cacaunews.com\/"},{"@type":"ListItem","position":2,"name":"Uni\u00e3o Brasil promover\u00e1 Dia D de Filia\u00e7\u00e3o amanh\u00e3 (22) em Itabuna."}]},{"@type":"WebSite","@id":"https:\/\/cacaunews.com\/#website","url":"https:\/\/cacaunews.com\/","name":"Cacau News","description":"A Informa\u00e7\u00e3o que voc\u00ea precisa!","publisher":{"@id":"https:\/\/cacaunews.com\/#organization"},"potentialAction":[{"@type":"SearchAction","target":{"@type":"EntryPoint","urlTemplate":"https:\/\/cacaunews.com\/?s={search_term_string}"},"query-input":"required name=search_term_string"}],"inLanguage":"pt-BR"},{"@type":"Organization","@id":"https:\/\/cacaunews.com\/#organization","name":"Cacau News","url":"https:\/\/cacaunews.com\/","logo":{"@type":"ImageObject","inLanguage":"pt-BR","@id":"https:\/\/cacaunews.com\/#\/schema\/logo\/image\/","url":"https:\/\/cacaunews.com\/wp-content\/uploads\/2025\/01\/cropped-LOGO-NOVA.png","contentUrl":"https:\/\/cacaunews.com\/wp-content\/uploads\/2025\/01\/cropped-LOGO-NOVA.png","width":813,"height":813,"caption":"Cacau News"},"image":{"@id":"https:\/\/cacaunews.com\/#\/schema\/logo\/image\/"},"sameAs":["https:\/\/www.instagram.com\/cacaunews.online\/","https:\/\/youtube.com\/@cacaunews?si=0VXLnjl08SrWbVG9"]},{"@type":"Person","@id":"https:\/\/cacaunews.com\/#\/schema\/person\/01842fb65f1988a32292b9001bcc8da1","name":"Larissa Ara\u00fajo","image":{"@type":"ImageObject","inLanguage":"pt-BR","@id":"https:\/\/cacaunews.com\/#\/schema\/person\/image\/","url":"https:\/\/secure.gravatar.com\/avatar\/a0326d150c7b18e3d35f112fc5b57e78?s=96&d=mm&r=g","contentUrl":"https:\/\/secure.gravatar.com\/avatar\/a0326d150c7b18e3d35f112fc5b57e78?s=96&d=mm&r=g","caption":"Larissa Ara\u00fajo"},"sameAs":["http:\/\/www.cacaunews.com"],"url":"https:\/\/cacaunews.com\/?author=2"}]}},"jetpack_sharing_enabled":true,"jetpack_featured_media_url":"https:\/\/cacaunews.com\/wp-content\/uploads\/2023\/12\/IMG_20231221_084346.jpg","_links":{"self":[{"href":"https:\/\/cacaunews.com\/index.php?rest_route=\/wp\/v2\/posts\/3883"}],"collection":[{"href":"https:\/\/cacaunews.com\/index.php?rest_route=\/wp\/v2\/posts"}],"about":[{"href":"https:\/\/cacaunews.com\/index.php?rest_route=\/wp\/v2\/types\/post"}],"author":[{"embeddable":true,"href":"https:\/\/cacaunews.com\/index.php?rest_route=\/wp\/v2\/users\/2"}],"replies":[{"embeddable":true,"href":"https:\/\/cacaunews.com\/index.php?rest_route=%2Fwp%2Fv2%2Fcomments&post=3883"}],"version-history":[{"count":2,"href":"https:\/\/cacaunews.com\/index.php?rest_route=\/wp\/v2\/posts\/3883\/revisions"}],"predecessor-version":[{"id":3885,"href":"https:\/\/cacaunews.com\/index.php?rest_route=\/wp\/v2\/posts\/3883\/revisions\/3885"}],"wp:featuredmedia":[{"embeddable":true,"href":"https:\/\/cacaunews.com\/index.php?rest_route=\/wp\/v2\/media\/3882"}],"wp:attachment":[{"href":"https:\/\/cacaunews.com\/index.php?rest_route=%2Fwp%2Fv2%2Fmedia&parent=3883"}],"wp:term":[{"taxonomy":"category","embeddable":true,"href":"https:\/\/cacaunews.com\/index.php?rest_route=%2Fwp%2Fv2%2Fcategories&post=3883"},{"taxonomy":"post_tag","embeddable":true,"href":"https:\/\/cacaunews.com\/index.php?rest_route=%2Fwp%2Fv2%2Ftags&post=3883"}],"curies":[{"name":"wp","href":"https:\/\/api.w.org\/{rel}","templated":true}]}}