{"id":3948,"date":"2024-01-02T15:10:50","date_gmt":"2024-01-02T15:10:50","guid":{"rendered":"https:\/\/cacaunews.com\/?p=3948"},"modified":"2024-01-02T15:10:23","modified_gmt":"2024-01-02T15:10:23","slug":"helicoptero-com-quatro-pessoas-a-bordo-cai-em-lago-no-estado-de-minas","status":"publish","type":"post","link":"https:\/\/cacaunews.com\/?p=3948","title":{"rendered":"Helic\u00f3ptero com quatro pessoas a bordo cai em lago no estado de Minas."},"content":{"rendered":"\n<p>Um helic\u00f3ptero com quatro tripulantes caiu, na manh\u00e3 desta ter\u00e7a-feira (2), no Lago de Furnas, em\u00a0Capit\u00f3lio (MG). Imagens mostram o momento exato da queda.<\/p>\n\n\n\n<p>De acordo com o Corpo de Bombeiros,\u00a0tr\u00eas pessoas foram socorridas a hospitais dos munic\u00edpios de Passos e Piumhi. A outra v\u00edtima est\u00e1 desaparecida e \u00e9 procurada por mergulhadores.<\/p>\n\n\n\n<p>O estado de sa\u00fade dos ocupantes n\u00e3o foi revelado pela corpora\u00e7\u00e3o.<\/p>\n\n\n\n<p>Segundo informa\u00e7\u00f5es preliminares dos bombeiros, duas pessoas conseguiram sair do helic\u00f3ptero e outras duas ficaram presas.<\/p>\n\n\n\n<p>Com Informa\u00e7\u00f5es BNews.<\/p>\n","protected":false},"excerpt":{"rendered":"<p>Um helic\u00f3ptero com quatro tripulantes caiu, na manh\u00e3 desta ter\u00e7a-feira (2), no Lago de Furnas,&#8230;<\/p>\n","protected":false},"author":1,"featured_media":3947,"comment_status":"open","ping_status":"open","sticky":false,"template":"","format":"standard","meta":{"footnotes":""},"categories":[4,11],"tags":[72,1507,1506],"yoast_head":"<!-- This site is optimized with the Yoast SEO plugin v21.7 - https:\/\/yoast.com\/wordpress\/plugins\/seo\/ -->\n<title>Helic\u00f3ptero com quatro pessoas a bordo cai em lago no estado de Minas. - Cacau News<\/title>\n<meta name=\"robots\" content=\"index, follow, max-snippet:-1, max-image-preview:large, max-video-preview:-1\" \/>\n<link rel=\"canonical\" href=\"https:\/\/cacaunews.com\/?p=3948\" \/>\n<meta property=\"og:locale\" content=\"pt_BR\" \/>\n<meta property=\"og:type\" content=\"article\" \/>\n<meta property=\"og:title\" content=\"Helic\u00f3ptero com quatro pessoas a bordo cai em lago no estado de Minas. - Cacau News\" \/>\n<meta property=\"og:description\" content=\"Um helic\u00f3ptero com quatro tripulantes caiu, na manh\u00e3 desta ter\u00e7a-feira (2), no Lago de Furnas,...\" \/>\n<meta property=\"og:url\" content=\"https:\/\/cacaunews.com\/?p=3948\" \/>\n<meta property=\"og:site_name\" content=\"Cacau News\" \/>\n<meta property=\"article:published_time\" content=\"2024-01-02T15:10:50+00:00\" \/>\n<meta property=\"article:modified_time\" content=\"2024-01-02T15:10:23+00:00\" \/>\n<meta property=\"og:image\" content=\"https:\/\/cacaunews.com\/wp-content\/uploads\/2024\/01\/as_acoes_sao_desenvolvidas_em_conjunto_com_o_comando_de_operacoes_policiais_militares_coppm_o_batalhao_de_operacoes_policiais_especiais_bope_do_batalhao_de_patrulhamento_tatico_movel_bpatam_4_widelg.webp\" \/>\n\t<meta property=\"og:image:width\" content=\"710\" \/>\n\t<meta property=\"og:image:height\" content=\"400\" \/>\n\t<meta property=\"og:image:type\" content=\"image\/webp\" \/>\n<meta name=\"author\" content=\"Reda\u00e7\u00e3o Cacau News\" \/>\n<meta name=\"twitter:card\" content=\"summary_large_image\" \/>\n<meta name=\"twitter:label1\" content=\"Escrito por\" \/>\n\t<meta name=\"twitter:data1\" content=\"Reda\u00e7\u00e3o Cacau News\" \/>\n<script type=\"application\/ld+json\" class=\"yoast-schema-graph\">{\"@context\":\"https:\/\/schema.org\",\"@graph\":[{\"@type\":\"Article\",\"@id\":\"https:\/\/cacaunews.com\/?p=3948#article\",\"isPartOf\":{\"@id\":\"https:\/\/cacaunews.com\/?p=3948\"},\"author\":{\"name\":\"Reda\u00e7\u00e3o Cacau News\",\"@id\":\"https:\/\/cacaunews.com\/#\/schema\/person\/ea69703103e606ad347ccd64bd72ef79\"},\"headline\":\"Helic\u00f3ptero com quatro pessoas a bordo cai em lago no estado de Minas.\",\"datePublished\":\"2024-01-02T15:10:50+00:00\",\"dateModified\":\"2024-01-02T15:10:23+00:00\",\"mainEntityOfPage\":{\"@id\":\"https:\/\/cacaunews.com\/?p=3948\"},\"wordCount\":108,\"commentCount\":0,\"publisher\":{\"@id\":\"https:\/\/cacaunews.com\/#organization\"},\"keywords\":[\"acidente\",\"helic\u00f3ptero\",\"mg\"],\"articleSection\":[\"Internet\",\"Jornalismo\"],\"inLanguage\":\"pt-BR\",\"potentialAction\":[{\"@type\":\"CommentAction\",\"name\":\"Comment\",\"target\":[\"https:\/\/cacaunews.com\/?p=3948#respond\"]}]},{\"@type\":\"WebPage\",\"@id\":\"https:\/\/cacaunews.com\/?p=3948\",\"url\":\"https:\/\/cacaunews.com\/?p=3948\",\"name\":\"Helic\u00f3ptero com quatro pessoas a bordo cai em lago no estado de Minas. - Cacau News\",\"isPartOf\":{\"@id\":\"https:\/\/cacaunews.com\/#website\"},\"datePublished\":\"2024-01-02T15:10:50+00:00\",\"dateModified\":\"2024-01-02T15:10:23+00:00\",\"breadcrumb\":{\"@id\":\"https:\/\/cacaunews.com\/?p=3948#breadcrumb\"},\"inLanguage\":\"pt-BR\",\"potentialAction\":[{\"@type\":\"ReadAction\",\"target\":[\"https:\/\/cacaunews.com\/?p=3948\"]}]},{\"@type\":\"BreadcrumbList\",\"@id\":\"https:\/\/cacaunews.com\/?p=3948#breadcrumb\",\"itemListElement\":[{\"@type\":\"ListItem\",\"position\":1,\"name\":\"In\u00edcio\",\"item\":\"https:\/\/cacaunews.com\/\"},{\"@type\":\"ListItem\",\"position\":2,\"name\":\"Helic\u00f3ptero com quatro pessoas a bordo cai em lago no estado de Minas.\"}]},{\"@type\":\"WebSite\",\"@id\":\"https:\/\/cacaunews.com\/#website\",\"url\":\"https:\/\/cacaunews.com\/\",\"name\":\"Cacau News\",\"description\":\"A Informa\u00e7\u00e3o que voc\u00ea precisa!\",\"publisher\":{\"@id\":\"https:\/\/cacaunews.com\/#organization\"},\"potentialAction\":[{\"@type\":\"SearchAction\",\"target\":{\"@type\":\"EntryPoint\",\"urlTemplate\":\"https:\/\/cacaunews.com\/?s={search_term_string}\"},\"query-input\":\"required name=search_term_string\"}],\"inLanguage\":\"pt-BR\"},{\"@type\":\"Organization\",\"@id\":\"https:\/\/cacaunews.com\/#organization\",\"name\":\"Cacau News\",\"url\":\"https:\/\/cacaunews.com\/\",\"logo\":{\"@type\":\"ImageObject\",\"inLanguage\":\"pt-BR\",\"@id\":\"https:\/\/cacaunews.com\/#\/schema\/logo\/image\/\",\"url\":\"https:\/\/cacaunews.com\/wp-content\/uploads\/2025\/01\/cropped-LOGO-NOVA.png\",\"contentUrl\":\"https:\/\/cacaunews.com\/wp-content\/uploads\/2025\/01\/cropped-LOGO-NOVA.png\",\"width\":813,\"height\":813,\"caption\":\"Cacau News\"},\"image\":{\"@id\":\"https:\/\/cacaunews.com\/#\/schema\/logo\/image\/\"},\"sameAs\":[\"https:\/\/www.instagram.com\/cacaunews.online\/\",\"https:\/\/youtube.com\/@cacaunews?si=0VXLnjl08SrWbVG9\"]},{\"@type\":\"Person\",\"@id\":\"https:\/\/cacaunews.com\/#\/schema\/person\/ea69703103e606ad347ccd64bd72ef79\",\"name\":\"Reda\u00e7\u00e3o Cacau News\",\"image\":{\"@type\":\"ImageObject\",\"inLanguage\":\"pt-BR\",\"@id\":\"https:\/\/cacaunews.com\/#\/schema\/person\/image\/\",\"url\":\"https:\/\/secure.gravatar.com\/avatar\/d79227a2a7b6cc42e8d7a8f7c284cd3a?s=96&d=mm&r=g\",\"contentUrl\":\"https:\/\/secure.gravatar.com\/avatar\/d79227a2a7b6cc42e8d7a8f7c284cd3a?s=96&d=mm&r=g\",\"caption\":\"Reda\u00e7\u00e3o Cacau News\"},\"sameAs\":[\"https:\/\/cacaunews.com\"],\"url\":\"https:\/\/cacaunews.com\/?author=1\"}]}<\/script>\n<!-- \/ Yoast SEO plugin. -->","yoast_head_json":{"title":"Helic\u00f3ptero com quatro pessoas a bordo cai em lago no estado de Minas. - Cacau News","robots":{"index":"index","follow":"follow","max-snippet":"max-snippet:-1","max-image-preview":"max-image-preview:large","max-video-preview":"max-video-preview:-1"},"canonical":"https:\/\/cacaunews.com\/?p=3948","og_locale":"pt_BR","og_type":"article","og_title":"Helic\u00f3ptero com quatro pessoas a bordo cai em lago no estado de Minas. - Cacau News","og_description":"Um helic\u00f3ptero com quatro tripulantes caiu, na manh\u00e3 desta ter\u00e7a-feira (2), no Lago de Furnas,...","og_url":"https:\/\/cacaunews.com\/?p=3948","og_site_name":"Cacau News","article_published_time":"2024-01-02T15:10:50+00:00","article_modified_time":"2024-01-02T15:10:23+00:00","og_image":[{"width":710,"height":400,"url":"https:\/\/cacaunews.com\/wp-content\/uploads\/2024\/01\/as_acoes_sao_desenvolvidas_em_conjunto_com_o_comando_de_operacoes_policiais_militares_coppm_o_batalhao_de_operacoes_policiais_especiais_bope_do_batalhao_de_patrulhamento_tatico_movel_bpatam_4_widelg.webp","type":"image\/webp"}],"author":"Reda\u00e7\u00e3o Cacau News","twitter_card":"summary_large_image","twitter_misc":{"Escrito por":"Reda\u00e7\u00e3o Cacau News"},"schema":{"@context":"https:\/\/schema.org","@graph":[{"@type":"Article","@id":"https:\/\/cacaunews.com\/?p=3948#article","isPartOf":{"@id":"https:\/\/cacaunews.com\/?p=3948"},"author":{"name":"Reda\u00e7\u00e3o Cacau News","@id":"https:\/\/cacaunews.com\/#\/schema\/person\/ea69703103e606ad347ccd64bd72ef79"},"headline":"Helic\u00f3ptero com quatro pessoas a bordo cai em lago no estado de Minas.","datePublished":"2024-01-02T15:10:50+00:00","dateModified":"2024-01-02T15:10:23+00:00","mainEntityOfPage":{"@id":"https:\/\/cacaunews.com\/?p=3948"},"wordCount":108,"commentCount":0,"publisher":{"@id":"https:\/\/cacaunews.com\/#organization"},"keywords":["acidente","helic\u00f3ptero","mg"],"articleSection":["Internet","Jornalismo"],"inLanguage":"pt-BR","potentialAction":[{"@type":"CommentAction","name":"Comment","target":["https:\/\/cacaunews.com\/?p=3948#respond"]}]},{"@type":"WebPage","@id":"https:\/\/cacaunews.com\/?p=3948","url":"https:\/\/cacaunews.com\/?p=3948","name":"Helic\u00f3ptero com quatro pessoas a bordo cai em lago no estado de Minas. - Cacau News","isPartOf":{"@id":"https:\/\/cacaunews.com\/#website"},"datePublished":"2024-01-02T15:10:50+00:00","dateModified":"2024-01-02T15:10:23+00:00","breadcrumb":{"@id":"https:\/\/cacaunews.com\/?p=3948#breadcrumb"},"inLanguage":"pt-BR","potentialAction":[{"@type":"ReadAction","target":["https:\/\/cacaunews.com\/?p=3948"]}]},{"@type":"BreadcrumbList","@id":"https:\/\/cacaunews.com\/?p=3948#breadcrumb","itemListElement":[{"@type":"ListItem","position":1,"name":"In\u00edcio","item":"https:\/\/cacaunews.com\/"},{"@type":"ListItem","position":2,"name":"Helic\u00f3ptero com quatro pessoas a bordo cai em lago no estado de Minas."}]},{"@type":"WebSite","@id":"https:\/\/cacaunews.com\/#website","url":"https:\/\/cacaunews.com\/","name":"Cacau News","description":"A Informa\u00e7\u00e3o que voc\u00ea precisa!","publisher":{"@id":"https:\/\/cacaunews.com\/#organization"},"potentialAction":[{"@type":"SearchAction","target":{"@type":"EntryPoint","urlTemplate":"https:\/\/cacaunews.com\/?s={search_term_string}"},"query-input":"required name=search_term_string"}],"inLanguage":"pt-BR"},{"@type":"Organization","@id":"https:\/\/cacaunews.com\/#organization","name":"Cacau News","url":"https:\/\/cacaunews.com\/","logo":{"@type":"ImageObject","inLanguage":"pt-BR","@id":"https:\/\/cacaunews.com\/#\/schema\/logo\/image\/","url":"https:\/\/cacaunews.com\/wp-content\/uploads\/2025\/01\/cropped-LOGO-NOVA.png","contentUrl":"https:\/\/cacaunews.com\/wp-content\/uploads\/2025\/01\/cropped-LOGO-NOVA.png","width":813,"height":813,"caption":"Cacau News"},"image":{"@id":"https:\/\/cacaunews.com\/#\/schema\/logo\/image\/"},"sameAs":["https:\/\/www.instagram.com\/cacaunews.online\/","https:\/\/youtube.com\/@cacaunews?si=0VXLnjl08SrWbVG9"]},{"@type":"Person","@id":"https:\/\/cacaunews.com\/#\/schema\/person\/ea69703103e606ad347ccd64bd72ef79","name":"Reda\u00e7\u00e3o Cacau News","image":{"@type":"ImageObject","inLanguage":"pt-BR","@id":"https:\/\/cacaunews.com\/#\/schema\/person\/image\/","url":"https:\/\/secure.gravatar.com\/avatar\/d79227a2a7b6cc42e8d7a8f7c284cd3a?s=96&d=mm&r=g","contentUrl":"https:\/\/secure.gravatar.com\/avatar\/d79227a2a7b6cc42e8d7a8f7c284cd3a?s=96&d=mm&r=g","caption":"Reda\u00e7\u00e3o Cacau News"},"sameAs":["https:\/\/cacaunews.com"],"url":"https:\/\/cacaunews.com\/?author=1"}]}},"jetpack_sharing_enabled":true,"jetpack_featured_media_url":"https:\/\/cacaunews.com\/wp-content\/uploads\/2024\/01\/as_acoes_sao_desenvolvidas_em_conjunto_com_o_comando_de_operacoes_policiais_militares_coppm_o_batalhao_de_operacoes_policiais_especiais_bope_do_batalhao_de_patrulhamento_tatico_movel_bpatam_4_widelg.webp","_links":{"self":[{"href":"https:\/\/cacaunews.com\/index.php?rest_route=\/wp\/v2\/posts\/3948"}],"collection":[{"href":"https:\/\/cacaunews.com\/index.php?rest_route=\/wp\/v2\/posts"}],"about":[{"href":"https:\/\/cacaunews.com\/index.php?rest_route=\/wp\/v2\/types\/post"}],"author":[{"embeddable":true,"href":"https:\/\/cacaunews.com\/index.php?rest_route=\/wp\/v2\/users\/1"}],"replies":[{"embeddable":true,"href":"https:\/\/cacaunews.com\/index.php?rest_route=%2Fwp%2Fv2%2Fcomments&post=3948"}],"version-history":[{"count":1,"href":"https:\/\/cacaunews.com\/index.php?rest_route=\/wp\/v2\/posts\/3948\/revisions"}],"predecessor-version":[{"id":3949,"href":"https:\/\/cacaunews.com\/index.php?rest_route=\/wp\/v2\/posts\/3948\/revisions\/3949"}],"wp:featuredmedia":[{"embeddable":true,"href":"https:\/\/cacaunews.com\/index.php?rest_route=\/wp\/v2\/media\/3947"}],"wp:attachment":[{"href":"https:\/\/cacaunews.com\/index.php?rest_route=%2Fwp%2Fv2%2Fmedia&parent=3948"}],"wp:term":[{"taxonomy":"category","embeddable":true,"href":"https:\/\/cacaunews.com\/index.php?rest_route=%2Fwp%2Fv2%2Fcategories&post=3948"},{"taxonomy":"post_tag","embeddable":true,"href":"https:\/\/cacaunews.com\/index.php?rest_route=%2Fwp%2Fv2%2Ftags&post=3948"}],"curies":[{"name":"wp","href":"https:\/\/api.w.org\/{rel}","templated":true}]}}