{"id":3972,"date":"2024-01-04T16:26:22","date_gmt":"2024-01-04T16:26:22","guid":{"rendered":"https:\/\/cacaunews.com\/?p=3972"},"modified":"2024-01-04T16:26:15","modified_gmt":"2024-01-04T16:26:15","slug":"willians-campos-solicita-aos-governos-estadual-e-federal-apoio-para-reerguer-central-de-triagem","status":"publish","type":"post","link":"https:\/\/cacaunews.com\/?p=3972","title":{"rendered":"Willians Campos solicita aos Governos Estadual e Federal apoio para reerguer Central de Triagem."},"content":{"rendered":"\n<p>O morador do Bairro S\u00e3o Pedro, Willians Campos, enviou atrav\u00e9s de e-mail no \u00faltima ter\u00e7a-feira (02), of\u00edcios \u00e0s seguintes autoridades, o Ministro Silvio Almeida dos Direitos Humanos e Cidadania, e tamb\u00e9m ao Governador Jer\u00f4nimo Rodrigues, e ao Coordenador do Programa Bahia Sem Fome, Tiago Pereira, L\u00edder do Governo do Estado na Assembleia Legislativa do Estado da Bahia, Deputado Estadual Rosemberg Pinto (PT) e ao Gabinete do Deputado Estadual Matheus Junior (MDB), solicitando atendimento de apoio os associados e as fam\u00edlias que fazem parte da Central de Triagem de Coleta Seletiva da Associa\u00e7\u00e3o dos Agentes Ambientais e Catadores de Recicl\u00e1veis de Itabuna (AACRRI).  <\/p>\n\n\n\n<figure class=\"wp-block-image size-large\"><img fetchpriority=\"high\" decoding=\"async\" width=\"768\" height=\"740\" src=\"https:\/\/cacaunews.com\/wp-content\/uploads\/2024\/01\/image_editor_output_image1595164729-17043853145657959792603583420470.jpg\" alt=\"\" class=\"wp-image-3968\" srcset=\"https:\/\/cacaunews.com\/wp-content\/uploads\/2024\/01\/image_editor_output_image1595164729-17043853145657959792603583420470.jpg 768w, https:\/\/cacaunews.com\/wp-content\/uploads\/2024\/01\/image_editor_output_image1595164729-17043853145657959792603583420470-300x289.jpg 300w\" sizes=\"(max-width: 768px) 100vw, 768px\" \/><figcaption class=\"wp-element-caption\">Foto: Divulga\u00e7\u00e3o.<\/figcaption><\/figure>\n\n\n\n<p><br>Ainda segundo Willians Campos, que espera investiga\u00e7\u00e3o desse epis\u00f3dio, relata que esse galp\u00e3o era armazenado todo o lixo recicl\u00e1veis em nossa Cidade de Itabuna, com esse epis\u00f3dio \u201cAgora a situa\u00e7\u00e3o ficou ainda pior\u201d, espero que os trabalhadores n\u00e3o fiquem muito tempo sem poder trabalhar al\u00e9m de olhar pelo meio ambiente, e o fator social desse importante trabalho digno exercido por esses agentes ambientais. <\/p>\n\n\n\n<figure class=\"wp-block-image size-large\"><img decoding=\"async\" width=\"744\" height=\"1024\" src=\"https:\/\/cacaunews.com\/wp-content\/uploads\/2024\/01\/img_20240104_1324346737271550720952749-744x1024.jpg\" alt=\"\" class=\"wp-image-3970\" srcset=\"https:\/\/cacaunews.com\/wp-content\/uploads\/2024\/01\/img_20240104_1324346737271550720952749-744x1024.jpg 744w, https:\/\/cacaunews.com\/wp-content\/uploads\/2024\/01\/img_20240104_1324346737271550720952749-218x300.jpg 218w, https:\/\/cacaunews.com\/wp-content\/uploads\/2024\/01\/img_20240104_1324346737271550720952749-768x1057.jpg 768w, https:\/\/cacaunews.com\/wp-content\/uploads\/2024\/01\/img_20240104_1324346737271550720952749-1024x1410.jpg 1024w, https:\/\/cacaunews.com\/wp-content\/uploads\/2024\/01\/img_20240104_1324346737271550720952749.jpg 1080w\" sizes=\"(max-width: 744px) 100vw, 744px\" \/><\/figure>\n\n\n\n<figure class=\"wp-block-image\"><img decoding=\"async\" width=\"703\" height=\"1024\" src=\"https:\/\/cacaunews.com\/wp-content\/uploads\/2024\/01\/img_20240104_1325085130232312501729058-703x1024.jpg\" alt=\"\" class=\"wp-image-3971\" srcset=\"https:\/\/cacaunews.com\/wp-content\/uploads\/2024\/01\/img_20240104_1325085130232312501729058-703x1024.jpg 703w, https:\/\/cacaunews.com\/wp-content\/uploads\/2024\/01\/img_20240104_1325085130232312501729058-206x300.jpg 206w, https:\/\/cacaunews.com\/wp-content\/uploads\/2024\/01\/img_20240104_1325085130232312501729058-768x1119.jpg 768w, https:\/\/cacaunews.com\/wp-content\/uploads\/2024\/01\/img_20240104_1325085130232312501729058.jpg 952w\" sizes=\"(max-width: 703px) 100vw, 703px\" \/><\/figure>\n\n\n\n<p><\/p>\n","protected":false},"excerpt":{"rendered":"<p>O morador do Bairro S\u00e3o Pedro, Willians Campos, enviou atrav\u00e9s de e-mail no \u00faltima ter\u00e7a-feira&#8230;<\/p>\n","protected":false},"author":1,"featured_media":3969,"comment_status":"open","ping_status":"open","sticky":false,"template":"","format":"standard","meta":{"footnotes":""},"categories":[18,11,19],"tags":[659,27,903,1515],"yoast_head":"<!-- This site is optimized with the Yoast SEO plugin v21.7 - https:\/\/yoast.com\/wordpress\/plugins\/seo\/ -->\n<title>Willians Campos solicita aos Governos Estadual e Federal apoio para reerguer Central de Triagem. - Cacau News<\/title>\n<meta name=\"robots\" content=\"index, follow, max-snippet:-1, max-image-preview:large, max-video-preview:-1\" \/>\n<link rel=\"canonical\" href=\"https:\/\/cacaunews.com\/?p=3972\" \/>\n<meta property=\"og:locale\" content=\"pt_BR\" \/>\n<meta property=\"og:type\" content=\"article\" \/>\n<meta property=\"og:title\" content=\"Willians Campos solicita aos Governos Estadual e Federal apoio para reerguer Central de Triagem. - Cacau News\" \/>\n<meta property=\"og:description\" content=\"O morador do Bairro S\u00e3o Pedro, Willians Campos, enviou atrav\u00e9s de e-mail no \u00faltima ter\u00e7a-feira...\" \/>\n<meta property=\"og:url\" content=\"https:\/\/cacaunews.com\/?p=3972\" \/>\n<meta property=\"og:site_name\" content=\"Cacau News\" \/>\n<meta property=\"article:published_time\" content=\"2024-01-04T16:26:22+00:00\" \/>\n<meta property=\"article:modified_time\" content=\"2024-01-04T16:26:15+00:00\" \/>\n<meta property=\"og:image\" content=\"https:\/\/cacaunews.com\/wp-content\/uploads\/2024\/01\/image_editor_output_image-1889967858-1704385350597.jpg\" \/>\n\t<meta property=\"og:image:width\" content=\"1280\" \/>\n\t<meta property=\"og:image:height\" content=\"1345\" \/>\n\t<meta property=\"og:image:type\" content=\"image\/jpeg\" \/>\n<meta name=\"author\" content=\"Reda\u00e7\u00e3o Cacau News\" \/>\n<meta name=\"twitter:card\" content=\"summary_large_image\" \/>\n<meta name=\"twitter:label1\" content=\"Escrito por\" \/>\n\t<meta name=\"twitter:data1\" content=\"Reda\u00e7\u00e3o Cacau News\" \/>\n\t<meta name=\"twitter:label2\" content=\"Est. tempo de leitura\" \/>\n\t<meta name=\"twitter:data2\" content=\"1 minuto\" \/>\n<script type=\"application\/ld+json\" class=\"yoast-schema-graph\">{\"@context\":\"https:\/\/schema.org\",\"@graph\":[{\"@type\":\"Article\",\"@id\":\"https:\/\/cacaunews.com\/?p=3972#article\",\"isPartOf\":{\"@id\":\"https:\/\/cacaunews.com\/?p=3972\"},\"author\":{\"name\":\"Reda\u00e7\u00e3o Cacau News\",\"@id\":\"https:\/\/cacaunews.com\/#\/schema\/person\/ea69703103e606ad347ccd64bd72ef79\"},\"headline\":\"Willians Campos solicita aos Governos Estadual e Federal apoio para reerguer Central de Triagem.\",\"datePublished\":\"2024-01-04T16:26:22+00:00\",\"dateModified\":\"2024-01-04T16:26:15+00:00\",\"mainEntityOfPage\":{\"@id\":\"https:\/\/cacaunews.com\/?p=3972\"},\"wordCount\":199,\"commentCount\":0,\"publisher\":{\"@id\":\"https:\/\/cacaunews.com\/#organization\"},\"keywords\":[\"aacrii\",\"itabuna\",\"solicita\u00e7\u00e3o\",\"Willians campos\"],\"articleSection\":[\"cidades\",\"Jornalismo\",\"Social\"],\"inLanguage\":\"pt-BR\",\"potentialAction\":[{\"@type\":\"CommentAction\",\"name\":\"Comment\",\"target\":[\"https:\/\/cacaunews.com\/?p=3972#respond\"]}]},{\"@type\":\"WebPage\",\"@id\":\"https:\/\/cacaunews.com\/?p=3972\",\"url\":\"https:\/\/cacaunews.com\/?p=3972\",\"name\":\"Willians Campos solicita aos Governos Estadual e Federal apoio para reerguer Central de Triagem. - Cacau News\",\"isPartOf\":{\"@id\":\"https:\/\/cacaunews.com\/#website\"},\"datePublished\":\"2024-01-04T16:26:22+00:00\",\"dateModified\":\"2024-01-04T16:26:15+00:00\",\"breadcrumb\":{\"@id\":\"https:\/\/cacaunews.com\/?p=3972#breadcrumb\"},\"inLanguage\":\"pt-BR\",\"potentialAction\":[{\"@type\":\"ReadAction\",\"target\":[\"https:\/\/cacaunews.com\/?p=3972\"]}]},{\"@type\":\"BreadcrumbList\",\"@id\":\"https:\/\/cacaunews.com\/?p=3972#breadcrumb\",\"itemListElement\":[{\"@type\":\"ListItem\",\"position\":1,\"name\":\"In\u00edcio\",\"item\":\"https:\/\/cacaunews.com\/\"},{\"@type\":\"ListItem\",\"position\":2,\"name\":\"Willians Campos solicita aos Governos Estadual e Federal apoio para reerguer Central de Triagem.\"}]},{\"@type\":\"WebSite\",\"@id\":\"https:\/\/cacaunews.com\/#website\",\"url\":\"https:\/\/cacaunews.com\/\",\"name\":\"Cacau News\",\"description\":\"A Informa\u00e7\u00e3o que voc\u00ea precisa!\",\"publisher\":{\"@id\":\"https:\/\/cacaunews.com\/#organization\"},\"potentialAction\":[{\"@type\":\"SearchAction\",\"target\":{\"@type\":\"EntryPoint\",\"urlTemplate\":\"https:\/\/cacaunews.com\/?s={search_term_string}\"},\"query-input\":\"required name=search_term_string\"}],\"inLanguage\":\"pt-BR\"},{\"@type\":\"Organization\",\"@id\":\"https:\/\/cacaunews.com\/#organization\",\"name\":\"Cacau News\",\"url\":\"https:\/\/cacaunews.com\/\",\"logo\":{\"@type\":\"ImageObject\",\"inLanguage\":\"pt-BR\",\"@id\":\"https:\/\/cacaunews.com\/#\/schema\/logo\/image\/\",\"url\":\"https:\/\/cacaunews.com\/wp-content\/uploads\/2025\/01\/cropped-LOGO-NOVA.png\",\"contentUrl\":\"https:\/\/cacaunews.com\/wp-content\/uploads\/2025\/01\/cropped-LOGO-NOVA.png\",\"width\":813,\"height\":813,\"caption\":\"Cacau News\"},\"image\":{\"@id\":\"https:\/\/cacaunews.com\/#\/schema\/logo\/image\/\"},\"sameAs\":[\"https:\/\/www.instagram.com\/cacaunews.online\/\",\"https:\/\/youtube.com\/@cacaunews?si=0VXLnjl08SrWbVG9\"]},{\"@type\":\"Person\",\"@id\":\"https:\/\/cacaunews.com\/#\/schema\/person\/ea69703103e606ad347ccd64bd72ef79\",\"name\":\"Reda\u00e7\u00e3o Cacau News\",\"image\":{\"@type\":\"ImageObject\",\"inLanguage\":\"pt-BR\",\"@id\":\"https:\/\/cacaunews.com\/#\/schema\/person\/image\/\",\"url\":\"https:\/\/secure.gravatar.com\/avatar\/d79227a2a7b6cc42e8d7a8f7c284cd3a?s=96&d=mm&r=g\",\"contentUrl\":\"https:\/\/secure.gravatar.com\/avatar\/d79227a2a7b6cc42e8d7a8f7c284cd3a?s=96&d=mm&r=g\",\"caption\":\"Reda\u00e7\u00e3o Cacau News\"},\"sameAs\":[\"https:\/\/cacaunews.com\"],\"url\":\"https:\/\/cacaunews.com\/?author=1\"}]}<\/script>\n<!-- \/ Yoast SEO plugin. -->","yoast_head_json":{"title":"Willians Campos solicita aos Governos Estadual e Federal apoio para reerguer Central de Triagem. - Cacau News","robots":{"index":"index","follow":"follow","max-snippet":"max-snippet:-1","max-image-preview":"max-image-preview:large","max-video-preview":"max-video-preview:-1"},"canonical":"https:\/\/cacaunews.com\/?p=3972","og_locale":"pt_BR","og_type":"article","og_title":"Willians Campos solicita aos Governos Estadual e Federal apoio para reerguer Central de Triagem. - Cacau News","og_description":"O morador do Bairro S\u00e3o Pedro, Willians Campos, enviou atrav\u00e9s de e-mail no \u00faltima ter\u00e7a-feira...","og_url":"https:\/\/cacaunews.com\/?p=3972","og_site_name":"Cacau News","article_published_time":"2024-01-04T16:26:22+00:00","article_modified_time":"2024-01-04T16:26:15+00:00","og_image":[{"width":1280,"height":1345,"url":"https:\/\/cacaunews.com\/wp-content\/uploads\/2024\/01\/image_editor_output_image-1889967858-1704385350597.jpg","type":"image\/jpeg"}],"author":"Reda\u00e7\u00e3o Cacau News","twitter_card":"summary_large_image","twitter_misc":{"Escrito por":"Reda\u00e7\u00e3o Cacau News","Est. tempo de leitura":"1 minuto"},"schema":{"@context":"https:\/\/schema.org","@graph":[{"@type":"Article","@id":"https:\/\/cacaunews.com\/?p=3972#article","isPartOf":{"@id":"https:\/\/cacaunews.com\/?p=3972"},"author":{"name":"Reda\u00e7\u00e3o Cacau News","@id":"https:\/\/cacaunews.com\/#\/schema\/person\/ea69703103e606ad347ccd64bd72ef79"},"headline":"Willians Campos solicita aos Governos Estadual e Federal apoio para reerguer Central de Triagem.","datePublished":"2024-01-04T16:26:22+00:00","dateModified":"2024-01-04T16:26:15+00:00","mainEntityOfPage":{"@id":"https:\/\/cacaunews.com\/?p=3972"},"wordCount":199,"commentCount":0,"publisher":{"@id":"https:\/\/cacaunews.com\/#organization"},"keywords":["aacrii","itabuna","solicita\u00e7\u00e3o","Willians campos"],"articleSection":["cidades","Jornalismo","Social"],"inLanguage":"pt-BR","potentialAction":[{"@type":"CommentAction","name":"Comment","target":["https:\/\/cacaunews.com\/?p=3972#respond"]}]},{"@type":"WebPage","@id":"https:\/\/cacaunews.com\/?p=3972","url":"https:\/\/cacaunews.com\/?p=3972","name":"Willians Campos solicita aos Governos Estadual e Federal apoio para reerguer Central de Triagem. - Cacau News","isPartOf":{"@id":"https:\/\/cacaunews.com\/#website"},"datePublished":"2024-01-04T16:26:22+00:00","dateModified":"2024-01-04T16:26:15+00:00","breadcrumb":{"@id":"https:\/\/cacaunews.com\/?p=3972#breadcrumb"},"inLanguage":"pt-BR","potentialAction":[{"@type":"ReadAction","target":["https:\/\/cacaunews.com\/?p=3972"]}]},{"@type":"BreadcrumbList","@id":"https:\/\/cacaunews.com\/?p=3972#breadcrumb","itemListElement":[{"@type":"ListItem","position":1,"name":"In\u00edcio","item":"https:\/\/cacaunews.com\/"},{"@type":"ListItem","position":2,"name":"Willians Campos solicita aos Governos Estadual e Federal apoio para reerguer Central de Triagem."}]},{"@type":"WebSite","@id":"https:\/\/cacaunews.com\/#website","url":"https:\/\/cacaunews.com\/","name":"Cacau News","description":"A Informa\u00e7\u00e3o que voc\u00ea precisa!","publisher":{"@id":"https:\/\/cacaunews.com\/#organization"},"potentialAction":[{"@type":"SearchAction","target":{"@type":"EntryPoint","urlTemplate":"https:\/\/cacaunews.com\/?s={search_term_string}"},"query-input":"required name=search_term_string"}],"inLanguage":"pt-BR"},{"@type":"Organization","@id":"https:\/\/cacaunews.com\/#organization","name":"Cacau News","url":"https:\/\/cacaunews.com\/","logo":{"@type":"ImageObject","inLanguage":"pt-BR","@id":"https:\/\/cacaunews.com\/#\/schema\/logo\/image\/","url":"https:\/\/cacaunews.com\/wp-content\/uploads\/2025\/01\/cropped-LOGO-NOVA.png","contentUrl":"https:\/\/cacaunews.com\/wp-content\/uploads\/2025\/01\/cropped-LOGO-NOVA.png","width":813,"height":813,"caption":"Cacau News"},"image":{"@id":"https:\/\/cacaunews.com\/#\/schema\/logo\/image\/"},"sameAs":["https:\/\/www.instagram.com\/cacaunews.online\/","https:\/\/youtube.com\/@cacaunews?si=0VXLnjl08SrWbVG9"]},{"@type":"Person","@id":"https:\/\/cacaunews.com\/#\/schema\/person\/ea69703103e606ad347ccd64bd72ef79","name":"Reda\u00e7\u00e3o Cacau News","image":{"@type":"ImageObject","inLanguage":"pt-BR","@id":"https:\/\/cacaunews.com\/#\/schema\/person\/image\/","url":"https:\/\/secure.gravatar.com\/avatar\/d79227a2a7b6cc42e8d7a8f7c284cd3a?s=96&d=mm&r=g","contentUrl":"https:\/\/secure.gravatar.com\/avatar\/d79227a2a7b6cc42e8d7a8f7c284cd3a?s=96&d=mm&r=g","caption":"Reda\u00e7\u00e3o Cacau News"},"sameAs":["https:\/\/cacaunews.com"],"url":"https:\/\/cacaunews.com\/?author=1"}]}},"jetpack_sharing_enabled":true,"jetpack_featured_media_url":"https:\/\/cacaunews.com\/wp-content\/uploads\/2024\/01\/image_editor_output_image-1889967858-1704385350597.jpg","_links":{"self":[{"href":"https:\/\/cacaunews.com\/index.php?rest_route=\/wp\/v2\/posts\/3972"}],"collection":[{"href":"https:\/\/cacaunews.com\/index.php?rest_route=\/wp\/v2\/posts"}],"about":[{"href":"https:\/\/cacaunews.com\/index.php?rest_route=\/wp\/v2\/types\/post"}],"author":[{"embeddable":true,"href":"https:\/\/cacaunews.com\/index.php?rest_route=\/wp\/v2\/users\/1"}],"replies":[{"embeddable":true,"href":"https:\/\/cacaunews.com\/index.php?rest_route=%2Fwp%2Fv2%2Fcomments&post=3972"}],"version-history":[{"count":1,"href":"https:\/\/cacaunews.com\/index.php?rest_route=\/wp\/v2\/posts\/3972\/revisions"}],"predecessor-version":[{"id":3973,"href":"https:\/\/cacaunews.com\/index.php?rest_route=\/wp\/v2\/posts\/3972\/revisions\/3973"}],"wp:featuredmedia":[{"embeddable":true,"href":"https:\/\/cacaunews.com\/index.php?rest_route=\/wp\/v2\/media\/3969"}],"wp:attachment":[{"href":"https:\/\/cacaunews.com\/index.php?rest_route=%2Fwp%2Fv2%2Fmedia&parent=3972"}],"wp:term":[{"taxonomy":"category","embeddable":true,"href":"https:\/\/cacaunews.com\/index.php?rest_route=%2Fwp%2Fv2%2Fcategories&post=3972"},{"taxonomy":"post_tag","embeddable":true,"href":"https:\/\/cacaunews.com\/index.php?rest_route=%2Fwp%2Fv2%2Ftags&post=3972"}],"curies":[{"name":"wp","href":"https:\/\/api.w.org\/{rel}","templated":true}]}}