{"id":4000,"date":"2024-01-08T12:15:13","date_gmt":"2024-01-08T12:15:13","guid":{"rendered":"https:\/\/cacaunews.com\/?p=4000"},"modified":"2024-01-08T13:09:26","modified_gmt":"2024-01-08T13:09:26","slug":"ate-onde-vai-o-limite-da-liberdade-de-expressao-em-face-dos-direitos-da-personalidade-por-osmar-luna","status":"publish","type":"post","link":"https:\/\/cacaunews.com\/?p=4000","title":{"rendered":"At\u00e9 onde vai o limite da liberdade de express\u00e3o em face dos direitos da personalidade? Por Osmar Luna."},"content":{"rendered":"\n<p>Vigilantismo digital \u00e9 um termo que se refere a uma pratica de forma\u00e7\u00e3o de grupo ou grupos, no intuito de reprimir ou punir sumariamente \u201ccom as pr\u00f3prias m\u00e3os\u201d algu\u00e9m que supostamente cometeu um crime, ou algo considerado imoral por este grupo.<br><br>O linchamento digital existe, \u00e9 grave e irrevers\u00edvel.<br>Suas consequ\u00eancias s\u00e3o devastadoras.<br><br>N\u00e3o \u00e9 fato novo, not\u00edcias de fatias de uma comunidade, que investidas de qualquer sentimento de revolta, julgam, condenam e sentenciam, algu\u00e9m que deveria ser julgado, ouvido, e, finalmente, punido ou absolvido de suposto fato delituoso praticado.<br><br>Tr\u00e1gico, sobretudo, s\u00e3o not\u00edcias de que a\u00e7\u00f5es desse tipo podem ser ABSOLUTAMENTE injustas ou equivocadas.<br><br>Gra\u00e7as ao fomento a cultura de \u00f3dio, agress\u00e3o, repress\u00e3o, ataque a minorias, fake news, hoje v\u00ea-se acontecer, no mundo digital, o que j\u00e1 era presenciado na vida real.<br><br>Barb\u00e1ries, supostamente justificadas por uma falsa sensa\u00e7\u00e3o de justi\u00e7a PR\u00c9-conceituosa, e PR\u00c9-liminar.<br><br>Justiceiros que se aproveitam de um fato sofrido por algu\u00e9m para descarregar seu \u00f3dio e ira, intr\u00ednsecos ao ser humano, sob a falsa legitimidade de estar fazendo \u201co certo\u201d.<br><br>Pessoas esfaqueiam algu\u00e9m que agrediu, com muito menos contund\u00eancia, outra pessoa.<br>Pessoas atiram em algu\u00e9m que foi pego num ato de roubo ou furto.<br>Pessoas agridem at\u00e9 a morte algu\u00e9m que, por exemplo, bateu no marido ou na esposa, sem ao<br>menos ter a m\u00ednima comprova\u00e7\u00e3o de que o delito original tenha sido ver\u00eddico. E, mesmo que<br>fosse, conseguem fazer pior do que o que foi inicialmente feito.<br><br>A pol\u00edtica de cancelamento, evolu\u00edda para o que se define por linchamento digital, j\u00e1 tramita na C\u00e2mara dos Deputados, para ser tipificada criminalmente.<br><br>Linchamento digital destr\u00f3i vidas, sa\u00fade f\u00edsica, sa\u00fade mental, fecha empresas, e causa consequ\u00eancias grav\u00edssimas, na maioria das vezes extremamente mais graves do que a motiva\u00e7\u00e3o de um fato, que de forma alguma autoriza uma inquisi\u00e7\u00e3o de leigos com um login, senha e um smartphone.<br><br>A cultura do prejulgamento destr\u00f3i, divide,                     e transforma negativamente um povo que sempre foi conhecido pelo sorriso, e pela boa vizinhan\u00e7a, mesmo diante das diversidades.<br><br>At\u00e9 onde vai o direito de julgamento, exposi\u00e7\u00e3o, inquisi\u00e7\u00e3o e cancelamento na m\u00eddia?<br><br>Atribui\u00e7\u00e3o de culpa (blaming); (Envergonhamento) Vergonha p\u00fablica (public shaming).<br><br>Esses dois vetores trazem impactos severos \u00e0 v\u00edtima, trespassam da esfera digital e trazem consequ\u00eancias graves ao que \u00e9 chamado de vida real.<br><br>N\u00e3o h\u00e1 como mais, inclusive, separar os dois mundos.<br>O digital interfere na vida pessoal, real.<br>A internet n\u00e3o \u00e9 territ\u00f3rio livre, sem lei.<br>A internet n\u00e3o \u00e9 cheque em branco para exposi\u00e7\u00e3o e julgamentos.<br>A nossa carta magna traz cl\u00e1usulas p\u00e9treas no que tange aos direitos individuais.<br>E a justi\u00e7a, hoje, alcan\u00e7a a esfera digital.<br>Chega de ataque a minorias.<br><br>A filosofa Ayn Rand, imortalizou uma frase que todos deveriam analisar: N\u00e3o podemos invadir o direito de minorias, e o indiv\u00edduo \u00e9 a menor minoria que existe, e essa esfera de respeito nunca deveria ser tocada.<br><br>Trag\u00e9dias acontecem, fatalidades acontecem, e devem ser analisadas, corrigidas, e quem sabe punidas, mas de forma alguma autorizam um esc\u00e1rnio moral em territ\u00f3rio online.<br><br>\u00c9 assustador o que pessoas s\u00e3o capazes de fazer com pessoas.<br>Se os donos da moral tivessem dentes afiados, MORDERIAM muito mais forte, seus pr\u00f3prios pares.<\/p>\n\n\n\n<figure class=\"wp-block-image size-large\"><img fetchpriority=\"high\" decoding=\"async\" width=\"739\" height=\"947\" src=\"https:\/\/cacaunews.com\/wp-content\/uploads\/2024\/01\/image_editor_output_image716261282-17046783586106574991081882126184.jpg\" alt=\"\" class=\"wp-image-3998\" srcset=\"https:\/\/cacaunews.com\/wp-content\/uploads\/2024\/01\/image_editor_output_image716261282-17046783586106574991081882126184.jpg 739w, https:\/\/cacaunews.com\/wp-content\/uploads\/2024\/01\/image_editor_output_image716261282-17046783586106574991081882126184-234x300.jpg 234w\" sizes=\"(max-width: 739px) 100vw, 739px\" \/><figcaption class=\"wp-element-caption\"><em>Osmar Luna &#8211; Funcion\u00e1rio P\u00fablico e escritor.<\/em><\/figcaption><\/figure>\n\n\n\n<p><\/p>\n","protected":false},"excerpt":{"rendered":"<p>Vigilantismo digital \u00e9 um termo que se refere a uma pratica de forma\u00e7\u00e3o de grupo&#8230;<\/p>\n","protected":false},"author":1,"featured_media":3999,"comment_status":"open","ping_status":"open","sticky":false,"template":"","format":"standard","meta":{"footnotes":""},"categories":[4,11],"tags":[851,1525,1526,974],"yoast_head":"<!-- This site is optimized with the Yoast SEO plugin v21.7 - https:\/\/yoast.com\/wordpress\/plugins\/seo\/ -->\n<title>At\u00e9 onde vai o limite da liberdade de express\u00e3o em face dos direitos da personalidade? Por Osmar Luna. - Cacau News<\/title>\n<meta name=\"robots\" content=\"index, follow, max-snippet:-1, max-image-preview:large, max-video-preview:-1\" \/>\n<link rel=\"canonical\" href=\"https:\/\/cacaunews.com\/?p=4000\" \/>\n<meta property=\"og:locale\" content=\"pt_BR\" \/>\n<meta property=\"og:type\" content=\"article\" \/>\n<meta property=\"og:title\" content=\"At\u00e9 onde vai o limite da liberdade de express\u00e3o em face dos direitos da personalidade? Por Osmar Luna. - Cacau News\" \/>\n<meta property=\"og:description\" content=\"Vigilantismo digital \u00e9 um termo que se refere a uma pratica de forma\u00e7\u00e3o de grupo...\" \/>\n<meta property=\"og:url\" content=\"https:\/\/cacaunews.com\/?p=4000\" \/>\n<meta property=\"og:site_name\" content=\"Cacau News\" \/>\n<meta property=\"article:published_time\" content=\"2024-01-08T12:15:13+00:00\" \/>\n<meta property=\"article:modified_time\" content=\"2024-01-08T13:09:26+00:00\" \/>\n<meta property=\"og:image\" content=\"https:\/\/cacaunews.com\/wp-content\/uploads\/2024\/01\/capasite_liberdade.png\" \/>\n\t<meta property=\"og:image:width\" content=\"750\" \/>\n\t<meta property=\"og:image:height\" content=\"555\" \/>\n\t<meta property=\"og:image:type\" content=\"image\/png\" \/>\n<meta name=\"author\" content=\"Reda\u00e7\u00e3o Cacau News\" \/>\n<meta name=\"twitter:card\" content=\"summary_large_image\" \/>\n<meta name=\"twitter:label1\" content=\"Escrito por\" \/>\n\t<meta name=\"twitter:data1\" content=\"Reda\u00e7\u00e3o Cacau News\" \/>\n\t<meta name=\"twitter:label2\" content=\"Est. tempo de leitura\" \/>\n\t<meta name=\"twitter:data2\" content=\"3 minutos\" \/>\n<script type=\"application\/ld+json\" class=\"yoast-schema-graph\">{\"@context\":\"https:\/\/schema.org\",\"@graph\":[{\"@type\":\"Article\",\"@id\":\"https:\/\/cacaunews.com\/?p=4000#article\",\"isPartOf\":{\"@id\":\"https:\/\/cacaunews.com\/?p=4000\"},\"author\":{\"name\":\"Reda\u00e7\u00e3o Cacau News\",\"@id\":\"https:\/\/cacaunews.com\/#\/schema\/person\/ea69703103e606ad347ccd64bd72ef79\"},\"headline\":\"At\u00e9 onde vai o limite da liberdade de express\u00e3o em face dos direitos da personalidade? Por Osmar Luna.\",\"datePublished\":\"2024-01-08T12:15:13+00:00\",\"dateModified\":\"2024-01-08T13:09:26+00:00\",\"mainEntityOfPage\":{\"@id\":\"https:\/\/cacaunews.com\/?p=4000\"},\"wordCount\":611,\"commentCount\":0,\"publisher\":{\"@id\":\"https:\/\/cacaunews.com\/#organization\"},\"keywords\":[\"artigo\",\"liberdade de express\u00e3o\",\"Osmar Luna\",\"texto\"],\"articleSection\":[\"Internet\",\"Jornalismo\"],\"inLanguage\":\"pt-BR\",\"potentialAction\":[{\"@type\":\"CommentAction\",\"name\":\"Comment\",\"target\":[\"https:\/\/cacaunews.com\/?p=4000#respond\"]}]},{\"@type\":\"WebPage\",\"@id\":\"https:\/\/cacaunews.com\/?p=4000\",\"url\":\"https:\/\/cacaunews.com\/?p=4000\",\"name\":\"At\u00e9 onde vai o limite da liberdade de express\u00e3o em face dos direitos da personalidade? Por Osmar Luna. - Cacau News\",\"isPartOf\":{\"@id\":\"https:\/\/cacaunews.com\/#website\"},\"datePublished\":\"2024-01-08T12:15:13+00:00\",\"dateModified\":\"2024-01-08T13:09:26+00:00\",\"breadcrumb\":{\"@id\":\"https:\/\/cacaunews.com\/?p=4000#breadcrumb\"},\"inLanguage\":\"pt-BR\",\"potentialAction\":[{\"@type\":\"ReadAction\",\"target\":[\"https:\/\/cacaunews.com\/?p=4000\"]}]},{\"@type\":\"BreadcrumbList\",\"@id\":\"https:\/\/cacaunews.com\/?p=4000#breadcrumb\",\"itemListElement\":[{\"@type\":\"ListItem\",\"position\":1,\"name\":\"In\u00edcio\",\"item\":\"https:\/\/cacaunews.com\/\"},{\"@type\":\"ListItem\",\"position\":2,\"name\":\"At\u00e9 onde vai o limite da liberdade de express\u00e3o em face dos direitos da personalidade? Por Osmar Luna.\"}]},{\"@type\":\"WebSite\",\"@id\":\"https:\/\/cacaunews.com\/#website\",\"url\":\"https:\/\/cacaunews.com\/\",\"name\":\"Cacau News\",\"description\":\"A Informa\u00e7\u00e3o que voc\u00ea precisa!\",\"publisher\":{\"@id\":\"https:\/\/cacaunews.com\/#organization\"},\"potentialAction\":[{\"@type\":\"SearchAction\",\"target\":{\"@type\":\"EntryPoint\",\"urlTemplate\":\"https:\/\/cacaunews.com\/?s={search_term_string}\"},\"query-input\":\"required name=search_term_string\"}],\"inLanguage\":\"pt-BR\"},{\"@type\":\"Organization\",\"@id\":\"https:\/\/cacaunews.com\/#organization\",\"name\":\"Cacau News\",\"url\":\"https:\/\/cacaunews.com\/\",\"logo\":{\"@type\":\"ImageObject\",\"inLanguage\":\"pt-BR\",\"@id\":\"https:\/\/cacaunews.com\/#\/schema\/logo\/image\/\",\"url\":\"https:\/\/cacaunews.com\/wp-content\/uploads\/2025\/01\/cropped-LOGO-NOVA.png\",\"contentUrl\":\"https:\/\/cacaunews.com\/wp-content\/uploads\/2025\/01\/cropped-LOGO-NOVA.png\",\"width\":813,\"height\":813,\"caption\":\"Cacau News\"},\"image\":{\"@id\":\"https:\/\/cacaunews.com\/#\/schema\/logo\/image\/\"},\"sameAs\":[\"https:\/\/www.instagram.com\/cacaunews.online\/\",\"https:\/\/youtube.com\/@cacaunews?si=0VXLnjl08SrWbVG9\"]},{\"@type\":\"Person\",\"@id\":\"https:\/\/cacaunews.com\/#\/schema\/person\/ea69703103e606ad347ccd64bd72ef79\",\"name\":\"Reda\u00e7\u00e3o Cacau News\",\"image\":{\"@type\":\"ImageObject\",\"inLanguage\":\"pt-BR\",\"@id\":\"https:\/\/cacaunews.com\/#\/schema\/person\/image\/\",\"url\":\"https:\/\/secure.gravatar.com\/avatar\/d79227a2a7b6cc42e8d7a8f7c284cd3a?s=96&d=mm&r=g\",\"contentUrl\":\"https:\/\/secure.gravatar.com\/avatar\/d79227a2a7b6cc42e8d7a8f7c284cd3a?s=96&d=mm&r=g\",\"caption\":\"Reda\u00e7\u00e3o Cacau News\"},\"sameAs\":[\"https:\/\/cacaunews.com\"],\"url\":\"https:\/\/cacaunews.com\/?author=1\"}]}<\/script>\n<!-- \/ Yoast SEO plugin. -->","yoast_head_json":{"title":"At\u00e9 onde vai o limite da liberdade de express\u00e3o em face dos direitos da personalidade? Por Osmar Luna. - Cacau News","robots":{"index":"index","follow":"follow","max-snippet":"max-snippet:-1","max-image-preview":"max-image-preview:large","max-video-preview":"max-video-preview:-1"},"canonical":"https:\/\/cacaunews.com\/?p=4000","og_locale":"pt_BR","og_type":"article","og_title":"At\u00e9 onde vai o limite da liberdade de express\u00e3o em face dos direitos da personalidade? Por Osmar Luna. - Cacau News","og_description":"Vigilantismo digital \u00e9 um termo que se refere a uma pratica de forma\u00e7\u00e3o de grupo...","og_url":"https:\/\/cacaunews.com\/?p=4000","og_site_name":"Cacau News","article_published_time":"2024-01-08T12:15:13+00:00","article_modified_time":"2024-01-08T13:09:26+00:00","og_image":[{"width":750,"height":555,"url":"https:\/\/cacaunews.com\/wp-content\/uploads\/2024\/01\/capasite_liberdade.png","type":"image\/png"}],"author":"Reda\u00e7\u00e3o Cacau News","twitter_card":"summary_large_image","twitter_misc":{"Escrito por":"Reda\u00e7\u00e3o Cacau News","Est. tempo de leitura":"3 minutos"},"schema":{"@context":"https:\/\/schema.org","@graph":[{"@type":"Article","@id":"https:\/\/cacaunews.com\/?p=4000#article","isPartOf":{"@id":"https:\/\/cacaunews.com\/?p=4000"},"author":{"name":"Reda\u00e7\u00e3o Cacau News","@id":"https:\/\/cacaunews.com\/#\/schema\/person\/ea69703103e606ad347ccd64bd72ef79"},"headline":"At\u00e9 onde vai o limite da liberdade de express\u00e3o em face dos direitos da personalidade? Por Osmar Luna.","datePublished":"2024-01-08T12:15:13+00:00","dateModified":"2024-01-08T13:09:26+00:00","mainEntityOfPage":{"@id":"https:\/\/cacaunews.com\/?p=4000"},"wordCount":611,"commentCount":0,"publisher":{"@id":"https:\/\/cacaunews.com\/#organization"},"keywords":["artigo","liberdade de express\u00e3o","Osmar Luna","texto"],"articleSection":["Internet","Jornalismo"],"inLanguage":"pt-BR","potentialAction":[{"@type":"CommentAction","name":"Comment","target":["https:\/\/cacaunews.com\/?p=4000#respond"]}]},{"@type":"WebPage","@id":"https:\/\/cacaunews.com\/?p=4000","url":"https:\/\/cacaunews.com\/?p=4000","name":"At\u00e9 onde vai o limite da liberdade de express\u00e3o em face dos direitos da personalidade? Por Osmar Luna. - Cacau News","isPartOf":{"@id":"https:\/\/cacaunews.com\/#website"},"datePublished":"2024-01-08T12:15:13+00:00","dateModified":"2024-01-08T13:09:26+00:00","breadcrumb":{"@id":"https:\/\/cacaunews.com\/?p=4000#breadcrumb"},"inLanguage":"pt-BR","potentialAction":[{"@type":"ReadAction","target":["https:\/\/cacaunews.com\/?p=4000"]}]},{"@type":"BreadcrumbList","@id":"https:\/\/cacaunews.com\/?p=4000#breadcrumb","itemListElement":[{"@type":"ListItem","position":1,"name":"In\u00edcio","item":"https:\/\/cacaunews.com\/"},{"@type":"ListItem","position":2,"name":"At\u00e9 onde vai o limite da liberdade de express\u00e3o em face dos direitos da personalidade? Por Osmar Luna."}]},{"@type":"WebSite","@id":"https:\/\/cacaunews.com\/#website","url":"https:\/\/cacaunews.com\/","name":"Cacau News","description":"A Informa\u00e7\u00e3o que voc\u00ea precisa!","publisher":{"@id":"https:\/\/cacaunews.com\/#organization"},"potentialAction":[{"@type":"SearchAction","target":{"@type":"EntryPoint","urlTemplate":"https:\/\/cacaunews.com\/?s={search_term_string}"},"query-input":"required name=search_term_string"}],"inLanguage":"pt-BR"},{"@type":"Organization","@id":"https:\/\/cacaunews.com\/#organization","name":"Cacau News","url":"https:\/\/cacaunews.com\/","logo":{"@type":"ImageObject","inLanguage":"pt-BR","@id":"https:\/\/cacaunews.com\/#\/schema\/logo\/image\/","url":"https:\/\/cacaunews.com\/wp-content\/uploads\/2025\/01\/cropped-LOGO-NOVA.png","contentUrl":"https:\/\/cacaunews.com\/wp-content\/uploads\/2025\/01\/cropped-LOGO-NOVA.png","width":813,"height":813,"caption":"Cacau News"},"image":{"@id":"https:\/\/cacaunews.com\/#\/schema\/logo\/image\/"},"sameAs":["https:\/\/www.instagram.com\/cacaunews.online\/","https:\/\/youtube.com\/@cacaunews?si=0VXLnjl08SrWbVG9"]},{"@type":"Person","@id":"https:\/\/cacaunews.com\/#\/schema\/person\/ea69703103e606ad347ccd64bd72ef79","name":"Reda\u00e7\u00e3o Cacau News","image":{"@type":"ImageObject","inLanguage":"pt-BR","@id":"https:\/\/cacaunews.com\/#\/schema\/person\/image\/","url":"https:\/\/secure.gravatar.com\/avatar\/d79227a2a7b6cc42e8d7a8f7c284cd3a?s=96&d=mm&r=g","contentUrl":"https:\/\/secure.gravatar.com\/avatar\/d79227a2a7b6cc42e8d7a8f7c284cd3a?s=96&d=mm&r=g","caption":"Reda\u00e7\u00e3o Cacau News"},"sameAs":["https:\/\/cacaunews.com"],"url":"https:\/\/cacaunews.com\/?author=1"}]}},"jetpack_sharing_enabled":true,"jetpack_featured_media_url":"https:\/\/cacaunews.com\/wp-content\/uploads\/2024\/01\/capasite_liberdade.png","_links":{"self":[{"href":"https:\/\/cacaunews.com\/index.php?rest_route=\/wp\/v2\/posts\/4000"}],"collection":[{"href":"https:\/\/cacaunews.com\/index.php?rest_route=\/wp\/v2\/posts"}],"about":[{"href":"https:\/\/cacaunews.com\/index.php?rest_route=\/wp\/v2\/types\/post"}],"author":[{"embeddable":true,"href":"https:\/\/cacaunews.com\/index.php?rest_route=\/wp\/v2\/users\/1"}],"replies":[{"embeddable":true,"href":"https:\/\/cacaunews.com\/index.php?rest_route=%2Fwp%2Fv2%2Fcomments&post=4000"}],"version-history":[{"count":1,"href":"https:\/\/cacaunews.com\/index.php?rest_route=\/wp\/v2\/posts\/4000\/revisions"}],"predecessor-version":[{"id":4001,"href":"https:\/\/cacaunews.com\/index.php?rest_route=\/wp\/v2\/posts\/4000\/revisions\/4001"}],"wp:featuredmedia":[{"embeddable":true,"href":"https:\/\/cacaunews.com\/index.php?rest_route=\/wp\/v2\/media\/3999"}],"wp:attachment":[{"href":"https:\/\/cacaunews.com\/index.php?rest_route=%2Fwp%2Fv2%2Fmedia&parent=4000"}],"wp:term":[{"taxonomy":"category","embeddable":true,"href":"https:\/\/cacaunews.com\/index.php?rest_route=%2Fwp%2Fv2%2Fcategories&post=4000"},{"taxonomy":"post_tag","embeddable":true,"href":"https:\/\/cacaunews.com\/index.php?rest_route=%2Fwp%2Fv2%2Ftags&post=4000"}],"curies":[{"name":"wp","href":"https:\/\/api.w.org\/{rel}","templated":true}]}}