{"id":4011,"date":"2024-01-10T12:00:32","date_gmt":"2024-01-10T12:00:32","guid":{"rendered":"https:\/\/cacaunews.com\/?p=4011"},"modified":"2024-01-10T12:00:32","modified_gmt":"2024-01-10T12:00:32","slug":"uesc-comemora-parceria-com-o-colegio-da-policia-militar-romulo-galvao","status":"publish","type":"post","link":"https:\/\/cacaunews.com\/?p=4011","title":{"rendered":"Uesc comemora parceria com o Col\u00e9gio da Pol\u00edcia Militar R\u00f4mulo Galv\u00e3o."},"content":{"rendered":"\n<p>O estudante ilheense Iago Alves Dias, de 14 anos, \u00e9 o primeiro a conquistar Medalha de Ouro na Olimp\u00edada Brasileira de Matem\u00e1tica das Escolas P\u00fablicas (OBMEP), fato ocorrido na 18\u00aa edi\u00e7\u00e3o da Ol\u00edmpiada, em 2023. Aluno do nono ano do Ensino Fundamental II do Col\u00e9gio da Pol\u00edcia Militar R\u00f4mulo Galv\u00e3o (CPMRG), de Ilh\u00e9us, Iago contribuiu para a participa\u00e7\u00e3o hist\u00f3rica de sua escola no evento. Ao todo, o col\u00e9gio obteve uma medalha de ouro, duas de prata, cinco de bronze e 20 men\u00e7\u00f5es honrosas.<\/p>\n\n\n\n<figure class=\"wp-block-image size-large\"><img fetchpriority=\"high\" decoding=\"async\" width=\"919\" height=\"1024\" src=\"https:\/\/cacaunews.com\/wp-content\/uploads\/2024\/01\/image_editor_output_image457419825-17048551848695823467987624874881-919x1024.jpg\" alt=\"\" class=\"wp-image-4009\" srcset=\"https:\/\/cacaunews.com\/wp-content\/uploads\/2024\/01\/image_editor_output_image457419825-17048551848695823467987624874881-919x1024.jpg 919w, https:\/\/cacaunews.com\/wp-content\/uploads\/2024\/01\/image_editor_output_image457419825-17048551848695823467987624874881-269x300.jpg 269w, https:\/\/cacaunews.com\/wp-content\/uploads\/2024\/01\/image_editor_output_image457419825-17048551848695823467987624874881-768x856.jpg 768w, https:\/\/cacaunews.com\/wp-content\/uploads\/2024\/01\/image_editor_output_image457419825-17048551848695823467987624874881-1024x1142.jpg 1024w, https:\/\/cacaunews.com\/wp-content\/uploads\/2024\/01\/image_editor_output_image457419825-17048551848695823467987624874881.jpg 1080w\" sizes=\"(max-width: 919px) 100vw, 919px\" \/><figcaption class=\"wp-element-caption\">Foto: Ascom\/UESC.<\/figcaption><\/figure>\n\n\n\n<p><br><br>Esse feito hist\u00f3rico foi comemorado tamb\u00e9m pelo Departamento de Ci\u00eancias Exatas (DCEX) da Universidade Estadual de Santa Cruz (Uesc) que, desde 2015, realiza diversas a\u00e7\u00f5es extensionistas no CPM R\u00f4mulo Galv\u00e3o. Em 2023, por exemplo, a \u00e1rea de Matem\u00e1tica da Uesc, atrav\u00e9s do Projeto de Extens\u00e3o &#8220;C\u00edrculo Matem\u00e1tico da Uesc&#8221;, realizou treinamento ol\u00edmpico para os 62 alunos do CPM classificados para a segunda fase da OBMEP (a escola teve em torno de 1.200 alunos inscritos na primeira fase).<br><br>O projeto contou com a participa\u00e7\u00e3o de cinco professores doutores da Uesc, dois discentes do curso de Bacharelado em Matem\u00e1tica e diversos professores de Matem\u00e1tica da Escola. Segundo o professor Nestor Felipe Casta\u00f1eda Centuri\u00f3n, vice-diretor do Departamento de Ci\u00eancias Exatas, \u201cessa a\u00e7\u00e3o ser\u00e1 ampliada em 2024. E \u00e9 um resultado que serve de motiva\u00e7\u00e3o para todas as escolas da regi\u00e3o.\u201d<br><br>Casta\u00f1eda Centuri\u00f3n destaca que \u201co ambiente acad\u00eamico vive uma efervesc\u00eancia na escola, atrav\u00e9s da exist\u00eancia de grupos de estudo e treinamento para diversas ol\u00edmpiadas, com destaque para a Olimp\u00edada Brasileira de Astronomia (OBA) e a pr\u00f3pria OBMEP.\u201d<br><br><strong>Premia\u00e7\u00f5es<\/strong> &#8211; Por sua vez, o estudante Iago Alves Dias, filho de D\u00e9bora Alves e C\u00edcero Dias, tem colecionado premia\u00e7\u00f5es em diversos certames dos quais participa.  Somente em 2023, foi medalhista de ouro na Olimp\u00edada Brasileira de Astronomia e Astron\u00e1utica (OBA), medalhista de bronze na Olimp\u00edada de Matem\u00e1tica do Sul da Bahia (OLIMAT), promovida pela Uesc; Medalha de ouro nacional n\u00edvel 2 na 18\u00aa OBMEP; medalhista de ouro regional n\u00edvel 2 na 18\u00aa OBMEP; al\u00e9m de membro fundador do Clube Ilheense de Astronomia e Ci\u00eancias (CIAC), bolsista de Inicia\u00e7\u00e3o Cient\u00edfica J\u00fanior do CNPq \u2013 Grande \u00e1rea: Ci\u00eancias Exatas e da Terra \/ \u00c1rea: Matem\u00e1tica (Renovado para 2024); e monitor bolsista do programa Mais Estudo Bahia\/Componente Curricular: Matem\u00e1tica.<\/p>\n","protected":false},"excerpt":{"rendered":"<p>O estudante ilheense Iago Alves Dias, de 14 anos, \u00e9 o primeiro a conquistar Medalha&#8230;<\/p>\n","protected":false},"author":1,"featured_media":4010,"comment_status":"open","ping_status":"open","sticky":false,"template":"","format":"standard","meta":{"footnotes":""},"categories":[4,11],"tags":[115,33,1530,1529,352],"yoast_head":"<!-- This site is optimized with the Yoast SEO plugin v21.7 - https:\/\/yoast.com\/wordpress\/plugins\/seo\/ -->\n<title>Uesc comemora parceria com o Col\u00e9gio da Pol\u00edcia Militar R\u00f4mulo Galv\u00e3o. - Cacau News<\/title>\n<meta name=\"robots\" content=\"index, follow, max-snippet:-1, max-image-preview:large, max-video-preview:-1\" \/>\n<link rel=\"canonical\" href=\"https:\/\/cacaunews.com\/?p=4011\" \/>\n<meta property=\"og:locale\" content=\"pt_BR\" \/>\n<meta property=\"og:type\" content=\"article\" \/>\n<meta property=\"og:title\" content=\"Uesc comemora parceria com o Col\u00e9gio da Pol\u00edcia Militar R\u00f4mulo Galv\u00e3o. - Cacau News\" \/>\n<meta property=\"og:description\" content=\"O estudante ilheense Iago Alves Dias, de 14 anos, \u00e9 o primeiro a conquistar Medalha...\" \/>\n<meta property=\"og:url\" content=\"https:\/\/cacaunews.com\/?p=4011\" \/>\n<meta property=\"og:site_name\" content=\"Cacau News\" \/>\n<meta property=\"article:published_time\" content=\"2024-01-10T12:00:32+00:00\" \/>\n<meta property=\"og:image\" content=\"https:\/\/cacaunews.com\/wp-content\/uploads\/2024\/01\/ProfessoresdaUesceestudantesCPM.jpeg\" \/>\n\t<meta property=\"og:image:width\" content=\"1414\" \/>\n\t<meta property=\"og:image:height\" content=\"753\" \/>\n\t<meta property=\"og:image:type\" content=\"image\/jpeg\" \/>\n<meta name=\"author\" content=\"Reda\u00e7\u00e3o Cacau News\" \/>\n<meta name=\"twitter:card\" content=\"summary_large_image\" \/>\n<meta name=\"twitter:label1\" content=\"Escrito por\" \/>\n\t<meta name=\"twitter:data1\" content=\"Reda\u00e7\u00e3o Cacau News\" \/>\n\t<meta name=\"twitter:label2\" content=\"Est. tempo de leitura\" \/>\n\t<meta name=\"twitter:data2\" content=\"2 minutos\" \/>\n<script type=\"application\/ld+json\" class=\"yoast-schema-graph\">{\"@context\":\"https:\/\/schema.org\",\"@graph\":[{\"@type\":\"Article\",\"@id\":\"https:\/\/cacaunews.com\/?p=4011#article\",\"isPartOf\":{\"@id\":\"https:\/\/cacaunews.com\/?p=4011\"},\"author\":{\"name\":\"Reda\u00e7\u00e3o Cacau News\",\"@id\":\"https:\/\/cacaunews.com\/#\/schema\/person\/ea69703103e606ad347ccd64bd72ef79\"},\"headline\":\"Uesc comemora parceria com o Col\u00e9gio da Pol\u00edcia Militar R\u00f4mulo Galv\u00e3o.\",\"datePublished\":\"2024-01-10T12:00:32+00:00\",\"dateModified\":\"2024-01-10T12:00:32+00:00\",\"mainEntityOfPage\":{\"@id\":\"https:\/\/cacaunews.com\/?p=4011\"},\"wordCount\":436,\"commentCount\":0,\"publisher\":{\"@id\":\"https:\/\/cacaunews.com\/#organization\"},\"keywords\":[\"cpm\",\"educa\u00e7\u00e3o\",\"obemep\",\"R\u00f4mulo Galv\u00e3o\",\"UESC\"],\"articleSection\":[\"Internet\",\"Jornalismo\"],\"inLanguage\":\"pt-BR\",\"potentialAction\":[{\"@type\":\"CommentAction\",\"name\":\"Comment\",\"target\":[\"https:\/\/cacaunews.com\/?p=4011#respond\"]}]},{\"@type\":\"WebPage\",\"@id\":\"https:\/\/cacaunews.com\/?p=4011\",\"url\":\"https:\/\/cacaunews.com\/?p=4011\",\"name\":\"Uesc comemora parceria com o Col\u00e9gio da Pol\u00edcia Militar R\u00f4mulo Galv\u00e3o. - Cacau News\",\"isPartOf\":{\"@id\":\"https:\/\/cacaunews.com\/#website\"},\"datePublished\":\"2024-01-10T12:00:32+00:00\",\"dateModified\":\"2024-01-10T12:00:32+00:00\",\"breadcrumb\":{\"@id\":\"https:\/\/cacaunews.com\/?p=4011#breadcrumb\"},\"inLanguage\":\"pt-BR\",\"potentialAction\":[{\"@type\":\"ReadAction\",\"target\":[\"https:\/\/cacaunews.com\/?p=4011\"]}]},{\"@type\":\"BreadcrumbList\",\"@id\":\"https:\/\/cacaunews.com\/?p=4011#breadcrumb\",\"itemListElement\":[{\"@type\":\"ListItem\",\"position\":1,\"name\":\"In\u00edcio\",\"item\":\"https:\/\/cacaunews.com\/\"},{\"@type\":\"ListItem\",\"position\":2,\"name\":\"Uesc comemora parceria com o Col\u00e9gio da Pol\u00edcia Militar R\u00f4mulo Galv\u00e3o.\"}]},{\"@type\":\"WebSite\",\"@id\":\"https:\/\/cacaunews.com\/#website\",\"url\":\"https:\/\/cacaunews.com\/\",\"name\":\"Cacau News\",\"description\":\"A Informa\u00e7\u00e3o que voc\u00ea precisa!\",\"publisher\":{\"@id\":\"https:\/\/cacaunews.com\/#organization\"},\"potentialAction\":[{\"@type\":\"SearchAction\",\"target\":{\"@type\":\"EntryPoint\",\"urlTemplate\":\"https:\/\/cacaunews.com\/?s={search_term_string}\"},\"query-input\":\"required name=search_term_string\"}],\"inLanguage\":\"pt-BR\"},{\"@type\":\"Organization\",\"@id\":\"https:\/\/cacaunews.com\/#organization\",\"name\":\"Cacau News\",\"url\":\"https:\/\/cacaunews.com\/\",\"logo\":{\"@type\":\"ImageObject\",\"inLanguage\":\"pt-BR\",\"@id\":\"https:\/\/cacaunews.com\/#\/schema\/logo\/image\/\",\"url\":\"https:\/\/cacaunews.com\/wp-content\/uploads\/2025\/01\/cropped-LOGO-NOVA.png\",\"contentUrl\":\"https:\/\/cacaunews.com\/wp-content\/uploads\/2025\/01\/cropped-LOGO-NOVA.png\",\"width\":813,\"height\":813,\"caption\":\"Cacau News\"},\"image\":{\"@id\":\"https:\/\/cacaunews.com\/#\/schema\/logo\/image\/\"},\"sameAs\":[\"https:\/\/www.instagram.com\/cacaunews.online\/\",\"https:\/\/youtube.com\/@cacaunews?si=0VXLnjl08SrWbVG9\"]},{\"@type\":\"Person\",\"@id\":\"https:\/\/cacaunews.com\/#\/schema\/person\/ea69703103e606ad347ccd64bd72ef79\",\"name\":\"Reda\u00e7\u00e3o Cacau News\",\"image\":{\"@type\":\"ImageObject\",\"inLanguage\":\"pt-BR\",\"@id\":\"https:\/\/cacaunews.com\/#\/schema\/person\/image\/\",\"url\":\"https:\/\/secure.gravatar.com\/avatar\/d79227a2a7b6cc42e8d7a8f7c284cd3a?s=96&d=mm&r=g\",\"contentUrl\":\"https:\/\/secure.gravatar.com\/avatar\/d79227a2a7b6cc42e8d7a8f7c284cd3a?s=96&d=mm&r=g\",\"caption\":\"Reda\u00e7\u00e3o Cacau News\"},\"sameAs\":[\"https:\/\/cacaunews.com\"],\"url\":\"https:\/\/cacaunews.com\/?author=1\"}]}<\/script>\n<!-- \/ Yoast SEO plugin. -->","yoast_head_json":{"title":"Uesc comemora parceria com o Col\u00e9gio da Pol\u00edcia Militar R\u00f4mulo Galv\u00e3o. - Cacau News","robots":{"index":"index","follow":"follow","max-snippet":"max-snippet:-1","max-image-preview":"max-image-preview:large","max-video-preview":"max-video-preview:-1"},"canonical":"https:\/\/cacaunews.com\/?p=4011","og_locale":"pt_BR","og_type":"article","og_title":"Uesc comemora parceria com o Col\u00e9gio da Pol\u00edcia Militar R\u00f4mulo Galv\u00e3o. - Cacau News","og_description":"O estudante ilheense Iago Alves Dias, de 14 anos, \u00e9 o primeiro a conquistar Medalha...","og_url":"https:\/\/cacaunews.com\/?p=4011","og_site_name":"Cacau News","article_published_time":"2024-01-10T12:00:32+00:00","og_image":[{"width":1414,"height":753,"url":"https:\/\/cacaunews.com\/wp-content\/uploads\/2024\/01\/ProfessoresdaUesceestudantesCPM.jpeg","type":"image\/jpeg"}],"author":"Reda\u00e7\u00e3o Cacau News","twitter_card":"summary_large_image","twitter_misc":{"Escrito por":"Reda\u00e7\u00e3o Cacau News","Est. tempo de leitura":"2 minutos"},"schema":{"@context":"https:\/\/schema.org","@graph":[{"@type":"Article","@id":"https:\/\/cacaunews.com\/?p=4011#article","isPartOf":{"@id":"https:\/\/cacaunews.com\/?p=4011"},"author":{"name":"Reda\u00e7\u00e3o Cacau News","@id":"https:\/\/cacaunews.com\/#\/schema\/person\/ea69703103e606ad347ccd64bd72ef79"},"headline":"Uesc comemora parceria com o Col\u00e9gio da Pol\u00edcia Militar R\u00f4mulo Galv\u00e3o.","datePublished":"2024-01-10T12:00:32+00:00","dateModified":"2024-01-10T12:00:32+00:00","mainEntityOfPage":{"@id":"https:\/\/cacaunews.com\/?p=4011"},"wordCount":436,"commentCount":0,"publisher":{"@id":"https:\/\/cacaunews.com\/#organization"},"keywords":["cpm","educa\u00e7\u00e3o","obemep","R\u00f4mulo Galv\u00e3o","UESC"],"articleSection":["Internet","Jornalismo"],"inLanguage":"pt-BR","potentialAction":[{"@type":"CommentAction","name":"Comment","target":["https:\/\/cacaunews.com\/?p=4011#respond"]}]},{"@type":"WebPage","@id":"https:\/\/cacaunews.com\/?p=4011","url":"https:\/\/cacaunews.com\/?p=4011","name":"Uesc comemora parceria com o Col\u00e9gio da Pol\u00edcia Militar R\u00f4mulo Galv\u00e3o. - Cacau News","isPartOf":{"@id":"https:\/\/cacaunews.com\/#website"},"datePublished":"2024-01-10T12:00:32+00:00","dateModified":"2024-01-10T12:00:32+00:00","breadcrumb":{"@id":"https:\/\/cacaunews.com\/?p=4011#breadcrumb"},"inLanguage":"pt-BR","potentialAction":[{"@type":"ReadAction","target":["https:\/\/cacaunews.com\/?p=4011"]}]},{"@type":"BreadcrumbList","@id":"https:\/\/cacaunews.com\/?p=4011#breadcrumb","itemListElement":[{"@type":"ListItem","position":1,"name":"In\u00edcio","item":"https:\/\/cacaunews.com\/"},{"@type":"ListItem","position":2,"name":"Uesc comemora parceria com o Col\u00e9gio da Pol\u00edcia Militar R\u00f4mulo Galv\u00e3o."}]},{"@type":"WebSite","@id":"https:\/\/cacaunews.com\/#website","url":"https:\/\/cacaunews.com\/","name":"Cacau News","description":"A Informa\u00e7\u00e3o que voc\u00ea precisa!","publisher":{"@id":"https:\/\/cacaunews.com\/#organization"},"potentialAction":[{"@type":"SearchAction","target":{"@type":"EntryPoint","urlTemplate":"https:\/\/cacaunews.com\/?s={search_term_string}"},"query-input":"required name=search_term_string"}],"inLanguage":"pt-BR"},{"@type":"Organization","@id":"https:\/\/cacaunews.com\/#organization","name":"Cacau News","url":"https:\/\/cacaunews.com\/","logo":{"@type":"ImageObject","inLanguage":"pt-BR","@id":"https:\/\/cacaunews.com\/#\/schema\/logo\/image\/","url":"https:\/\/cacaunews.com\/wp-content\/uploads\/2025\/01\/cropped-LOGO-NOVA.png","contentUrl":"https:\/\/cacaunews.com\/wp-content\/uploads\/2025\/01\/cropped-LOGO-NOVA.png","width":813,"height":813,"caption":"Cacau News"},"image":{"@id":"https:\/\/cacaunews.com\/#\/schema\/logo\/image\/"},"sameAs":["https:\/\/www.instagram.com\/cacaunews.online\/","https:\/\/youtube.com\/@cacaunews?si=0VXLnjl08SrWbVG9"]},{"@type":"Person","@id":"https:\/\/cacaunews.com\/#\/schema\/person\/ea69703103e606ad347ccd64bd72ef79","name":"Reda\u00e7\u00e3o Cacau News","image":{"@type":"ImageObject","inLanguage":"pt-BR","@id":"https:\/\/cacaunews.com\/#\/schema\/person\/image\/","url":"https:\/\/secure.gravatar.com\/avatar\/d79227a2a7b6cc42e8d7a8f7c284cd3a?s=96&d=mm&r=g","contentUrl":"https:\/\/secure.gravatar.com\/avatar\/d79227a2a7b6cc42e8d7a8f7c284cd3a?s=96&d=mm&r=g","caption":"Reda\u00e7\u00e3o Cacau News"},"sameAs":["https:\/\/cacaunews.com"],"url":"https:\/\/cacaunews.com\/?author=1"}]}},"jetpack_sharing_enabled":true,"jetpack_featured_media_url":"https:\/\/cacaunews.com\/wp-content\/uploads\/2024\/01\/ProfessoresdaUesceestudantesCPM.jpeg","_links":{"self":[{"href":"https:\/\/cacaunews.com\/index.php?rest_route=\/wp\/v2\/posts\/4011"}],"collection":[{"href":"https:\/\/cacaunews.com\/index.php?rest_route=\/wp\/v2\/posts"}],"about":[{"href":"https:\/\/cacaunews.com\/index.php?rest_route=\/wp\/v2\/types\/post"}],"author":[{"embeddable":true,"href":"https:\/\/cacaunews.com\/index.php?rest_route=\/wp\/v2\/users\/1"}],"replies":[{"embeddable":true,"href":"https:\/\/cacaunews.com\/index.php?rest_route=%2Fwp%2Fv2%2Fcomments&post=4011"}],"version-history":[{"count":0,"href":"https:\/\/cacaunews.com\/index.php?rest_route=\/wp\/v2\/posts\/4011\/revisions"}],"wp:featuredmedia":[{"embeddable":true,"href":"https:\/\/cacaunews.com\/index.php?rest_route=\/wp\/v2\/media\/4010"}],"wp:attachment":[{"href":"https:\/\/cacaunews.com\/index.php?rest_route=%2Fwp%2Fv2%2Fmedia&parent=4011"}],"wp:term":[{"taxonomy":"category","embeddable":true,"href":"https:\/\/cacaunews.com\/index.php?rest_route=%2Fwp%2Fv2%2Fcategories&post=4011"},{"taxonomy":"post_tag","embeddable":true,"href":"https:\/\/cacaunews.com\/index.php?rest_route=%2Fwp%2Fv2%2Ftags&post=4011"}],"curies":[{"name":"wp","href":"https:\/\/api.w.org\/{rel}","templated":true}]}}