{"id":4057,"date":"2024-01-15T16:46:42","date_gmt":"2024-01-15T16:46:42","guid":{"rendered":"https:\/\/cacaunews.com\/?p=4057"},"modified":"2024-01-15T16:46:42","modified_gmt":"2024-01-15T16:46:42","slug":"rede-estadual-de-ensino-inicia-a-matricula-2024-de-forma-on-line","status":"publish","type":"post","link":"https:\/\/cacaunews.com\/?p=4057","title":{"rendered":"Rede Estadual de Ensino inicia a Matr\u00edcula 2024 de forma on-line."},"content":{"rendered":"\n<p>A Secretaria da Educa\u00e7\u00e3o do Estado (SEC) iniciou a Matr\u00edcula 2024 nesta segunda-feira (15). O processo \u00e9 simples e acontece de forma on-line, por meio de qualquer aparelho, a exemplo de tablets e celulares. Basta acessar o Portal do Governo (ba.gov.br) e fazer seu cadastro, clicando no bot\u00e3o cadastre-se, no canto superior direito.<br><br>O primeiro passo \u00e9 informar o CPF e a data de nascimento do estudante. Ap\u00f3s essa etapa, ser\u00e1 necess\u00e1rio incluir o endere\u00e7o residencial, contato do celular, e-mail e g\u00eanero. Ap\u00f3s ter conclu\u00eddo o cadastro, o usu\u00e1rio vai receber uma mensagem no e-mail que informou para validar sua inscri\u00e7\u00e3o no site. No per\u00edodo da matr\u00edcula, entre os dias 15 e 23 de janeiro, estudantes, pais ou respons\u00e1veis devem voltar ao site ba.gov.br, onde foi criado um link espec\u00edfico para a efetiva\u00e7\u00e3o e conclus\u00e3o do processo.<br><br>Este ano, a SEC vai duplicar a oferta do n\u00famero de vagas de Educa\u00e7\u00e3o em tempo integral, passando de 60 mil para 120 mil. Tamb\u00e9m ser\u00e3o ampliadas as vagas na educa\u00e7\u00e3o profissional, saindo de 108 mil, em 2023, para mais 143 mil.<br><br>Acesse o Guia R\u00e1pido para Matr\u00edcula- (<a href=\"http:\/\/estudantes.educacao.ba.gov.br\/matriculasdaredeestadual\" target=\"_blank\" rel=\"noreferrer noopener\">estudantes.educacao.ba.gov.br\/matriculasdaredeestadual<\/a>).<br><br>De acordo com o calend\u00e1rio, esta segunda-feira, dia 15 de janeiro, a matr\u00edcula \u00e9 exclusiva para as Pessoas com Defici\u00eancia (PcD). O dia 16 de janeiro ser\u00e1 dedicado para a transfer\u00eancia do estudante que concluiu o ano letivo em 2023 na rede estadual de ensino e que pretende se transferir para outra unidade escolar da pr\u00f3pria rede, por desejo pr\u00f3prio ou porque a unidade escolar onde estudou n\u00e3o oferta a s\u00e9rie seguinte.<br><br>Nos dias 17 e 18 de janeiro, a matr\u00edcula ser\u00e1 direcionada aos concluintes do 5\u00ba ano ou 9\u00ba ano do Ensino Fundamental para os estudantes regularmente matriculados na rede p\u00fablica municipal no ano letivo de 2023 e cujas escolas n\u00e3o oferecem o ano ou s\u00e9rie subsequente. Para novos alunos do Ensino Fundamental, incluindo da Educa\u00e7\u00e3o de Jovens e Adultos (EJA), a matr\u00edcula vai acontecer em 19 de janeiro e para os alunos novos do Ensino M\u00e9dio e suas modalidades, incluindo, tamb\u00e9m, EJA e Educa\u00e7\u00e3o Profissional e Tecnol\u00f3gica, entre 22 e 23 de janeiro.<br><br><strong>Documenta\u00e7\u00e3o<\/strong><br><br>Em at\u00e9 cinco dias \u00fateis, ap\u00f3s a realiza\u00e7\u00e3o da matr\u00edcula, a documenta\u00e7\u00e3o dever\u00e1 ser entregue na unidade escolar na qual o estudante foi matriculado. Os documentos necess\u00e1rios s\u00e3o: original do hist\u00f3rico escolar; original e c\u00f3pia do RG ou certid\u00e3o de registro civil; assim como do CPF e comprovante de resid\u00eancia. Ser\u00e3o necess\u00e1rias, tamb\u00e9m, c\u00f3pias do RG e CPF da m\u00e3e do estudante e\/ou do respons\u00e1vel legal. \u00c9 importante observar que a confirma\u00e7\u00e3o da matr\u00edcula acontecer\u00e1 mediante a entrega da documenta\u00e7\u00e3o exigida.<br><br><strong>Confira o calend\u00e1rio<\/strong><br><br>15 de janeiro &#8211; Exclusivamente para Pessoas com Defici\u00eancia (PcD).<br><br>16 de janeiro &#8211; Transfer\u00eancia do estudante que concluiu o ano letivo em 2023 na rede estadual de ensino e que pretende se transferir para outra unidade escolar da pr\u00f3pria rede, por desejo pr\u00f3prio ou porque a unidade escolar onde estudou n\u00e3o oferta a s\u00e9rie seguinte.<br><br>17 e 18 de janeiro \u2013 Concluintes do 5\u00ba ano ou 9\u00ba ano do Ensino Fundamental que vierem da rede municipal de ensino. Os estudantes que conclu\u00edram o 9\u00ba ano poder\u00e3o optar por algum curso t\u00e9cnico de n\u00edvel m\u00e9dio.<br><br>19 de janeiro \u2013 Matr\u00edcula nova para estudantes do Ensino Fundamental e EJA Fundamental<br><br>22 e 23 de janeiro \u2013 Matr\u00edcula nova para estudantes do Ensino M\u00e9dio, EJA e Educa\u00e7\u00e3o Profissional e Tecnol\u00f3gica.<\/p>\n","protected":false},"excerpt":{"rendered":"<p>A Secretaria da Educa\u00e7\u00e3o do Estado (SEC) iniciou a Matr\u00edcula 2024 nesta segunda-feira (15). O&#8230;<\/p>\n","protected":false},"author":1,"featured_media":4056,"comment_status":"open","ping_status":"open","sticky":false,"template":"","format":"standard","meta":{"footnotes":""},"categories":[4,11],"tags":[1549,39,33,1548],"yoast_head":"<!-- This site is optimized with the Yoast SEO plugin v21.7 - https:\/\/yoast.com\/wordpress\/plugins\/seo\/ -->\n<title>Rede Estadual de Ensino inicia a Matr\u00edcula 2024 de forma on-line. - Cacau News<\/title>\n<meta name=\"robots\" content=\"index, follow, max-snippet:-1, max-image-preview:large, max-video-preview:-1\" \/>\n<link rel=\"canonical\" href=\"https:\/\/cacaunews.com\/?p=4057\" \/>\n<meta property=\"og:locale\" content=\"pt_BR\" \/>\n<meta property=\"og:type\" content=\"article\" \/>\n<meta property=\"og:title\" content=\"Rede Estadual de Ensino inicia a Matr\u00edcula 2024 de forma on-line. - Cacau News\" \/>\n<meta property=\"og:description\" content=\"A Secretaria da Educa\u00e7\u00e3o do Estado (SEC) iniciou a Matr\u00edcula 2024 nesta segunda-feira (15). O...\" \/>\n<meta property=\"og:url\" content=\"https:\/\/cacaunews.com\/?p=4057\" \/>\n<meta property=\"og:site_name\" content=\"Cacau News\" \/>\n<meta property=\"article:published_time\" content=\"2024-01-15T16:46:42+00:00\" \/>\n<meta name=\"author\" content=\"Reda\u00e7\u00e3o Cacau News\" \/>\n<meta name=\"twitter:card\" content=\"summary_large_image\" \/>\n<meta name=\"twitter:label1\" content=\"Escrito por\" \/>\n\t<meta name=\"twitter:data1\" content=\"Reda\u00e7\u00e3o Cacau News\" \/>\n\t<meta name=\"twitter:label2\" content=\"Est. tempo de leitura\" \/>\n\t<meta name=\"twitter:data2\" content=\"3 minutos\" \/>\n<script type=\"application\/ld+json\" class=\"yoast-schema-graph\">{\"@context\":\"https:\/\/schema.org\",\"@graph\":[{\"@type\":\"Article\",\"@id\":\"https:\/\/cacaunews.com\/?p=4057#article\",\"isPartOf\":{\"@id\":\"https:\/\/cacaunews.com\/?p=4057\"},\"author\":{\"name\":\"Reda\u00e7\u00e3o Cacau News\",\"@id\":\"https:\/\/cacaunews.com\/#\/schema\/person\/ea69703103e606ad347ccd64bd72ef79\"},\"headline\":\"Rede Estadual de Ensino inicia a Matr\u00edcula 2024 de forma on-line.\",\"datePublished\":\"2024-01-15T16:46:42+00:00\",\"dateModified\":\"2024-01-15T16:46:42+00:00\",\"mainEntityOfPage\":{\"@id\":\"https:\/\/cacaunews.com\/?p=4057\"},\"wordCount\":626,\"commentCount\":0,\"publisher\":{\"@id\":\"https:\/\/cacaunews.com\/#organization\"},\"keywords\":[\"ano letivo\",\"bahia\",\"educa\u00e7\u00e3o\",\"matr\u00edculas\"],\"articleSection\":[\"Internet\",\"Jornalismo\"],\"inLanguage\":\"pt-BR\",\"potentialAction\":[{\"@type\":\"CommentAction\",\"name\":\"Comment\",\"target\":[\"https:\/\/cacaunews.com\/?p=4057#respond\"]}]},{\"@type\":\"WebPage\",\"@id\":\"https:\/\/cacaunews.com\/?p=4057\",\"url\":\"https:\/\/cacaunews.com\/?p=4057\",\"name\":\"Rede Estadual de Ensino inicia a Matr\u00edcula 2024 de forma on-line. - Cacau News\",\"isPartOf\":{\"@id\":\"https:\/\/cacaunews.com\/#website\"},\"datePublished\":\"2024-01-15T16:46:42+00:00\",\"dateModified\":\"2024-01-15T16:46:42+00:00\",\"breadcrumb\":{\"@id\":\"https:\/\/cacaunews.com\/?p=4057#breadcrumb\"},\"inLanguage\":\"pt-BR\",\"potentialAction\":[{\"@type\":\"ReadAction\",\"target\":[\"https:\/\/cacaunews.com\/?p=4057\"]}]},{\"@type\":\"BreadcrumbList\",\"@id\":\"https:\/\/cacaunews.com\/?p=4057#breadcrumb\",\"itemListElement\":[{\"@type\":\"ListItem\",\"position\":1,\"name\":\"In\u00edcio\",\"item\":\"https:\/\/cacaunews.com\/\"},{\"@type\":\"ListItem\",\"position\":2,\"name\":\"Rede Estadual de Ensino inicia a Matr\u00edcula 2024 de forma on-line.\"}]},{\"@type\":\"WebSite\",\"@id\":\"https:\/\/cacaunews.com\/#website\",\"url\":\"https:\/\/cacaunews.com\/\",\"name\":\"Cacau News\",\"description\":\"A Informa\u00e7\u00e3o que voc\u00ea precisa!\",\"publisher\":{\"@id\":\"https:\/\/cacaunews.com\/#organization\"},\"potentialAction\":[{\"@type\":\"SearchAction\",\"target\":{\"@type\":\"EntryPoint\",\"urlTemplate\":\"https:\/\/cacaunews.com\/?s={search_term_string}\"},\"query-input\":\"required name=search_term_string\"}],\"inLanguage\":\"pt-BR\"},{\"@type\":\"Organization\",\"@id\":\"https:\/\/cacaunews.com\/#organization\",\"name\":\"Cacau News\",\"url\":\"https:\/\/cacaunews.com\/\",\"logo\":{\"@type\":\"ImageObject\",\"inLanguage\":\"pt-BR\",\"@id\":\"https:\/\/cacaunews.com\/#\/schema\/logo\/image\/\",\"url\":\"https:\/\/cacaunews.com\/wp-content\/uploads\/2025\/01\/cropped-LOGO-NOVA.png\",\"contentUrl\":\"https:\/\/cacaunews.com\/wp-content\/uploads\/2025\/01\/cropped-LOGO-NOVA.png\",\"width\":813,\"height\":813,\"caption\":\"Cacau News\"},\"image\":{\"@id\":\"https:\/\/cacaunews.com\/#\/schema\/logo\/image\/\"},\"sameAs\":[\"https:\/\/www.instagram.com\/cacaunews.online\/\",\"https:\/\/youtube.com\/@cacaunews?si=0VXLnjl08SrWbVG9\"]},{\"@type\":\"Person\",\"@id\":\"https:\/\/cacaunews.com\/#\/schema\/person\/ea69703103e606ad347ccd64bd72ef79\",\"name\":\"Reda\u00e7\u00e3o Cacau News\",\"image\":{\"@type\":\"ImageObject\",\"inLanguage\":\"pt-BR\",\"@id\":\"https:\/\/cacaunews.com\/#\/schema\/person\/image\/\",\"url\":\"https:\/\/secure.gravatar.com\/avatar\/d79227a2a7b6cc42e8d7a8f7c284cd3a?s=96&d=mm&r=g\",\"contentUrl\":\"https:\/\/secure.gravatar.com\/avatar\/d79227a2a7b6cc42e8d7a8f7c284cd3a?s=96&d=mm&r=g\",\"caption\":\"Reda\u00e7\u00e3o Cacau News\"},\"sameAs\":[\"https:\/\/cacaunews.com\"],\"url\":\"https:\/\/cacaunews.com\/?author=1\"}]}<\/script>\n<!-- \/ Yoast SEO plugin. -->","yoast_head_json":{"title":"Rede Estadual de Ensino inicia a Matr\u00edcula 2024 de forma on-line. - Cacau News","robots":{"index":"index","follow":"follow","max-snippet":"max-snippet:-1","max-image-preview":"max-image-preview:large","max-video-preview":"max-video-preview:-1"},"canonical":"https:\/\/cacaunews.com\/?p=4057","og_locale":"pt_BR","og_type":"article","og_title":"Rede Estadual de Ensino inicia a Matr\u00edcula 2024 de forma on-line. - Cacau News","og_description":"A Secretaria da Educa\u00e7\u00e3o do Estado (SEC) iniciou a Matr\u00edcula 2024 nesta segunda-feira (15). O...","og_url":"https:\/\/cacaunews.com\/?p=4057","og_site_name":"Cacau News","article_published_time":"2024-01-15T16:46:42+00:00","author":"Reda\u00e7\u00e3o Cacau News","twitter_card":"summary_large_image","twitter_misc":{"Escrito por":"Reda\u00e7\u00e3o Cacau News","Est. tempo de leitura":"3 minutos"},"schema":{"@context":"https:\/\/schema.org","@graph":[{"@type":"Article","@id":"https:\/\/cacaunews.com\/?p=4057#article","isPartOf":{"@id":"https:\/\/cacaunews.com\/?p=4057"},"author":{"name":"Reda\u00e7\u00e3o Cacau News","@id":"https:\/\/cacaunews.com\/#\/schema\/person\/ea69703103e606ad347ccd64bd72ef79"},"headline":"Rede Estadual de Ensino inicia a Matr\u00edcula 2024 de forma on-line.","datePublished":"2024-01-15T16:46:42+00:00","dateModified":"2024-01-15T16:46:42+00:00","mainEntityOfPage":{"@id":"https:\/\/cacaunews.com\/?p=4057"},"wordCount":626,"commentCount":0,"publisher":{"@id":"https:\/\/cacaunews.com\/#organization"},"keywords":["ano letivo","bahia","educa\u00e7\u00e3o","matr\u00edculas"],"articleSection":["Internet","Jornalismo"],"inLanguage":"pt-BR","potentialAction":[{"@type":"CommentAction","name":"Comment","target":["https:\/\/cacaunews.com\/?p=4057#respond"]}]},{"@type":"WebPage","@id":"https:\/\/cacaunews.com\/?p=4057","url":"https:\/\/cacaunews.com\/?p=4057","name":"Rede Estadual de Ensino inicia a Matr\u00edcula 2024 de forma on-line. - Cacau News","isPartOf":{"@id":"https:\/\/cacaunews.com\/#website"},"datePublished":"2024-01-15T16:46:42+00:00","dateModified":"2024-01-15T16:46:42+00:00","breadcrumb":{"@id":"https:\/\/cacaunews.com\/?p=4057#breadcrumb"},"inLanguage":"pt-BR","potentialAction":[{"@type":"ReadAction","target":["https:\/\/cacaunews.com\/?p=4057"]}]},{"@type":"BreadcrumbList","@id":"https:\/\/cacaunews.com\/?p=4057#breadcrumb","itemListElement":[{"@type":"ListItem","position":1,"name":"In\u00edcio","item":"https:\/\/cacaunews.com\/"},{"@type":"ListItem","position":2,"name":"Rede Estadual de Ensino inicia a Matr\u00edcula 2024 de forma on-line."}]},{"@type":"WebSite","@id":"https:\/\/cacaunews.com\/#website","url":"https:\/\/cacaunews.com\/","name":"Cacau News","description":"A Informa\u00e7\u00e3o que voc\u00ea precisa!","publisher":{"@id":"https:\/\/cacaunews.com\/#organization"},"potentialAction":[{"@type":"SearchAction","target":{"@type":"EntryPoint","urlTemplate":"https:\/\/cacaunews.com\/?s={search_term_string}"},"query-input":"required name=search_term_string"}],"inLanguage":"pt-BR"},{"@type":"Organization","@id":"https:\/\/cacaunews.com\/#organization","name":"Cacau News","url":"https:\/\/cacaunews.com\/","logo":{"@type":"ImageObject","inLanguage":"pt-BR","@id":"https:\/\/cacaunews.com\/#\/schema\/logo\/image\/","url":"https:\/\/cacaunews.com\/wp-content\/uploads\/2025\/01\/cropped-LOGO-NOVA.png","contentUrl":"https:\/\/cacaunews.com\/wp-content\/uploads\/2025\/01\/cropped-LOGO-NOVA.png","width":813,"height":813,"caption":"Cacau News"},"image":{"@id":"https:\/\/cacaunews.com\/#\/schema\/logo\/image\/"},"sameAs":["https:\/\/www.instagram.com\/cacaunews.online\/","https:\/\/youtube.com\/@cacaunews?si=0VXLnjl08SrWbVG9"]},{"@type":"Person","@id":"https:\/\/cacaunews.com\/#\/schema\/person\/ea69703103e606ad347ccd64bd72ef79","name":"Reda\u00e7\u00e3o Cacau News","image":{"@type":"ImageObject","inLanguage":"pt-BR","@id":"https:\/\/cacaunews.com\/#\/schema\/person\/image\/","url":"https:\/\/secure.gravatar.com\/avatar\/d79227a2a7b6cc42e8d7a8f7c284cd3a?s=96&d=mm&r=g","contentUrl":"https:\/\/secure.gravatar.com\/avatar\/d79227a2a7b6cc42e8d7a8f7c284cd3a?s=96&d=mm&r=g","caption":"Reda\u00e7\u00e3o Cacau News"},"sameAs":["https:\/\/cacaunews.com"],"url":"https:\/\/cacaunews.com\/?author=1"}]}},"jetpack_sharing_enabled":true,"jetpack_featured_media_url":"https:\/\/cacaunews.com\/wp-content\/uploads\/2024\/01\/alunoseducacao.png","_links":{"self":[{"href":"https:\/\/cacaunews.com\/index.php?rest_route=\/wp\/v2\/posts\/4057"}],"collection":[{"href":"https:\/\/cacaunews.com\/index.php?rest_route=\/wp\/v2\/posts"}],"about":[{"href":"https:\/\/cacaunews.com\/index.php?rest_route=\/wp\/v2\/types\/post"}],"author":[{"embeddable":true,"href":"https:\/\/cacaunews.com\/index.php?rest_route=\/wp\/v2\/users\/1"}],"replies":[{"embeddable":true,"href":"https:\/\/cacaunews.com\/index.php?rest_route=%2Fwp%2Fv2%2Fcomments&post=4057"}],"version-history":[{"count":0,"href":"https:\/\/cacaunews.com\/index.php?rest_route=\/wp\/v2\/posts\/4057\/revisions"}],"wp:featuredmedia":[{"embeddable":true,"href":"https:\/\/cacaunews.com\/index.php?rest_route=\/wp\/v2\/media\/4056"}],"wp:attachment":[{"href":"https:\/\/cacaunews.com\/index.php?rest_route=%2Fwp%2Fv2%2Fmedia&parent=4057"}],"wp:term":[{"taxonomy":"category","embeddable":true,"href":"https:\/\/cacaunews.com\/index.php?rest_route=%2Fwp%2Fv2%2Fcategories&post=4057"},{"taxonomy":"post_tag","embeddable":true,"href":"https:\/\/cacaunews.com\/index.php?rest_route=%2Fwp%2Fv2%2Ftags&post=4057"}],"curies":[{"name":"wp","href":"https:\/\/api.w.org\/{rel}","templated":true}]}}