{"id":4082,"date":"2024-01-17T15:17:53","date_gmt":"2024-01-17T15:17:53","guid":{"rendered":"https:\/\/cacaunews.com\/?p=4082"},"modified":"2024-01-17T15:17:53","modified_gmt":"2024-01-17T15:17:53","slug":"ilheense-deve-ser-o-numero-2-de-lewandowski-no-ministerio-da-justica","status":"publish","type":"post","link":"https:\/\/cacaunews.com\/?p=4082","title":{"rendered":"Ilheense deve ser o n\u00famero 2 de Lewandowski no Minist\u00e9rio da Justi\u00e7a."},"content":{"rendered":"\n<p>O advogado Manoel Carlos Almeida Neto, nome pr\u00f3ximo de Ricardo Lewandowski, pediu desligamento da Companhia Sider\u00fargica Nacional (CSN) nesta segunda-feira (15), conforme fontes da empresa informaram a imprensa do Distrito Federal.<br><br>Ainda segundo essas fontes, a sa\u00edda se deu porque ele aceitou o convite para ser o secret\u00e1rio-executivo do Minist\u00e9rio da Justi\u00e7a.<br><br>Manoel Carlos ocupava h\u00e1 oito anos o cargo de diretor jur\u00eddico da empresa. A sa\u00edda foi tema de conversa com o presidente da empresa, Benjamin Steinbruck.<br><br>O advogado \u00e9 pr\u00f3ximo de Lewandowski antes mesmo dele tomar posse no STF, em 2006.<br><br>Com a confirma\u00e7\u00e3o de Manoel Carlos, Lewandowski repete uma dobradinha de assessores pr\u00f3ximos que o acompanharam nas presid\u00eancias do TSE e do STF: Ana Maria Neves, que ser\u00e1 chefe de gabinete, e o pr\u00f3prio Manoel Carlos, que foi secret\u00e1rio-geral do TSE e STF.<br><br>Dr\u00ba Manoel Carlos Almeida Neto \u00e9 filho do ex- secret\u00e1rio municipal de administra\u00e7\u00e3o de Ilh\u00e9us, Isaac Albagli.<\/p>\n\n\n\n<p>Com Informa\u00e7\u00f5es F\u00e1bio Roberto Not\u00edcias.<\/p>\n","protected":false},"excerpt":{"rendered":"<p>O advogado Manoel Carlos Almeida Neto, nome pr\u00f3ximo de Ricardo Lewandowski, pediu desligamento da Companhia&#8230;<\/p>\n","protected":false},"author":1,"featured_media":4081,"comment_status":"open","ping_status":"open","sticky":false,"template":"","format":"standard","meta":{"footnotes":""},"categories":[18,4,11],"tags":[39,1560,1419,1561],"yoast_head":"<!-- This site is optimized with the Yoast SEO plugin v21.7 - https:\/\/yoast.com\/wordpress\/plugins\/seo\/ -->\n<title>Ilheense deve ser o n\u00famero 2 de Lewandowski no Minist\u00e9rio da Justi\u00e7a. - Cacau News<\/title>\n<meta name=\"robots\" content=\"index, follow, max-snippet:-1, max-image-preview:large, max-video-preview:-1\" \/>\n<link rel=\"canonical\" href=\"https:\/\/cacaunews.com\/?p=4082\" \/>\n<meta property=\"og:locale\" content=\"pt_BR\" \/>\n<meta property=\"og:type\" content=\"article\" \/>\n<meta property=\"og:title\" content=\"Ilheense deve ser o n\u00famero 2 de Lewandowski no Minist\u00e9rio da Justi\u00e7a. - Cacau News\" \/>\n<meta property=\"og:description\" content=\"O advogado Manoel Carlos Almeida Neto, nome pr\u00f3ximo de Ricardo Lewandowski, pediu desligamento da Companhia...\" \/>\n<meta property=\"og:url\" content=\"https:\/\/cacaunews.com\/?p=4082\" \/>\n<meta property=\"og:site_name\" content=\"Cacau News\" \/>\n<meta property=\"article:published_time\" content=\"2024-01-17T15:17:53+00:00\" \/>\n<meta name=\"author\" content=\"Reda\u00e7\u00e3o Cacau News\" \/>\n<meta name=\"twitter:card\" content=\"summary_large_image\" \/>\n<meta name=\"twitter:label1\" content=\"Escrito por\" \/>\n\t<meta name=\"twitter:data1\" content=\"Reda\u00e7\u00e3o Cacau News\" \/>\n\t<meta name=\"twitter:label2\" content=\"Est. tempo de leitura\" \/>\n\t<meta name=\"twitter:data2\" content=\"1 minuto\" \/>\n<script type=\"application\/ld+json\" class=\"yoast-schema-graph\">{\"@context\":\"https:\/\/schema.org\",\"@graph\":[{\"@type\":\"Article\",\"@id\":\"https:\/\/cacaunews.com\/?p=4082#article\",\"isPartOf\":{\"@id\":\"https:\/\/cacaunews.com\/?p=4082\"},\"author\":{\"name\":\"Reda\u00e7\u00e3o Cacau News\",\"@id\":\"https:\/\/cacaunews.com\/#\/schema\/person\/ea69703103e606ad347ccd64bd72ef79\"},\"headline\":\"Ilheense deve ser o n\u00famero 2 de Lewandowski no Minist\u00e9rio da Justi\u00e7a.\",\"datePublished\":\"2024-01-17T15:17:53+00:00\",\"dateModified\":\"2024-01-17T15:17:53+00:00\",\"mainEntityOfPage\":{\"@id\":\"https:\/\/cacaunews.com\/?p=4082\"},\"wordCount\":188,\"commentCount\":0,\"publisher\":{\"@id\":\"https:\/\/cacaunews.com\/#organization\"},\"keywords\":[\"bahia\",\"Carlos Manoel\",\"ilheense\",\"minist\u00e9rio da justi\u00e7a\"],\"articleSection\":[\"cidades\",\"Internet\",\"Jornalismo\"],\"inLanguage\":\"pt-BR\",\"potentialAction\":[{\"@type\":\"CommentAction\",\"name\":\"Comment\",\"target\":[\"https:\/\/cacaunews.com\/?p=4082#respond\"]}]},{\"@type\":\"WebPage\",\"@id\":\"https:\/\/cacaunews.com\/?p=4082\",\"url\":\"https:\/\/cacaunews.com\/?p=4082\",\"name\":\"Ilheense deve ser o n\u00famero 2 de Lewandowski no Minist\u00e9rio da Justi\u00e7a. - Cacau News\",\"isPartOf\":{\"@id\":\"https:\/\/cacaunews.com\/#website\"},\"datePublished\":\"2024-01-17T15:17:53+00:00\",\"dateModified\":\"2024-01-17T15:17:53+00:00\",\"breadcrumb\":{\"@id\":\"https:\/\/cacaunews.com\/?p=4082#breadcrumb\"},\"inLanguage\":\"pt-BR\",\"potentialAction\":[{\"@type\":\"ReadAction\",\"target\":[\"https:\/\/cacaunews.com\/?p=4082\"]}]},{\"@type\":\"BreadcrumbList\",\"@id\":\"https:\/\/cacaunews.com\/?p=4082#breadcrumb\",\"itemListElement\":[{\"@type\":\"ListItem\",\"position\":1,\"name\":\"In\u00edcio\",\"item\":\"https:\/\/cacaunews.com\/\"},{\"@type\":\"ListItem\",\"position\":2,\"name\":\"Ilheense deve ser o n\u00famero 2 de Lewandowski no Minist\u00e9rio da Justi\u00e7a.\"}]},{\"@type\":\"WebSite\",\"@id\":\"https:\/\/cacaunews.com\/#website\",\"url\":\"https:\/\/cacaunews.com\/\",\"name\":\"Cacau News\",\"description\":\"A Informa\u00e7\u00e3o que voc\u00ea precisa!\",\"publisher\":{\"@id\":\"https:\/\/cacaunews.com\/#organization\"},\"potentialAction\":[{\"@type\":\"SearchAction\",\"target\":{\"@type\":\"EntryPoint\",\"urlTemplate\":\"https:\/\/cacaunews.com\/?s={search_term_string}\"},\"query-input\":\"required name=search_term_string\"}],\"inLanguage\":\"pt-BR\"},{\"@type\":\"Organization\",\"@id\":\"https:\/\/cacaunews.com\/#organization\",\"name\":\"Cacau News\",\"url\":\"https:\/\/cacaunews.com\/\",\"logo\":{\"@type\":\"ImageObject\",\"inLanguage\":\"pt-BR\",\"@id\":\"https:\/\/cacaunews.com\/#\/schema\/logo\/image\/\",\"url\":\"https:\/\/cacaunews.com\/wp-content\/uploads\/2025\/01\/cropped-LOGO-NOVA.png\",\"contentUrl\":\"https:\/\/cacaunews.com\/wp-content\/uploads\/2025\/01\/cropped-LOGO-NOVA.png\",\"width\":813,\"height\":813,\"caption\":\"Cacau News\"},\"image\":{\"@id\":\"https:\/\/cacaunews.com\/#\/schema\/logo\/image\/\"},\"sameAs\":[\"https:\/\/www.instagram.com\/cacaunews.online\/\",\"https:\/\/youtube.com\/@cacaunews?si=0VXLnjl08SrWbVG9\"]},{\"@type\":\"Person\",\"@id\":\"https:\/\/cacaunews.com\/#\/schema\/person\/ea69703103e606ad347ccd64bd72ef79\",\"name\":\"Reda\u00e7\u00e3o Cacau News\",\"image\":{\"@type\":\"ImageObject\",\"inLanguage\":\"pt-BR\",\"@id\":\"https:\/\/cacaunews.com\/#\/schema\/person\/image\/\",\"url\":\"https:\/\/secure.gravatar.com\/avatar\/d79227a2a7b6cc42e8d7a8f7c284cd3a?s=96&d=mm&r=g\",\"contentUrl\":\"https:\/\/secure.gravatar.com\/avatar\/d79227a2a7b6cc42e8d7a8f7c284cd3a?s=96&d=mm&r=g\",\"caption\":\"Reda\u00e7\u00e3o Cacau News\"},\"sameAs\":[\"https:\/\/cacaunews.com\"],\"url\":\"https:\/\/cacaunews.com\/?author=1\"}]}<\/script>\n<!-- \/ Yoast SEO plugin. -->","yoast_head_json":{"title":"Ilheense deve ser o n\u00famero 2 de Lewandowski no Minist\u00e9rio da Justi\u00e7a. - Cacau News","robots":{"index":"index","follow":"follow","max-snippet":"max-snippet:-1","max-image-preview":"max-image-preview:large","max-video-preview":"max-video-preview:-1"},"canonical":"https:\/\/cacaunews.com\/?p=4082","og_locale":"pt_BR","og_type":"article","og_title":"Ilheense deve ser o n\u00famero 2 de Lewandowski no Minist\u00e9rio da Justi\u00e7a. - Cacau News","og_description":"O advogado Manoel Carlos Almeida Neto, nome pr\u00f3ximo de Ricardo Lewandowski, pediu desligamento da Companhia...","og_url":"https:\/\/cacaunews.com\/?p=4082","og_site_name":"Cacau News","article_published_time":"2024-01-17T15:17:53+00:00","author":"Reda\u00e7\u00e3o Cacau News","twitter_card":"summary_large_image","twitter_misc":{"Escrito por":"Reda\u00e7\u00e3o Cacau News","Est. tempo de leitura":"1 minuto"},"schema":{"@context":"https:\/\/schema.org","@graph":[{"@type":"Article","@id":"https:\/\/cacaunews.com\/?p=4082#article","isPartOf":{"@id":"https:\/\/cacaunews.com\/?p=4082"},"author":{"name":"Reda\u00e7\u00e3o Cacau News","@id":"https:\/\/cacaunews.com\/#\/schema\/person\/ea69703103e606ad347ccd64bd72ef79"},"headline":"Ilheense deve ser o n\u00famero 2 de Lewandowski no Minist\u00e9rio da Justi\u00e7a.","datePublished":"2024-01-17T15:17:53+00:00","dateModified":"2024-01-17T15:17:53+00:00","mainEntityOfPage":{"@id":"https:\/\/cacaunews.com\/?p=4082"},"wordCount":188,"commentCount":0,"publisher":{"@id":"https:\/\/cacaunews.com\/#organization"},"keywords":["bahia","Carlos Manoel","ilheense","minist\u00e9rio da justi\u00e7a"],"articleSection":["cidades","Internet","Jornalismo"],"inLanguage":"pt-BR","potentialAction":[{"@type":"CommentAction","name":"Comment","target":["https:\/\/cacaunews.com\/?p=4082#respond"]}]},{"@type":"WebPage","@id":"https:\/\/cacaunews.com\/?p=4082","url":"https:\/\/cacaunews.com\/?p=4082","name":"Ilheense deve ser o n\u00famero 2 de Lewandowski no Minist\u00e9rio da Justi\u00e7a. - Cacau News","isPartOf":{"@id":"https:\/\/cacaunews.com\/#website"},"datePublished":"2024-01-17T15:17:53+00:00","dateModified":"2024-01-17T15:17:53+00:00","breadcrumb":{"@id":"https:\/\/cacaunews.com\/?p=4082#breadcrumb"},"inLanguage":"pt-BR","potentialAction":[{"@type":"ReadAction","target":["https:\/\/cacaunews.com\/?p=4082"]}]},{"@type":"BreadcrumbList","@id":"https:\/\/cacaunews.com\/?p=4082#breadcrumb","itemListElement":[{"@type":"ListItem","position":1,"name":"In\u00edcio","item":"https:\/\/cacaunews.com\/"},{"@type":"ListItem","position":2,"name":"Ilheense deve ser o n\u00famero 2 de Lewandowski no Minist\u00e9rio da Justi\u00e7a."}]},{"@type":"WebSite","@id":"https:\/\/cacaunews.com\/#website","url":"https:\/\/cacaunews.com\/","name":"Cacau News","description":"A Informa\u00e7\u00e3o que voc\u00ea precisa!","publisher":{"@id":"https:\/\/cacaunews.com\/#organization"},"potentialAction":[{"@type":"SearchAction","target":{"@type":"EntryPoint","urlTemplate":"https:\/\/cacaunews.com\/?s={search_term_string}"},"query-input":"required name=search_term_string"}],"inLanguage":"pt-BR"},{"@type":"Organization","@id":"https:\/\/cacaunews.com\/#organization","name":"Cacau News","url":"https:\/\/cacaunews.com\/","logo":{"@type":"ImageObject","inLanguage":"pt-BR","@id":"https:\/\/cacaunews.com\/#\/schema\/logo\/image\/","url":"https:\/\/cacaunews.com\/wp-content\/uploads\/2025\/01\/cropped-LOGO-NOVA.png","contentUrl":"https:\/\/cacaunews.com\/wp-content\/uploads\/2025\/01\/cropped-LOGO-NOVA.png","width":813,"height":813,"caption":"Cacau News"},"image":{"@id":"https:\/\/cacaunews.com\/#\/schema\/logo\/image\/"},"sameAs":["https:\/\/www.instagram.com\/cacaunews.online\/","https:\/\/youtube.com\/@cacaunews?si=0VXLnjl08SrWbVG9"]},{"@type":"Person","@id":"https:\/\/cacaunews.com\/#\/schema\/person\/ea69703103e606ad347ccd64bd72ef79","name":"Reda\u00e7\u00e3o Cacau News","image":{"@type":"ImageObject","inLanguage":"pt-BR","@id":"https:\/\/cacaunews.com\/#\/schema\/person\/image\/","url":"https:\/\/secure.gravatar.com\/avatar\/d79227a2a7b6cc42e8d7a8f7c284cd3a?s=96&d=mm&r=g","contentUrl":"https:\/\/secure.gravatar.com\/avatar\/d79227a2a7b6cc42e8d7a8f7c284cd3a?s=96&d=mm&r=g","caption":"Reda\u00e7\u00e3o Cacau News"},"sameAs":["https:\/\/cacaunews.com"],"url":"https:\/\/cacaunews.com\/?author=1"}]}},"jetpack_sharing_enabled":true,"jetpack_featured_media_url":"https:\/\/cacaunews.com\/wp-content\/uploads\/2024\/01\/mcan.jpeg","_links":{"self":[{"href":"https:\/\/cacaunews.com\/index.php?rest_route=\/wp\/v2\/posts\/4082"}],"collection":[{"href":"https:\/\/cacaunews.com\/index.php?rest_route=\/wp\/v2\/posts"}],"about":[{"href":"https:\/\/cacaunews.com\/index.php?rest_route=\/wp\/v2\/types\/post"}],"author":[{"embeddable":true,"href":"https:\/\/cacaunews.com\/index.php?rest_route=\/wp\/v2\/users\/1"}],"replies":[{"embeddable":true,"href":"https:\/\/cacaunews.com\/index.php?rest_route=%2Fwp%2Fv2%2Fcomments&post=4082"}],"version-history":[{"count":0,"href":"https:\/\/cacaunews.com\/index.php?rest_route=\/wp\/v2\/posts\/4082\/revisions"}],"wp:featuredmedia":[{"embeddable":true,"href":"https:\/\/cacaunews.com\/index.php?rest_route=\/wp\/v2\/media\/4081"}],"wp:attachment":[{"href":"https:\/\/cacaunews.com\/index.php?rest_route=%2Fwp%2Fv2%2Fmedia&parent=4082"}],"wp:term":[{"taxonomy":"category","embeddable":true,"href":"https:\/\/cacaunews.com\/index.php?rest_route=%2Fwp%2Fv2%2Fcategories&post=4082"},{"taxonomy":"post_tag","embeddable":true,"href":"https:\/\/cacaunews.com\/index.php?rest_route=%2Fwp%2Fv2%2Ftags&post=4082"}],"curies":[{"name":"wp","href":"https:\/\/api.w.org\/{rel}","templated":true}]}}