{"id":4141,"date":"2024-01-26T17:13:26","date_gmt":"2024-01-26T17:13:26","guid":{"rendered":"https:\/\/cacaunews.com\/?p=4141"},"modified":"2024-01-26T17:12:49","modified_gmt":"2024-01-26T17:12:49","slug":"oab-de-ilheus-participa-do-lancamento-da-pedra-do-novo-forum-da-cidade","status":"publish","type":"post","link":"https:\/\/cacaunews.com\/?p=4141","title":{"rendered":"OAB de Ilh\u00e9us participa do lan\u00e7amento da pedra do novo f\u00f3rum da Cidade."},"content":{"rendered":"\n<p>A OAB Subse\u00e7\u00e3o de Ilh\u00e9us representada pelo seu presidente, Dr. Jacson Cupertino, participou do lan\u00e7amento da Pedra Fundamental do novo F\u00f3rum da Comarca de Ilh\u00e9us, ocorrido nesta quinta, 25 de janeiro, nas depend\u00eancias do F\u00f3rum Epaminondas Berbert de Castro. O novo F\u00f3rum ser\u00e1 constru\u00eddo na zona Sul da Cidade, no loteamento Jardim Atl\u00e2ntico, numa \u00e1rea de aproximadamente 13.000 metros quadrados e 10.000 de \u00e1rea constru\u00edda. O novo F\u00f3rum atender\u00e1 \u00e0s normas e especifica\u00e7\u00f5es de sustentabilidade, acessibilidade, seguran\u00e7a e autonomia energ\u00e9tica.<\/p>\n\n\n\n<figure class=\"wp-block-image size-large\"><img fetchpriority=\"high\" decoding=\"async\" width=\"880\" height=\"843\" src=\"https:\/\/cacaunews.com\/wp-content\/uploads\/2024\/01\/image_editor_output_image1315821199-1706289189124531235010170687654.jpg\" alt=\"\" class=\"wp-image-4139\" srcset=\"https:\/\/cacaunews.com\/wp-content\/uploads\/2024\/01\/image_editor_output_image1315821199-1706289189124531235010170687654.jpg 880w, https:\/\/cacaunews.com\/wp-content\/uploads\/2024\/01\/image_editor_output_image1315821199-1706289189124531235010170687654-300x287.jpg 300w, https:\/\/cacaunews.com\/wp-content\/uploads\/2024\/01\/image_editor_output_image1315821199-1706289189124531235010170687654-768x736.jpg 768w\" sizes=\"(max-width: 880px) 100vw, 880px\" \/><\/figure>\n\n\n\n<p><br><br>O evento contou com as presen\u00e7as do presidente do Tribunal de Justi\u00e7a da Bahia, desembargador, Nilson Soares Castelo Branco, da ju\u00edza administradora do F\u00f3rum local, Dra. Carina Nasiri, do juiz respons\u00e1vel pela constru\u00e7\u00e3o, Dr. Ant\u00f4nio Higino, do Secret\u00e1rio Municipal de Desenvolvimento Econ\u00f4mico e representando o Prefeito M\u00e1rio Alexandre, Dr. Marcos Fl\u00e1vio, da Promotora diretora do MP de Ilh\u00e9us, Dra. Mayanna Ribeiro, al\u00e9m de magistrados e autoridades civis e militares.<br><br>\u201cA Comarca de Ilh\u00e9us, devido sua import\u00e2ncia hist\u00f3rica e social, h\u00e1 muito precisava deste equipamento para melhor atender nossa advocacia e a sociedade de modo geral. A estrutura que ser\u00e1 erguida, dever\u00e1 trazer consigo os anseios de nossos cidad\u00e3os e em especial dos inscritos nesta Subse\u00e7\u00e3o, para a pr\u00e1tica de uma justi\u00e7a mais c\u00e9lere, justa e eficiente. Que a modernidade suplante a morosidade e a beleza arquitet\u00f4nica suplante nossas expectativas. A advocacia local e regional agradece o empenho do TJBA pela concretiza\u00e7\u00e3o desta esperan\u00e7a\u201d. Destacou o presidente da OAB de Ilh\u00e9us, Dr. Jacson Cupertino.<\/p>\n\n\n\n<p>Com Informa\u00e7\u00f5es F\u00e1bio Roberto Not\u00edcias.<\/p>\n","protected":false},"excerpt":{"rendered":"<p>A OAB Subse\u00e7\u00e3o de Ilh\u00e9us representada pelo seu presidente, Dr. Jacson Cupertino, participou do lan\u00e7amento&#8230;<\/p>\n","protected":false},"author":1,"featured_media":4140,"comment_status":"open","ping_status":"open","sticky":false,"template":"","format":"standard","meta":{"footnotes":""},"categories":[18,11],"tags":[37,526,1579,1578],"yoast_head":"<!-- This site is optimized with the Yoast SEO plugin v21.7 - https:\/\/yoast.com\/wordpress\/plugins\/seo\/ -->\n<title>OAB de Ilh\u00e9us participa do lan\u00e7amento da pedra do novo f\u00f3rum da Cidade. - Cacau News<\/title>\n<meta name=\"robots\" content=\"index, follow, max-snippet:-1, max-image-preview:large, max-video-preview:-1\" \/>\n<link rel=\"canonical\" href=\"https:\/\/cacaunews.com\/?p=4141\" \/>\n<meta property=\"og:locale\" content=\"pt_BR\" \/>\n<meta property=\"og:type\" content=\"article\" \/>\n<meta property=\"og:title\" content=\"OAB de Ilh\u00e9us participa do lan\u00e7amento da pedra do novo f\u00f3rum da Cidade. - Cacau News\" \/>\n<meta property=\"og:description\" content=\"A OAB Subse\u00e7\u00e3o de Ilh\u00e9us representada pelo seu presidente, Dr. Jacson Cupertino, participou do lan\u00e7amento...\" \/>\n<meta property=\"og:url\" content=\"https:\/\/cacaunews.com\/?p=4141\" \/>\n<meta property=\"og:site_name\" content=\"Cacau News\" \/>\n<meta property=\"article:published_time\" content=\"2024-01-26T17:13:26+00:00\" \/>\n<meta property=\"article:modified_time\" content=\"2024-01-26T17:12:49+00:00\" \/>\n<meta property=\"og:image\" content=\"https:\/\/cacaunews.com\/wp-content\/uploads\/2024\/01\/IMG-20240126-WA0267.jpg\" \/>\n\t<meta property=\"og:image:width\" content=\"1000\" \/>\n\t<meta property=\"og:image:height\" content=\"416\" \/>\n\t<meta property=\"og:image:type\" content=\"image\/jpeg\" \/>\n<meta name=\"author\" content=\"Reda\u00e7\u00e3o Cacau News\" \/>\n<meta name=\"twitter:card\" content=\"summary_large_image\" \/>\n<meta name=\"twitter:label1\" content=\"Escrito por\" \/>\n\t<meta name=\"twitter:data1\" content=\"Reda\u00e7\u00e3o Cacau News\" \/>\n\t<meta name=\"twitter:label2\" content=\"Est. tempo de leitura\" \/>\n\t<meta name=\"twitter:data2\" content=\"1 minuto\" \/>\n<script type=\"application\/ld+json\" class=\"yoast-schema-graph\">{\"@context\":\"https:\/\/schema.org\",\"@graph\":[{\"@type\":\"Article\",\"@id\":\"https:\/\/cacaunews.com\/?p=4141#article\",\"isPartOf\":{\"@id\":\"https:\/\/cacaunews.com\/?p=4141\"},\"author\":{\"name\":\"Reda\u00e7\u00e3o Cacau News\",\"@id\":\"https:\/\/cacaunews.com\/#\/schema\/person\/ea69703103e606ad347ccd64bd72ef79\"},\"headline\":\"OAB de Ilh\u00e9us participa do lan\u00e7amento da pedra do novo f\u00f3rum da Cidade.\",\"datePublished\":\"2024-01-26T17:13:26+00:00\",\"dateModified\":\"2024-01-26T17:12:49+00:00\",\"mainEntityOfPage\":{\"@id\":\"https:\/\/cacaunews.com\/?p=4141\"},\"wordCount\":304,\"commentCount\":0,\"publisher\":{\"@id\":\"https:\/\/cacaunews.com\/#organization\"},\"keywords\":[\"ilheus\",\"lan\u00e7amento\",\"novo f\u00f3rum\",\"OAB\"],\"articleSection\":[\"cidades\",\"Jornalismo\"],\"inLanguage\":\"pt-BR\",\"potentialAction\":[{\"@type\":\"CommentAction\",\"name\":\"Comment\",\"target\":[\"https:\/\/cacaunews.com\/?p=4141#respond\"]}]},{\"@type\":\"WebPage\",\"@id\":\"https:\/\/cacaunews.com\/?p=4141\",\"url\":\"https:\/\/cacaunews.com\/?p=4141\",\"name\":\"OAB de Ilh\u00e9us participa do lan\u00e7amento da pedra do novo f\u00f3rum da Cidade. - Cacau News\",\"isPartOf\":{\"@id\":\"https:\/\/cacaunews.com\/#website\"},\"datePublished\":\"2024-01-26T17:13:26+00:00\",\"dateModified\":\"2024-01-26T17:12:49+00:00\",\"breadcrumb\":{\"@id\":\"https:\/\/cacaunews.com\/?p=4141#breadcrumb\"},\"inLanguage\":\"pt-BR\",\"potentialAction\":[{\"@type\":\"ReadAction\",\"target\":[\"https:\/\/cacaunews.com\/?p=4141\"]}]},{\"@type\":\"BreadcrumbList\",\"@id\":\"https:\/\/cacaunews.com\/?p=4141#breadcrumb\",\"itemListElement\":[{\"@type\":\"ListItem\",\"position\":1,\"name\":\"In\u00edcio\",\"item\":\"https:\/\/cacaunews.com\/\"},{\"@type\":\"ListItem\",\"position\":2,\"name\":\"OAB de Ilh\u00e9us participa do lan\u00e7amento da pedra do novo f\u00f3rum da Cidade.\"}]},{\"@type\":\"WebSite\",\"@id\":\"https:\/\/cacaunews.com\/#website\",\"url\":\"https:\/\/cacaunews.com\/\",\"name\":\"Cacau News\",\"description\":\"A Informa\u00e7\u00e3o que voc\u00ea precisa!\",\"publisher\":{\"@id\":\"https:\/\/cacaunews.com\/#organization\"},\"potentialAction\":[{\"@type\":\"SearchAction\",\"target\":{\"@type\":\"EntryPoint\",\"urlTemplate\":\"https:\/\/cacaunews.com\/?s={search_term_string}\"},\"query-input\":\"required name=search_term_string\"}],\"inLanguage\":\"pt-BR\"},{\"@type\":\"Organization\",\"@id\":\"https:\/\/cacaunews.com\/#organization\",\"name\":\"Cacau News\",\"url\":\"https:\/\/cacaunews.com\/\",\"logo\":{\"@type\":\"ImageObject\",\"inLanguage\":\"pt-BR\",\"@id\":\"https:\/\/cacaunews.com\/#\/schema\/logo\/image\/\",\"url\":\"https:\/\/cacaunews.com\/wp-content\/uploads\/2025\/01\/cropped-LOGO-NOVA.png\",\"contentUrl\":\"https:\/\/cacaunews.com\/wp-content\/uploads\/2025\/01\/cropped-LOGO-NOVA.png\",\"width\":813,\"height\":813,\"caption\":\"Cacau News\"},\"image\":{\"@id\":\"https:\/\/cacaunews.com\/#\/schema\/logo\/image\/\"},\"sameAs\":[\"https:\/\/www.instagram.com\/cacaunews.online\/\",\"https:\/\/youtube.com\/@cacaunews?si=0VXLnjl08SrWbVG9\"]},{\"@type\":\"Person\",\"@id\":\"https:\/\/cacaunews.com\/#\/schema\/person\/ea69703103e606ad347ccd64bd72ef79\",\"name\":\"Reda\u00e7\u00e3o Cacau News\",\"image\":{\"@type\":\"ImageObject\",\"inLanguage\":\"pt-BR\",\"@id\":\"https:\/\/cacaunews.com\/#\/schema\/person\/image\/\",\"url\":\"https:\/\/secure.gravatar.com\/avatar\/d79227a2a7b6cc42e8d7a8f7c284cd3a?s=96&d=mm&r=g\",\"contentUrl\":\"https:\/\/secure.gravatar.com\/avatar\/d79227a2a7b6cc42e8d7a8f7c284cd3a?s=96&d=mm&r=g\",\"caption\":\"Reda\u00e7\u00e3o Cacau News\"},\"sameAs\":[\"https:\/\/cacaunews.com\"],\"url\":\"https:\/\/cacaunews.com\/?author=1\"}]}<\/script>\n<!-- \/ Yoast SEO plugin. -->","yoast_head_json":{"title":"OAB de Ilh\u00e9us participa do lan\u00e7amento da pedra do novo f\u00f3rum da Cidade. - Cacau News","robots":{"index":"index","follow":"follow","max-snippet":"max-snippet:-1","max-image-preview":"max-image-preview:large","max-video-preview":"max-video-preview:-1"},"canonical":"https:\/\/cacaunews.com\/?p=4141","og_locale":"pt_BR","og_type":"article","og_title":"OAB de Ilh\u00e9us participa do lan\u00e7amento da pedra do novo f\u00f3rum da Cidade. - Cacau News","og_description":"A OAB Subse\u00e7\u00e3o de Ilh\u00e9us representada pelo seu presidente, Dr. Jacson Cupertino, participou do lan\u00e7amento...","og_url":"https:\/\/cacaunews.com\/?p=4141","og_site_name":"Cacau News","article_published_time":"2024-01-26T17:13:26+00:00","article_modified_time":"2024-01-26T17:12:49+00:00","og_image":[{"width":1000,"height":416,"url":"https:\/\/cacaunews.com\/wp-content\/uploads\/2024\/01\/IMG-20240126-WA0267.jpg","type":"image\/jpeg"}],"author":"Reda\u00e7\u00e3o Cacau News","twitter_card":"summary_large_image","twitter_misc":{"Escrito por":"Reda\u00e7\u00e3o Cacau News","Est. tempo de leitura":"1 minuto"},"schema":{"@context":"https:\/\/schema.org","@graph":[{"@type":"Article","@id":"https:\/\/cacaunews.com\/?p=4141#article","isPartOf":{"@id":"https:\/\/cacaunews.com\/?p=4141"},"author":{"name":"Reda\u00e7\u00e3o Cacau News","@id":"https:\/\/cacaunews.com\/#\/schema\/person\/ea69703103e606ad347ccd64bd72ef79"},"headline":"OAB de Ilh\u00e9us participa do lan\u00e7amento da pedra do novo f\u00f3rum da Cidade.","datePublished":"2024-01-26T17:13:26+00:00","dateModified":"2024-01-26T17:12:49+00:00","mainEntityOfPage":{"@id":"https:\/\/cacaunews.com\/?p=4141"},"wordCount":304,"commentCount":0,"publisher":{"@id":"https:\/\/cacaunews.com\/#organization"},"keywords":["ilheus","lan\u00e7amento","novo f\u00f3rum","OAB"],"articleSection":["cidades","Jornalismo"],"inLanguage":"pt-BR","potentialAction":[{"@type":"CommentAction","name":"Comment","target":["https:\/\/cacaunews.com\/?p=4141#respond"]}]},{"@type":"WebPage","@id":"https:\/\/cacaunews.com\/?p=4141","url":"https:\/\/cacaunews.com\/?p=4141","name":"OAB de Ilh\u00e9us participa do lan\u00e7amento da pedra do novo f\u00f3rum da Cidade. - Cacau News","isPartOf":{"@id":"https:\/\/cacaunews.com\/#website"},"datePublished":"2024-01-26T17:13:26+00:00","dateModified":"2024-01-26T17:12:49+00:00","breadcrumb":{"@id":"https:\/\/cacaunews.com\/?p=4141#breadcrumb"},"inLanguage":"pt-BR","potentialAction":[{"@type":"ReadAction","target":["https:\/\/cacaunews.com\/?p=4141"]}]},{"@type":"BreadcrumbList","@id":"https:\/\/cacaunews.com\/?p=4141#breadcrumb","itemListElement":[{"@type":"ListItem","position":1,"name":"In\u00edcio","item":"https:\/\/cacaunews.com\/"},{"@type":"ListItem","position":2,"name":"OAB de Ilh\u00e9us participa do lan\u00e7amento da pedra do novo f\u00f3rum da Cidade."}]},{"@type":"WebSite","@id":"https:\/\/cacaunews.com\/#website","url":"https:\/\/cacaunews.com\/","name":"Cacau News","description":"A Informa\u00e7\u00e3o que voc\u00ea precisa!","publisher":{"@id":"https:\/\/cacaunews.com\/#organization"},"potentialAction":[{"@type":"SearchAction","target":{"@type":"EntryPoint","urlTemplate":"https:\/\/cacaunews.com\/?s={search_term_string}"},"query-input":"required name=search_term_string"}],"inLanguage":"pt-BR"},{"@type":"Organization","@id":"https:\/\/cacaunews.com\/#organization","name":"Cacau News","url":"https:\/\/cacaunews.com\/","logo":{"@type":"ImageObject","inLanguage":"pt-BR","@id":"https:\/\/cacaunews.com\/#\/schema\/logo\/image\/","url":"https:\/\/cacaunews.com\/wp-content\/uploads\/2025\/01\/cropped-LOGO-NOVA.png","contentUrl":"https:\/\/cacaunews.com\/wp-content\/uploads\/2025\/01\/cropped-LOGO-NOVA.png","width":813,"height":813,"caption":"Cacau News"},"image":{"@id":"https:\/\/cacaunews.com\/#\/schema\/logo\/image\/"},"sameAs":["https:\/\/www.instagram.com\/cacaunews.online\/","https:\/\/youtube.com\/@cacaunews?si=0VXLnjl08SrWbVG9"]},{"@type":"Person","@id":"https:\/\/cacaunews.com\/#\/schema\/person\/ea69703103e606ad347ccd64bd72ef79","name":"Reda\u00e7\u00e3o Cacau News","image":{"@type":"ImageObject","inLanguage":"pt-BR","@id":"https:\/\/cacaunews.com\/#\/schema\/person\/image\/","url":"https:\/\/secure.gravatar.com\/avatar\/d79227a2a7b6cc42e8d7a8f7c284cd3a?s=96&d=mm&r=g","contentUrl":"https:\/\/secure.gravatar.com\/avatar\/d79227a2a7b6cc42e8d7a8f7c284cd3a?s=96&d=mm&r=g","caption":"Reda\u00e7\u00e3o Cacau News"},"sameAs":["https:\/\/cacaunews.com"],"url":"https:\/\/cacaunews.com\/?author=1"}]}},"jetpack_sharing_enabled":true,"jetpack_featured_media_url":"https:\/\/cacaunews.com\/wp-content\/uploads\/2024\/01\/IMG-20240126-WA0267.jpg","_links":{"self":[{"href":"https:\/\/cacaunews.com\/index.php?rest_route=\/wp\/v2\/posts\/4141"}],"collection":[{"href":"https:\/\/cacaunews.com\/index.php?rest_route=\/wp\/v2\/posts"}],"about":[{"href":"https:\/\/cacaunews.com\/index.php?rest_route=\/wp\/v2\/types\/post"}],"author":[{"embeddable":true,"href":"https:\/\/cacaunews.com\/index.php?rest_route=\/wp\/v2\/users\/1"}],"replies":[{"embeddable":true,"href":"https:\/\/cacaunews.com\/index.php?rest_route=%2Fwp%2Fv2%2Fcomments&post=4141"}],"version-history":[{"count":1,"href":"https:\/\/cacaunews.com\/index.php?rest_route=\/wp\/v2\/posts\/4141\/revisions"}],"predecessor-version":[{"id":4142,"href":"https:\/\/cacaunews.com\/index.php?rest_route=\/wp\/v2\/posts\/4141\/revisions\/4142"}],"wp:featuredmedia":[{"embeddable":true,"href":"https:\/\/cacaunews.com\/index.php?rest_route=\/wp\/v2\/media\/4140"}],"wp:attachment":[{"href":"https:\/\/cacaunews.com\/index.php?rest_route=%2Fwp%2Fv2%2Fmedia&parent=4141"}],"wp:term":[{"taxonomy":"category","embeddable":true,"href":"https:\/\/cacaunews.com\/index.php?rest_route=%2Fwp%2Fv2%2Fcategories&post=4141"},{"taxonomy":"post_tag","embeddable":true,"href":"https:\/\/cacaunews.com\/index.php?rest_route=%2Fwp%2Fv2%2Ftags&post=4141"}],"curies":[{"name":"wp","href":"https:\/\/api.w.org\/{rel}","templated":true}]}}