{"id":4180,"date":"2024-02-02T22:43:37","date_gmt":"2024-02-02T22:43:37","guid":{"rendered":"https:\/\/cacaunews.com\/?p=4180"},"modified":"2024-02-03T01:34:08","modified_gmt":"2024-02-03T01:34:08","slug":"ilheus-adelia-pinheiro-anuncia-filiacao-so-pt-e-pre-candidatura-a-prefeitura-da-cidade","status":"publish","type":"post","link":"https:\/\/cacaunews.com\/?p=4180","title":{"rendered":"Ilh\u00e9us: Ad\u00e9lia Pinheiro anuncia filia\u00e7\u00e3o ao PT e pr\u00e9 candidatura a prefeitura da cidade."},"content":{"rendered":"\n<p>Em uma reviravolta pol\u00edtica marcante para o munic\u00edpio de Ilh\u00e9us, a Secret\u00e1ria da Educa\u00e7\u00e3o da Bahia, Ad\u00e9lia Pinheiro, surpreendeu ao anunciar sua pr\u00e9-candidatura \u00e0 prefeitura da cidade durante uma entrevista concedida ao radialista Gil Gomes, no programa Balan\u00e7o Geral, da R\u00e1dio Santa Cruz de Ilh\u00e9us. Al\u00e9m disso, Ad\u00e9lia Pinheiro oficializou sua filia\u00e7\u00e3o ao Partido dos Trabalhadores (PT), solidificando sua posi\u00e7\u00e3o no cen\u00e1rio pol\u00edtico local.<br \/><br \/>Ex-reitora da Universidade Estadual de Santa Cruz (Uesc), Ad\u00e9lia Pinheiro demonstra uma trajet\u00f3ria s\u00f3lida no meio acad\u00eamico e, agora, busca expandir sua atua\u00e7\u00e3o para a esfera pol\u00edtica municipal. Sua pr\u00e9-candidatura adiciona um novo elemento ao j\u00e1 complexo tabuleiro pol\u00edtico de Ilh\u00e9us, despertando discuss\u00f5es e an\u00e1lises sobre os rumos da cidade.<br \/><br \/>Durante a entrevista, a decis\u00e3o de Ad\u00e9lia Pinheiro foi acompanhada de perto pela habilidade jornal\u00edstica de Gil Gomes, cuja experi\u00eancia de tr\u00eas d\u00e9cadas no r\u00e1dio foi crucial para extrair a confirma\u00e7\u00e3o da pr\u00e9-candidatura e da filia\u00e7\u00e3o ao PT. O an\u00fancio, pela secret\u00e1ria da Educa\u00e7\u00e3o, promete repercutir entre os diversos segmentos da sociedade ilheense.<\/p>\n\n\n\n<p>Com Informa\u00e7\u00f5es Ilh\u00e9us24h.<\/p>\n","protected":false},"excerpt":{"rendered":"<p>Em uma reviravolta pol\u00edtica marcante para o munic\u00edpio de Ilh\u00e9us, a Secret\u00e1ria da Educa\u00e7\u00e3o da&#8230;<\/p>\n","protected":false},"author":1,"featured_media":4179,"comment_status":"open","ping_status":"open","sticky":false,"template":"","format":"standard","meta":{"footnotes":""},"categories":[18,11,5],"tags":[1397,1269,1244,37],"yoast_head":"<!-- This site is optimized with the Yoast SEO plugin v21.7 - https:\/\/yoast.com\/wordpress\/plugins\/seo\/ -->\n<title>Ilh\u00e9us: Ad\u00e9lia Pinheiro anuncia filia\u00e7\u00e3o ao PT e pr\u00e9 candidatura a prefeitura da cidade. - Cacau News<\/title>\n<meta name=\"robots\" content=\"index, follow, max-snippet:-1, max-image-preview:large, max-video-preview:-1\" \/>\n<link rel=\"canonical\" href=\"https:\/\/cacaunews.com\/?p=4180\" \/>\n<meta property=\"og:locale\" content=\"pt_BR\" \/>\n<meta property=\"og:type\" content=\"article\" \/>\n<meta property=\"og:title\" content=\"Ilh\u00e9us: Ad\u00e9lia Pinheiro anuncia filia\u00e7\u00e3o ao PT e pr\u00e9 candidatura a prefeitura da cidade. - Cacau News\" \/>\n<meta property=\"og:description\" content=\"Em uma reviravolta pol\u00edtica marcante para o munic\u00edpio de Ilh\u00e9us, a Secret\u00e1ria da Educa\u00e7\u00e3o da...\" \/>\n<meta property=\"og:url\" content=\"https:\/\/cacaunews.com\/?p=4180\" \/>\n<meta property=\"og:site_name\" content=\"Cacau News\" \/>\n<meta property=\"article:published_time\" content=\"2024-02-02T22:43:37+00:00\" \/>\n<meta property=\"article:modified_time\" content=\"2024-02-03T01:34:08+00:00\" \/>\n<meta property=\"og:image\" content=\"https:\/\/cacaunews.com\/wp-content\/uploads\/2024\/02\/IMG_20240202_193927.jpg\" \/>\n\t<meta property=\"og:image:width\" content=\"1080\" \/>\n\t<meta property=\"og:image:height\" content=\"810\" \/>\n\t<meta property=\"og:image:type\" content=\"image\/jpeg\" \/>\n<meta name=\"author\" content=\"Reda\u00e7\u00e3o Cacau News\" \/>\n<meta name=\"twitter:card\" content=\"summary_large_image\" \/>\n<meta name=\"twitter:label1\" content=\"Escrito por\" \/>\n\t<meta name=\"twitter:data1\" content=\"Reda\u00e7\u00e3o Cacau News\" \/>\n\t<meta name=\"twitter:label2\" content=\"Est. tempo de leitura\" \/>\n\t<meta name=\"twitter:data2\" content=\"1 minuto\" \/>\n<script type=\"application\/ld+json\" class=\"yoast-schema-graph\">{\"@context\":\"https:\/\/schema.org\",\"@graph\":[{\"@type\":\"Article\",\"@id\":\"https:\/\/cacaunews.com\/?p=4180#article\",\"isPartOf\":{\"@id\":\"https:\/\/cacaunews.com\/?p=4180\"},\"author\":{\"name\":\"Reda\u00e7\u00e3o Cacau News\",\"@id\":\"https:\/\/cacaunews.com\/#\/schema\/person\/ea69703103e606ad347ccd64bd72ef79\"},\"headline\":\"Ilh\u00e9us: Ad\u00e9lia Pinheiro anuncia filia\u00e7\u00e3o ao PT e pr\u00e9 candidatura a prefeitura da cidade.\",\"datePublished\":\"2024-02-02T22:43:37+00:00\",\"dateModified\":\"2024-02-03T01:34:08+00:00\",\"mainEntityOfPage\":{\"@id\":\"https:\/\/cacaunews.com\/?p=4180\"},\"wordCount\":229,\"commentCount\":0,\"publisher\":{\"@id\":\"https:\/\/cacaunews.com\/#organization\"},\"keywords\":[\"ad\u00e9lia pinheiro\",\"candidatura\",\"elei\u00e7\u00f5es 2024\",\"ilheus\"],\"articleSection\":[\"cidades\",\"Jornalismo\",\"Politica\"],\"inLanguage\":\"pt-BR\",\"potentialAction\":[{\"@type\":\"CommentAction\",\"name\":\"Comment\",\"target\":[\"https:\/\/cacaunews.com\/?p=4180#respond\"]}]},{\"@type\":\"WebPage\",\"@id\":\"https:\/\/cacaunews.com\/?p=4180\",\"url\":\"https:\/\/cacaunews.com\/?p=4180\",\"name\":\"Ilh\u00e9us: Ad\u00e9lia Pinheiro anuncia filia\u00e7\u00e3o ao PT e pr\u00e9 candidatura a prefeitura da cidade. - Cacau News\",\"isPartOf\":{\"@id\":\"https:\/\/cacaunews.com\/#website\"},\"datePublished\":\"2024-02-02T22:43:37+00:00\",\"dateModified\":\"2024-02-03T01:34:08+00:00\",\"breadcrumb\":{\"@id\":\"https:\/\/cacaunews.com\/?p=4180#breadcrumb\"},\"inLanguage\":\"pt-BR\",\"potentialAction\":[{\"@type\":\"ReadAction\",\"target\":[\"https:\/\/cacaunews.com\/?p=4180\"]}]},{\"@type\":\"BreadcrumbList\",\"@id\":\"https:\/\/cacaunews.com\/?p=4180#breadcrumb\",\"itemListElement\":[{\"@type\":\"ListItem\",\"position\":1,\"name\":\"In\u00edcio\",\"item\":\"https:\/\/cacaunews.com\/\"},{\"@type\":\"ListItem\",\"position\":2,\"name\":\"Ilh\u00e9us: Ad\u00e9lia Pinheiro anuncia filia\u00e7\u00e3o ao PT e pr\u00e9 candidatura a prefeitura da cidade.\"}]},{\"@type\":\"WebSite\",\"@id\":\"https:\/\/cacaunews.com\/#website\",\"url\":\"https:\/\/cacaunews.com\/\",\"name\":\"Cacau News\",\"description\":\"A Informa\u00e7\u00e3o que voc\u00ea precisa!\",\"publisher\":{\"@id\":\"https:\/\/cacaunews.com\/#organization\"},\"potentialAction\":[{\"@type\":\"SearchAction\",\"target\":{\"@type\":\"EntryPoint\",\"urlTemplate\":\"https:\/\/cacaunews.com\/?s={search_term_string}\"},\"query-input\":\"required name=search_term_string\"}],\"inLanguage\":\"pt-BR\"},{\"@type\":\"Organization\",\"@id\":\"https:\/\/cacaunews.com\/#organization\",\"name\":\"Cacau News\",\"url\":\"https:\/\/cacaunews.com\/\",\"logo\":{\"@type\":\"ImageObject\",\"inLanguage\":\"pt-BR\",\"@id\":\"https:\/\/cacaunews.com\/#\/schema\/logo\/image\/\",\"url\":\"https:\/\/cacaunews.com\/wp-content\/uploads\/2025\/01\/cropped-LOGO-NOVA.png\",\"contentUrl\":\"https:\/\/cacaunews.com\/wp-content\/uploads\/2025\/01\/cropped-LOGO-NOVA.png\",\"width\":813,\"height\":813,\"caption\":\"Cacau News\"},\"image\":{\"@id\":\"https:\/\/cacaunews.com\/#\/schema\/logo\/image\/\"},\"sameAs\":[\"https:\/\/www.instagram.com\/cacaunews.online\/\",\"https:\/\/youtube.com\/@cacaunews?si=0VXLnjl08SrWbVG9\"]},{\"@type\":\"Person\",\"@id\":\"https:\/\/cacaunews.com\/#\/schema\/person\/ea69703103e606ad347ccd64bd72ef79\",\"name\":\"Reda\u00e7\u00e3o Cacau News\",\"image\":{\"@type\":\"ImageObject\",\"inLanguage\":\"pt-BR\",\"@id\":\"https:\/\/cacaunews.com\/#\/schema\/person\/image\/\",\"url\":\"https:\/\/secure.gravatar.com\/avatar\/d79227a2a7b6cc42e8d7a8f7c284cd3a?s=96&d=mm&r=g\",\"contentUrl\":\"https:\/\/secure.gravatar.com\/avatar\/d79227a2a7b6cc42e8d7a8f7c284cd3a?s=96&d=mm&r=g\",\"caption\":\"Reda\u00e7\u00e3o Cacau News\"},\"sameAs\":[\"https:\/\/cacaunews.com\"],\"url\":\"https:\/\/cacaunews.com\/?author=1\"}]}<\/script>\n<!-- \/ Yoast SEO plugin. -->","yoast_head_json":{"title":"Ilh\u00e9us: Ad\u00e9lia Pinheiro anuncia filia\u00e7\u00e3o ao PT e pr\u00e9 candidatura a prefeitura da cidade. - Cacau News","robots":{"index":"index","follow":"follow","max-snippet":"max-snippet:-1","max-image-preview":"max-image-preview:large","max-video-preview":"max-video-preview:-1"},"canonical":"https:\/\/cacaunews.com\/?p=4180","og_locale":"pt_BR","og_type":"article","og_title":"Ilh\u00e9us: Ad\u00e9lia Pinheiro anuncia filia\u00e7\u00e3o ao PT e pr\u00e9 candidatura a prefeitura da cidade. - Cacau News","og_description":"Em uma reviravolta pol\u00edtica marcante para o munic\u00edpio de Ilh\u00e9us, a Secret\u00e1ria da Educa\u00e7\u00e3o da...","og_url":"https:\/\/cacaunews.com\/?p=4180","og_site_name":"Cacau News","article_published_time":"2024-02-02T22:43:37+00:00","article_modified_time":"2024-02-03T01:34:08+00:00","og_image":[{"width":1080,"height":810,"url":"https:\/\/cacaunews.com\/wp-content\/uploads\/2024\/02\/IMG_20240202_193927.jpg","type":"image\/jpeg"}],"author":"Reda\u00e7\u00e3o Cacau News","twitter_card":"summary_large_image","twitter_misc":{"Escrito por":"Reda\u00e7\u00e3o Cacau News","Est. tempo de leitura":"1 minuto"},"schema":{"@context":"https:\/\/schema.org","@graph":[{"@type":"Article","@id":"https:\/\/cacaunews.com\/?p=4180#article","isPartOf":{"@id":"https:\/\/cacaunews.com\/?p=4180"},"author":{"name":"Reda\u00e7\u00e3o Cacau News","@id":"https:\/\/cacaunews.com\/#\/schema\/person\/ea69703103e606ad347ccd64bd72ef79"},"headline":"Ilh\u00e9us: Ad\u00e9lia Pinheiro anuncia filia\u00e7\u00e3o ao PT e pr\u00e9 candidatura a prefeitura da cidade.","datePublished":"2024-02-02T22:43:37+00:00","dateModified":"2024-02-03T01:34:08+00:00","mainEntityOfPage":{"@id":"https:\/\/cacaunews.com\/?p=4180"},"wordCount":229,"commentCount":0,"publisher":{"@id":"https:\/\/cacaunews.com\/#organization"},"keywords":["ad\u00e9lia pinheiro","candidatura","elei\u00e7\u00f5es 2024","ilheus"],"articleSection":["cidades","Jornalismo","Politica"],"inLanguage":"pt-BR","potentialAction":[{"@type":"CommentAction","name":"Comment","target":["https:\/\/cacaunews.com\/?p=4180#respond"]}]},{"@type":"WebPage","@id":"https:\/\/cacaunews.com\/?p=4180","url":"https:\/\/cacaunews.com\/?p=4180","name":"Ilh\u00e9us: Ad\u00e9lia Pinheiro anuncia filia\u00e7\u00e3o ao PT e pr\u00e9 candidatura a prefeitura da cidade. - Cacau News","isPartOf":{"@id":"https:\/\/cacaunews.com\/#website"},"datePublished":"2024-02-02T22:43:37+00:00","dateModified":"2024-02-03T01:34:08+00:00","breadcrumb":{"@id":"https:\/\/cacaunews.com\/?p=4180#breadcrumb"},"inLanguage":"pt-BR","potentialAction":[{"@type":"ReadAction","target":["https:\/\/cacaunews.com\/?p=4180"]}]},{"@type":"BreadcrumbList","@id":"https:\/\/cacaunews.com\/?p=4180#breadcrumb","itemListElement":[{"@type":"ListItem","position":1,"name":"In\u00edcio","item":"https:\/\/cacaunews.com\/"},{"@type":"ListItem","position":2,"name":"Ilh\u00e9us: Ad\u00e9lia Pinheiro anuncia filia\u00e7\u00e3o ao PT e pr\u00e9 candidatura a prefeitura da cidade."}]},{"@type":"WebSite","@id":"https:\/\/cacaunews.com\/#website","url":"https:\/\/cacaunews.com\/","name":"Cacau News","description":"A Informa\u00e7\u00e3o que voc\u00ea precisa!","publisher":{"@id":"https:\/\/cacaunews.com\/#organization"},"potentialAction":[{"@type":"SearchAction","target":{"@type":"EntryPoint","urlTemplate":"https:\/\/cacaunews.com\/?s={search_term_string}"},"query-input":"required name=search_term_string"}],"inLanguage":"pt-BR"},{"@type":"Organization","@id":"https:\/\/cacaunews.com\/#organization","name":"Cacau News","url":"https:\/\/cacaunews.com\/","logo":{"@type":"ImageObject","inLanguage":"pt-BR","@id":"https:\/\/cacaunews.com\/#\/schema\/logo\/image\/","url":"https:\/\/cacaunews.com\/wp-content\/uploads\/2025\/01\/cropped-LOGO-NOVA.png","contentUrl":"https:\/\/cacaunews.com\/wp-content\/uploads\/2025\/01\/cropped-LOGO-NOVA.png","width":813,"height":813,"caption":"Cacau News"},"image":{"@id":"https:\/\/cacaunews.com\/#\/schema\/logo\/image\/"},"sameAs":["https:\/\/www.instagram.com\/cacaunews.online\/","https:\/\/youtube.com\/@cacaunews?si=0VXLnjl08SrWbVG9"]},{"@type":"Person","@id":"https:\/\/cacaunews.com\/#\/schema\/person\/ea69703103e606ad347ccd64bd72ef79","name":"Reda\u00e7\u00e3o Cacau News","image":{"@type":"ImageObject","inLanguage":"pt-BR","@id":"https:\/\/cacaunews.com\/#\/schema\/person\/image\/","url":"https:\/\/secure.gravatar.com\/avatar\/d79227a2a7b6cc42e8d7a8f7c284cd3a?s=96&d=mm&r=g","contentUrl":"https:\/\/secure.gravatar.com\/avatar\/d79227a2a7b6cc42e8d7a8f7c284cd3a?s=96&d=mm&r=g","caption":"Reda\u00e7\u00e3o Cacau News"},"sameAs":["https:\/\/cacaunews.com"],"url":"https:\/\/cacaunews.com\/?author=1"}]}},"jetpack_sharing_enabled":true,"jetpack_featured_media_url":"https:\/\/cacaunews.com\/wp-content\/uploads\/2024\/02\/IMG_20240202_193927.jpg","_links":{"self":[{"href":"https:\/\/cacaunews.com\/index.php?rest_route=\/wp\/v2\/posts\/4180"}],"collection":[{"href":"https:\/\/cacaunews.com\/index.php?rest_route=\/wp\/v2\/posts"}],"about":[{"href":"https:\/\/cacaunews.com\/index.php?rest_route=\/wp\/v2\/types\/post"}],"author":[{"embeddable":true,"href":"https:\/\/cacaunews.com\/index.php?rest_route=\/wp\/v2\/users\/1"}],"replies":[{"embeddable":true,"href":"https:\/\/cacaunews.com\/index.php?rest_route=%2Fwp%2Fv2%2Fcomments&post=4180"}],"version-history":[{"count":1,"href":"https:\/\/cacaunews.com\/index.php?rest_route=\/wp\/v2\/posts\/4180\/revisions"}],"predecessor-version":[{"id":4181,"href":"https:\/\/cacaunews.com\/index.php?rest_route=\/wp\/v2\/posts\/4180\/revisions\/4181"}],"wp:featuredmedia":[{"embeddable":true,"href":"https:\/\/cacaunews.com\/index.php?rest_route=\/wp\/v2\/media\/4179"}],"wp:attachment":[{"href":"https:\/\/cacaunews.com\/index.php?rest_route=%2Fwp%2Fv2%2Fmedia&parent=4180"}],"wp:term":[{"taxonomy":"category","embeddable":true,"href":"https:\/\/cacaunews.com\/index.php?rest_route=%2Fwp%2Fv2%2Fcategories&post=4180"},{"taxonomy":"post_tag","embeddable":true,"href":"https:\/\/cacaunews.com\/index.php?rest_route=%2Fwp%2Fv2%2Ftags&post=4180"}],"curies":[{"name":"wp","href":"https:\/\/api.w.org\/{rel}","templated":true}]}}