{"id":4205,"date":"2024-02-06T17:02:49","date_gmt":"2024-02-06T17:02:49","guid":{"rendered":"https:\/\/cacaunews.com\/?p=4205"},"modified":"2024-02-06T17:03:34","modified_gmt":"2024-02-06T17:03:34","slug":"governador-da-bahia-preside-solenidade-de-posse-do-reitor-da-uesc","status":"publish","type":"post","link":"https:\/\/cacaunews.com\/?p=4205","title":{"rendered":"Governador da Bahia preside solenidade de posse do Reitor da UESC."},"content":{"rendered":"\n<p><br>O governador da Bahia, Jer\u00f4nimo Rodrigues, presidiu a solenidade de posse do Reitor e vice-reitor da Universidade Estadual de Santa Cruz (Uesc), respectivamente, Alessandro Fernandes de Santana e Maur\u00edcio de Santana Moureau, realizada nesta segunda-feira, 5 de fevereiro, no Audit\u00f3rio do Centro de Arte e Cultura da Uesc, em Ilh\u00e9us, Sul da Bahia. O reitor e o vice-reitor foram reeleitos pela comunidade acad\u00eamica, em novembro \u00faltimo, para novo mandato \u00e0 frente da gest\u00e3o da Universidade, no per\u00edodo 2024-2028, 89% dos votos v\u00e1lidos dos docentes, discentes t\u00e9cnicos e analistas.<br><br><br>O governador Jer\u00f4nimo Rodrigues havia participado da solenidade de posse do reitor e vice-reitor, no primeiro mandato, como secret\u00e1rio de Educa\u00e7\u00e3o do Estado. \u201cNa condi\u00e7\u00e3o de secret\u00e1rio de Estado, presenciei a revolu\u00e7\u00e3o no papel que a Uesc tem exercido na regi\u00e3o, formando pessoas e estabelecendo um novo padr\u00e3o de cultura. A Uesc \u00e9 um patrim\u00f4nio do Estado da Bahia, um patrim\u00f4nio dessa regi\u00e3o. Ent\u00e3o, vim fortalecer essa parceria e reafirmar o compromisso com as universidades estaduais\u201d, destacou o governador baiano.<\/p>\n\n\n\n<figure class=\"wp-block-image size-large\"><img fetchpriority=\"high\" decoding=\"async\" width=\"870\" height=\"580\" src=\"https:\/\/cacaunews.com\/wp-content\/uploads\/2024\/02\/050224possereitorevicefoto-jC3BAliabarreto2873291484998816197916497.jpg\" alt=\"\" class=\"wp-image-4202\" srcset=\"https:\/\/cacaunews.com\/wp-content\/uploads\/2024\/02\/050224possereitorevicefoto-jC3BAliabarreto2873291484998816197916497.jpg 870w, https:\/\/cacaunews.com\/wp-content\/uploads\/2024\/02\/050224possereitorevicefoto-jC3BAliabarreto2873291484998816197916497-300x200.jpg 300w, https:\/\/cacaunews.com\/wp-content\/uploads\/2024\/02\/050224possereitorevicefoto-jC3BAliabarreto2873291484998816197916497-768x512.jpg 768w\" sizes=\"(max-width: 870px) 100vw, 870px\" \/><figcaption class=\"wp-element-caption\">Governador Jer\u00f4nimo Rodrigues ladeado pelo reitor e ex-reitores da UESC.<\/figcaption><\/figure>\n\n\n\n<p><br>A solenidade foi prestigiada com a presen\u00e7a dos reitores das demais universidades estaduais da Bahia, Amal\u00ed Mussi de Angelis, da Universidade Estadual de Feira de Santana (UEFS), Luiz Ot\u00e1vio de Magalh\u00e3es, da Universidade Estadual do Sudoeste da Bahia (Uesb) e Adriana Marmori, da Universidade Estadual da Bahia (Uneb).<br><br><br>Tamb\u00e9m estiveram presentes os reitores de gest\u00f5es anteriores da Uesc: Aur\u00e9lio Farias de Mac\u00eado (1985-1988), Ren\u00e9e Albagli Nogueira (1996-2004), Ant\u00f4nio Joaquim Bastos da Silva (2004-2012) e Ad\u00e9lia Pinheiro (2012-2019), atual secret\u00e1ria de Educa\u00e7\u00e3o da Bahia, a primeira dama da Bahia, professora Tatiana Velloso e os deputados estaduais Rosemberg Pinto e Soane Galv\u00e3o.<br><br> <br>Al\u00e9m deles, integraram a mesa oficial da cerim\u00f4nia os prefeitos de Ilh\u00e9us e Itabuna, M\u00e1rio Alexandre Souza e Augusto Castro, o presidente da Amurc e prefeito de Coaraci, Jadson Albano, o  Bispo Diocesano de Ilh\u00e9us, Dom Giovanni Crippa, os presidentes da Associa\u00e7\u00e3o dos Docentes (Adusc) e dos Funcion\u00e1rios (Afusc) da Uesc, respectivamente, professor M arcelo  Lins e Marciene Lima, a representante do Diret\u00f3rio Central dos Estudantes (DCE), Camila Silveira, e os secret\u00e1rios estaduais do Trabalho, Emprego, Renda e Esporte, Davidson Magalh\u00e3es, e de Ci\u00eancia, Tecnologia e Inova\u00e7\u00e3o, Andr\u00e9 Joazeiro.<\/p>\n\n\n\n<figure class=\"wp-block-image size-large\"><img decoding=\"async\" width=\"870\" height=\"435\" src=\"https:\/\/cacaunews.com\/wp-content\/uploads\/2024\/02\/posse16829108025247042503.jpg\" alt=\"\" class=\"wp-image-4203\" srcset=\"https:\/\/cacaunews.com\/wp-content\/uploads\/2024\/02\/posse16829108025247042503.jpg 870w, https:\/\/cacaunews.com\/wp-content\/uploads\/2024\/02\/posse16829108025247042503-300x150.jpg 300w, https:\/\/cacaunews.com\/wp-content\/uploads\/2024\/02\/posse16829108025247042503-768x384.jpg 768w\" sizes=\"(max-width: 870px) 100vw, 870px\" \/><figcaption class=\"wp-element-caption\">Momento da assinatura do termo de posse. Foto: Ascom\/UESC.<\/figcaption><\/figure>\n\n\n\n<p><br>Durante a cerim\u00f4nia de posse, que contou com apresenta\u00e7\u00e3o do Coral da Uesc e do sexteto de cordas Bezerra Harmony, o reitor empossado, Alessandro Fernandes expressou sua emo\u00e7\u00e3o e honra ao reassumir o posto. \u201c\u00c9 com imensa emo\u00e7\u00e3o e profunda honra que reassumo a miss\u00e3o de liderar a Uesc. Este \u00e9 um momento desafiador para o ensino superior, e estamos comprometidos em promover o desenvolvimento com autonomia e democracia. Contamos com o apoio de toda a comunidade acad\u00eamica para construirmos juntos um futuro brilhante para a nossa universidade\u201d, afirmou Alessandro Fernandes.<br><br> <br>A Secret\u00e1ria de Educa\u00e7\u00e3o, Ad\u00e9lia Pinheiro, destacou a import\u00e2ncia do fortalecimento da universidade como uma das maiores institui\u00e7\u00f5es de ensino na Bahia, afirmando. &#8220;Investir no desenvolvimento e autonomia da Uesc \u00e9 crucial para o avan\u00e7o educacional em nosso estado. Parabenizo os novos gestores e reitero o compromisso da Secretaria da Educa\u00e7\u00e3o em colaborar para o sucesso cont\u00ednuo desta institui\u00e7\u00e3o de ensino superior&#8221;.<\/p>\n\n\n\n<p><\/p>\n","protected":false},"excerpt":{"rendered":"<p>O governador da Bahia, Jer\u00f4nimo Rodrigues, presidiu a solenidade de posse do Reitor e vice-reitor&#8230;<\/p>\n","protected":false},"author":1,"featured_media":4204,"comment_status":"open","ping_status":"open","sticky":false,"template":"","format":"standard","meta":{"footnotes":""},"categories":[4,11],"tags":[39,33,140,144,1583],"yoast_head":"<!-- This site is optimized with the Yoast SEO plugin v21.7 - https:\/\/yoast.com\/wordpress\/plugins\/seo\/ -->\n<title>Governador da Bahia preside solenidade de posse do Reitor da UESC. - Cacau News<\/title>\n<meta name=\"robots\" content=\"index, follow, max-snippet:-1, max-image-preview:large, max-video-preview:-1\" \/>\n<link rel=\"canonical\" href=\"https:\/\/cacaunews.com\/?p=4205\" \/>\n<meta property=\"og:locale\" content=\"pt_BR\" \/>\n<meta property=\"og:type\" content=\"article\" \/>\n<meta property=\"og:title\" content=\"Governador da Bahia preside solenidade de posse do Reitor da UESC. - Cacau News\" \/>\n<meta property=\"og:description\" content=\"O governador da Bahia, Jer\u00f4nimo Rodrigues, presidiu a solenidade de posse do Reitor e vice-reitor...\" \/>\n<meta property=\"og:url\" content=\"https:\/\/cacaunews.com\/?p=4205\" \/>\n<meta property=\"og:site_name\" content=\"Cacau News\" \/>\n<meta property=\"article:published_time\" content=\"2024-02-06T17:02:49+00:00\" \/>\n<meta property=\"article:modified_time\" content=\"2024-02-06T17:03:34+00:00\" \/>\n<meta property=\"og:image\" content=\"https:\/\/cacaunews.com\/wp-content\/uploads\/2024\/02\/050224PosseReitoreViceFoto-JC3BAliaBarreto282812928129.jpg\" \/>\n\t<meta property=\"og:image:width\" content=\"870\" \/>\n\t<meta property=\"og:image:height\" content=\"580\" \/>\n\t<meta property=\"og:image:type\" content=\"image\/jpeg\" \/>\n<meta name=\"author\" content=\"Reda\u00e7\u00e3o Cacau News\" \/>\n<meta name=\"twitter:card\" content=\"summary_large_image\" \/>\n<meta name=\"twitter:label1\" content=\"Escrito por\" \/>\n\t<meta name=\"twitter:data1\" content=\"Reda\u00e7\u00e3o Cacau News\" \/>\n\t<meta name=\"twitter:label2\" content=\"Est. tempo de leitura\" \/>\n\t<meta name=\"twitter:data2\" content=\"3 minutos\" \/>\n<script type=\"application\/ld+json\" class=\"yoast-schema-graph\">{\"@context\":\"https:\/\/schema.org\",\"@graph\":[{\"@type\":\"Article\",\"@id\":\"https:\/\/cacaunews.com\/?p=4205#article\",\"isPartOf\":{\"@id\":\"https:\/\/cacaunews.com\/?p=4205\"},\"author\":{\"name\":\"Reda\u00e7\u00e3o Cacau News\",\"@id\":\"https:\/\/cacaunews.com\/#\/schema\/person\/ea69703103e606ad347ccd64bd72ef79\"},\"headline\":\"Governador da Bahia preside solenidade de posse do Reitor da UESC.\",\"datePublished\":\"2024-02-06T17:02:49+00:00\",\"dateModified\":\"2024-02-06T17:03:34+00:00\",\"mainEntityOfPage\":{\"@id\":\"https:\/\/cacaunews.com\/?p=4205\"},\"wordCount\":596,\"commentCount\":0,\"publisher\":{\"@id\":\"https:\/\/cacaunews.com\/#organization\"},\"keywords\":[\"bahia\",\"educa\u00e7\u00e3o\",\"governador\",\"posse\",\"reitor\"],\"articleSection\":[\"Internet\",\"Jornalismo\"],\"inLanguage\":\"pt-BR\",\"potentialAction\":[{\"@type\":\"CommentAction\",\"name\":\"Comment\",\"target\":[\"https:\/\/cacaunews.com\/?p=4205#respond\"]}]},{\"@type\":\"WebPage\",\"@id\":\"https:\/\/cacaunews.com\/?p=4205\",\"url\":\"https:\/\/cacaunews.com\/?p=4205\",\"name\":\"Governador da Bahia preside solenidade de posse do Reitor da UESC. - Cacau News\",\"isPartOf\":{\"@id\":\"https:\/\/cacaunews.com\/#website\"},\"datePublished\":\"2024-02-06T17:02:49+00:00\",\"dateModified\":\"2024-02-06T17:03:34+00:00\",\"breadcrumb\":{\"@id\":\"https:\/\/cacaunews.com\/?p=4205#breadcrumb\"},\"inLanguage\":\"pt-BR\",\"potentialAction\":[{\"@type\":\"ReadAction\",\"target\":[\"https:\/\/cacaunews.com\/?p=4205\"]}]},{\"@type\":\"BreadcrumbList\",\"@id\":\"https:\/\/cacaunews.com\/?p=4205#breadcrumb\",\"itemListElement\":[{\"@type\":\"ListItem\",\"position\":1,\"name\":\"In\u00edcio\",\"item\":\"https:\/\/cacaunews.com\/\"},{\"@type\":\"ListItem\",\"position\":2,\"name\":\"Governador da Bahia preside solenidade de posse do Reitor da UESC.\"}]},{\"@type\":\"WebSite\",\"@id\":\"https:\/\/cacaunews.com\/#website\",\"url\":\"https:\/\/cacaunews.com\/\",\"name\":\"Cacau News\",\"description\":\"A Informa\u00e7\u00e3o que voc\u00ea precisa!\",\"publisher\":{\"@id\":\"https:\/\/cacaunews.com\/#organization\"},\"potentialAction\":[{\"@type\":\"SearchAction\",\"target\":{\"@type\":\"EntryPoint\",\"urlTemplate\":\"https:\/\/cacaunews.com\/?s={search_term_string}\"},\"query-input\":\"required name=search_term_string\"}],\"inLanguage\":\"pt-BR\"},{\"@type\":\"Organization\",\"@id\":\"https:\/\/cacaunews.com\/#organization\",\"name\":\"Cacau News\",\"url\":\"https:\/\/cacaunews.com\/\",\"logo\":{\"@type\":\"ImageObject\",\"inLanguage\":\"pt-BR\",\"@id\":\"https:\/\/cacaunews.com\/#\/schema\/logo\/image\/\",\"url\":\"https:\/\/cacaunews.com\/wp-content\/uploads\/2025\/01\/cropped-LOGO-NOVA.png\",\"contentUrl\":\"https:\/\/cacaunews.com\/wp-content\/uploads\/2025\/01\/cropped-LOGO-NOVA.png\",\"width\":813,\"height\":813,\"caption\":\"Cacau News\"},\"image\":{\"@id\":\"https:\/\/cacaunews.com\/#\/schema\/logo\/image\/\"},\"sameAs\":[\"https:\/\/www.instagram.com\/cacaunews.online\/\",\"https:\/\/youtube.com\/@cacaunews?si=0VXLnjl08SrWbVG9\"]},{\"@type\":\"Person\",\"@id\":\"https:\/\/cacaunews.com\/#\/schema\/person\/ea69703103e606ad347ccd64bd72ef79\",\"name\":\"Reda\u00e7\u00e3o Cacau News\",\"image\":{\"@type\":\"ImageObject\",\"inLanguage\":\"pt-BR\",\"@id\":\"https:\/\/cacaunews.com\/#\/schema\/person\/image\/\",\"url\":\"https:\/\/secure.gravatar.com\/avatar\/d79227a2a7b6cc42e8d7a8f7c284cd3a?s=96&d=mm&r=g\",\"contentUrl\":\"https:\/\/secure.gravatar.com\/avatar\/d79227a2a7b6cc42e8d7a8f7c284cd3a?s=96&d=mm&r=g\",\"caption\":\"Reda\u00e7\u00e3o Cacau News\"},\"sameAs\":[\"https:\/\/cacaunews.com\"],\"url\":\"https:\/\/cacaunews.com\/?author=1\"}]}<\/script>\n<!-- \/ Yoast SEO plugin. -->","yoast_head_json":{"title":"Governador da Bahia preside solenidade de posse do Reitor da UESC. - Cacau News","robots":{"index":"index","follow":"follow","max-snippet":"max-snippet:-1","max-image-preview":"max-image-preview:large","max-video-preview":"max-video-preview:-1"},"canonical":"https:\/\/cacaunews.com\/?p=4205","og_locale":"pt_BR","og_type":"article","og_title":"Governador da Bahia preside solenidade de posse do Reitor da UESC. - Cacau News","og_description":"O governador da Bahia, Jer\u00f4nimo Rodrigues, presidiu a solenidade de posse do Reitor e vice-reitor...","og_url":"https:\/\/cacaunews.com\/?p=4205","og_site_name":"Cacau News","article_published_time":"2024-02-06T17:02:49+00:00","article_modified_time":"2024-02-06T17:03:34+00:00","og_image":[{"width":870,"height":580,"url":"https:\/\/cacaunews.com\/wp-content\/uploads\/2024\/02\/050224PosseReitoreViceFoto-JC3BAliaBarreto282812928129.jpg","type":"image\/jpeg"}],"author":"Reda\u00e7\u00e3o Cacau News","twitter_card":"summary_large_image","twitter_misc":{"Escrito por":"Reda\u00e7\u00e3o Cacau News","Est. tempo de leitura":"3 minutos"},"schema":{"@context":"https:\/\/schema.org","@graph":[{"@type":"Article","@id":"https:\/\/cacaunews.com\/?p=4205#article","isPartOf":{"@id":"https:\/\/cacaunews.com\/?p=4205"},"author":{"name":"Reda\u00e7\u00e3o Cacau News","@id":"https:\/\/cacaunews.com\/#\/schema\/person\/ea69703103e606ad347ccd64bd72ef79"},"headline":"Governador da Bahia preside solenidade de posse do Reitor da UESC.","datePublished":"2024-02-06T17:02:49+00:00","dateModified":"2024-02-06T17:03:34+00:00","mainEntityOfPage":{"@id":"https:\/\/cacaunews.com\/?p=4205"},"wordCount":596,"commentCount":0,"publisher":{"@id":"https:\/\/cacaunews.com\/#organization"},"keywords":["bahia","educa\u00e7\u00e3o","governador","posse","reitor"],"articleSection":["Internet","Jornalismo"],"inLanguage":"pt-BR","potentialAction":[{"@type":"CommentAction","name":"Comment","target":["https:\/\/cacaunews.com\/?p=4205#respond"]}]},{"@type":"WebPage","@id":"https:\/\/cacaunews.com\/?p=4205","url":"https:\/\/cacaunews.com\/?p=4205","name":"Governador da Bahia preside solenidade de posse do Reitor da UESC. - Cacau News","isPartOf":{"@id":"https:\/\/cacaunews.com\/#website"},"datePublished":"2024-02-06T17:02:49+00:00","dateModified":"2024-02-06T17:03:34+00:00","breadcrumb":{"@id":"https:\/\/cacaunews.com\/?p=4205#breadcrumb"},"inLanguage":"pt-BR","potentialAction":[{"@type":"ReadAction","target":["https:\/\/cacaunews.com\/?p=4205"]}]},{"@type":"BreadcrumbList","@id":"https:\/\/cacaunews.com\/?p=4205#breadcrumb","itemListElement":[{"@type":"ListItem","position":1,"name":"In\u00edcio","item":"https:\/\/cacaunews.com\/"},{"@type":"ListItem","position":2,"name":"Governador da Bahia preside solenidade de posse do Reitor da UESC."}]},{"@type":"WebSite","@id":"https:\/\/cacaunews.com\/#website","url":"https:\/\/cacaunews.com\/","name":"Cacau News","description":"A Informa\u00e7\u00e3o que voc\u00ea precisa!","publisher":{"@id":"https:\/\/cacaunews.com\/#organization"},"potentialAction":[{"@type":"SearchAction","target":{"@type":"EntryPoint","urlTemplate":"https:\/\/cacaunews.com\/?s={search_term_string}"},"query-input":"required name=search_term_string"}],"inLanguage":"pt-BR"},{"@type":"Organization","@id":"https:\/\/cacaunews.com\/#organization","name":"Cacau News","url":"https:\/\/cacaunews.com\/","logo":{"@type":"ImageObject","inLanguage":"pt-BR","@id":"https:\/\/cacaunews.com\/#\/schema\/logo\/image\/","url":"https:\/\/cacaunews.com\/wp-content\/uploads\/2025\/01\/cropped-LOGO-NOVA.png","contentUrl":"https:\/\/cacaunews.com\/wp-content\/uploads\/2025\/01\/cropped-LOGO-NOVA.png","width":813,"height":813,"caption":"Cacau News"},"image":{"@id":"https:\/\/cacaunews.com\/#\/schema\/logo\/image\/"},"sameAs":["https:\/\/www.instagram.com\/cacaunews.online\/","https:\/\/youtube.com\/@cacaunews?si=0VXLnjl08SrWbVG9"]},{"@type":"Person","@id":"https:\/\/cacaunews.com\/#\/schema\/person\/ea69703103e606ad347ccd64bd72ef79","name":"Reda\u00e7\u00e3o Cacau News","image":{"@type":"ImageObject","inLanguage":"pt-BR","@id":"https:\/\/cacaunews.com\/#\/schema\/person\/image\/","url":"https:\/\/secure.gravatar.com\/avatar\/d79227a2a7b6cc42e8d7a8f7c284cd3a?s=96&d=mm&r=g","contentUrl":"https:\/\/secure.gravatar.com\/avatar\/d79227a2a7b6cc42e8d7a8f7c284cd3a?s=96&d=mm&r=g","caption":"Reda\u00e7\u00e3o Cacau News"},"sameAs":["https:\/\/cacaunews.com"],"url":"https:\/\/cacaunews.com\/?author=1"}]}},"jetpack_sharing_enabled":true,"jetpack_featured_media_url":"https:\/\/cacaunews.com\/wp-content\/uploads\/2024\/02\/050224PosseReitoreViceFoto-JC3BAliaBarreto282812928129.jpg","_links":{"self":[{"href":"https:\/\/cacaunews.com\/index.php?rest_route=\/wp\/v2\/posts\/4205"}],"collection":[{"href":"https:\/\/cacaunews.com\/index.php?rest_route=\/wp\/v2\/posts"}],"about":[{"href":"https:\/\/cacaunews.com\/index.php?rest_route=\/wp\/v2\/types\/post"}],"author":[{"embeddable":true,"href":"https:\/\/cacaunews.com\/index.php?rest_route=\/wp\/v2\/users\/1"}],"replies":[{"embeddable":true,"href":"https:\/\/cacaunews.com\/index.php?rest_route=%2Fwp%2Fv2%2Fcomments&post=4205"}],"version-history":[{"count":1,"href":"https:\/\/cacaunews.com\/index.php?rest_route=\/wp\/v2\/posts\/4205\/revisions"}],"predecessor-version":[{"id":4206,"href":"https:\/\/cacaunews.com\/index.php?rest_route=\/wp\/v2\/posts\/4205\/revisions\/4206"}],"wp:featuredmedia":[{"embeddable":true,"href":"https:\/\/cacaunews.com\/index.php?rest_route=\/wp\/v2\/media\/4204"}],"wp:attachment":[{"href":"https:\/\/cacaunews.com\/index.php?rest_route=%2Fwp%2Fv2%2Fmedia&parent=4205"}],"wp:term":[{"taxonomy":"category","embeddable":true,"href":"https:\/\/cacaunews.com\/index.php?rest_route=%2Fwp%2Fv2%2Fcategories&post=4205"},{"taxonomy":"post_tag","embeddable":true,"href":"https:\/\/cacaunews.com\/index.php?rest_route=%2Fwp%2Fv2%2Ftags&post=4205"}],"curies":[{"name":"wp","href":"https:\/\/api.w.org\/{rel}","templated":true}]}}