{"id":424,"date":"2022-12-21T13:18:24","date_gmt":"2022-12-21T13:18:24","guid":{"rendered":"https:\/\/cacaunews.com\/?p=424"},"modified":"2022-12-21T13:18:25","modified_gmt":"2022-12-21T13:18:25","slug":"camara-aprova-aumento-para-presidente-ministros-e-parlamentares","status":"publish","type":"post","link":"https:\/\/cacaunews.com\/?p=424","title":{"rendered":"C\u00e2mara aprova aumento para presidente, ministros e parlamentares."},"content":{"rendered":"\n<figure class=\"wp-block-image size-large\"><img fetchpriority=\"high\" decoding=\"async\" width=\"1024\" height=\"133\" src=\"https:\/\/cacaunews.com\/wp-content\/uploads\/2022\/12\/Divulgue-conosco-1024x133.png\" alt=\"\" class=\"wp-image-178\" srcset=\"https:\/\/cacaunews.com\/wp-content\/uploads\/2022\/12\/Divulgue-conosco-1024x133.png 1024w, https:\/\/cacaunews.com\/wp-content\/uploads\/2022\/12\/Divulgue-conosco-300x39.png 300w, https:\/\/cacaunews.com\/wp-content\/uploads\/2022\/12\/Divulgue-conosco-768x100.png 768w, https:\/\/cacaunews.com\/wp-content\/uploads\/2022\/12\/Divulgue-conosco-1536x200.png 1536w, https:\/\/cacaunews.com\/wp-content\/uploads\/2022\/12\/Divulgue-conosco.png 1920w\" sizes=\"(max-width: 1024px) 100vw, 1024px\" \/><\/figure>\n\n\n\n<p>Em vota\u00e7\u00e3o rel\u00e2mpago, a C\u00e2mara dos Deputados aprovou h\u00e1 pouco um decreto legislativo que eleva para R$ 46,3 mil o sal\u00e1rio para presidente da Rep\u00fablica, ministros de Estado, deputados federais e senadores. A remunera\u00e7\u00e3o ser\u00e1 equiparada ao teto dos ministros do Supremo Tribunal Federal (STF), que subir\u00e3o para R$ 46,3 mil com a aprova\u00e7\u00e3o de outro projeto.<\/p>\n\n\n\n<p>A vota\u00e7\u00e3o ocorreu de forma simb\u00f3lica, em que os votos n\u00e3o s\u00e3o registrados nominalmente. Apenas o PSOL, o Partido Novo e alguns deputados de outras legendas se opuseram ao reajuste. Mais cedo, os deputados aprovaram regime de urg\u00eancia para reajustes do Judici\u00e1rio, do Minist\u00e9rio P\u00fablico Federal e da Defensoria P\u00fablica da Uni\u00e3o.<\/p>\n\n\n\n<p>Para virar lei, os aumentos precisam ser aprovados pelo Senado, em vota\u00e7\u00e3o que est\u00e1 prevista para ocorrer nesta semana. Segundo o Congresso Nacional, as quatro propostas que elevam sal\u00e1rios t\u00eam impacto de R$ 2,5 bilh\u00f5es no Or\u00e7amento de 2023, montante que j\u00e1 estava previsto no projeto do Or\u00e7amento do pr\u00f3ximo ano.<\/p>\n\n\n\n<p>Atualmente, o teto do funcionalismo p\u00fablico corresponde ao sal\u00e1rio de ministros do STF, que recebem R$ 39,2 mil. O presidente da Rep\u00fablica ganha R$ 30,9 mil por m\u00eas; e os deputados federais e senadores, R$ 33,7 mil. O projeto aprovado hoje prev\u00ea um aumento escalonado em cinco parcelas, at\u00e9 2026.<\/p>\n\n\n\n<p>Para os ministros do STF, cujo aumento est\u00e1 sendo discutido em outro projeto, o aumento para R$ 46,3 mil ser\u00e1 dividido em quatro parcelas, at\u00e9 2024. &nbsp;A \u00faltima vez em que houve aumento para os ministros do STF ocorreu em 2015. Para o Congresso e a c\u00fapula do Poder Executivo, o \u00faltimo reajuste salarial foi em 2014.<\/p>\n\n\n\n<p>Neste momento, o plen\u00e1rio da C\u00e2mara come\u00e7ou a discutir a Proposta de Emenda \u00e0 Constitui\u00e7\u00e3o (PEC) da Transi\u00e7\u00e3o. Um acordo fechado pela manh\u00e3 reduziu a vig\u00eancia da proposta de dois para um ano. Ser\u00e3o exclu\u00eddos do teto de gastos R$ 145 bilh\u00f5es para programas sociais, R$ 23 bilh\u00f5es para investimentos com base em excesso de arrecada\u00e7\u00e3o e R$ 24,6 bilh\u00f5es de contas abandonadas do Fundo PIS\/Pasep tamb\u00e9m para investimentos.<br><br>Em troca, os R$ 19,4 bilh\u00f5es das emendas de relator, associadas ao or\u00e7amento secreto, ser\u00e3o divididos igualmente, com R$ 9,7 bilh\u00f5es redistribu\u00eddos aos minist\u00e9rios e R$ 9,7 bilh\u00f5es destinados \u00e0s emendas individuais impositivas.<\/p>\n\n\n\n<p>Com informa\u00e7\u00f5es da Ag\u00eancia Brasil.<\/p>\n\n\n\n<p>Foto: Marcello Casal<\/p>\n\n\n\n<p><\/p>\n","protected":false},"excerpt":{"rendered":"<p>Em vota\u00e7\u00e3o rel\u00e2mpago, a C\u00e2mara dos Deputados aprovou h\u00e1 pouco um decreto legislativo que eleva&#8230;<\/p>\n","protected":false},"author":1,"featured_media":423,"comment_status":"open","ping_status":"open","sticky":false,"template":"","format":"standard","meta":{"footnotes":""},"categories":[11,5],"tags":[87,35,26,53],"yoast_head":"<!-- This site is optimized with the Yoast SEO plugin v21.7 - https:\/\/yoast.com\/wordpress\/plugins\/seo\/ -->\n<title>C\u00e2mara aprova aumento para presidente, ministros e parlamentares. - Cacau News<\/title>\n<meta name=\"robots\" content=\"index, follow, max-snippet:-1, max-image-preview:large, max-video-preview:-1\" \/>\n<link rel=\"canonical\" href=\"https:\/\/cacaunews.com\/?p=424\" \/>\n<meta property=\"og:locale\" content=\"pt_BR\" \/>\n<meta property=\"og:type\" content=\"article\" \/>\n<meta property=\"og:title\" content=\"C\u00e2mara aprova aumento para presidente, ministros e parlamentares. - Cacau News\" \/>\n<meta property=\"og:description\" content=\"Em vota\u00e7\u00e3o rel\u00e2mpago, a C\u00e2mara dos Deputados aprovou h\u00e1 pouco um decreto legislativo que eleva...\" \/>\n<meta property=\"og:url\" content=\"https:\/\/cacaunews.com\/?p=424\" \/>\n<meta property=\"og:site_name\" content=\"Cacau News\" \/>\n<meta property=\"article:published_time\" content=\"2022-12-21T13:18:24+00:00\" \/>\n<meta property=\"article:modified_time\" content=\"2022-12-21T13:18:25+00:00\" \/>\n<meta property=\"og:image\" content=\"https:\/\/cacaunews.com\/wp-content\/uploads\/2022\/12\/Artigo-Destaque_01214241_00-1160x694-1.jpg\" \/>\n\t<meta property=\"og:image:width\" content=\"1160\" \/>\n\t<meta property=\"og:image:height\" content=\"694\" \/>\n\t<meta property=\"og:image:type\" content=\"image\/jpeg\" \/>\n<meta name=\"author\" content=\"Reda\u00e7\u00e3o Cacau News\" \/>\n<meta name=\"twitter:card\" content=\"summary_large_image\" \/>\n<meta name=\"twitter:label1\" content=\"Escrito por\" \/>\n\t<meta name=\"twitter:data1\" content=\"Reda\u00e7\u00e3o Cacau News\" \/>\n\t<meta name=\"twitter:label2\" content=\"Est. tempo de leitura\" \/>\n\t<meta name=\"twitter:data2\" content=\"2 minutos\" \/>\n<script type=\"application\/ld+json\" class=\"yoast-schema-graph\">{\"@context\":\"https:\/\/schema.org\",\"@graph\":[{\"@type\":\"Article\",\"@id\":\"https:\/\/cacaunews.com\/?p=424#article\",\"isPartOf\":{\"@id\":\"https:\/\/cacaunews.com\/?p=424\"},\"author\":{\"name\":\"Reda\u00e7\u00e3o Cacau News\",\"@id\":\"https:\/\/cacaunews.com\/#\/schema\/person\/ea69703103e606ad347ccd64bd72ef79\"},\"headline\":\"C\u00e2mara aprova aumento para presidente, ministros e parlamentares.\",\"datePublished\":\"2022-12-21T13:18:24+00:00\",\"dateModified\":\"2022-12-21T13:18:25+00:00\",\"mainEntityOfPage\":{\"@id\":\"https:\/\/cacaunews.com\/?p=424\"},\"wordCount\":421,\"commentCount\":0,\"publisher\":{\"@id\":\"https:\/\/cacaunews.com\/#organization\"},\"keywords\":[\"aumento\",\"brasil\",\"politica\",\"sal\u00e1rio\"],\"articleSection\":[\"Jornalismo\",\"Politica\"],\"inLanguage\":\"pt-BR\",\"potentialAction\":[{\"@type\":\"CommentAction\",\"name\":\"Comment\",\"target\":[\"https:\/\/cacaunews.com\/?p=424#respond\"]}]},{\"@type\":\"WebPage\",\"@id\":\"https:\/\/cacaunews.com\/?p=424\",\"url\":\"https:\/\/cacaunews.com\/?p=424\",\"name\":\"C\u00e2mara aprova aumento para presidente, ministros e parlamentares. - Cacau News\",\"isPartOf\":{\"@id\":\"https:\/\/cacaunews.com\/#website\"},\"datePublished\":\"2022-12-21T13:18:24+00:00\",\"dateModified\":\"2022-12-21T13:18:25+00:00\",\"breadcrumb\":{\"@id\":\"https:\/\/cacaunews.com\/?p=424#breadcrumb\"},\"inLanguage\":\"pt-BR\",\"potentialAction\":[{\"@type\":\"ReadAction\",\"target\":[\"https:\/\/cacaunews.com\/?p=424\"]}]},{\"@type\":\"BreadcrumbList\",\"@id\":\"https:\/\/cacaunews.com\/?p=424#breadcrumb\",\"itemListElement\":[{\"@type\":\"ListItem\",\"position\":1,\"name\":\"In\u00edcio\",\"item\":\"https:\/\/cacaunews.com\/\"},{\"@type\":\"ListItem\",\"position\":2,\"name\":\"C\u00e2mara aprova aumento para presidente, ministros e parlamentares.\"}]},{\"@type\":\"WebSite\",\"@id\":\"https:\/\/cacaunews.com\/#website\",\"url\":\"https:\/\/cacaunews.com\/\",\"name\":\"Cacau News\",\"description\":\"A Informa\u00e7\u00e3o que voc\u00ea precisa!\",\"publisher\":{\"@id\":\"https:\/\/cacaunews.com\/#organization\"},\"potentialAction\":[{\"@type\":\"SearchAction\",\"target\":{\"@type\":\"EntryPoint\",\"urlTemplate\":\"https:\/\/cacaunews.com\/?s={search_term_string}\"},\"query-input\":\"required name=search_term_string\"}],\"inLanguage\":\"pt-BR\"},{\"@type\":\"Organization\",\"@id\":\"https:\/\/cacaunews.com\/#organization\",\"name\":\"Cacau News\",\"url\":\"https:\/\/cacaunews.com\/\",\"logo\":{\"@type\":\"ImageObject\",\"inLanguage\":\"pt-BR\",\"@id\":\"https:\/\/cacaunews.com\/#\/schema\/logo\/image\/\",\"url\":\"https:\/\/cacaunews.com\/wp-content\/uploads\/2025\/01\/cropped-LOGO-NOVA.png\",\"contentUrl\":\"https:\/\/cacaunews.com\/wp-content\/uploads\/2025\/01\/cropped-LOGO-NOVA.png\",\"width\":813,\"height\":813,\"caption\":\"Cacau News\"},\"image\":{\"@id\":\"https:\/\/cacaunews.com\/#\/schema\/logo\/image\/\"},\"sameAs\":[\"https:\/\/www.instagram.com\/cacaunews.online\/\",\"https:\/\/youtube.com\/@cacaunews?si=0VXLnjl08SrWbVG9\"]},{\"@type\":\"Person\",\"@id\":\"https:\/\/cacaunews.com\/#\/schema\/person\/ea69703103e606ad347ccd64bd72ef79\",\"name\":\"Reda\u00e7\u00e3o Cacau News\",\"image\":{\"@type\":\"ImageObject\",\"inLanguage\":\"pt-BR\",\"@id\":\"https:\/\/cacaunews.com\/#\/schema\/person\/image\/\",\"url\":\"https:\/\/secure.gravatar.com\/avatar\/d79227a2a7b6cc42e8d7a8f7c284cd3a?s=96&d=mm&r=g\",\"contentUrl\":\"https:\/\/secure.gravatar.com\/avatar\/d79227a2a7b6cc42e8d7a8f7c284cd3a?s=96&d=mm&r=g\",\"caption\":\"Reda\u00e7\u00e3o Cacau News\"},\"sameAs\":[\"https:\/\/cacaunews.com\"],\"url\":\"https:\/\/cacaunews.com\/?author=1\"}]}<\/script>\n<!-- \/ Yoast SEO plugin. -->","yoast_head_json":{"title":"C\u00e2mara aprova aumento para presidente, ministros e parlamentares. - Cacau News","robots":{"index":"index","follow":"follow","max-snippet":"max-snippet:-1","max-image-preview":"max-image-preview:large","max-video-preview":"max-video-preview:-1"},"canonical":"https:\/\/cacaunews.com\/?p=424","og_locale":"pt_BR","og_type":"article","og_title":"C\u00e2mara aprova aumento para presidente, ministros e parlamentares. - Cacau News","og_description":"Em vota\u00e7\u00e3o rel\u00e2mpago, a C\u00e2mara dos Deputados aprovou h\u00e1 pouco um decreto legislativo que eleva...","og_url":"https:\/\/cacaunews.com\/?p=424","og_site_name":"Cacau News","article_published_time":"2022-12-21T13:18:24+00:00","article_modified_time":"2022-12-21T13:18:25+00:00","og_image":[{"width":1160,"height":694,"url":"https:\/\/cacaunews.com\/wp-content\/uploads\/2022\/12\/Artigo-Destaque_01214241_00-1160x694-1.jpg","type":"image\/jpeg"}],"author":"Reda\u00e7\u00e3o Cacau News","twitter_card":"summary_large_image","twitter_misc":{"Escrito por":"Reda\u00e7\u00e3o Cacau News","Est. tempo de leitura":"2 minutos"},"schema":{"@context":"https:\/\/schema.org","@graph":[{"@type":"Article","@id":"https:\/\/cacaunews.com\/?p=424#article","isPartOf":{"@id":"https:\/\/cacaunews.com\/?p=424"},"author":{"name":"Reda\u00e7\u00e3o Cacau News","@id":"https:\/\/cacaunews.com\/#\/schema\/person\/ea69703103e606ad347ccd64bd72ef79"},"headline":"C\u00e2mara aprova aumento para presidente, ministros e parlamentares.","datePublished":"2022-12-21T13:18:24+00:00","dateModified":"2022-12-21T13:18:25+00:00","mainEntityOfPage":{"@id":"https:\/\/cacaunews.com\/?p=424"},"wordCount":421,"commentCount":0,"publisher":{"@id":"https:\/\/cacaunews.com\/#organization"},"keywords":["aumento","brasil","politica","sal\u00e1rio"],"articleSection":["Jornalismo","Politica"],"inLanguage":"pt-BR","potentialAction":[{"@type":"CommentAction","name":"Comment","target":["https:\/\/cacaunews.com\/?p=424#respond"]}]},{"@type":"WebPage","@id":"https:\/\/cacaunews.com\/?p=424","url":"https:\/\/cacaunews.com\/?p=424","name":"C\u00e2mara aprova aumento para presidente, ministros e parlamentares. - Cacau News","isPartOf":{"@id":"https:\/\/cacaunews.com\/#website"},"datePublished":"2022-12-21T13:18:24+00:00","dateModified":"2022-12-21T13:18:25+00:00","breadcrumb":{"@id":"https:\/\/cacaunews.com\/?p=424#breadcrumb"},"inLanguage":"pt-BR","potentialAction":[{"@type":"ReadAction","target":["https:\/\/cacaunews.com\/?p=424"]}]},{"@type":"BreadcrumbList","@id":"https:\/\/cacaunews.com\/?p=424#breadcrumb","itemListElement":[{"@type":"ListItem","position":1,"name":"In\u00edcio","item":"https:\/\/cacaunews.com\/"},{"@type":"ListItem","position":2,"name":"C\u00e2mara aprova aumento para presidente, ministros e parlamentares."}]},{"@type":"WebSite","@id":"https:\/\/cacaunews.com\/#website","url":"https:\/\/cacaunews.com\/","name":"Cacau News","description":"A Informa\u00e7\u00e3o que voc\u00ea precisa!","publisher":{"@id":"https:\/\/cacaunews.com\/#organization"},"potentialAction":[{"@type":"SearchAction","target":{"@type":"EntryPoint","urlTemplate":"https:\/\/cacaunews.com\/?s={search_term_string}"},"query-input":"required name=search_term_string"}],"inLanguage":"pt-BR"},{"@type":"Organization","@id":"https:\/\/cacaunews.com\/#organization","name":"Cacau News","url":"https:\/\/cacaunews.com\/","logo":{"@type":"ImageObject","inLanguage":"pt-BR","@id":"https:\/\/cacaunews.com\/#\/schema\/logo\/image\/","url":"https:\/\/cacaunews.com\/wp-content\/uploads\/2025\/01\/cropped-LOGO-NOVA.png","contentUrl":"https:\/\/cacaunews.com\/wp-content\/uploads\/2025\/01\/cropped-LOGO-NOVA.png","width":813,"height":813,"caption":"Cacau News"},"image":{"@id":"https:\/\/cacaunews.com\/#\/schema\/logo\/image\/"},"sameAs":["https:\/\/www.instagram.com\/cacaunews.online\/","https:\/\/youtube.com\/@cacaunews?si=0VXLnjl08SrWbVG9"]},{"@type":"Person","@id":"https:\/\/cacaunews.com\/#\/schema\/person\/ea69703103e606ad347ccd64bd72ef79","name":"Reda\u00e7\u00e3o Cacau News","image":{"@type":"ImageObject","inLanguage":"pt-BR","@id":"https:\/\/cacaunews.com\/#\/schema\/person\/image\/","url":"https:\/\/secure.gravatar.com\/avatar\/d79227a2a7b6cc42e8d7a8f7c284cd3a?s=96&d=mm&r=g","contentUrl":"https:\/\/secure.gravatar.com\/avatar\/d79227a2a7b6cc42e8d7a8f7c284cd3a?s=96&d=mm&r=g","caption":"Reda\u00e7\u00e3o Cacau News"},"sameAs":["https:\/\/cacaunews.com"],"url":"https:\/\/cacaunews.com\/?author=1"}]}},"jetpack_sharing_enabled":true,"jetpack_featured_media_url":"https:\/\/cacaunews.com\/wp-content\/uploads\/2022\/12\/Artigo-Destaque_01214241_00-1160x694-1.jpg","_links":{"self":[{"href":"https:\/\/cacaunews.com\/index.php?rest_route=\/wp\/v2\/posts\/424"}],"collection":[{"href":"https:\/\/cacaunews.com\/index.php?rest_route=\/wp\/v2\/posts"}],"about":[{"href":"https:\/\/cacaunews.com\/index.php?rest_route=\/wp\/v2\/types\/post"}],"author":[{"embeddable":true,"href":"https:\/\/cacaunews.com\/index.php?rest_route=\/wp\/v2\/users\/1"}],"replies":[{"embeddable":true,"href":"https:\/\/cacaunews.com\/index.php?rest_route=%2Fwp%2Fv2%2Fcomments&post=424"}],"version-history":[{"count":1,"href":"https:\/\/cacaunews.com\/index.php?rest_route=\/wp\/v2\/posts\/424\/revisions"}],"predecessor-version":[{"id":425,"href":"https:\/\/cacaunews.com\/index.php?rest_route=\/wp\/v2\/posts\/424\/revisions\/425"}],"wp:featuredmedia":[{"embeddable":true,"href":"https:\/\/cacaunews.com\/index.php?rest_route=\/wp\/v2\/media\/423"}],"wp:attachment":[{"href":"https:\/\/cacaunews.com\/index.php?rest_route=%2Fwp%2Fv2%2Fmedia&parent=424"}],"wp:term":[{"taxonomy":"category","embeddable":true,"href":"https:\/\/cacaunews.com\/index.php?rest_route=%2Fwp%2Fv2%2Fcategories&post=424"},{"taxonomy":"post_tag","embeddable":true,"href":"https:\/\/cacaunews.com\/index.php?rest_route=%2Fwp%2Fv2%2Ftags&post=424"}],"curies":[{"name":"wp","href":"https:\/\/api.w.org\/{rel}","templated":true}]}}