{"id":4276,"date":"2024-02-19T10:30:05","date_gmt":"2024-02-19T10:30:05","guid":{"rendered":"https:\/\/cacaunews.com\/?p=4276"},"modified":"2024-02-19T10:30:05","modified_gmt":"2024-02-19T10:30:05","slug":"aulas-especiais-simultaneas-marcam-inicio-do-ano-letivo-da-rede-estadual-de-ensino-nesta-segunda-19","status":"publish","type":"post","link":"https:\/\/cacaunews.com\/?p=4276","title":{"rendered":"Aulas especiais simult\u00e2neas marcam in\u00edcio do ano letivo da rede estadual de ensino nesta segunda (19)."},"content":{"rendered":"\n<p><em>De Feira de Santana, o governador transmitir\u00e1 uma mensagem ao vivo para a comunidade escolar da capital e outros munic\u00edpios do interior<\/em>.<br \/><br \/>O ano letivo 2024 da rede estadual de ensino vai come\u00e7ar nesta segunda-feira (19) para mais de 650 mil estudantes matriculados nas 1.082 escolas e 674 anexos. Para marcar a data, o Governo do Estado, por meio da Secretaria da Educa\u00e7\u00e3o, vai realizar aulas inaugurais simult\u00e2neas em 11 escolas, da capital e do interior, com a presen\u00e7a de autoridades. <br \/><br \/>\u00c0s 8h30, o governador Jer\u00f4nimo Rodrigues marcar\u00e1 presen\u00e7a na aula que ser\u00e1 ministrada em Feira de Santana, no novo Col\u00e9gio Estadual de Tempo Integral Georgina e Melo Erismann, de onde transmitir\u00e1 uma mensagem, ao vivo, para estudantes e professores de institui\u00e7\u00f5es de outras cidades. Na ocasi\u00e3o, ser\u00e3o anunciadas a\u00e7\u00f5es a serem desenvolvidas ao longo do ano letivo, visando aumentar a qualidade do processo de ensino e aprendizagem dos estudantes, que contam com novas unidades escolares constru\u00eddas, reformadas e adaptadas.&nbsp; <\/p>\n\n\n\n<figure class=\"wp-block-image size-large\"><img fetchpriority=\"high\" decoding=\"async\" width=\"1024\" height=\"682\" src=\"https:\/\/cacaunews.com\/wp-content\/uploads\/2024\/02\/img-20240218-wa02771546051922901887265-1024x682.jpg\" alt=\"\" class=\"wp-image-4267\" srcset=\"https:\/\/cacaunews.com\/wp-content\/uploads\/2024\/02\/img-20240218-wa02771546051922901887265-1024x682.jpg 1024w, https:\/\/cacaunews.com\/wp-content\/uploads\/2024\/02\/img-20240218-wa02771546051922901887265-300x200.jpg 300w, https:\/\/cacaunews.com\/wp-content\/uploads\/2024\/02\/img-20240218-wa02771546051922901887265-768x512.jpg 768w, https:\/\/cacaunews.com\/wp-content\/uploads\/2024\/02\/img-20240218-wa02771546051922901887265-1536x1023.jpg 1536w, https:\/\/cacaunews.com\/wp-content\/uploads\/2024\/02\/img-20240218-wa02771546051922901887265.jpg 1600w\" sizes=\"(max-width: 1024px) 100vw, 1024px\" \/><\/figure>\n\n\n\n<p><br \/><br \/>Para completar o ciclo especial de boas-vindas \u00e0 comunidade escolar, o vice-governador Geraldo J\u00fanior estar\u00e1 presente, no mesmo hor\u00e1rio, em Salvador, no Centro Estadual de Educa\u00e7\u00e3o Profissional em Gest\u00e3o, Neg\u00f3cios e Turismo Luiz Navarro de Brito. J\u00e1 em Ilh\u00e9us, a secret\u00e1ria da Educa\u00e7\u00e3o, Ad\u00e9lia Pinheiro, estar\u00e1 no Col\u00e9gio Estadual do Iguape.<br \/><br \/>\u201cCome\u00e7amos o ano de 2024 j\u00e1 anunciando entrega de v\u00e1rias novas unidades. Somente no primeiro dia de aula, o governador estar\u00e1 inaugurando uma unidade e eu tamb\u00e9m entregarei uma outra escola reformada. Al\u00e9m disso, continuaremos o nosso programa de valoriza\u00e7\u00e3o do professor, no reconhecimento do seu trabalho, mas tamb\u00e9m nos cuidados \u00e0 sa\u00fade e ao ambiente escolar\u201d, destacou Ad\u00e9lia. <br \/><br \/>Tamb\u00e9m nesta segunda-feira, outros munic\u00edpios contar\u00e3o com a presen\u00e7a de autoridades nas aulas inaugurais: Lap\u00e3o, Juazeiro, Barreiras, Itaberaba, Vit\u00f3ria da Conquista, Senhor do Bonfim, Eun\u00e1polis e Cama\u00e7ari.<\/p>\n","protected":false},"excerpt":{"rendered":"<p>De Feira de Santana, o governador transmitir\u00e1 uma mensagem ao vivo para a comunidade escolar&#8230;<\/p>\n","protected":false},"author":1,"featured_media":4268,"comment_status":"open","ping_status":"open","sticky":false,"template":"","format":"standard","meta":{"footnotes":""},"categories":[4,11],"tags":[254,1549,39,33],"yoast_head":"<!-- This site is optimized with the Yoast SEO plugin v21.7 - https:\/\/yoast.com\/wordpress\/plugins\/seo\/ -->\n<title>Aulas especiais simult\u00e2neas marcam in\u00edcio do ano letivo da rede estadual de ensino nesta segunda (19). - Cacau News<\/title>\n<meta name=\"robots\" content=\"index, follow, max-snippet:-1, max-image-preview:large, max-video-preview:-1\" \/>\n<link rel=\"canonical\" href=\"https:\/\/cacaunews.com\/?p=4276\" \/>\n<meta property=\"og:locale\" content=\"pt_BR\" \/>\n<meta property=\"og:type\" content=\"article\" \/>\n<meta property=\"og:title\" content=\"Aulas especiais simult\u00e2neas marcam in\u00edcio do ano letivo da rede estadual de ensino nesta segunda (19). - Cacau News\" \/>\n<meta property=\"og:description\" content=\"De Feira de Santana, o governador transmitir\u00e1 uma mensagem ao vivo para a comunidade escolar...\" \/>\n<meta property=\"og:url\" content=\"https:\/\/cacaunews.com\/?p=4276\" \/>\n<meta property=\"og:site_name\" content=\"Cacau News\" \/>\n<meta property=\"article:published_time\" content=\"2024-02-19T10:30:05+00:00\" \/>\n<meta property=\"og:image\" content=\"https:\/\/cacaunews.com\/wp-content\/uploads\/2024\/02\/IMG-20240218-WA0276.jpg\" \/>\n\t<meta property=\"og:image:width\" content=\"1600\" \/>\n\t<meta property=\"og:image:height\" content=\"1066\" \/>\n\t<meta property=\"og:image:type\" content=\"image\/jpeg\" \/>\n<meta name=\"author\" content=\"Reda\u00e7\u00e3o Cacau News\" \/>\n<meta name=\"twitter:card\" content=\"summary_large_image\" \/>\n<meta name=\"twitter:label1\" content=\"Escrito por\" \/>\n\t<meta name=\"twitter:data1\" content=\"Reda\u00e7\u00e3o Cacau News\" \/>\n\t<meta name=\"twitter:label2\" content=\"Est. tempo de leitura\" \/>\n\t<meta name=\"twitter:data2\" content=\"2 minutos\" \/>\n<script type=\"application\/ld+json\" class=\"yoast-schema-graph\">{\"@context\":\"https:\/\/schema.org\",\"@graph\":[{\"@type\":\"Article\",\"@id\":\"https:\/\/cacaunews.com\/?p=4276#article\",\"isPartOf\":{\"@id\":\"https:\/\/cacaunews.com\/?p=4276\"},\"author\":{\"name\":\"Reda\u00e7\u00e3o Cacau News\",\"@id\":\"https:\/\/cacaunews.com\/#\/schema\/person\/ea69703103e606ad347ccd64bd72ef79\"},\"headline\":\"Aulas especiais simult\u00e2neas marcam in\u00edcio do ano letivo da rede estadual de ensino nesta segunda (19).\",\"datePublished\":\"2024-02-19T10:30:05+00:00\",\"dateModified\":\"2024-02-19T10:30:05+00:00\",\"mainEntityOfPage\":{\"@id\":\"https:\/\/cacaunews.com\/?p=4276\"},\"wordCount\":345,\"commentCount\":0,\"publisher\":{\"@id\":\"https:\/\/cacaunews.com\/#organization\"},\"keywords\":[\"abertura\",\"ano letivo\",\"bahia\",\"educa\u00e7\u00e3o\"],\"articleSection\":[\"Internet\",\"Jornalismo\"],\"inLanguage\":\"pt-BR\",\"potentialAction\":[{\"@type\":\"CommentAction\",\"name\":\"Comment\",\"target\":[\"https:\/\/cacaunews.com\/?p=4276#respond\"]}]},{\"@type\":\"WebPage\",\"@id\":\"https:\/\/cacaunews.com\/?p=4276\",\"url\":\"https:\/\/cacaunews.com\/?p=4276\",\"name\":\"Aulas especiais simult\u00e2neas marcam in\u00edcio do ano letivo da rede estadual de ensino nesta segunda (19). - Cacau News\",\"isPartOf\":{\"@id\":\"https:\/\/cacaunews.com\/#website\"},\"datePublished\":\"2024-02-19T10:30:05+00:00\",\"dateModified\":\"2024-02-19T10:30:05+00:00\",\"breadcrumb\":{\"@id\":\"https:\/\/cacaunews.com\/?p=4276#breadcrumb\"},\"inLanguage\":\"pt-BR\",\"potentialAction\":[{\"@type\":\"ReadAction\",\"target\":[\"https:\/\/cacaunews.com\/?p=4276\"]}]},{\"@type\":\"BreadcrumbList\",\"@id\":\"https:\/\/cacaunews.com\/?p=4276#breadcrumb\",\"itemListElement\":[{\"@type\":\"ListItem\",\"position\":1,\"name\":\"In\u00edcio\",\"item\":\"https:\/\/cacaunews.com\/\"},{\"@type\":\"ListItem\",\"position\":2,\"name\":\"Aulas especiais simult\u00e2neas marcam in\u00edcio do ano letivo da rede estadual de ensino nesta segunda (19).\"}]},{\"@type\":\"WebSite\",\"@id\":\"https:\/\/cacaunews.com\/#website\",\"url\":\"https:\/\/cacaunews.com\/\",\"name\":\"Cacau News\",\"description\":\"A Informa\u00e7\u00e3o que voc\u00ea precisa!\",\"publisher\":{\"@id\":\"https:\/\/cacaunews.com\/#organization\"},\"potentialAction\":[{\"@type\":\"SearchAction\",\"target\":{\"@type\":\"EntryPoint\",\"urlTemplate\":\"https:\/\/cacaunews.com\/?s={search_term_string}\"},\"query-input\":\"required name=search_term_string\"}],\"inLanguage\":\"pt-BR\"},{\"@type\":\"Organization\",\"@id\":\"https:\/\/cacaunews.com\/#organization\",\"name\":\"Cacau News\",\"url\":\"https:\/\/cacaunews.com\/\",\"logo\":{\"@type\":\"ImageObject\",\"inLanguage\":\"pt-BR\",\"@id\":\"https:\/\/cacaunews.com\/#\/schema\/logo\/image\/\",\"url\":\"https:\/\/cacaunews.com\/wp-content\/uploads\/2025\/01\/cropped-LOGO-NOVA.png\",\"contentUrl\":\"https:\/\/cacaunews.com\/wp-content\/uploads\/2025\/01\/cropped-LOGO-NOVA.png\",\"width\":813,\"height\":813,\"caption\":\"Cacau News\"},\"image\":{\"@id\":\"https:\/\/cacaunews.com\/#\/schema\/logo\/image\/\"},\"sameAs\":[\"https:\/\/www.instagram.com\/cacaunews.online\/\",\"https:\/\/youtube.com\/@cacaunews?si=0VXLnjl08SrWbVG9\"]},{\"@type\":\"Person\",\"@id\":\"https:\/\/cacaunews.com\/#\/schema\/person\/ea69703103e606ad347ccd64bd72ef79\",\"name\":\"Reda\u00e7\u00e3o Cacau News\",\"image\":{\"@type\":\"ImageObject\",\"inLanguage\":\"pt-BR\",\"@id\":\"https:\/\/cacaunews.com\/#\/schema\/person\/image\/\",\"url\":\"https:\/\/secure.gravatar.com\/avatar\/d79227a2a7b6cc42e8d7a8f7c284cd3a?s=96&d=mm&r=g\",\"contentUrl\":\"https:\/\/secure.gravatar.com\/avatar\/d79227a2a7b6cc42e8d7a8f7c284cd3a?s=96&d=mm&r=g\",\"caption\":\"Reda\u00e7\u00e3o Cacau News\"},\"sameAs\":[\"https:\/\/cacaunews.com\"],\"url\":\"https:\/\/cacaunews.com\/?author=1\"}]}<\/script>\n<!-- \/ Yoast SEO plugin. -->","yoast_head_json":{"title":"Aulas especiais simult\u00e2neas marcam in\u00edcio do ano letivo da rede estadual de ensino nesta segunda (19). - Cacau News","robots":{"index":"index","follow":"follow","max-snippet":"max-snippet:-1","max-image-preview":"max-image-preview:large","max-video-preview":"max-video-preview:-1"},"canonical":"https:\/\/cacaunews.com\/?p=4276","og_locale":"pt_BR","og_type":"article","og_title":"Aulas especiais simult\u00e2neas marcam in\u00edcio do ano letivo da rede estadual de ensino nesta segunda (19). - Cacau News","og_description":"De Feira de Santana, o governador transmitir\u00e1 uma mensagem ao vivo para a comunidade escolar...","og_url":"https:\/\/cacaunews.com\/?p=4276","og_site_name":"Cacau News","article_published_time":"2024-02-19T10:30:05+00:00","og_image":[{"width":1600,"height":1066,"url":"https:\/\/cacaunews.com\/wp-content\/uploads\/2024\/02\/IMG-20240218-WA0276.jpg","type":"image\/jpeg"}],"author":"Reda\u00e7\u00e3o Cacau News","twitter_card":"summary_large_image","twitter_misc":{"Escrito por":"Reda\u00e7\u00e3o Cacau News","Est. tempo de leitura":"2 minutos"},"schema":{"@context":"https:\/\/schema.org","@graph":[{"@type":"Article","@id":"https:\/\/cacaunews.com\/?p=4276#article","isPartOf":{"@id":"https:\/\/cacaunews.com\/?p=4276"},"author":{"name":"Reda\u00e7\u00e3o Cacau News","@id":"https:\/\/cacaunews.com\/#\/schema\/person\/ea69703103e606ad347ccd64bd72ef79"},"headline":"Aulas especiais simult\u00e2neas marcam in\u00edcio do ano letivo da rede estadual de ensino nesta segunda (19).","datePublished":"2024-02-19T10:30:05+00:00","dateModified":"2024-02-19T10:30:05+00:00","mainEntityOfPage":{"@id":"https:\/\/cacaunews.com\/?p=4276"},"wordCount":345,"commentCount":0,"publisher":{"@id":"https:\/\/cacaunews.com\/#organization"},"keywords":["abertura","ano letivo","bahia","educa\u00e7\u00e3o"],"articleSection":["Internet","Jornalismo"],"inLanguage":"pt-BR","potentialAction":[{"@type":"CommentAction","name":"Comment","target":["https:\/\/cacaunews.com\/?p=4276#respond"]}]},{"@type":"WebPage","@id":"https:\/\/cacaunews.com\/?p=4276","url":"https:\/\/cacaunews.com\/?p=4276","name":"Aulas especiais simult\u00e2neas marcam in\u00edcio do ano letivo da rede estadual de ensino nesta segunda (19). - Cacau News","isPartOf":{"@id":"https:\/\/cacaunews.com\/#website"},"datePublished":"2024-02-19T10:30:05+00:00","dateModified":"2024-02-19T10:30:05+00:00","breadcrumb":{"@id":"https:\/\/cacaunews.com\/?p=4276#breadcrumb"},"inLanguage":"pt-BR","potentialAction":[{"@type":"ReadAction","target":["https:\/\/cacaunews.com\/?p=4276"]}]},{"@type":"BreadcrumbList","@id":"https:\/\/cacaunews.com\/?p=4276#breadcrumb","itemListElement":[{"@type":"ListItem","position":1,"name":"In\u00edcio","item":"https:\/\/cacaunews.com\/"},{"@type":"ListItem","position":2,"name":"Aulas especiais simult\u00e2neas marcam in\u00edcio do ano letivo da rede estadual de ensino nesta segunda (19)."}]},{"@type":"WebSite","@id":"https:\/\/cacaunews.com\/#website","url":"https:\/\/cacaunews.com\/","name":"Cacau News","description":"A Informa\u00e7\u00e3o que voc\u00ea precisa!","publisher":{"@id":"https:\/\/cacaunews.com\/#organization"},"potentialAction":[{"@type":"SearchAction","target":{"@type":"EntryPoint","urlTemplate":"https:\/\/cacaunews.com\/?s={search_term_string}"},"query-input":"required name=search_term_string"}],"inLanguage":"pt-BR"},{"@type":"Organization","@id":"https:\/\/cacaunews.com\/#organization","name":"Cacau News","url":"https:\/\/cacaunews.com\/","logo":{"@type":"ImageObject","inLanguage":"pt-BR","@id":"https:\/\/cacaunews.com\/#\/schema\/logo\/image\/","url":"https:\/\/cacaunews.com\/wp-content\/uploads\/2025\/01\/cropped-LOGO-NOVA.png","contentUrl":"https:\/\/cacaunews.com\/wp-content\/uploads\/2025\/01\/cropped-LOGO-NOVA.png","width":813,"height":813,"caption":"Cacau News"},"image":{"@id":"https:\/\/cacaunews.com\/#\/schema\/logo\/image\/"},"sameAs":["https:\/\/www.instagram.com\/cacaunews.online\/","https:\/\/youtube.com\/@cacaunews?si=0VXLnjl08SrWbVG9"]},{"@type":"Person","@id":"https:\/\/cacaunews.com\/#\/schema\/person\/ea69703103e606ad347ccd64bd72ef79","name":"Reda\u00e7\u00e3o Cacau News","image":{"@type":"ImageObject","inLanguage":"pt-BR","@id":"https:\/\/cacaunews.com\/#\/schema\/person\/image\/","url":"https:\/\/secure.gravatar.com\/avatar\/d79227a2a7b6cc42e8d7a8f7c284cd3a?s=96&d=mm&r=g","contentUrl":"https:\/\/secure.gravatar.com\/avatar\/d79227a2a7b6cc42e8d7a8f7c284cd3a?s=96&d=mm&r=g","caption":"Reda\u00e7\u00e3o Cacau News"},"sameAs":["https:\/\/cacaunews.com"],"url":"https:\/\/cacaunews.com\/?author=1"}]}},"jetpack_sharing_enabled":true,"jetpack_featured_media_url":"https:\/\/cacaunews.com\/wp-content\/uploads\/2024\/02\/IMG-20240218-WA0276.jpg","_links":{"self":[{"href":"https:\/\/cacaunews.com\/index.php?rest_route=\/wp\/v2\/posts\/4276"}],"collection":[{"href":"https:\/\/cacaunews.com\/index.php?rest_route=\/wp\/v2\/posts"}],"about":[{"href":"https:\/\/cacaunews.com\/index.php?rest_route=\/wp\/v2\/types\/post"}],"author":[{"embeddable":true,"href":"https:\/\/cacaunews.com\/index.php?rest_route=\/wp\/v2\/users\/1"}],"replies":[{"embeddable":true,"href":"https:\/\/cacaunews.com\/index.php?rest_route=%2Fwp%2Fv2%2Fcomments&post=4276"}],"version-history":[{"count":0,"href":"https:\/\/cacaunews.com\/index.php?rest_route=\/wp\/v2\/posts\/4276\/revisions"}],"wp:featuredmedia":[{"embeddable":true,"href":"https:\/\/cacaunews.com\/index.php?rest_route=\/wp\/v2\/media\/4268"}],"wp:attachment":[{"href":"https:\/\/cacaunews.com\/index.php?rest_route=%2Fwp%2Fv2%2Fmedia&parent=4276"}],"wp:term":[{"taxonomy":"category","embeddable":true,"href":"https:\/\/cacaunews.com\/index.php?rest_route=%2Fwp%2Fv2%2Fcategories&post=4276"},{"taxonomy":"post_tag","embeddable":true,"href":"https:\/\/cacaunews.com\/index.php?rest_route=%2Fwp%2Fv2%2Ftags&post=4276"}],"curies":[{"name":"wp","href":"https:\/\/api.w.org\/{rel}","templated":true}]}}