{"id":4286,"date":"2024-02-19T21:37:10","date_gmt":"2024-02-19T21:37:10","guid":{"rendered":"https:\/\/cacaunews.com\/?p=4286"},"modified":"2024-02-19T21:37:10","modified_gmt":"2024-02-19T21:37:10","slug":"municipio-de-ilheus-cria-programa-familia-acolhedora-apos-acao-do-mp","status":"publish","type":"post","link":"https:\/\/cacaunews.com\/?p=4286","title":{"rendered":"Munic\u00edpio de Ilh\u00e9us cria \u201cPrograma Fam\u00edlia Acolhedora\u201d ap\u00f3s a\u00e7\u00e3o do MP"},"content":{"rendered":"\n<p>Um programa de acolhimento de crian\u00e7as e adolescentes em situa\u00e7\u00e3o de risco pessoal e social foi criado pelo Munic\u00edpio de Ilh\u00e9us, no \u00faltimo dia 16, ap\u00f3s a Justi\u00e7a acolher os pedidos apresentados em a\u00e7\u00e3o civil p\u00fablica movida pelo Minist\u00e9rio P\u00fablico estadual e determinar a institui\u00e7\u00e3o do \u201cPrograma Fam\u00edlia Acolhedora\u201d. A medida, explica a promotora de Justi\u00e7a Maria Am\u00e9lia Sampaio G\u00f3es, \u00e9 direcionada a crian\u00e7as e adolescentes que se encontram nessa situa\u00e7\u00e3o em raz\u00e3o da ruptura do v\u00ednculo afetivo e familiar. Ela destacou que a lei estabelece que a inclus\u00e3o da crian\u00e7a ou adolescente em programas de acolhimento familiar deve ter prefer\u00eancia ao acolhimento institucional, observado, em qualquer caso, o car\u00e1ter tempor\u00e1rio e excepcional da medida.<\/p>\n\n\n\n<p><br>O fomento \u00e0 institui\u00e7\u00e3o do \u201cPrograma Fam\u00edlia Acolhedora\u201d em munic\u00edpios baianos \u00e9 uma das metas estrat\u00e9gicas do Minist\u00e9rio P\u00fablico estadual no \u00e2mbito do projeto \u201cTecendo o Amanh\u00e3\u201d, desenvolvido pelo Centro de Apoio Operacional da Crian\u00e7a e do Adolescente (Caoca). Em Ilh\u00e9us, o Fam\u00edlia Acolhedora ser\u00e1 gerenciado pela Secretaria Municipal de Promo\u00e7\u00e3o Social e Combate \u00e0 Pobreza, que integra o Sistema \u00danico de Assist\u00eancia Social (Suas) do Munic\u00edpio, sendo que a coloca\u00e7\u00e3o da crian\u00e7a ou adolescente no servi\u00e7o de acolhimento da Fam\u00edlia Acolhedora s\u00f3 ocorrer\u00e1, conforme prev\u00ea a lei, por determina\u00e7\u00e3o da autoridade judici\u00e1ria competente. O per\u00edodo em que a crian\u00e7a ou adolescente permanecer\u00e1 na fam\u00edlia acolhedora ser\u00e1 o m\u00ednimo necess\u00e1rio para o seu retorno \u00e0 fam\u00edlia de origem ou encaminhamento \u00e0 fam\u00edlia substituta. <\/p>\n\n\n\n<p><br>A Lei n\u00ba 4.249, sancionada pelo prefeito de Ilh\u00e9us, estabelece os requisitos para quem deseja assumir a responsabilidade de Fam\u00edlia Acolhedora, indicando, por exemplo, que os respons\u00e1veis devem ser maiores de 21 anos e pelo menos 16 anos mais velhos que o acolhido, sem restri\u00e7\u00e3o quanto ao sexo e o estado civil; que todos os membros da fam\u00edlia civilmente capazes devem concordar com o acolhimento; residir no m\u00ednimo h\u00e1 um ano no munic\u00edpio de Ilh\u00e9us; ter disponibilidade de tempo e demonstrar interesse em oferecer prote\u00e7\u00e3o e afeto \u00e0s crian\u00e7as e adolescentes; dentre outras medidas. A inscri\u00e7\u00e3o para se candidatar ao Fam\u00edlia Acolhedora deve ser realizada pessoalmente, de forma gratuita, na sede da Secretaria de Promo\u00e7\u00e3o Social e Combate \u00e0 Pobreza. <\/p>\n\n\n\n<p><br>Tamb\u00e9m de acordo com a lei municipal, compete \u00e0 fam\u00edlia acolhedora prestar assist\u00eancia material, moral, educacional e afetiva \u00e0 crian\u00e7a e ao adolescente; participar do processo de acompanhamento e capacita\u00e7\u00e3o continuados; prestar informa\u00e7\u00f5es sobre a situa\u00e7\u00e3o da crian\u00e7a e do adolescente acolhido \u00e0 equipe interdisciplinar do Servi\u00e7o de Acolhimento em Fam\u00edlia Acolhedora; contribuir na prepara\u00e7\u00e3o da crian\u00e7a ou adolescente para retorno \u00e0 fam\u00edlia de origem, ou extensa, e na impossibilidade, a coloca\u00e7\u00e3o em fam\u00edlia substituta, sempre sob orienta\u00e7\u00e3o da equipe interdisciplinar. A lei disp\u00f5e ainda sobre a bolsa-aux\u00edlio, que ser\u00e1 repassada por crian\u00e7a ou adolescente \u00e0s fam\u00edlias acolhedoras durante o per\u00edodo de acolhimento e ser\u00e1 subsidiada pelo Munic\u00edpio de Ilh\u00e9us.<\/p>\n","protected":false},"excerpt":{"rendered":"<p>Um programa de acolhimento de crian\u00e7as e adolescentes em situa\u00e7\u00e3o de risco pessoal e social&#8230;<\/p>\n","protected":false},"author":1,"featured_media":4285,"comment_status":"open","ping_status":"open","sticky":false,"template":"","format":"standard","meta":{"footnotes":""},"categories":[18,11,19],"tags":[1626,37,744,20],"yoast_head":"<!-- This site is optimized with the Yoast SEO plugin v21.7 - https:\/\/yoast.com\/wordpress\/plugins\/seo\/ -->\n<title>Munic\u00edpio de Ilh\u00e9us cria \u201cPrograma Fam\u00edlia Acolhedora\u201d ap\u00f3s a\u00e7\u00e3o do MP - Cacau News<\/title>\n<meta name=\"robots\" content=\"index, follow, max-snippet:-1, max-image-preview:large, max-video-preview:-1\" \/>\n<link rel=\"canonical\" href=\"https:\/\/cacaunews.com\/?p=4286\" \/>\n<meta property=\"og:locale\" content=\"pt_BR\" \/>\n<meta property=\"og:type\" content=\"article\" \/>\n<meta property=\"og:title\" content=\"Munic\u00edpio de Ilh\u00e9us cria \u201cPrograma Fam\u00edlia Acolhedora\u201d ap\u00f3s a\u00e7\u00e3o do MP - Cacau News\" \/>\n<meta property=\"og:description\" content=\"Um programa de acolhimento de crian\u00e7as e adolescentes em situa\u00e7\u00e3o de risco pessoal e social...\" \/>\n<meta property=\"og:url\" content=\"https:\/\/cacaunews.com\/?p=4286\" \/>\n<meta property=\"og:site_name\" content=\"Cacau News\" \/>\n<meta property=\"article:published_time\" content=\"2024-02-19T21:37:10+00:00\" \/>\n<meta name=\"author\" content=\"Reda\u00e7\u00e3o Cacau News\" \/>\n<meta name=\"twitter:card\" content=\"summary_large_image\" \/>\n<meta name=\"twitter:label1\" content=\"Escrito por\" \/>\n\t<meta name=\"twitter:data1\" content=\"Reda\u00e7\u00e3o Cacau News\" \/>\n\t<meta name=\"twitter:label2\" content=\"Est. tempo de leitura\" \/>\n\t<meta name=\"twitter:data2\" content=\"3 minutos\" \/>\n<script type=\"application\/ld+json\" class=\"yoast-schema-graph\">{\"@context\":\"https:\/\/schema.org\",\"@graph\":[{\"@type\":\"Article\",\"@id\":\"https:\/\/cacaunews.com\/?p=4286#article\",\"isPartOf\":{\"@id\":\"https:\/\/cacaunews.com\/?p=4286\"},\"author\":{\"name\":\"Reda\u00e7\u00e3o Cacau News\",\"@id\":\"https:\/\/cacaunews.com\/#\/schema\/person\/ea69703103e606ad347ccd64bd72ef79\"},\"headline\":\"Munic\u00edpio de Ilh\u00e9us cria \u201cPrograma Fam\u00edlia Acolhedora\u201d ap\u00f3s a\u00e7\u00e3o do MP\",\"datePublished\":\"2024-02-19T21:37:10+00:00\",\"dateModified\":\"2024-02-19T21:37:10+00:00\",\"mainEntityOfPage\":{\"@id\":\"https:\/\/cacaunews.com\/?p=4286\"},\"wordCount\":554,\"commentCount\":0,\"publisher\":{\"@id\":\"https:\/\/cacaunews.com\/#organization\"},\"keywords\":[\"fam\u00edlia acolhedora\",\"ilheus\",\"mp\",\"social\"],\"articleSection\":[\"cidades\",\"Jornalismo\",\"Social\"],\"inLanguage\":\"pt-BR\",\"potentialAction\":[{\"@type\":\"CommentAction\",\"name\":\"Comment\",\"target\":[\"https:\/\/cacaunews.com\/?p=4286#respond\"]}]},{\"@type\":\"WebPage\",\"@id\":\"https:\/\/cacaunews.com\/?p=4286\",\"url\":\"https:\/\/cacaunews.com\/?p=4286\",\"name\":\"Munic\u00edpio de Ilh\u00e9us cria \u201cPrograma Fam\u00edlia Acolhedora\u201d ap\u00f3s a\u00e7\u00e3o do MP - Cacau News\",\"isPartOf\":{\"@id\":\"https:\/\/cacaunews.com\/#website\"},\"datePublished\":\"2024-02-19T21:37:10+00:00\",\"dateModified\":\"2024-02-19T21:37:10+00:00\",\"breadcrumb\":{\"@id\":\"https:\/\/cacaunews.com\/?p=4286#breadcrumb\"},\"inLanguage\":\"pt-BR\",\"potentialAction\":[{\"@type\":\"ReadAction\",\"target\":[\"https:\/\/cacaunews.com\/?p=4286\"]}]},{\"@type\":\"BreadcrumbList\",\"@id\":\"https:\/\/cacaunews.com\/?p=4286#breadcrumb\",\"itemListElement\":[{\"@type\":\"ListItem\",\"position\":1,\"name\":\"In\u00edcio\",\"item\":\"https:\/\/cacaunews.com\/\"},{\"@type\":\"ListItem\",\"position\":2,\"name\":\"Munic\u00edpio de Ilh\u00e9us cria \u201cPrograma Fam\u00edlia Acolhedora\u201d ap\u00f3s a\u00e7\u00e3o do MP\"}]},{\"@type\":\"WebSite\",\"@id\":\"https:\/\/cacaunews.com\/#website\",\"url\":\"https:\/\/cacaunews.com\/\",\"name\":\"Cacau News\",\"description\":\"A Informa\u00e7\u00e3o que voc\u00ea precisa!\",\"publisher\":{\"@id\":\"https:\/\/cacaunews.com\/#organization\"},\"potentialAction\":[{\"@type\":\"SearchAction\",\"target\":{\"@type\":\"EntryPoint\",\"urlTemplate\":\"https:\/\/cacaunews.com\/?s={search_term_string}\"},\"query-input\":\"required name=search_term_string\"}],\"inLanguage\":\"pt-BR\"},{\"@type\":\"Organization\",\"@id\":\"https:\/\/cacaunews.com\/#organization\",\"name\":\"Cacau News\",\"url\":\"https:\/\/cacaunews.com\/\",\"logo\":{\"@type\":\"ImageObject\",\"inLanguage\":\"pt-BR\",\"@id\":\"https:\/\/cacaunews.com\/#\/schema\/logo\/image\/\",\"url\":\"https:\/\/cacaunews.com\/wp-content\/uploads\/2025\/01\/cropped-LOGO-NOVA.png\",\"contentUrl\":\"https:\/\/cacaunews.com\/wp-content\/uploads\/2025\/01\/cropped-LOGO-NOVA.png\",\"width\":813,\"height\":813,\"caption\":\"Cacau News\"},\"image\":{\"@id\":\"https:\/\/cacaunews.com\/#\/schema\/logo\/image\/\"},\"sameAs\":[\"https:\/\/www.instagram.com\/cacaunews.online\/\",\"https:\/\/youtube.com\/@cacaunews?si=0VXLnjl08SrWbVG9\"]},{\"@type\":\"Person\",\"@id\":\"https:\/\/cacaunews.com\/#\/schema\/person\/ea69703103e606ad347ccd64bd72ef79\",\"name\":\"Reda\u00e7\u00e3o Cacau News\",\"image\":{\"@type\":\"ImageObject\",\"inLanguage\":\"pt-BR\",\"@id\":\"https:\/\/cacaunews.com\/#\/schema\/person\/image\/\",\"url\":\"https:\/\/secure.gravatar.com\/avatar\/d79227a2a7b6cc42e8d7a8f7c284cd3a?s=96&d=mm&r=g\",\"contentUrl\":\"https:\/\/secure.gravatar.com\/avatar\/d79227a2a7b6cc42e8d7a8f7c284cd3a?s=96&d=mm&r=g\",\"caption\":\"Reda\u00e7\u00e3o Cacau News\"},\"sameAs\":[\"https:\/\/cacaunews.com\"],\"url\":\"https:\/\/cacaunews.com\/?author=1\"}]}<\/script>\n<!-- \/ Yoast SEO plugin. -->","yoast_head_json":{"title":"Munic\u00edpio de Ilh\u00e9us cria \u201cPrograma Fam\u00edlia Acolhedora\u201d ap\u00f3s a\u00e7\u00e3o do MP - Cacau News","robots":{"index":"index","follow":"follow","max-snippet":"max-snippet:-1","max-image-preview":"max-image-preview:large","max-video-preview":"max-video-preview:-1"},"canonical":"https:\/\/cacaunews.com\/?p=4286","og_locale":"pt_BR","og_type":"article","og_title":"Munic\u00edpio de Ilh\u00e9us cria \u201cPrograma Fam\u00edlia Acolhedora\u201d ap\u00f3s a\u00e7\u00e3o do MP - Cacau News","og_description":"Um programa de acolhimento de crian\u00e7as e adolescentes em situa\u00e7\u00e3o de risco pessoal e social...","og_url":"https:\/\/cacaunews.com\/?p=4286","og_site_name":"Cacau News","article_published_time":"2024-02-19T21:37:10+00:00","author":"Reda\u00e7\u00e3o Cacau News","twitter_card":"summary_large_image","twitter_misc":{"Escrito por":"Reda\u00e7\u00e3o Cacau News","Est. tempo de leitura":"3 minutos"},"schema":{"@context":"https:\/\/schema.org","@graph":[{"@type":"Article","@id":"https:\/\/cacaunews.com\/?p=4286#article","isPartOf":{"@id":"https:\/\/cacaunews.com\/?p=4286"},"author":{"name":"Reda\u00e7\u00e3o Cacau News","@id":"https:\/\/cacaunews.com\/#\/schema\/person\/ea69703103e606ad347ccd64bd72ef79"},"headline":"Munic\u00edpio de Ilh\u00e9us cria \u201cPrograma Fam\u00edlia Acolhedora\u201d ap\u00f3s a\u00e7\u00e3o do MP","datePublished":"2024-02-19T21:37:10+00:00","dateModified":"2024-02-19T21:37:10+00:00","mainEntityOfPage":{"@id":"https:\/\/cacaunews.com\/?p=4286"},"wordCount":554,"commentCount":0,"publisher":{"@id":"https:\/\/cacaunews.com\/#organization"},"keywords":["fam\u00edlia acolhedora","ilheus","mp","social"],"articleSection":["cidades","Jornalismo","Social"],"inLanguage":"pt-BR","potentialAction":[{"@type":"CommentAction","name":"Comment","target":["https:\/\/cacaunews.com\/?p=4286#respond"]}]},{"@type":"WebPage","@id":"https:\/\/cacaunews.com\/?p=4286","url":"https:\/\/cacaunews.com\/?p=4286","name":"Munic\u00edpio de Ilh\u00e9us cria \u201cPrograma Fam\u00edlia Acolhedora\u201d ap\u00f3s a\u00e7\u00e3o do MP - Cacau News","isPartOf":{"@id":"https:\/\/cacaunews.com\/#website"},"datePublished":"2024-02-19T21:37:10+00:00","dateModified":"2024-02-19T21:37:10+00:00","breadcrumb":{"@id":"https:\/\/cacaunews.com\/?p=4286#breadcrumb"},"inLanguage":"pt-BR","potentialAction":[{"@type":"ReadAction","target":["https:\/\/cacaunews.com\/?p=4286"]}]},{"@type":"BreadcrumbList","@id":"https:\/\/cacaunews.com\/?p=4286#breadcrumb","itemListElement":[{"@type":"ListItem","position":1,"name":"In\u00edcio","item":"https:\/\/cacaunews.com\/"},{"@type":"ListItem","position":2,"name":"Munic\u00edpio de Ilh\u00e9us cria \u201cPrograma Fam\u00edlia Acolhedora\u201d ap\u00f3s a\u00e7\u00e3o do MP"}]},{"@type":"WebSite","@id":"https:\/\/cacaunews.com\/#website","url":"https:\/\/cacaunews.com\/","name":"Cacau News","description":"A Informa\u00e7\u00e3o que voc\u00ea precisa!","publisher":{"@id":"https:\/\/cacaunews.com\/#organization"},"potentialAction":[{"@type":"SearchAction","target":{"@type":"EntryPoint","urlTemplate":"https:\/\/cacaunews.com\/?s={search_term_string}"},"query-input":"required name=search_term_string"}],"inLanguage":"pt-BR"},{"@type":"Organization","@id":"https:\/\/cacaunews.com\/#organization","name":"Cacau News","url":"https:\/\/cacaunews.com\/","logo":{"@type":"ImageObject","inLanguage":"pt-BR","@id":"https:\/\/cacaunews.com\/#\/schema\/logo\/image\/","url":"https:\/\/cacaunews.com\/wp-content\/uploads\/2025\/01\/cropped-LOGO-NOVA.png","contentUrl":"https:\/\/cacaunews.com\/wp-content\/uploads\/2025\/01\/cropped-LOGO-NOVA.png","width":813,"height":813,"caption":"Cacau News"},"image":{"@id":"https:\/\/cacaunews.com\/#\/schema\/logo\/image\/"},"sameAs":["https:\/\/www.instagram.com\/cacaunews.online\/","https:\/\/youtube.com\/@cacaunews?si=0VXLnjl08SrWbVG9"]},{"@type":"Person","@id":"https:\/\/cacaunews.com\/#\/schema\/person\/ea69703103e606ad347ccd64bd72ef79","name":"Reda\u00e7\u00e3o Cacau News","image":{"@type":"ImageObject","inLanguage":"pt-BR","@id":"https:\/\/cacaunews.com\/#\/schema\/person\/image\/","url":"https:\/\/secure.gravatar.com\/avatar\/d79227a2a7b6cc42e8d7a8f7c284cd3a?s=96&d=mm&r=g","contentUrl":"https:\/\/secure.gravatar.com\/avatar\/d79227a2a7b6cc42e8d7a8f7c284cd3a?s=96&d=mm&r=g","caption":"Reda\u00e7\u00e3o Cacau News"},"sameAs":["https:\/\/cacaunews.com"],"url":"https:\/\/cacaunews.com\/?author=1"}]}},"jetpack_sharing_enabled":true,"jetpack_featured_media_url":"https:\/\/cacaunews.com\/wp-content\/uploads\/2024\/02\/images-2024-02-19T183957.414.jpeg","_links":{"self":[{"href":"https:\/\/cacaunews.com\/index.php?rest_route=\/wp\/v2\/posts\/4286"}],"collection":[{"href":"https:\/\/cacaunews.com\/index.php?rest_route=\/wp\/v2\/posts"}],"about":[{"href":"https:\/\/cacaunews.com\/index.php?rest_route=\/wp\/v2\/types\/post"}],"author":[{"embeddable":true,"href":"https:\/\/cacaunews.com\/index.php?rest_route=\/wp\/v2\/users\/1"}],"replies":[{"embeddable":true,"href":"https:\/\/cacaunews.com\/index.php?rest_route=%2Fwp%2Fv2%2Fcomments&post=4286"}],"version-history":[{"count":0,"href":"https:\/\/cacaunews.com\/index.php?rest_route=\/wp\/v2\/posts\/4286\/revisions"}],"wp:featuredmedia":[{"embeddable":true,"href":"https:\/\/cacaunews.com\/index.php?rest_route=\/wp\/v2\/media\/4285"}],"wp:attachment":[{"href":"https:\/\/cacaunews.com\/index.php?rest_route=%2Fwp%2Fv2%2Fmedia&parent=4286"}],"wp:term":[{"taxonomy":"category","embeddable":true,"href":"https:\/\/cacaunews.com\/index.php?rest_route=%2Fwp%2Fv2%2Fcategories&post=4286"},{"taxonomy":"post_tag","embeddable":true,"href":"https:\/\/cacaunews.com\/index.php?rest_route=%2Fwp%2Fv2%2Ftags&post=4286"}],"curies":[{"name":"wp","href":"https:\/\/api.w.org\/{rel}","templated":true}]}}