{"id":4293,"date":"2024-02-20T13:30:59","date_gmt":"2024-02-20T13:30:59","guid":{"rendered":"https:\/\/cacaunews.com\/?p=4293"},"modified":"2024-02-20T13:30:59","modified_gmt":"2024-02-20T13:30:59","slug":"governo-do-estado-realiza-conferencia-macroterritorial-de-ciencia-e-tecnologia-dia-29-na-uesc","status":"publish","type":"post","link":"https:\/\/cacaunews.com\/?p=4293","title":{"rendered":"Governo do Estado realiza Confer\u00eancia Macroterritorial de ci\u00eancia e tecnologia; dia 29 na Uesc."},"content":{"rendered":"\n<p>Mapear e compreender as necessidades cient\u00edficas, tecnol\u00f3gicas e inovadoras de cada munic\u00edpio, visando o desenvolvimento de pol\u00edticas p\u00fablicas de Ci\u00eancia, Tecnologia e Inova\u00e7\u00e3o (CT&amp;I) mais assertivas. \u00c9 com esse prop\u00f3sito em foco que o Governo do Estado, atrav\u00e9s da Secretaria de Ci\u00eancia, Tecnologia e Inova\u00e7\u00e3o (Secti), realizar\u00e1 a 5\u00aa Confer\u00eancia Estadual de Ci\u00eancia, Tecnologia e Inova\u00e7\u00e3o (CECTI). Com o tema &#8220;Por Uma Bahia Mais Inovadora&#8221;, a primeira etapa incluir\u00e1 11 Confer\u00eancias Macroterritoriais que ser\u00e3o realizadas de 27 de fevereiro a 14 de mar\u00e7o, agrupando os 27 territ\u00f3rios de identidade.<br><br>O objetivo da a\u00e7\u00e3o, que \u00e9 parte integrante da 5\u00aa Confer\u00eancia Nacional de Ci\u00eancia, Tecnologia e Inova\u00e7\u00e3o, que ocorrer\u00e1 entre os dias 04 e 06 de junho, \u00e9 orientar a elabora\u00e7\u00e3o da Estrat\u00e9gia Nacional de Ci\u00eancia, Tecnologia e Inova\u00e7\u00e3o (ENCTI) para 2024-2035 e formular uma Nova Pol\u00edtica Estadual de CT&amp;I. Os quatro eixos tem\u00e1ticos abordar\u00e3o a recupera\u00e7\u00e3o, expans\u00e3o e consolida\u00e7\u00e3o do Sistema Nacional de CT&amp;I, a reindustrializa\u00e7\u00e3o com enfoque na inova\u00e7\u00e3o empresarial, o papel da CT&amp;I em programas estrat\u00e9gicos nacionais e seu impacto no desenvolvimento social. Ap\u00f3s as plen\u00e1rias macroterritoriais, a etapa estadual ocorrer\u00e1 nos dias 04 e 05 de abril, seguida pela regional Nordeste, no mesmo m\u00eas.<\/p>\n\n\n\n<p><br>Para o secret\u00e1rio da Secti, Andr\u00e9 Joazeiro, a realiza\u00e7\u00e3o da confer\u00eancia ser\u00e1 um passo importante para que a Bahia avance ainda mais nas \u00e1reas de CT&amp;I. \u201cA confer\u00eancia dar\u00e1 o direcionamento para a elabora\u00e7\u00e3o da nossa pol\u00edtica de CT&amp;I e os caminhos para o desenvolvimento socioecon\u00f4mico do estado, garantindo os preceitos da sustentabilidade e da interioriza\u00e7\u00e3o da pol\u00edtica. Pretendemos atrair a juventude para este di\u00e1logo, com o objetivo de garantir a contribui\u00e7\u00e3o dos estudantes da periferia e do interior nas pautas de pesquisa e desenvolvimento\u201d, projeta.<br><br>Edson Valadares, coordenador da CECTI e assessor de Planejamento e Gest\u00e3o da Secti, explica como participar do evento. \u201cA 5\u00aa Confer\u00eancia ser\u00e1 uma oportunidade para que todos os segmentos sociais possam contribuir para o desenvolvimento da nacional e estadual de forma direta. Qualquer cidad\u00e3o interessado em participar das discuss\u00f5es e apresentar propostas relacionadas aos quatro eixos tem\u00e1ticos deve preencher um formul\u00e1rio de credenciamento, dispon\u00edvel no site da Secti. Em seguida, \u00e9 necess\u00e1rio comparecer no dia e hor\u00e1rio programados para uma das 11 plen\u00e1rias macroterritoriais ou para as confer\u00eancias livres que ser\u00e3o realizadas entre os meses de fevereiro e mar\u00e7o&#8221;.<br><br>A iniciativa faz parte do Programa Bahia Mais Inovadora, que disp\u00f5e de recurso de R$ 1 bilh\u00e3o para as \u00e1reas de ci\u00eancia, tecnologia e inova\u00e7\u00e3o em todas as regi\u00f5es do estado. As Confer\u00eancias Macroterritoriais, onde ser\u00e3o eleitos os delegados para a etapa estadual, s\u00e3o abertas ao p\u00fablico e visam atrair uma ampla gama de participantes, incluindo institui\u00e7\u00f5es cient\u00edficas, empresas, empreendedores, sociedade civil e representantes do setor p\u00fablico. Al\u00e9m disso, a iniciativa tamb\u00e9m vai contar com as Confer\u00eancias Livres. Previstas para mar\u00e7o e abril, em formato h\u00edbrido, as plen\u00e1rias abordar\u00e3o temas como &#8220;Ind\u00fastria de Jogos Digitais&#8221;, &#8220;Juventude, Tecnologia e Sustentabilidade&#8221;, &#8220;Povos e Comunidades Tradicionais e as CT&amp;I&#8221;, entre outras.<br><br>DATAS, MUNIC\u00cdPIOS, LOCAIS E MACROTERRIT\u00d3RIOS DAS PLEN\u00c1RIAS<br><br>27\/02 \u2013 Serrinha (Uneb) &#8211; Sisal, Semi \u00c1rido Nordeste II e Itaparica <br><br>27\/02 \u2013 Eun\u00e1polis (Uneb) &#8211; Extremo Sul e Costa do Descobrimento <br><br>27\/02 \u2013 Irec\u00ea (Uneb) &#8211; Irec\u00ea e Velho Chico <br><br>27\/02 \u2013 Juazeiro (Uneb) &#8211; Sert\u00e3o do S\u00e3o Francisco<br><br>29\/02 \u2013 Ilh\u00e9us (Uesc) &#8211; Litoral Sul, Baixo Sul, Vale do Jiquiric\u00e1 e M\u00e9dio Rio de Contas <br><br>29\/02 \u2013 Seabra (Uneb) &#8211; Chapada Diamantina, Piemonte de Paragua\u00e7u e Bacia do Paramirim <br><br>29\/02 \u2013 Senhor do Bonfim (Uneb) &#8211; Bacia do Jacu\u00edpe, Piemonte Diamantina e Piemonte Norte Itapicuru<br><br>01\/03 \u2013 Vit\u00f3ria da Conquista (Uesb) &#8211; M\u00e9dio Sudoeste, Sudoeste Baiano e Sert\u00e3o Produtivo<br><br>05\/03 \u2013 Barreiras (Uneb) &#8211; Bacia do Rio Grande e Bacia do Rio Corrente <br><br>07\/03 \u2013 Feira de Santana (Uefs) &#8211; Rec\u00f4ncavo, Agreste, Litoral Norte e Portal do Sert\u00e3o <br><br>14\/03 \u2013 Lauro de Freitas (CEEPTIC) &#8211; Territ\u00f3rio Metropolitano de Salvador<\/p>\n\n\n\n<p><a href=\"https:\/\/bit.ly\/4946tkv\" target=\"_blank\" rel=\"noreferrer noopener\">Clique para acessar o formul\u00e1rio de inscri\u00e7\u00e3o.<\/a><\/p>\n","protected":false},"excerpt":{"rendered":"<p>Mapear e compreender as necessidades cient\u00edficas, tecnol\u00f3gicas e inovadoras de cada munic\u00edpio, visando o desenvolvimento&#8230;<\/p>\n","protected":false},"author":1,"featured_media":4292,"comment_status":"open","ping_status":"open","sticky":false,"template":"","format":"standard","meta":{"footnotes":""},"categories":[4,11],"tags":[39,33,1007,178],"yoast_head":"<!-- This site is optimized with the Yoast SEO plugin v21.7 - https:\/\/yoast.com\/wordpress\/plugins\/seo\/ -->\n<title>Governo do Estado realiza Confer\u00eancia Macroterritorial de ci\u00eancia e tecnologia; dia 29 na Uesc. - Cacau News<\/title>\n<meta name=\"robots\" content=\"index, follow, max-snippet:-1, max-image-preview:large, max-video-preview:-1\" \/>\n<link rel=\"canonical\" href=\"https:\/\/cacaunews.com\/?p=4293\" \/>\n<meta property=\"og:locale\" content=\"pt_BR\" \/>\n<meta property=\"og:type\" content=\"article\" \/>\n<meta property=\"og:title\" content=\"Governo do Estado realiza Confer\u00eancia Macroterritorial de ci\u00eancia e tecnologia; dia 29 na Uesc. - Cacau News\" \/>\n<meta property=\"og:description\" content=\"Mapear e compreender as necessidades cient\u00edficas, tecnol\u00f3gicas e inovadoras de cada munic\u00edpio, visando o desenvolvimento...\" \/>\n<meta property=\"og:url\" content=\"https:\/\/cacaunews.com\/?p=4293\" \/>\n<meta property=\"og:site_name\" content=\"Cacau News\" \/>\n<meta property=\"article:published_time\" content=\"2024-02-20T13:30:59+00:00\" \/>\n<meta property=\"og:image\" content=\"https:\/\/cacaunews.com\/wp-content\/uploads\/2024\/02\/CT26I.png\" \/>\n\t<meta property=\"og:image:width\" content=\"870\" \/>\n\t<meta property=\"og:image:height\" content=\"435\" \/>\n\t<meta property=\"og:image:type\" content=\"image\/png\" \/>\n<meta name=\"author\" content=\"Reda\u00e7\u00e3o Cacau News\" \/>\n<meta name=\"twitter:card\" content=\"summary_large_image\" \/>\n<meta name=\"twitter:label1\" content=\"Escrito por\" \/>\n\t<meta name=\"twitter:data1\" content=\"Reda\u00e7\u00e3o Cacau News\" \/>\n\t<meta name=\"twitter:label2\" content=\"Est. tempo de leitura\" \/>\n\t<meta name=\"twitter:data2\" content=\"4 minutos\" \/>\n<script type=\"application\/ld+json\" class=\"yoast-schema-graph\">{\"@context\":\"https:\/\/schema.org\",\"@graph\":[{\"@type\":\"Article\",\"@id\":\"https:\/\/cacaunews.com\/?p=4293#article\",\"isPartOf\":{\"@id\":\"https:\/\/cacaunews.com\/?p=4293\"},\"author\":{\"name\":\"Reda\u00e7\u00e3o Cacau News\",\"@id\":\"https:\/\/cacaunews.com\/#\/schema\/person\/ea69703103e606ad347ccd64bd72ef79\"},\"headline\":\"Governo do Estado realiza Confer\u00eancia Macroterritorial de ci\u00eancia e tecnologia; dia 29 na Uesc.\",\"datePublished\":\"2024-02-20T13:30:59+00:00\",\"dateModified\":\"2024-02-20T13:30:59+00:00\",\"mainEntityOfPage\":{\"@id\":\"https:\/\/cacaunews.com\/?p=4293\"},\"wordCount\":736,\"commentCount\":0,\"publisher\":{\"@id\":\"https:\/\/cacaunews.com\/#organization\"},\"keywords\":[\"bahia\",\"educa\u00e7\u00e3o\",\"inova\u00e7\u00e3o\",\"tecnologia\"],\"articleSection\":[\"Internet\",\"Jornalismo\"],\"inLanguage\":\"pt-BR\",\"potentialAction\":[{\"@type\":\"CommentAction\",\"name\":\"Comment\",\"target\":[\"https:\/\/cacaunews.com\/?p=4293#respond\"]}]},{\"@type\":\"WebPage\",\"@id\":\"https:\/\/cacaunews.com\/?p=4293\",\"url\":\"https:\/\/cacaunews.com\/?p=4293\",\"name\":\"Governo do Estado realiza Confer\u00eancia Macroterritorial de ci\u00eancia e tecnologia; dia 29 na Uesc. - Cacau News\",\"isPartOf\":{\"@id\":\"https:\/\/cacaunews.com\/#website\"},\"datePublished\":\"2024-02-20T13:30:59+00:00\",\"dateModified\":\"2024-02-20T13:30:59+00:00\",\"breadcrumb\":{\"@id\":\"https:\/\/cacaunews.com\/?p=4293#breadcrumb\"},\"inLanguage\":\"pt-BR\",\"potentialAction\":[{\"@type\":\"ReadAction\",\"target\":[\"https:\/\/cacaunews.com\/?p=4293\"]}]},{\"@type\":\"BreadcrumbList\",\"@id\":\"https:\/\/cacaunews.com\/?p=4293#breadcrumb\",\"itemListElement\":[{\"@type\":\"ListItem\",\"position\":1,\"name\":\"In\u00edcio\",\"item\":\"https:\/\/cacaunews.com\/\"},{\"@type\":\"ListItem\",\"position\":2,\"name\":\"Governo do Estado realiza Confer\u00eancia Macroterritorial de ci\u00eancia e tecnologia; dia 29 na Uesc.\"}]},{\"@type\":\"WebSite\",\"@id\":\"https:\/\/cacaunews.com\/#website\",\"url\":\"https:\/\/cacaunews.com\/\",\"name\":\"Cacau News\",\"description\":\"A Informa\u00e7\u00e3o que voc\u00ea precisa!\",\"publisher\":{\"@id\":\"https:\/\/cacaunews.com\/#organization\"},\"potentialAction\":[{\"@type\":\"SearchAction\",\"target\":{\"@type\":\"EntryPoint\",\"urlTemplate\":\"https:\/\/cacaunews.com\/?s={search_term_string}\"},\"query-input\":\"required name=search_term_string\"}],\"inLanguage\":\"pt-BR\"},{\"@type\":\"Organization\",\"@id\":\"https:\/\/cacaunews.com\/#organization\",\"name\":\"Cacau News\",\"url\":\"https:\/\/cacaunews.com\/\",\"logo\":{\"@type\":\"ImageObject\",\"inLanguage\":\"pt-BR\",\"@id\":\"https:\/\/cacaunews.com\/#\/schema\/logo\/image\/\",\"url\":\"https:\/\/cacaunews.com\/wp-content\/uploads\/2025\/01\/cropped-LOGO-NOVA.png\",\"contentUrl\":\"https:\/\/cacaunews.com\/wp-content\/uploads\/2025\/01\/cropped-LOGO-NOVA.png\",\"width\":813,\"height\":813,\"caption\":\"Cacau News\"},\"image\":{\"@id\":\"https:\/\/cacaunews.com\/#\/schema\/logo\/image\/\"},\"sameAs\":[\"https:\/\/www.instagram.com\/cacaunews.online\/\",\"https:\/\/youtube.com\/@cacaunews?si=0VXLnjl08SrWbVG9\"]},{\"@type\":\"Person\",\"@id\":\"https:\/\/cacaunews.com\/#\/schema\/person\/ea69703103e606ad347ccd64bd72ef79\",\"name\":\"Reda\u00e7\u00e3o Cacau News\",\"image\":{\"@type\":\"ImageObject\",\"inLanguage\":\"pt-BR\",\"@id\":\"https:\/\/cacaunews.com\/#\/schema\/person\/image\/\",\"url\":\"https:\/\/secure.gravatar.com\/avatar\/d79227a2a7b6cc42e8d7a8f7c284cd3a?s=96&d=mm&r=g\",\"contentUrl\":\"https:\/\/secure.gravatar.com\/avatar\/d79227a2a7b6cc42e8d7a8f7c284cd3a?s=96&d=mm&r=g\",\"caption\":\"Reda\u00e7\u00e3o Cacau News\"},\"sameAs\":[\"https:\/\/cacaunews.com\"],\"url\":\"https:\/\/cacaunews.com\/?author=1\"}]}<\/script>\n<!-- \/ Yoast SEO plugin. -->","yoast_head_json":{"title":"Governo do Estado realiza Confer\u00eancia Macroterritorial de ci\u00eancia e tecnologia; dia 29 na Uesc. - Cacau News","robots":{"index":"index","follow":"follow","max-snippet":"max-snippet:-1","max-image-preview":"max-image-preview:large","max-video-preview":"max-video-preview:-1"},"canonical":"https:\/\/cacaunews.com\/?p=4293","og_locale":"pt_BR","og_type":"article","og_title":"Governo do Estado realiza Confer\u00eancia Macroterritorial de ci\u00eancia e tecnologia; dia 29 na Uesc. - Cacau News","og_description":"Mapear e compreender as necessidades cient\u00edficas, tecnol\u00f3gicas e inovadoras de cada munic\u00edpio, visando o desenvolvimento...","og_url":"https:\/\/cacaunews.com\/?p=4293","og_site_name":"Cacau News","article_published_time":"2024-02-20T13:30:59+00:00","og_image":[{"width":870,"height":435,"url":"https:\/\/cacaunews.com\/wp-content\/uploads\/2024\/02\/CT26I.png","type":"image\/png"}],"author":"Reda\u00e7\u00e3o Cacau News","twitter_card":"summary_large_image","twitter_misc":{"Escrito por":"Reda\u00e7\u00e3o Cacau News","Est. tempo de leitura":"4 minutos"},"schema":{"@context":"https:\/\/schema.org","@graph":[{"@type":"Article","@id":"https:\/\/cacaunews.com\/?p=4293#article","isPartOf":{"@id":"https:\/\/cacaunews.com\/?p=4293"},"author":{"name":"Reda\u00e7\u00e3o Cacau News","@id":"https:\/\/cacaunews.com\/#\/schema\/person\/ea69703103e606ad347ccd64bd72ef79"},"headline":"Governo do Estado realiza Confer\u00eancia Macroterritorial de ci\u00eancia e tecnologia; dia 29 na Uesc.","datePublished":"2024-02-20T13:30:59+00:00","dateModified":"2024-02-20T13:30:59+00:00","mainEntityOfPage":{"@id":"https:\/\/cacaunews.com\/?p=4293"},"wordCount":736,"commentCount":0,"publisher":{"@id":"https:\/\/cacaunews.com\/#organization"},"keywords":["bahia","educa\u00e7\u00e3o","inova\u00e7\u00e3o","tecnologia"],"articleSection":["Internet","Jornalismo"],"inLanguage":"pt-BR","potentialAction":[{"@type":"CommentAction","name":"Comment","target":["https:\/\/cacaunews.com\/?p=4293#respond"]}]},{"@type":"WebPage","@id":"https:\/\/cacaunews.com\/?p=4293","url":"https:\/\/cacaunews.com\/?p=4293","name":"Governo do Estado realiza Confer\u00eancia Macroterritorial de ci\u00eancia e tecnologia; dia 29 na Uesc. - Cacau News","isPartOf":{"@id":"https:\/\/cacaunews.com\/#website"},"datePublished":"2024-02-20T13:30:59+00:00","dateModified":"2024-02-20T13:30:59+00:00","breadcrumb":{"@id":"https:\/\/cacaunews.com\/?p=4293#breadcrumb"},"inLanguage":"pt-BR","potentialAction":[{"@type":"ReadAction","target":["https:\/\/cacaunews.com\/?p=4293"]}]},{"@type":"BreadcrumbList","@id":"https:\/\/cacaunews.com\/?p=4293#breadcrumb","itemListElement":[{"@type":"ListItem","position":1,"name":"In\u00edcio","item":"https:\/\/cacaunews.com\/"},{"@type":"ListItem","position":2,"name":"Governo do Estado realiza Confer\u00eancia Macroterritorial de ci\u00eancia e tecnologia; dia 29 na Uesc."}]},{"@type":"WebSite","@id":"https:\/\/cacaunews.com\/#website","url":"https:\/\/cacaunews.com\/","name":"Cacau News","description":"A Informa\u00e7\u00e3o que voc\u00ea precisa!","publisher":{"@id":"https:\/\/cacaunews.com\/#organization"},"potentialAction":[{"@type":"SearchAction","target":{"@type":"EntryPoint","urlTemplate":"https:\/\/cacaunews.com\/?s={search_term_string}"},"query-input":"required name=search_term_string"}],"inLanguage":"pt-BR"},{"@type":"Organization","@id":"https:\/\/cacaunews.com\/#organization","name":"Cacau News","url":"https:\/\/cacaunews.com\/","logo":{"@type":"ImageObject","inLanguage":"pt-BR","@id":"https:\/\/cacaunews.com\/#\/schema\/logo\/image\/","url":"https:\/\/cacaunews.com\/wp-content\/uploads\/2025\/01\/cropped-LOGO-NOVA.png","contentUrl":"https:\/\/cacaunews.com\/wp-content\/uploads\/2025\/01\/cropped-LOGO-NOVA.png","width":813,"height":813,"caption":"Cacau News"},"image":{"@id":"https:\/\/cacaunews.com\/#\/schema\/logo\/image\/"},"sameAs":["https:\/\/www.instagram.com\/cacaunews.online\/","https:\/\/youtube.com\/@cacaunews?si=0VXLnjl08SrWbVG9"]},{"@type":"Person","@id":"https:\/\/cacaunews.com\/#\/schema\/person\/ea69703103e606ad347ccd64bd72ef79","name":"Reda\u00e7\u00e3o Cacau News","image":{"@type":"ImageObject","inLanguage":"pt-BR","@id":"https:\/\/cacaunews.com\/#\/schema\/person\/image\/","url":"https:\/\/secure.gravatar.com\/avatar\/d79227a2a7b6cc42e8d7a8f7c284cd3a?s=96&d=mm&r=g","contentUrl":"https:\/\/secure.gravatar.com\/avatar\/d79227a2a7b6cc42e8d7a8f7c284cd3a?s=96&d=mm&r=g","caption":"Reda\u00e7\u00e3o Cacau News"},"sameAs":["https:\/\/cacaunews.com"],"url":"https:\/\/cacaunews.com\/?author=1"}]}},"jetpack_sharing_enabled":true,"jetpack_featured_media_url":"https:\/\/cacaunews.com\/wp-content\/uploads\/2024\/02\/CT26I.png","_links":{"self":[{"href":"https:\/\/cacaunews.com\/index.php?rest_route=\/wp\/v2\/posts\/4293"}],"collection":[{"href":"https:\/\/cacaunews.com\/index.php?rest_route=\/wp\/v2\/posts"}],"about":[{"href":"https:\/\/cacaunews.com\/index.php?rest_route=\/wp\/v2\/types\/post"}],"author":[{"embeddable":true,"href":"https:\/\/cacaunews.com\/index.php?rest_route=\/wp\/v2\/users\/1"}],"replies":[{"embeddable":true,"href":"https:\/\/cacaunews.com\/index.php?rest_route=%2Fwp%2Fv2%2Fcomments&post=4293"}],"version-history":[{"count":0,"href":"https:\/\/cacaunews.com\/index.php?rest_route=\/wp\/v2\/posts\/4293\/revisions"}],"wp:featuredmedia":[{"embeddable":true,"href":"https:\/\/cacaunews.com\/index.php?rest_route=\/wp\/v2\/media\/4292"}],"wp:attachment":[{"href":"https:\/\/cacaunews.com\/index.php?rest_route=%2Fwp%2Fv2%2Fmedia&parent=4293"}],"wp:term":[{"taxonomy":"category","embeddable":true,"href":"https:\/\/cacaunews.com\/index.php?rest_route=%2Fwp%2Fv2%2Fcategories&post=4293"},{"taxonomy":"post_tag","embeddable":true,"href":"https:\/\/cacaunews.com\/index.php?rest_route=%2Fwp%2Fv2%2Ftags&post=4293"}],"curies":[{"name":"wp","href":"https:\/\/api.w.org\/{rel}","templated":true}]}}