{"id":4371,"date":"2024-03-01T13:20:47","date_gmt":"2024-03-01T13:20:47","guid":{"rendered":"https:\/\/cacaunews.com\/?p=4371"},"modified":"2024-03-01T13:22:55","modified_gmt":"2024-03-01T13:22:55","slug":"central-de-politica-e-o-quadro-na-boca-do-tubarao-reestreiam-com-novo-formato-e-comentarista-politico","status":"publish","type":"post","link":"https:\/\/cacaunews.com\/?p=4371","title":{"rendered":"Central de Pol\u00edtica e o quadro &#8221; Na boca do Tubar\u00e3o&#8221;, reestreiam com novo formato e comentarista pol\u00edtico."},"content":{"rendered":"\n<p>Programa apresentado por Neto Terra Branca contar\u00e1 com coment\u00e1rios de Ruy Corr\u00eaa, reportagens de F\u00e1bio Ferreira e correspondente na capital do estado<br><br>Lider de audi\u00eancia no r\u00e1dio sul baiano, o Programa Central de Pol\u00edtica reestreia neste s\u00e1bado (2), das 8 \u00e0s 10 da manh\u00e3 na R\u00e1dio Interativa FM (93,7) com um novo formato. O programa que conta com o quadro sensa\u00e7\u00e3o do r\u00e1dio grapi\u00fana, o \u201cNa Boca do Tubar\u00e3o\u201d, onde o entrevistado responde a perguntas sobre o comportamento de personalidades p\u00fablicas, contar\u00e1 com a participa\u00e7\u00e3o de um dos comentaristas pol\u00edticos de maior credibilidade da regi\u00e3o, o advogado Ruy Correa.<br><br>\u201cVamos fazer debate sobre os grandes temas que afligem a popula\u00e7\u00e3o e buscar solu\u00e7\u00f5es das autoridades\u201d, disse Neto Terra Branca. \u201cTraremos tamb\u00e9m informa\u00e7\u00f5es de interesse p\u00fablico e os \u00faltimos acontecimentos do Brasil e do mundo\u201d, contou o radialista ansioso pela reestreia.&nbsp; <br><br>Para dar din\u00e2mica \u00e0 atra\u00e7\u00e3o, o Central de Pol\u00edtica ter\u00e1 a participa\u00e7\u00e3o do rep\u00f3rter Fabio Ferreira que trar\u00e1 um panorama do que acontece na cidade e regi\u00e3o.<br><br> Ouvintes poder\u00e3o se atualizar com informa\u00e7\u00f5es da capital do estado trazidas pelo radialista Agenor Filho com acontecimentos da Assembleia Legislativa e do governo da Bahia. O radialista Ot\u00e1vio J\u00fanior trar\u00e1 um resumo das o not\u00edcias. <br><br>O entrevistado da reestreia \u00e9 o advogado, professor e ex-vice-prefeito de Itabuna, Wenceslau J\u00fanior, atual Superintendente de Economia Solid\u00e1ria do Governo da Bahia. \u201cNosso programa trar\u00e1 outras inova\u00e7\u00f5es ,com espa\u00e7o para os ouvintes que, assim como entrevistado, poder\u00e1 dizer qual problema do seu munic\u00edpio coloca na boca do tubar\u00e3o,&nbsp; e tamb\u00e9m interagir com a bancada \u201d, disse o apresentador, o experiente radialista Neto Terra Branca.<br><br>O programa poder\u00e1 ser ouvido na R\u00e1dio Interativa FM (93,7) , ou pela internet. Ouvintes poder\u00e3o interagir com o programa atrav\u00e9s do telefone WhatsApp (73)98861-6427<\/p>\n","protected":false},"excerpt":{"rendered":"<p>Programa apresentado por Neto Terra Branca contar\u00e1 com coment\u00e1rios de Ruy Corr\u00eaa, reportagens de F\u00e1bio&#8230;<\/p>\n","protected":false},"author":1,"featured_media":4370,"comment_status":"open","ping_status":"open","sticky":false,"template":"","format":"standard","meta":{"footnotes":""},"categories":[18,4,11],"tags":[448,1659,1658],"yoast_head":"<!-- This site is optimized with the Yoast SEO plugin v21.7 - https:\/\/yoast.com\/wordpress\/plugins\/seo\/ -->\n<title>Central de Pol\u00edtica e o quadro &quot; Na boca do Tubar\u00e3o&quot;, reestreiam com novo formato e comentarista pol\u00edtico. - Cacau News<\/title>\n<meta name=\"robots\" content=\"index, follow, max-snippet:-1, max-image-preview:large, max-video-preview:-1\" \/>\n<link rel=\"canonical\" href=\"https:\/\/cacaunews.com\/?p=4371\" \/>\n<meta property=\"og:locale\" content=\"pt_BR\" \/>\n<meta property=\"og:type\" content=\"article\" \/>\n<meta property=\"og:title\" content=\"Central de Pol\u00edtica e o quadro &quot; Na boca do Tubar\u00e3o&quot;, reestreiam com novo formato e comentarista pol\u00edtico. - Cacau News\" \/>\n<meta property=\"og:description\" content=\"Programa apresentado por Neto Terra Branca contar\u00e1 com coment\u00e1rios de Ruy Corr\u00eaa, reportagens de F\u00e1bio...\" \/>\n<meta property=\"og:url\" content=\"https:\/\/cacaunews.com\/?p=4371\" \/>\n<meta property=\"og:site_name\" content=\"Cacau News\" \/>\n<meta property=\"article:published_time\" content=\"2024-03-01T13:20:47+00:00\" \/>\n<meta property=\"article:modified_time\" content=\"2024-03-01T13:22:55+00:00\" \/>\n<meta property=\"og:image\" content=\"https:\/\/cacaunews.com\/wp-content\/uploads\/2024\/03\/IMG_20240301_094643.jpg\" \/>\n\t<meta property=\"og:image:width\" content=\"1080\" \/>\n\t<meta property=\"og:image:height\" content=\"1289\" \/>\n\t<meta property=\"og:image:type\" content=\"image\/jpeg\" \/>\n<meta name=\"author\" content=\"Reda\u00e7\u00e3o Cacau News\" \/>\n<meta name=\"twitter:card\" content=\"summary_large_image\" \/>\n<meta name=\"twitter:label1\" content=\"Escrito por\" \/>\n\t<meta name=\"twitter:data1\" content=\"Reda\u00e7\u00e3o Cacau News\" \/>\n\t<meta name=\"twitter:label2\" content=\"Est. tempo de leitura\" \/>\n\t<meta name=\"twitter:data2\" content=\"2 minutos\" \/>\n<script type=\"application\/ld+json\" class=\"yoast-schema-graph\">{\"@context\":\"https:\/\/schema.org\",\"@graph\":[{\"@type\":\"Article\",\"@id\":\"https:\/\/cacaunews.com\/?p=4371#article\",\"isPartOf\":{\"@id\":\"https:\/\/cacaunews.com\/?p=4371\"},\"author\":{\"name\":\"Reda\u00e7\u00e3o Cacau News\",\"@id\":\"https:\/\/cacaunews.com\/#\/schema\/person\/ea69703103e606ad347ccd64bd72ef79\"},\"headline\":\"Central de Pol\u00edtica e o quadro &#8221; Na boca do Tubar\u00e3o&#8221;, reestreiam com novo formato e comentarista pol\u00edtico.\",\"datePublished\":\"2024-03-01T13:20:47+00:00\",\"dateModified\":\"2024-03-01T13:22:55+00:00\",\"mainEntityOfPage\":{\"@id\":\"https:\/\/cacaunews.com\/?p=4371\"},\"wordCount\":347,\"commentCount\":0,\"publisher\":{\"@id\":\"https:\/\/cacaunews.com\/#organization\"},\"keywords\":[\"interativa fm\",\"Neto terra branca\",\"reestr\u00e9ia\"],\"articleSection\":[\"cidades\",\"Internet\",\"Jornalismo\"],\"inLanguage\":\"pt-BR\",\"potentialAction\":[{\"@type\":\"CommentAction\",\"name\":\"Comment\",\"target\":[\"https:\/\/cacaunews.com\/?p=4371#respond\"]}]},{\"@type\":\"WebPage\",\"@id\":\"https:\/\/cacaunews.com\/?p=4371\",\"url\":\"https:\/\/cacaunews.com\/?p=4371\",\"name\":\"Central de Pol\u00edtica e o quadro \\\" Na boca do Tubar\u00e3o\\\", reestreiam com novo formato e comentarista pol\u00edtico. - Cacau News\",\"isPartOf\":{\"@id\":\"https:\/\/cacaunews.com\/#website\"},\"datePublished\":\"2024-03-01T13:20:47+00:00\",\"dateModified\":\"2024-03-01T13:22:55+00:00\",\"breadcrumb\":{\"@id\":\"https:\/\/cacaunews.com\/?p=4371#breadcrumb\"},\"inLanguage\":\"pt-BR\",\"potentialAction\":[{\"@type\":\"ReadAction\",\"target\":[\"https:\/\/cacaunews.com\/?p=4371\"]}]},{\"@type\":\"BreadcrumbList\",\"@id\":\"https:\/\/cacaunews.com\/?p=4371#breadcrumb\",\"itemListElement\":[{\"@type\":\"ListItem\",\"position\":1,\"name\":\"In\u00edcio\",\"item\":\"https:\/\/cacaunews.com\/\"},{\"@type\":\"ListItem\",\"position\":2,\"name\":\"Central de Pol\u00edtica e o quadro &#8221; Na boca do Tubar\u00e3o&#8221;, reestreiam com novo formato e comentarista pol\u00edtico.\"}]},{\"@type\":\"WebSite\",\"@id\":\"https:\/\/cacaunews.com\/#website\",\"url\":\"https:\/\/cacaunews.com\/\",\"name\":\"Cacau News\",\"description\":\"A Informa\u00e7\u00e3o que voc\u00ea precisa!\",\"publisher\":{\"@id\":\"https:\/\/cacaunews.com\/#organization\"},\"potentialAction\":[{\"@type\":\"SearchAction\",\"target\":{\"@type\":\"EntryPoint\",\"urlTemplate\":\"https:\/\/cacaunews.com\/?s={search_term_string}\"},\"query-input\":\"required name=search_term_string\"}],\"inLanguage\":\"pt-BR\"},{\"@type\":\"Organization\",\"@id\":\"https:\/\/cacaunews.com\/#organization\",\"name\":\"Cacau News\",\"url\":\"https:\/\/cacaunews.com\/\",\"logo\":{\"@type\":\"ImageObject\",\"inLanguage\":\"pt-BR\",\"@id\":\"https:\/\/cacaunews.com\/#\/schema\/logo\/image\/\",\"url\":\"https:\/\/cacaunews.com\/wp-content\/uploads\/2025\/01\/cropped-LOGO-NOVA.png\",\"contentUrl\":\"https:\/\/cacaunews.com\/wp-content\/uploads\/2025\/01\/cropped-LOGO-NOVA.png\",\"width\":813,\"height\":813,\"caption\":\"Cacau News\"},\"image\":{\"@id\":\"https:\/\/cacaunews.com\/#\/schema\/logo\/image\/\"},\"sameAs\":[\"https:\/\/www.instagram.com\/cacaunews.online\/\",\"https:\/\/youtube.com\/@cacaunews?si=0VXLnjl08SrWbVG9\"]},{\"@type\":\"Person\",\"@id\":\"https:\/\/cacaunews.com\/#\/schema\/person\/ea69703103e606ad347ccd64bd72ef79\",\"name\":\"Reda\u00e7\u00e3o Cacau News\",\"image\":{\"@type\":\"ImageObject\",\"inLanguage\":\"pt-BR\",\"@id\":\"https:\/\/cacaunews.com\/#\/schema\/person\/image\/\",\"url\":\"https:\/\/secure.gravatar.com\/avatar\/d79227a2a7b6cc42e8d7a8f7c284cd3a?s=96&d=mm&r=g\",\"contentUrl\":\"https:\/\/secure.gravatar.com\/avatar\/d79227a2a7b6cc42e8d7a8f7c284cd3a?s=96&d=mm&r=g\",\"caption\":\"Reda\u00e7\u00e3o Cacau News\"},\"sameAs\":[\"https:\/\/cacaunews.com\"],\"url\":\"https:\/\/cacaunews.com\/?author=1\"}]}<\/script>\n<!-- \/ Yoast SEO plugin. -->","yoast_head_json":{"title":"Central de Pol\u00edtica e o quadro \" Na boca do Tubar\u00e3o\", reestreiam com novo formato e comentarista pol\u00edtico. - Cacau News","robots":{"index":"index","follow":"follow","max-snippet":"max-snippet:-1","max-image-preview":"max-image-preview:large","max-video-preview":"max-video-preview:-1"},"canonical":"https:\/\/cacaunews.com\/?p=4371","og_locale":"pt_BR","og_type":"article","og_title":"Central de Pol\u00edtica e o quadro \" Na boca do Tubar\u00e3o\", reestreiam com novo formato e comentarista pol\u00edtico. - Cacau News","og_description":"Programa apresentado por Neto Terra Branca contar\u00e1 com coment\u00e1rios de Ruy Corr\u00eaa, reportagens de F\u00e1bio...","og_url":"https:\/\/cacaunews.com\/?p=4371","og_site_name":"Cacau News","article_published_time":"2024-03-01T13:20:47+00:00","article_modified_time":"2024-03-01T13:22:55+00:00","og_image":[{"width":1080,"height":1289,"url":"https:\/\/cacaunews.com\/wp-content\/uploads\/2024\/03\/IMG_20240301_094643.jpg","type":"image\/jpeg"}],"author":"Reda\u00e7\u00e3o Cacau News","twitter_card":"summary_large_image","twitter_misc":{"Escrito por":"Reda\u00e7\u00e3o Cacau News","Est. tempo de leitura":"2 minutos"},"schema":{"@context":"https:\/\/schema.org","@graph":[{"@type":"Article","@id":"https:\/\/cacaunews.com\/?p=4371#article","isPartOf":{"@id":"https:\/\/cacaunews.com\/?p=4371"},"author":{"name":"Reda\u00e7\u00e3o Cacau News","@id":"https:\/\/cacaunews.com\/#\/schema\/person\/ea69703103e606ad347ccd64bd72ef79"},"headline":"Central de Pol\u00edtica e o quadro &#8221; Na boca do Tubar\u00e3o&#8221;, reestreiam com novo formato e comentarista pol\u00edtico.","datePublished":"2024-03-01T13:20:47+00:00","dateModified":"2024-03-01T13:22:55+00:00","mainEntityOfPage":{"@id":"https:\/\/cacaunews.com\/?p=4371"},"wordCount":347,"commentCount":0,"publisher":{"@id":"https:\/\/cacaunews.com\/#organization"},"keywords":["interativa fm","Neto terra branca","reestr\u00e9ia"],"articleSection":["cidades","Internet","Jornalismo"],"inLanguage":"pt-BR","potentialAction":[{"@type":"CommentAction","name":"Comment","target":["https:\/\/cacaunews.com\/?p=4371#respond"]}]},{"@type":"WebPage","@id":"https:\/\/cacaunews.com\/?p=4371","url":"https:\/\/cacaunews.com\/?p=4371","name":"Central de Pol\u00edtica e o quadro \" Na boca do Tubar\u00e3o\", reestreiam com novo formato e comentarista pol\u00edtico. - Cacau News","isPartOf":{"@id":"https:\/\/cacaunews.com\/#website"},"datePublished":"2024-03-01T13:20:47+00:00","dateModified":"2024-03-01T13:22:55+00:00","breadcrumb":{"@id":"https:\/\/cacaunews.com\/?p=4371#breadcrumb"},"inLanguage":"pt-BR","potentialAction":[{"@type":"ReadAction","target":["https:\/\/cacaunews.com\/?p=4371"]}]},{"@type":"BreadcrumbList","@id":"https:\/\/cacaunews.com\/?p=4371#breadcrumb","itemListElement":[{"@type":"ListItem","position":1,"name":"In\u00edcio","item":"https:\/\/cacaunews.com\/"},{"@type":"ListItem","position":2,"name":"Central de Pol\u00edtica e o quadro &#8221; Na boca do Tubar\u00e3o&#8221;, reestreiam com novo formato e comentarista pol\u00edtico."}]},{"@type":"WebSite","@id":"https:\/\/cacaunews.com\/#website","url":"https:\/\/cacaunews.com\/","name":"Cacau News","description":"A Informa\u00e7\u00e3o que voc\u00ea precisa!","publisher":{"@id":"https:\/\/cacaunews.com\/#organization"},"potentialAction":[{"@type":"SearchAction","target":{"@type":"EntryPoint","urlTemplate":"https:\/\/cacaunews.com\/?s={search_term_string}"},"query-input":"required name=search_term_string"}],"inLanguage":"pt-BR"},{"@type":"Organization","@id":"https:\/\/cacaunews.com\/#organization","name":"Cacau News","url":"https:\/\/cacaunews.com\/","logo":{"@type":"ImageObject","inLanguage":"pt-BR","@id":"https:\/\/cacaunews.com\/#\/schema\/logo\/image\/","url":"https:\/\/cacaunews.com\/wp-content\/uploads\/2025\/01\/cropped-LOGO-NOVA.png","contentUrl":"https:\/\/cacaunews.com\/wp-content\/uploads\/2025\/01\/cropped-LOGO-NOVA.png","width":813,"height":813,"caption":"Cacau News"},"image":{"@id":"https:\/\/cacaunews.com\/#\/schema\/logo\/image\/"},"sameAs":["https:\/\/www.instagram.com\/cacaunews.online\/","https:\/\/youtube.com\/@cacaunews?si=0VXLnjl08SrWbVG9"]},{"@type":"Person","@id":"https:\/\/cacaunews.com\/#\/schema\/person\/ea69703103e606ad347ccd64bd72ef79","name":"Reda\u00e7\u00e3o Cacau News","image":{"@type":"ImageObject","inLanguage":"pt-BR","@id":"https:\/\/cacaunews.com\/#\/schema\/person\/image\/","url":"https:\/\/secure.gravatar.com\/avatar\/d79227a2a7b6cc42e8d7a8f7c284cd3a?s=96&d=mm&r=g","contentUrl":"https:\/\/secure.gravatar.com\/avatar\/d79227a2a7b6cc42e8d7a8f7c284cd3a?s=96&d=mm&r=g","caption":"Reda\u00e7\u00e3o Cacau News"},"sameAs":["https:\/\/cacaunews.com"],"url":"https:\/\/cacaunews.com\/?author=1"}]}},"jetpack_sharing_enabled":true,"jetpack_featured_media_url":"https:\/\/cacaunews.com\/wp-content\/uploads\/2024\/03\/IMG_20240301_094643.jpg","_links":{"self":[{"href":"https:\/\/cacaunews.com\/index.php?rest_route=\/wp\/v2\/posts\/4371"}],"collection":[{"href":"https:\/\/cacaunews.com\/index.php?rest_route=\/wp\/v2\/posts"}],"about":[{"href":"https:\/\/cacaunews.com\/index.php?rest_route=\/wp\/v2\/types\/post"}],"author":[{"embeddable":true,"href":"https:\/\/cacaunews.com\/index.php?rest_route=\/wp\/v2\/users\/1"}],"replies":[{"embeddable":true,"href":"https:\/\/cacaunews.com\/index.php?rest_route=%2Fwp%2Fv2%2Fcomments&post=4371"}],"version-history":[{"count":1,"href":"https:\/\/cacaunews.com\/index.php?rest_route=\/wp\/v2\/posts\/4371\/revisions"}],"predecessor-version":[{"id":4372,"href":"https:\/\/cacaunews.com\/index.php?rest_route=\/wp\/v2\/posts\/4371\/revisions\/4372"}],"wp:featuredmedia":[{"embeddable":true,"href":"https:\/\/cacaunews.com\/index.php?rest_route=\/wp\/v2\/media\/4370"}],"wp:attachment":[{"href":"https:\/\/cacaunews.com\/index.php?rest_route=%2Fwp%2Fv2%2Fmedia&parent=4371"}],"wp:term":[{"taxonomy":"category","embeddable":true,"href":"https:\/\/cacaunews.com\/index.php?rest_route=%2Fwp%2Fv2%2Fcategories&post=4371"},{"taxonomy":"post_tag","embeddable":true,"href":"https:\/\/cacaunews.com\/index.php?rest_route=%2Fwp%2Fv2%2Ftags&post=4371"}],"curies":[{"name":"wp","href":"https:\/\/api.w.org\/{rel}","templated":true}]}}