{"id":4381,"date":"2024-03-02T11:00:08","date_gmt":"2024-03-02T11:00:08","guid":{"rendered":"https:\/\/cacaunews.com\/?p=4381"},"modified":"2024-03-02T11:00:08","modified_gmt":"2024-03-02T11:00:08","slug":"tica-simoes-profere-aula-inaugural-na-uesc-no-dia-4-de-marco-segunda-feira","status":"publish","type":"post","link":"https:\/\/cacaunews.com\/?p=4381","title":{"rendered":"Tica Sim\u00f5es profere aula inaugural na Uesc, no dia 4 de mar\u00e7o, segunda-feira."},"content":{"rendered":"\n<p> A convite do reitor Alessandro Fernandes de Santana, a professora doutora Maria de Lourdes Netto Sim\u00f5es (Tica) vai fazer a confer\u00eancia de abertura do Semestre Letivo 2024.1 na Universidade Estadual de Santa Cruz (Uesc), no pr\u00f3ximo dia 4 de mar\u00e7o, segunda-feira, \u00e0s 9 horas, no audit\u00f3rio do centro de arte e cultura. Na oportunidade, a professora abordar\u00e1 o tema \u201cO papel da Universidade na Produ\u00e7\u00e3o e Divulga\u00e7\u00e3o da Cultura.\u201d<br><br> A aula inaugural ser\u00e1 realizada tamb\u00e9m no per\u00edodo noturno, \u00e0s 19 horas, no mesmo audit\u00f3rio. Tica Sim\u00f5es \u00e9 doutora em Estudos Portugueses; p\u00f3s-doutora em Literatura Comparada e Turismo Cultural; e p\u00f3s-doutora em Literatura Portuguesa Contempor\u00e2nea, pela Universidade Nova de Lisboa (Portugal). Professora titular, aposentada, ela foi pr\u00f3-reitora de Pesquisa e P\u00f3s-Gradua\u00e7\u00e3o da Uesc (1996-2000), Conselheira Estadual de Cultura da Bahia (2011-2013). Comendadora da Ordem do Ensino P\u00fablico (Portugal), Comendadora do M\u00e9rito de S\u00e3o Jorge dos Ilh\u00e9us, membro da Academia de Letras de Ilh\u00e9us (ALI).<\/p>\n\n\n\n<p>A programa\u00e7\u00e3o da aula inaugural contar\u00e1 com a apresenta\u00e7\u00e3o espet\u00e1culo Bahia da Magia, com o corpo de baile do Studio de Dan\u00e7a Eliana Fonseca, de Ilh\u00e9us. Premiado por meio de edital da secretaria de Cultura da Bahia, o espet\u00e1culo foi mostrado no Universal Dance Latino-Americano, realizado em C\u00f3rdoba (Argentina).<br><br> Conforme a diretora Eliana Fonseca, Bahia da Magia \u00e9 um espet\u00e1culo que traz aos palcos a ancestralidade atrav\u00e9s das dan\u00e7as baianas, tendo como refer\u00eancia a hist\u00f3ria e a cultura afro-ind\u00edgena-portuguesa, resgatando sua autoestima e sua capacidade de se expressar.<\/p>\n","protected":false},"excerpt":{"rendered":"<p>A convite do reitor Alessandro Fernandes de Santana, a professora doutora Maria de Lourdes Netto&#8230;<\/p>\n","protected":false},"author":1,"featured_media":4373,"comment_status":"open","ping_status":"open","sticky":false,"template":"","format":"standard","meta":{"footnotes":""},"categories":[11],"tags":[39,33,1660,352],"yoast_head":"<!-- This site is optimized with the Yoast SEO plugin v21.7 - https:\/\/yoast.com\/wordpress\/plugins\/seo\/ -->\n<title>Tica Sim\u00f5es profere aula inaugural na Uesc, no dia 4 de mar\u00e7o, segunda-feira. - Cacau News<\/title>\n<meta name=\"robots\" content=\"index, follow, max-snippet:-1, max-image-preview:large, max-video-preview:-1\" \/>\n<link rel=\"canonical\" href=\"https:\/\/cacaunews.com\/?p=4381\" \/>\n<meta property=\"og:locale\" content=\"pt_BR\" \/>\n<meta property=\"og:type\" content=\"article\" \/>\n<meta property=\"og:title\" content=\"Tica Sim\u00f5es profere aula inaugural na Uesc, no dia 4 de mar\u00e7o, segunda-feira. - Cacau News\" \/>\n<meta property=\"og:description\" content=\"A convite do reitor Alessandro Fernandes de Santana, a professora doutora Maria de Lourdes Netto...\" \/>\n<meta property=\"og:url\" content=\"https:\/\/cacaunews.com\/?p=4381\" \/>\n<meta property=\"og:site_name\" content=\"Cacau News\" \/>\n<meta property=\"article:published_time\" content=\"2024-03-02T11:00:08+00:00\" \/>\n<meta property=\"og:image\" content=\"https:\/\/cacaunews.com\/wp-content\/uploads\/2024\/03\/010623MostraEditorialDLAFoto-JC3BAliaBarreto286829-9-scaled.jpg\" \/>\n\t<meta property=\"og:image:width\" content=\"2560\" \/>\n\t<meta property=\"og:image:height\" content=\"1707\" \/>\n\t<meta property=\"og:image:type\" content=\"image\/jpeg\" \/>\n<meta name=\"author\" content=\"Reda\u00e7\u00e3o Cacau News\" \/>\n<meta name=\"twitter:card\" content=\"summary_large_image\" \/>\n<meta name=\"twitter:label1\" content=\"Escrito por\" \/>\n\t<meta name=\"twitter:data1\" content=\"Reda\u00e7\u00e3o Cacau News\" \/>\n\t<meta name=\"twitter:label2\" content=\"Est. tempo de leitura\" \/>\n\t<meta name=\"twitter:data2\" content=\"1 minuto\" \/>\n<script type=\"application\/ld+json\" class=\"yoast-schema-graph\">{\"@context\":\"https:\/\/schema.org\",\"@graph\":[{\"@type\":\"Article\",\"@id\":\"https:\/\/cacaunews.com\/?p=4381#article\",\"isPartOf\":{\"@id\":\"https:\/\/cacaunews.com\/?p=4381\"},\"author\":{\"name\":\"Reda\u00e7\u00e3o Cacau News\",\"@id\":\"https:\/\/cacaunews.com\/#\/schema\/person\/ea69703103e606ad347ccd64bd72ef79\"},\"headline\":\"Tica Sim\u00f5es profere aula inaugural na Uesc, no dia 4 de mar\u00e7o, segunda-feira.\",\"datePublished\":\"2024-03-02T11:00:08+00:00\",\"dateModified\":\"2024-03-02T11:00:08+00:00\",\"mainEntityOfPage\":{\"@id\":\"https:\/\/cacaunews.com\/?p=4381\"},\"wordCount\":284,\"commentCount\":0,\"publisher\":{\"@id\":\"https:\/\/cacaunews.com\/#organization\"},\"keywords\":[\"bahia\",\"educa\u00e7\u00e3o\",\"palestra magna\",\"UESC\"],\"articleSection\":[\"Jornalismo\"],\"inLanguage\":\"pt-BR\",\"potentialAction\":[{\"@type\":\"CommentAction\",\"name\":\"Comment\",\"target\":[\"https:\/\/cacaunews.com\/?p=4381#respond\"]}]},{\"@type\":\"WebPage\",\"@id\":\"https:\/\/cacaunews.com\/?p=4381\",\"url\":\"https:\/\/cacaunews.com\/?p=4381\",\"name\":\"Tica Sim\u00f5es profere aula inaugural na Uesc, no dia 4 de mar\u00e7o, segunda-feira. - Cacau News\",\"isPartOf\":{\"@id\":\"https:\/\/cacaunews.com\/#website\"},\"datePublished\":\"2024-03-02T11:00:08+00:00\",\"dateModified\":\"2024-03-02T11:00:08+00:00\",\"breadcrumb\":{\"@id\":\"https:\/\/cacaunews.com\/?p=4381#breadcrumb\"},\"inLanguage\":\"pt-BR\",\"potentialAction\":[{\"@type\":\"ReadAction\",\"target\":[\"https:\/\/cacaunews.com\/?p=4381\"]}]},{\"@type\":\"BreadcrumbList\",\"@id\":\"https:\/\/cacaunews.com\/?p=4381#breadcrumb\",\"itemListElement\":[{\"@type\":\"ListItem\",\"position\":1,\"name\":\"In\u00edcio\",\"item\":\"https:\/\/cacaunews.com\/\"},{\"@type\":\"ListItem\",\"position\":2,\"name\":\"Tica Sim\u00f5es profere aula inaugural na Uesc, no dia 4 de mar\u00e7o, segunda-feira.\"}]},{\"@type\":\"WebSite\",\"@id\":\"https:\/\/cacaunews.com\/#website\",\"url\":\"https:\/\/cacaunews.com\/\",\"name\":\"Cacau News\",\"description\":\"A Informa\u00e7\u00e3o que voc\u00ea precisa!\",\"publisher\":{\"@id\":\"https:\/\/cacaunews.com\/#organization\"},\"potentialAction\":[{\"@type\":\"SearchAction\",\"target\":{\"@type\":\"EntryPoint\",\"urlTemplate\":\"https:\/\/cacaunews.com\/?s={search_term_string}\"},\"query-input\":\"required name=search_term_string\"}],\"inLanguage\":\"pt-BR\"},{\"@type\":\"Organization\",\"@id\":\"https:\/\/cacaunews.com\/#organization\",\"name\":\"Cacau News\",\"url\":\"https:\/\/cacaunews.com\/\",\"logo\":{\"@type\":\"ImageObject\",\"inLanguage\":\"pt-BR\",\"@id\":\"https:\/\/cacaunews.com\/#\/schema\/logo\/image\/\",\"url\":\"https:\/\/cacaunews.com\/wp-content\/uploads\/2025\/01\/cropped-LOGO-NOVA.png\",\"contentUrl\":\"https:\/\/cacaunews.com\/wp-content\/uploads\/2025\/01\/cropped-LOGO-NOVA.png\",\"width\":813,\"height\":813,\"caption\":\"Cacau News\"},\"image\":{\"@id\":\"https:\/\/cacaunews.com\/#\/schema\/logo\/image\/\"},\"sameAs\":[\"https:\/\/www.instagram.com\/cacaunews.online\/\",\"https:\/\/youtube.com\/@cacaunews?si=0VXLnjl08SrWbVG9\"]},{\"@type\":\"Person\",\"@id\":\"https:\/\/cacaunews.com\/#\/schema\/person\/ea69703103e606ad347ccd64bd72ef79\",\"name\":\"Reda\u00e7\u00e3o Cacau News\",\"image\":{\"@type\":\"ImageObject\",\"inLanguage\":\"pt-BR\",\"@id\":\"https:\/\/cacaunews.com\/#\/schema\/person\/image\/\",\"url\":\"https:\/\/secure.gravatar.com\/avatar\/d79227a2a7b6cc42e8d7a8f7c284cd3a?s=96&d=mm&r=g\",\"contentUrl\":\"https:\/\/secure.gravatar.com\/avatar\/d79227a2a7b6cc42e8d7a8f7c284cd3a?s=96&d=mm&r=g\",\"caption\":\"Reda\u00e7\u00e3o Cacau News\"},\"sameAs\":[\"https:\/\/cacaunews.com\"],\"url\":\"https:\/\/cacaunews.com\/?author=1\"}]}<\/script>\n<!-- \/ Yoast SEO plugin. -->","yoast_head_json":{"title":"Tica Sim\u00f5es profere aula inaugural na Uesc, no dia 4 de mar\u00e7o, segunda-feira. - Cacau News","robots":{"index":"index","follow":"follow","max-snippet":"max-snippet:-1","max-image-preview":"max-image-preview:large","max-video-preview":"max-video-preview:-1"},"canonical":"https:\/\/cacaunews.com\/?p=4381","og_locale":"pt_BR","og_type":"article","og_title":"Tica Sim\u00f5es profere aula inaugural na Uesc, no dia 4 de mar\u00e7o, segunda-feira. - Cacau News","og_description":"A convite do reitor Alessandro Fernandes de Santana, a professora doutora Maria de Lourdes Netto...","og_url":"https:\/\/cacaunews.com\/?p=4381","og_site_name":"Cacau News","article_published_time":"2024-03-02T11:00:08+00:00","og_image":[{"width":2560,"height":1707,"url":"https:\/\/cacaunews.com\/wp-content\/uploads\/2024\/03\/010623MostraEditorialDLAFoto-JC3BAliaBarreto286829-9-scaled.jpg","type":"image\/jpeg"}],"author":"Reda\u00e7\u00e3o Cacau News","twitter_card":"summary_large_image","twitter_misc":{"Escrito por":"Reda\u00e7\u00e3o Cacau News","Est. tempo de leitura":"1 minuto"},"schema":{"@context":"https:\/\/schema.org","@graph":[{"@type":"Article","@id":"https:\/\/cacaunews.com\/?p=4381#article","isPartOf":{"@id":"https:\/\/cacaunews.com\/?p=4381"},"author":{"name":"Reda\u00e7\u00e3o Cacau News","@id":"https:\/\/cacaunews.com\/#\/schema\/person\/ea69703103e606ad347ccd64bd72ef79"},"headline":"Tica Sim\u00f5es profere aula inaugural na Uesc, no dia 4 de mar\u00e7o, segunda-feira.","datePublished":"2024-03-02T11:00:08+00:00","dateModified":"2024-03-02T11:00:08+00:00","mainEntityOfPage":{"@id":"https:\/\/cacaunews.com\/?p=4381"},"wordCount":284,"commentCount":0,"publisher":{"@id":"https:\/\/cacaunews.com\/#organization"},"keywords":["bahia","educa\u00e7\u00e3o","palestra magna","UESC"],"articleSection":["Jornalismo"],"inLanguage":"pt-BR","potentialAction":[{"@type":"CommentAction","name":"Comment","target":["https:\/\/cacaunews.com\/?p=4381#respond"]}]},{"@type":"WebPage","@id":"https:\/\/cacaunews.com\/?p=4381","url":"https:\/\/cacaunews.com\/?p=4381","name":"Tica Sim\u00f5es profere aula inaugural na Uesc, no dia 4 de mar\u00e7o, segunda-feira. - Cacau News","isPartOf":{"@id":"https:\/\/cacaunews.com\/#website"},"datePublished":"2024-03-02T11:00:08+00:00","dateModified":"2024-03-02T11:00:08+00:00","breadcrumb":{"@id":"https:\/\/cacaunews.com\/?p=4381#breadcrumb"},"inLanguage":"pt-BR","potentialAction":[{"@type":"ReadAction","target":["https:\/\/cacaunews.com\/?p=4381"]}]},{"@type":"BreadcrumbList","@id":"https:\/\/cacaunews.com\/?p=4381#breadcrumb","itemListElement":[{"@type":"ListItem","position":1,"name":"In\u00edcio","item":"https:\/\/cacaunews.com\/"},{"@type":"ListItem","position":2,"name":"Tica Sim\u00f5es profere aula inaugural na Uesc, no dia 4 de mar\u00e7o, segunda-feira."}]},{"@type":"WebSite","@id":"https:\/\/cacaunews.com\/#website","url":"https:\/\/cacaunews.com\/","name":"Cacau News","description":"A Informa\u00e7\u00e3o que voc\u00ea precisa!","publisher":{"@id":"https:\/\/cacaunews.com\/#organization"},"potentialAction":[{"@type":"SearchAction","target":{"@type":"EntryPoint","urlTemplate":"https:\/\/cacaunews.com\/?s={search_term_string}"},"query-input":"required name=search_term_string"}],"inLanguage":"pt-BR"},{"@type":"Organization","@id":"https:\/\/cacaunews.com\/#organization","name":"Cacau News","url":"https:\/\/cacaunews.com\/","logo":{"@type":"ImageObject","inLanguage":"pt-BR","@id":"https:\/\/cacaunews.com\/#\/schema\/logo\/image\/","url":"https:\/\/cacaunews.com\/wp-content\/uploads\/2025\/01\/cropped-LOGO-NOVA.png","contentUrl":"https:\/\/cacaunews.com\/wp-content\/uploads\/2025\/01\/cropped-LOGO-NOVA.png","width":813,"height":813,"caption":"Cacau News"},"image":{"@id":"https:\/\/cacaunews.com\/#\/schema\/logo\/image\/"},"sameAs":["https:\/\/www.instagram.com\/cacaunews.online\/","https:\/\/youtube.com\/@cacaunews?si=0VXLnjl08SrWbVG9"]},{"@type":"Person","@id":"https:\/\/cacaunews.com\/#\/schema\/person\/ea69703103e606ad347ccd64bd72ef79","name":"Reda\u00e7\u00e3o Cacau News","image":{"@type":"ImageObject","inLanguage":"pt-BR","@id":"https:\/\/cacaunews.com\/#\/schema\/person\/image\/","url":"https:\/\/secure.gravatar.com\/avatar\/d79227a2a7b6cc42e8d7a8f7c284cd3a?s=96&d=mm&r=g","contentUrl":"https:\/\/secure.gravatar.com\/avatar\/d79227a2a7b6cc42e8d7a8f7c284cd3a?s=96&d=mm&r=g","caption":"Reda\u00e7\u00e3o Cacau News"},"sameAs":["https:\/\/cacaunews.com"],"url":"https:\/\/cacaunews.com\/?author=1"}]}},"jetpack_sharing_enabled":true,"jetpack_featured_media_url":"https:\/\/cacaunews.com\/wp-content\/uploads\/2024\/03\/010623MostraEditorialDLAFoto-JC3BAliaBarreto286829-9-scaled.jpg","_links":{"self":[{"href":"https:\/\/cacaunews.com\/index.php?rest_route=\/wp\/v2\/posts\/4381"}],"collection":[{"href":"https:\/\/cacaunews.com\/index.php?rest_route=\/wp\/v2\/posts"}],"about":[{"href":"https:\/\/cacaunews.com\/index.php?rest_route=\/wp\/v2\/types\/post"}],"author":[{"embeddable":true,"href":"https:\/\/cacaunews.com\/index.php?rest_route=\/wp\/v2\/users\/1"}],"replies":[{"embeddable":true,"href":"https:\/\/cacaunews.com\/index.php?rest_route=%2Fwp%2Fv2%2Fcomments&post=4381"}],"version-history":[{"count":0,"href":"https:\/\/cacaunews.com\/index.php?rest_route=\/wp\/v2\/posts\/4381\/revisions"}],"wp:featuredmedia":[{"embeddable":true,"href":"https:\/\/cacaunews.com\/index.php?rest_route=\/wp\/v2\/media\/4373"}],"wp:attachment":[{"href":"https:\/\/cacaunews.com\/index.php?rest_route=%2Fwp%2Fv2%2Fmedia&parent=4381"}],"wp:term":[{"taxonomy":"category","embeddable":true,"href":"https:\/\/cacaunews.com\/index.php?rest_route=%2Fwp%2Fv2%2Fcategories&post=4381"},{"taxonomy":"post_tag","embeddable":true,"href":"https:\/\/cacaunews.com\/index.php?rest_route=%2Fwp%2Fv2%2Ftags&post=4381"}],"curies":[{"name":"wp","href":"https:\/\/api.w.org\/{rel}","templated":true}]}}