{"id":4416,"date":"2024-03-10T16:42:12","date_gmt":"2024-03-10T16:42:12","guid":{"rendered":"https:\/\/cacaunews.com\/?p=4416"},"modified":"2024-03-10T16:42:12","modified_gmt":"2024-03-10T16:42:12","slug":"itabuna-vereador-manoel-porfirio-coloca-presidente-do-pt-eden-valadares-na-boca-do-tubarao-e-o-chama-de-covarde","status":"publish","type":"post","link":"https:\/\/cacaunews.com\/?p=4416","title":{"rendered":"Itabuna: Vereador Manoel Porf\u00edrio coloca Presidente do PT, \u00c9den Valadares, &#8220;Na Boca Do Tubar\u00e3o&#8221; e o chama de covarde."},"content":{"rendered":"\n<p>Em entrevista ao quadro Na Boca do Tubar\u00e3o, do programa Central Interativa, da r\u00e1dio Interativa FM, na manh\u00e3 deste s\u00e1bado (9) , o vereador de Itabuna, Manoel Porf\u00edrio (PT), mandou o presidente estadual do PT \u00c9den Valadares pra boca do tubar\u00e3o. \u201d Sim, \u00c9den \u00e9 gordinho \u201d disse de forma ir\u00f4nica, \u201cVai pra boca do tubar\u00e3o pelo comportamento dele \u201c, disse ao responder \u00e0 pergunta se colocaria o presidente estadual da legenda na boca do tubar\u00e3o.<br><br>O edil sugeriu tamb\u00e9m, que \u00c9den Valadares \u00e9 covarde ao n\u00e3o defend\u00ea-lo das cr\u00edticas do presidente do MDB que cobrou a sua lealdade ao PT. \u00c9den, em entrevista ao site Bahia Not\u00edcias, fez considera\u00e7\u00f5es em rela\u00e7\u00e3o a gest\u00e3o do prefeito Augusto Castro,aliado de Porfirio. Segundo ele o prefeito tem problemas de natureza eleitoral, o que significa que \u00e9 mal avaliado.<br>A entrevista provocou um rebuli\u00e7o no cen\u00e1rio eleitoral no munic\u00edpio. \u00c9den tamb\u00e9m defendeu o direito \u00e0 candidatura do ex-prefeito Geraldo Sim\u00f5es.<br><br>Manoel Porfirio, do j\u00e1 apelidado PT2, defende \u00e0 reelei\u00e7\u00e3o de Augusto Castro, detendo in\u00fameros cargos no governo.<br><br>Porf\u00edrio e seus aliados n\u00e3o tem feito defesa da candidatura petista e diariamente em grupos de WhatsApp e redes sociais ataca a pr\u00e9-candidatura do PT.<\/p>\n\n\n\n<p>Com Informa\u00e7\u00f5es Central de Pol\u00edtica.<\/p>\n","protected":false},"excerpt":{"rendered":"<p>Em entrevista ao quadro Na Boca do Tubar\u00e3o, do programa Central Interativa, da r\u00e1dio Interativa&#8230;<\/p>\n","protected":false},"author":1,"featured_media":4415,"comment_status":"open","ping_status":"open","sticky":false,"template":"","format":"standard","meta":{"footnotes":""},"categories":[18,5],"tags":[1619,1320,426,26],"yoast_head":"<!-- This site is optimized with the Yoast SEO plugin v21.7 - https:\/\/yoast.com\/wordpress\/plugins\/seo\/ -->\n<title>Itabuna: Vereador Manoel Porf\u00edrio coloca Presidente do PT, \u00c9den Valadares, &quot;Na Boca Do Tubar\u00e3o&quot; e o chama de covarde. - Cacau News<\/title>\n<meta name=\"robots\" content=\"index, follow, max-snippet:-1, max-image-preview:large, max-video-preview:-1\" \/>\n<link rel=\"canonical\" href=\"https:\/\/cacaunews.com\/?p=4416\" \/>\n<meta property=\"og:locale\" content=\"pt_BR\" \/>\n<meta property=\"og:type\" content=\"article\" \/>\n<meta property=\"og:title\" content=\"Itabuna: Vereador Manoel Porf\u00edrio coloca Presidente do PT, \u00c9den Valadares, &quot;Na Boca Do Tubar\u00e3o&quot; e o chama de covarde. - Cacau News\" \/>\n<meta property=\"og:description\" content=\"Em entrevista ao quadro Na Boca do Tubar\u00e3o, do programa Central Interativa, da r\u00e1dio Interativa...\" \/>\n<meta property=\"og:url\" content=\"https:\/\/cacaunews.com\/?p=4416\" \/>\n<meta property=\"og:site_name\" content=\"Cacau News\" \/>\n<meta property=\"article:published_time\" content=\"2024-03-10T16:42:12+00:00\" \/>\n<meta name=\"author\" content=\"Reda\u00e7\u00e3o Cacau News\" \/>\n<meta name=\"twitter:card\" content=\"summary_large_image\" \/>\n<meta name=\"twitter:label1\" content=\"Escrito por\" \/>\n\t<meta name=\"twitter:data1\" content=\"Reda\u00e7\u00e3o Cacau News\" \/>\n\t<meta name=\"twitter:label2\" content=\"Est. tempo de leitura\" \/>\n\t<meta name=\"twitter:data2\" content=\"1 minuto\" \/>\n<script type=\"application\/ld+json\" class=\"yoast-schema-graph\">{\"@context\":\"https:\/\/schema.org\",\"@graph\":[{\"@type\":\"Article\",\"@id\":\"https:\/\/cacaunews.com\/?p=4416#article\",\"isPartOf\":{\"@id\":\"https:\/\/cacaunews.com\/?p=4416\"},\"author\":{\"name\":\"Reda\u00e7\u00e3o Cacau News\",\"@id\":\"https:\/\/cacaunews.com\/#\/schema\/person\/ea69703103e606ad347ccd64bd72ef79\"},\"headline\":\"Itabuna: Vereador Manoel Porf\u00edrio coloca Presidente do PT, \u00c9den Valadares, &#8220;Na Boca Do Tubar\u00e3o&#8221; e o chama de covarde.\",\"datePublished\":\"2024-03-10T16:42:12+00:00\",\"dateModified\":\"2024-03-10T16:42:12+00:00\",\"mainEntityOfPage\":{\"@id\":\"https:\/\/cacaunews.com\/?p=4416\"},\"wordCount\":243,\"commentCount\":0,\"publisher\":{\"@id\":\"https:\/\/cacaunews.com\/#organization\"},\"keywords\":[\"\u00c9den Valadares\",\"Manoel Porf\u00edrio\",\"na boca do tubar\u00e3o\",\"politica\"],\"articleSection\":[\"cidades\",\"Politica\"],\"inLanguage\":\"pt-BR\",\"potentialAction\":[{\"@type\":\"CommentAction\",\"name\":\"Comment\",\"target\":[\"https:\/\/cacaunews.com\/?p=4416#respond\"]}]},{\"@type\":\"WebPage\",\"@id\":\"https:\/\/cacaunews.com\/?p=4416\",\"url\":\"https:\/\/cacaunews.com\/?p=4416\",\"name\":\"Itabuna: Vereador Manoel Porf\u00edrio coloca Presidente do PT, \u00c9den Valadares, \\\"Na Boca Do Tubar\u00e3o\\\" e o chama de covarde. - Cacau News\",\"isPartOf\":{\"@id\":\"https:\/\/cacaunews.com\/#website\"},\"datePublished\":\"2024-03-10T16:42:12+00:00\",\"dateModified\":\"2024-03-10T16:42:12+00:00\",\"breadcrumb\":{\"@id\":\"https:\/\/cacaunews.com\/?p=4416#breadcrumb\"},\"inLanguage\":\"pt-BR\",\"potentialAction\":[{\"@type\":\"ReadAction\",\"target\":[\"https:\/\/cacaunews.com\/?p=4416\"]}]},{\"@type\":\"BreadcrumbList\",\"@id\":\"https:\/\/cacaunews.com\/?p=4416#breadcrumb\",\"itemListElement\":[{\"@type\":\"ListItem\",\"position\":1,\"name\":\"In\u00edcio\",\"item\":\"https:\/\/cacaunews.com\/\"},{\"@type\":\"ListItem\",\"position\":2,\"name\":\"Itabuna: Vereador Manoel Porf\u00edrio coloca Presidente do PT, \u00c9den Valadares, &#8220;Na Boca Do Tubar\u00e3o&#8221; e o chama de covarde.\"}]},{\"@type\":\"WebSite\",\"@id\":\"https:\/\/cacaunews.com\/#website\",\"url\":\"https:\/\/cacaunews.com\/\",\"name\":\"Cacau News\",\"description\":\"A Informa\u00e7\u00e3o que voc\u00ea precisa!\",\"publisher\":{\"@id\":\"https:\/\/cacaunews.com\/#organization\"},\"potentialAction\":[{\"@type\":\"SearchAction\",\"target\":{\"@type\":\"EntryPoint\",\"urlTemplate\":\"https:\/\/cacaunews.com\/?s={search_term_string}\"},\"query-input\":\"required name=search_term_string\"}],\"inLanguage\":\"pt-BR\"},{\"@type\":\"Organization\",\"@id\":\"https:\/\/cacaunews.com\/#organization\",\"name\":\"Cacau News\",\"url\":\"https:\/\/cacaunews.com\/\",\"logo\":{\"@type\":\"ImageObject\",\"inLanguage\":\"pt-BR\",\"@id\":\"https:\/\/cacaunews.com\/#\/schema\/logo\/image\/\",\"url\":\"https:\/\/cacaunews.com\/wp-content\/uploads\/2025\/01\/cropped-LOGO-NOVA.png\",\"contentUrl\":\"https:\/\/cacaunews.com\/wp-content\/uploads\/2025\/01\/cropped-LOGO-NOVA.png\",\"width\":813,\"height\":813,\"caption\":\"Cacau News\"},\"image\":{\"@id\":\"https:\/\/cacaunews.com\/#\/schema\/logo\/image\/\"},\"sameAs\":[\"https:\/\/www.instagram.com\/cacaunews.online\/\",\"https:\/\/youtube.com\/@cacaunews?si=0VXLnjl08SrWbVG9\"]},{\"@type\":\"Person\",\"@id\":\"https:\/\/cacaunews.com\/#\/schema\/person\/ea69703103e606ad347ccd64bd72ef79\",\"name\":\"Reda\u00e7\u00e3o Cacau News\",\"image\":{\"@type\":\"ImageObject\",\"inLanguage\":\"pt-BR\",\"@id\":\"https:\/\/cacaunews.com\/#\/schema\/person\/image\/\",\"url\":\"https:\/\/secure.gravatar.com\/avatar\/d79227a2a7b6cc42e8d7a8f7c284cd3a?s=96&d=mm&r=g\",\"contentUrl\":\"https:\/\/secure.gravatar.com\/avatar\/d79227a2a7b6cc42e8d7a8f7c284cd3a?s=96&d=mm&r=g\",\"caption\":\"Reda\u00e7\u00e3o Cacau News\"},\"sameAs\":[\"https:\/\/cacaunews.com\"],\"url\":\"https:\/\/cacaunews.com\/?author=1\"}]}<\/script>\n<!-- \/ Yoast SEO plugin. -->","yoast_head_json":{"title":"Itabuna: Vereador Manoel Porf\u00edrio coloca Presidente do PT, \u00c9den Valadares, \"Na Boca Do Tubar\u00e3o\" e o chama de covarde. - Cacau News","robots":{"index":"index","follow":"follow","max-snippet":"max-snippet:-1","max-image-preview":"max-image-preview:large","max-video-preview":"max-video-preview:-1"},"canonical":"https:\/\/cacaunews.com\/?p=4416","og_locale":"pt_BR","og_type":"article","og_title":"Itabuna: Vereador Manoel Porf\u00edrio coloca Presidente do PT, \u00c9den Valadares, \"Na Boca Do Tubar\u00e3o\" e o chama de covarde. - Cacau News","og_description":"Em entrevista ao quadro Na Boca do Tubar\u00e3o, do programa Central Interativa, da r\u00e1dio Interativa...","og_url":"https:\/\/cacaunews.com\/?p=4416","og_site_name":"Cacau News","article_published_time":"2024-03-10T16:42:12+00:00","author":"Reda\u00e7\u00e3o Cacau News","twitter_card":"summary_large_image","twitter_misc":{"Escrito por":"Reda\u00e7\u00e3o Cacau News","Est. tempo de leitura":"1 minuto"},"schema":{"@context":"https:\/\/schema.org","@graph":[{"@type":"Article","@id":"https:\/\/cacaunews.com\/?p=4416#article","isPartOf":{"@id":"https:\/\/cacaunews.com\/?p=4416"},"author":{"name":"Reda\u00e7\u00e3o Cacau News","@id":"https:\/\/cacaunews.com\/#\/schema\/person\/ea69703103e606ad347ccd64bd72ef79"},"headline":"Itabuna: Vereador Manoel Porf\u00edrio coloca Presidente do PT, \u00c9den Valadares, &#8220;Na Boca Do Tubar\u00e3o&#8221; e o chama de covarde.","datePublished":"2024-03-10T16:42:12+00:00","dateModified":"2024-03-10T16:42:12+00:00","mainEntityOfPage":{"@id":"https:\/\/cacaunews.com\/?p=4416"},"wordCount":243,"commentCount":0,"publisher":{"@id":"https:\/\/cacaunews.com\/#organization"},"keywords":["\u00c9den Valadares","Manoel Porf\u00edrio","na boca do tubar\u00e3o","politica"],"articleSection":["cidades","Politica"],"inLanguage":"pt-BR","potentialAction":[{"@type":"CommentAction","name":"Comment","target":["https:\/\/cacaunews.com\/?p=4416#respond"]}]},{"@type":"WebPage","@id":"https:\/\/cacaunews.com\/?p=4416","url":"https:\/\/cacaunews.com\/?p=4416","name":"Itabuna: Vereador Manoel Porf\u00edrio coloca Presidente do PT, \u00c9den Valadares, \"Na Boca Do Tubar\u00e3o\" e o chama de covarde. - Cacau News","isPartOf":{"@id":"https:\/\/cacaunews.com\/#website"},"datePublished":"2024-03-10T16:42:12+00:00","dateModified":"2024-03-10T16:42:12+00:00","breadcrumb":{"@id":"https:\/\/cacaunews.com\/?p=4416#breadcrumb"},"inLanguage":"pt-BR","potentialAction":[{"@type":"ReadAction","target":["https:\/\/cacaunews.com\/?p=4416"]}]},{"@type":"BreadcrumbList","@id":"https:\/\/cacaunews.com\/?p=4416#breadcrumb","itemListElement":[{"@type":"ListItem","position":1,"name":"In\u00edcio","item":"https:\/\/cacaunews.com\/"},{"@type":"ListItem","position":2,"name":"Itabuna: Vereador Manoel Porf\u00edrio coloca Presidente do PT, \u00c9den Valadares, &#8220;Na Boca Do Tubar\u00e3o&#8221; e o chama de covarde."}]},{"@type":"WebSite","@id":"https:\/\/cacaunews.com\/#website","url":"https:\/\/cacaunews.com\/","name":"Cacau News","description":"A Informa\u00e7\u00e3o que voc\u00ea precisa!","publisher":{"@id":"https:\/\/cacaunews.com\/#organization"},"potentialAction":[{"@type":"SearchAction","target":{"@type":"EntryPoint","urlTemplate":"https:\/\/cacaunews.com\/?s={search_term_string}"},"query-input":"required name=search_term_string"}],"inLanguage":"pt-BR"},{"@type":"Organization","@id":"https:\/\/cacaunews.com\/#organization","name":"Cacau News","url":"https:\/\/cacaunews.com\/","logo":{"@type":"ImageObject","inLanguage":"pt-BR","@id":"https:\/\/cacaunews.com\/#\/schema\/logo\/image\/","url":"https:\/\/cacaunews.com\/wp-content\/uploads\/2025\/01\/cropped-LOGO-NOVA.png","contentUrl":"https:\/\/cacaunews.com\/wp-content\/uploads\/2025\/01\/cropped-LOGO-NOVA.png","width":813,"height":813,"caption":"Cacau News"},"image":{"@id":"https:\/\/cacaunews.com\/#\/schema\/logo\/image\/"},"sameAs":["https:\/\/www.instagram.com\/cacaunews.online\/","https:\/\/youtube.com\/@cacaunews?si=0VXLnjl08SrWbVG9"]},{"@type":"Person","@id":"https:\/\/cacaunews.com\/#\/schema\/person\/ea69703103e606ad347ccd64bd72ef79","name":"Reda\u00e7\u00e3o Cacau News","image":{"@type":"ImageObject","inLanguage":"pt-BR","@id":"https:\/\/cacaunews.com\/#\/schema\/person\/image\/","url":"https:\/\/secure.gravatar.com\/avatar\/d79227a2a7b6cc42e8d7a8f7c284cd3a?s=96&d=mm&r=g","contentUrl":"https:\/\/secure.gravatar.com\/avatar\/d79227a2a7b6cc42e8d7a8f7c284cd3a?s=96&d=mm&r=g","caption":"Reda\u00e7\u00e3o Cacau News"},"sameAs":["https:\/\/cacaunews.com"],"url":"https:\/\/cacaunews.com\/?author=1"}]}},"jetpack_sharing_enabled":true,"jetpack_featured_media_url":"https:\/\/cacaunews.com\/wp-content\/uploads\/2024\/03\/IMG-20240309-WA0033.jpg","_links":{"self":[{"href":"https:\/\/cacaunews.com\/index.php?rest_route=\/wp\/v2\/posts\/4416"}],"collection":[{"href":"https:\/\/cacaunews.com\/index.php?rest_route=\/wp\/v2\/posts"}],"about":[{"href":"https:\/\/cacaunews.com\/index.php?rest_route=\/wp\/v2\/types\/post"}],"author":[{"embeddable":true,"href":"https:\/\/cacaunews.com\/index.php?rest_route=\/wp\/v2\/users\/1"}],"replies":[{"embeddable":true,"href":"https:\/\/cacaunews.com\/index.php?rest_route=%2Fwp%2Fv2%2Fcomments&post=4416"}],"version-history":[{"count":0,"href":"https:\/\/cacaunews.com\/index.php?rest_route=\/wp\/v2\/posts\/4416\/revisions"}],"wp:featuredmedia":[{"embeddable":true,"href":"https:\/\/cacaunews.com\/index.php?rest_route=\/wp\/v2\/media\/4415"}],"wp:attachment":[{"href":"https:\/\/cacaunews.com\/index.php?rest_route=%2Fwp%2Fv2%2Fmedia&parent=4416"}],"wp:term":[{"taxonomy":"category","embeddable":true,"href":"https:\/\/cacaunews.com\/index.php?rest_route=%2Fwp%2Fv2%2Fcategories&post=4416"},{"taxonomy":"post_tag","embeddable":true,"href":"https:\/\/cacaunews.com\/index.php?rest_route=%2Fwp%2Fv2%2Ftags&post=4416"}],"curies":[{"name":"wp","href":"https:\/\/api.w.org\/{rel}","templated":true}]}}