{"id":4456,"date":"2024-03-16T00:09:21","date_gmt":"2024-03-16T00:09:21","guid":{"rendered":"https:\/\/cacaunews.com\/?p=4456"},"modified":"2024-03-16T00:09:54","modified_gmt":"2024-03-16T00:09:54","slug":"lucio-vieira-lima-acusa-prefeito-de-itabuna-de-cometer-ato-de-censura-entenda","status":"publish","type":"post","link":"https:\/\/cacaunews.com\/?p=4456","title":{"rendered":"L\u00facio Vieira Lima acusa prefeito de Itabuna de cometer ato de censura; entenda."},"content":{"rendered":"\n<p>O presidente de honra do MDB da Bahia, L\u00facio Vieira Lima, acusou o prefeito de Itabuna, Augusto Castro, de querer censurar manifesta\u00e7\u00e3o de militantes do PT na cidade que desejam realizar pr\u00e9vias na sigla para decidir se apoiam a pr\u00e9-candidatura \u00e0 reelei\u00e7\u00e3o de Castro ou se endossam uma candidatura pr\u00f3pria do PT. O MDB j\u00e1 declarou apoio a Geraldo Sim\u00f5es. A celeuma agora se d\u00e1 em torno de outdoors em que petistas se refeririam ao prefeito como &#8220;Lero-lero&#8221;; no entendimento de L\u00facio, Castro vestiu a carapu\u00e7a.<br \/><br \/>&#8220;Aconteceu um ato muito grave que envergonha n\u00e3o s\u00f3 Itabuna, mas a toda a Bahia [&#8230;] Para surpresa nossa, parece que o ex-prefeito, o Augusto, entrou em desespero e ligou para o presidente do PT com palavras ofensivas e disse que iria apertar a empresa para que a empresa de outdoor retirasse aquele outdoor&#8221;, diz L\u00facio,&nbsp; no v\u00eddeo. Em tom de provoca\u00e7\u00e3o, o emedebista de refere a Augusto Castro como ex-prefeito.<\/p>\n\n\n\n<p>L\u00facio disse que h\u00e1 &#8220;disputa dentro do PT de Itabuna que marcou a realiza\u00e7\u00e3o das pr\u00e9vias, assunto interno do partido, e botaram um outdoor, levando uma mensagem \u00e0 milit\u00e2ncia onde dizia &#8216;o PT n\u00e3o quer lero lero&#8217;, alguma coisa nesse sentido [&#8230;] Qual \u00e9 a ofensa disso? Lero lero \u00e9 o nome dele? Se Lero lero ofende algu\u00e9m, ele est\u00e1 assumindo que ele \u00e9 Lero-lero&#8221;, ironizou o presidente de honra do MDB. L\u00facio disse que a suposta tentativa de censura n\u00e3o combina com &#8220;o momento de liberdade de imprensa e de comunica\u00e7\u00e3o que foi conquistada com o suor dos brasieliros&#8221;.<\/p>\n\n\n\n<p>Com Informa\u00e7\u00f5es BNews.<\/p>\n","protected":false},"excerpt":{"rendered":"<p>O presidente de honra do MDB da Bahia, L\u00facio Vieira Lima, acusou o prefeito de&#8230;<\/p>\n","protected":false},"author":1,"featured_media":4455,"comment_status":"open","ping_status":"open","sticky":false,"template":"","format":"standard","meta":{"footnotes":""},"categories":[18,11,5],"tags":[374,27,1114,26],"yoast_head":"<!-- This site is optimized with the Yoast SEO plugin v21.7 - https:\/\/yoast.com\/wordpress\/plugins\/seo\/ -->\n<title>L\u00facio Vieira Lima acusa prefeito de Itabuna de cometer ato de censura; entenda. - Cacau News<\/title>\n<meta name=\"robots\" content=\"index, follow, max-snippet:-1, max-image-preview:large, max-video-preview:-1\" \/>\n<link rel=\"canonical\" href=\"https:\/\/cacaunews.com\/?p=4456\" \/>\n<meta property=\"og:locale\" content=\"pt_BR\" \/>\n<meta property=\"og:type\" content=\"article\" \/>\n<meta property=\"og:title\" content=\"L\u00facio Vieira Lima acusa prefeito de Itabuna de cometer ato de censura; entenda. - Cacau News\" \/>\n<meta property=\"og:description\" content=\"O presidente de honra do MDB da Bahia, L\u00facio Vieira Lima, acusou o prefeito de...\" \/>\n<meta property=\"og:url\" content=\"https:\/\/cacaunews.com\/?p=4456\" \/>\n<meta property=\"og:site_name\" content=\"Cacau News\" \/>\n<meta property=\"article:published_time\" content=\"2024-03-16T00:09:21+00:00\" \/>\n<meta property=\"article:modified_time\" content=\"2024-03-16T00:09:54+00:00\" \/>\n<meta property=\"og:image\" content=\"https:\/\/cacaunews.com\/wp-content\/uploads\/2024\/03\/lucio-vieira-lima-reage-ataque-de-colbert-por-apoio-ze-neto-problema-dele_widelg_widelg.jpeg\" \/>\n\t<meta property=\"og:image:width\" content=\"800\" \/>\n\t<meta property=\"og:image:height\" content=\"450\" \/>\n\t<meta property=\"og:image:type\" content=\"image\/jpeg\" \/>\n<meta name=\"author\" content=\"Reda\u00e7\u00e3o Cacau News\" \/>\n<meta name=\"twitter:card\" content=\"summary_large_image\" \/>\n<meta name=\"twitter:label1\" content=\"Escrito por\" \/>\n\t<meta name=\"twitter:data1\" content=\"Reda\u00e7\u00e3o Cacau News\" \/>\n\t<meta name=\"twitter:label2\" content=\"Est. tempo de leitura\" \/>\n\t<meta name=\"twitter:data2\" content=\"1 minuto\" \/>\n<script type=\"application\/ld+json\" class=\"yoast-schema-graph\">{\"@context\":\"https:\/\/schema.org\",\"@graph\":[{\"@type\":\"Article\",\"@id\":\"https:\/\/cacaunews.com\/?p=4456#article\",\"isPartOf\":{\"@id\":\"https:\/\/cacaunews.com\/?p=4456\"},\"author\":{\"name\":\"Reda\u00e7\u00e3o Cacau News\",\"@id\":\"https:\/\/cacaunews.com\/#\/schema\/person\/ea69703103e606ad347ccd64bd72ef79\"},\"headline\":\"L\u00facio Vieira Lima acusa prefeito de Itabuna de cometer ato de censura; entenda.\",\"datePublished\":\"2024-03-16T00:09:21+00:00\",\"dateModified\":\"2024-03-16T00:09:54+00:00\",\"mainEntityOfPage\":{\"@id\":\"https:\/\/cacaunews.com\/?p=4456\"},\"wordCount\":291,\"commentCount\":0,\"publisher\":{\"@id\":\"https:\/\/cacaunews.com\/#organization\"},\"keywords\":[\"augusto castro\",\"itabuna\",\"L\u00facio Vieira Lima\",\"politica\"],\"articleSection\":[\"cidades\",\"Jornalismo\",\"Politica\"],\"inLanguage\":\"pt-BR\",\"potentialAction\":[{\"@type\":\"CommentAction\",\"name\":\"Comment\",\"target\":[\"https:\/\/cacaunews.com\/?p=4456#respond\"]}]},{\"@type\":\"WebPage\",\"@id\":\"https:\/\/cacaunews.com\/?p=4456\",\"url\":\"https:\/\/cacaunews.com\/?p=4456\",\"name\":\"L\u00facio Vieira Lima acusa prefeito de Itabuna de cometer ato de censura; entenda. - Cacau News\",\"isPartOf\":{\"@id\":\"https:\/\/cacaunews.com\/#website\"},\"datePublished\":\"2024-03-16T00:09:21+00:00\",\"dateModified\":\"2024-03-16T00:09:54+00:00\",\"breadcrumb\":{\"@id\":\"https:\/\/cacaunews.com\/?p=4456#breadcrumb\"},\"inLanguage\":\"pt-BR\",\"potentialAction\":[{\"@type\":\"ReadAction\",\"target\":[\"https:\/\/cacaunews.com\/?p=4456\"]}]},{\"@type\":\"BreadcrumbList\",\"@id\":\"https:\/\/cacaunews.com\/?p=4456#breadcrumb\",\"itemListElement\":[{\"@type\":\"ListItem\",\"position\":1,\"name\":\"In\u00edcio\",\"item\":\"https:\/\/cacaunews.com\/\"},{\"@type\":\"ListItem\",\"position\":2,\"name\":\"L\u00facio Vieira Lima acusa prefeito de Itabuna de cometer ato de censura; entenda.\"}]},{\"@type\":\"WebSite\",\"@id\":\"https:\/\/cacaunews.com\/#website\",\"url\":\"https:\/\/cacaunews.com\/\",\"name\":\"Cacau News\",\"description\":\"A Informa\u00e7\u00e3o que voc\u00ea precisa!\",\"publisher\":{\"@id\":\"https:\/\/cacaunews.com\/#organization\"},\"potentialAction\":[{\"@type\":\"SearchAction\",\"target\":{\"@type\":\"EntryPoint\",\"urlTemplate\":\"https:\/\/cacaunews.com\/?s={search_term_string}\"},\"query-input\":\"required name=search_term_string\"}],\"inLanguage\":\"pt-BR\"},{\"@type\":\"Organization\",\"@id\":\"https:\/\/cacaunews.com\/#organization\",\"name\":\"Cacau News\",\"url\":\"https:\/\/cacaunews.com\/\",\"logo\":{\"@type\":\"ImageObject\",\"inLanguage\":\"pt-BR\",\"@id\":\"https:\/\/cacaunews.com\/#\/schema\/logo\/image\/\",\"url\":\"https:\/\/cacaunews.com\/wp-content\/uploads\/2025\/01\/cropped-LOGO-NOVA.png\",\"contentUrl\":\"https:\/\/cacaunews.com\/wp-content\/uploads\/2025\/01\/cropped-LOGO-NOVA.png\",\"width\":813,\"height\":813,\"caption\":\"Cacau News\"},\"image\":{\"@id\":\"https:\/\/cacaunews.com\/#\/schema\/logo\/image\/\"},\"sameAs\":[\"https:\/\/www.instagram.com\/cacaunews.online\/\",\"https:\/\/youtube.com\/@cacaunews?si=0VXLnjl08SrWbVG9\"]},{\"@type\":\"Person\",\"@id\":\"https:\/\/cacaunews.com\/#\/schema\/person\/ea69703103e606ad347ccd64bd72ef79\",\"name\":\"Reda\u00e7\u00e3o Cacau News\",\"image\":{\"@type\":\"ImageObject\",\"inLanguage\":\"pt-BR\",\"@id\":\"https:\/\/cacaunews.com\/#\/schema\/person\/image\/\",\"url\":\"https:\/\/secure.gravatar.com\/avatar\/d79227a2a7b6cc42e8d7a8f7c284cd3a?s=96&d=mm&r=g\",\"contentUrl\":\"https:\/\/secure.gravatar.com\/avatar\/d79227a2a7b6cc42e8d7a8f7c284cd3a?s=96&d=mm&r=g\",\"caption\":\"Reda\u00e7\u00e3o Cacau News\"},\"sameAs\":[\"https:\/\/cacaunews.com\"],\"url\":\"https:\/\/cacaunews.com\/?author=1\"}]}<\/script>\n<!-- \/ Yoast SEO plugin. -->","yoast_head_json":{"title":"L\u00facio Vieira Lima acusa prefeito de Itabuna de cometer ato de censura; entenda. - Cacau News","robots":{"index":"index","follow":"follow","max-snippet":"max-snippet:-1","max-image-preview":"max-image-preview:large","max-video-preview":"max-video-preview:-1"},"canonical":"https:\/\/cacaunews.com\/?p=4456","og_locale":"pt_BR","og_type":"article","og_title":"L\u00facio Vieira Lima acusa prefeito de Itabuna de cometer ato de censura; entenda. - Cacau News","og_description":"O presidente de honra do MDB da Bahia, L\u00facio Vieira Lima, acusou o prefeito de...","og_url":"https:\/\/cacaunews.com\/?p=4456","og_site_name":"Cacau News","article_published_time":"2024-03-16T00:09:21+00:00","article_modified_time":"2024-03-16T00:09:54+00:00","og_image":[{"width":800,"height":450,"url":"https:\/\/cacaunews.com\/wp-content\/uploads\/2024\/03\/lucio-vieira-lima-reage-ataque-de-colbert-por-apoio-ze-neto-problema-dele_widelg_widelg.jpeg","type":"image\/jpeg"}],"author":"Reda\u00e7\u00e3o Cacau News","twitter_card":"summary_large_image","twitter_misc":{"Escrito por":"Reda\u00e7\u00e3o Cacau News","Est. tempo de leitura":"1 minuto"},"schema":{"@context":"https:\/\/schema.org","@graph":[{"@type":"Article","@id":"https:\/\/cacaunews.com\/?p=4456#article","isPartOf":{"@id":"https:\/\/cacaunews.com\/?p=4456"},"author":{"name":"Reda\u00e7\u00e3o Cacau News","@id":"https:\/\/cacaunews.com\/#\/schema\/person\/ea69703103e606ad347ccd64bd72ef79"},"headline":"L\u00facio Vieira Lima acusa prefeito de Itabuna de cometer ato de censura; entenda.","datePublished":"2024-03-16T00:09:21+00:00","dateModified":"2024-03-16T00:09:54+00:00","mainEntityOfPage":{"@id":"https:\/\/cacaunews.com\/?p=4456"},"wordCount":291,"commentCount":0,"publisher":{"@id":"https:\/\/cacaunews.com\/#organization"},"keywords":["augusto castro","itabuna","L\u00facio Vieira Lima","politica"],"articleSection":["cidades","Jornalismo","Politica"],"inLanguage":"pt-BR","potentialAction":[{"@type":"CommentAction","name":"Comment","target":["https:\/\/cacaunews.com\/?p=4456#respond"]}]},{"@type":"WebPage","@id":"https:\/\/cacaunews.com\/?p=4456","url":"https:\/\/cacaunews.com\/?p=4456","name":"L\u00facio Vieira Lima acusa prefeito de Itabuna de cometer ato de censura; entenda. - Cacau News","isPartOf":{"@id":"https:\/\/cacaunews.com\/#website"},"datePublished":"2024-03-16T00:09:21+00:00","dateModified":"2024-03-16T00:09:54+00:00","breadcrumb":{"@id":"https:\/\/cacaunews.com\/?p=4456#breadcrumb"},"inLanguage":"pt-BR","potentialAction":[{"@type":"ReadAction","target":["https:\/\/cacaunews.com\/?p=4456"]}]},{"@type":"BreadcrumbList","@id":"https:\/\/cacaunews.com\/?p=4456#breadcrumb","itemListElement":[{"@type":"ListItem","position":1,"name":"In\u00edcio","item":"https:\/\/cacaunews.com\/"},{"@type":"ListItem","position":2,"name":"L\u00facio Vieira Lima acusa prefeito de Itabuna de cometer ato de censura; entenda."}]},{"@type":"WebSite","@id":"https:\/\/cacaunews.com\/#website","url":"https:\/\/cacaunews.com\/","name":"Cacau News","description":"A Informa\u00e7\u00e3o que voc\u00ea precisa!","publisher":{"@id":"https:\/\/cacaunews.com\/#organization"},"potentialAction":[{"@type":"SearchAction","target":{"@type":"EntryPoint","urlTemplate":"https:\/\/cacaunews.com\/?s={search_term_string}"},"query-input":"required name=search_term_string"}],"inLanguage":"pt-BR"},{"@type":"Organization","@id":"https:\/\/cacaunews.com\/#organization","name":"Cacau News","url":"https:\/\/cacaunews.com\/","logo":{"@type":"ImageObject","inLanguage":"pt-BR","@id":"https:\/\/cacaunews.com\/#\/schema\/logo\/image\/","url":"https:\/\/cacaunews.com\/wp-content\/uploads\/2025\/01\/cropped-LOGO-NOVA.png","contentUrl":"https:\/\/cacaunews.com\/wp-content\/uploads\/2025\/01\/cropped-LOGO-NOVA.png","width":813,"height":813,"caption":"Cacau News"},"image":{"@id":"https:\/\/cacaunews.com\/#\/schema\/logo\/image\/"},"sameAs":["https:\/\/www.instagram.com\/cacaunews.online\/","https:\/\/youtube.com\/@cacaunews?si=0VXLnjl08SrWbVG9"]},{"@type":"Person","@id":"https:\/\/cacaunews.com\/#\/schema\/person\/ea69703103e606ad347ccd64bd72ef79","name":"Reda\u00e7\u00e3o Cacau News","image":{"@type":"ImageObject","inLanguage":"pt-BR","@id":"https:\/\/cacaunews.com\/#\/schema\/person\/image\/","url":"https:\/\/secure.gravatar.com\/avatar\/d79227a2a7b6cc42e8d7a8f7c284cd3a?s=96&d=mm&r=g","contentUrl":"https:\/\/secure.gravatar.com\/avatar\/d79227a2a7b6cc42e8d7a8f7c284cd3a?s=96&d=mm&r=g","caption":"Reda\u00e7\u00e3o Cacau News"},"sameAs":["https:\/\/cacaunews.com"],"url":"https:\/\/cacaunews.com\/?author=1"}]}},"jetpack_sharing_enabled":true,"jetpack_featured_media_url":"https:\/\/cacaunews.com\/wp-content\/uploads\/2024\/03\/lucio-vieira-lima-reage-ataque-de-colbert-por-apoio-ze-neto-problema-dele_widelg_widelg.jpeg","_links":{"self":[{"href":"https:\/\/cacaunews.com\/index.php?rest_route=\/wp\/v2\/posts\/4456"}],"collection":[{"href":"https:\/\/cacaunews.com\/index.php?rest_route=\/wp\/v2\/posts"}],"about":[{"href":"https:\/\/cacaunews.com\/index.php?rest_route=\/wp\/v2\/types\/post"}],"author":[{"embeddable":true,"href":"https:\/\/cacaunews.com\/index.php?rest_route=\/wp\/v2\/users\/1"}],"replies":[{"embeddable":true,"href":"https:\/\/cacaunews.com\/index.php?rest_route=%2Fwp%2Fv2%2Fcomments&post=4456"}],"version-history":[{"count":1,"href":"https:\/\/cacaunews.com\/index.php?rest_route=\/wp\/v2\/posts\/4456\/revisions"}],"predecessor-version":[{"id":4457,"href":"https:\/\/cacaunews.com\/index.php?rest_route=\/wp\/v2\/posts\/4456\/revisions\/4457"}],"wp:featuredmedia":[{"embeddable":true,"href":"https:\/\/cacaunews.com\/index.php?rest_route=\/wp\/v2\/media\/4455"}],"wp:attachment":[{"href":"https:\/\/cacaunews.com\/index.php?rest_route=%2Fwp%2Fv2%2Fmedia&parent=4456"}],"wp:term":[{"taxonomy":"category","embeddable":true,"href":"https:\/\/cacaunews.com\/index.php?rest_route=%2Fwp%2Fv2%2Fcategories&post=4456"},{"taxonomy":"post_tag","embeddable":true,"href":"https:\/\/cacaunews.com\/index.php?rest_route=%2Fwp%2Fv2%2Ftags&post=4456"}],"curies":[{"name":"wp","href":"https:\/\/api.w.org\/{rel}","templated":true}]}}