{"id":4518,"date":"2024-04-04T11:00:41","date_gmt":"2024-04-04T11:00:41","guid":{"rendered":"https:\/\/cacaunews.com\/?p=4518"},"modified":"2024-04-04T02:19:25","modified_gmt":"2024-04-04T02:19:25","slug":"itabuna-contratados-do-estado-sao-convocados-para-reuniao-politica-e-denunciam-assedio","status":"publish","type":"post","link":"https:\/\/cacaunews.com\/?p=4518","title":{"rendered":"Itabuna: Contratados do Estado s\u00e3o convocados para reuni\u00e3o pol\u00edtica e denunciam ass\u00e9dio."},"content":{"rendered":"\n<p>A pr\u00e9via do Partido dos Trabalhadores, que ser\u00e1 realizada no pr\u00f3ximo s\u00e1bado (6), em Itabuna, segue dando o que falar. A \u00faltima idiossincrasia que se tem not\u00edcia diz respeito a uma den\u00fancia de ass\u00e9dio moral e pol\u00edtico, feita ao Blog O Trombone por contratados do Estado, os chamados \u201cREDA\u201d.<br \/><br \/>Pelo menos tr\u00eas pessoas dizem terem sido convocados para uma reuni\u00e3o, na tarde desta quarta-feira (3), no escrit\u00f3rio pol\u00edtico do deputado estadual Rosemberg Pinto, que tem interesse direto em um determinado resultado da disputa.<\/p>\n\n\n\n<p>A liga\u00e7\u00e3o, dizem os denunciantes, partiu da diretora do N\u00facleo Territorial de Educa\u00e7\u00e3o \u2013 5 (NTE-5), Larissa Costa.<br \/><br \/>A Reportagem entrou em contato, por telefone, com a diretora do NTE, Larissa Costa. Ela disse que n\u00e3o teria interesse em se manifestar sobre as den\u00fancias porque \u201cn\u00e3o est\u00e1 fazendo nada de errado\u201d.<br \/><br \/>Mesmo assim, negou ter entrado em contato com funcion\u00e1rios contratados, mas admitiu ter sido convidada e participar das reuni\u00f5es. Larissa garantiu tamb\u00e9m que as reuni\u00f5es n\u00e3o ocorrem durante os expedientes. \u201cTenho liberdade pol\u00edtica\u201d, disse.<br \/><br \/><strong>Pr\u00e9vias no s\u00e1bado<\/strong><br \/><br \/>No pr\u00f3ximo s\u00e1bado, dia 6, das 9 \u00e0s 17 horas acontecem as pr\u00e9vias do PT, que v\u00e3o decidir pela candidatura de Geraldo Sim\u00f5es ou apoio do partido ao prefeito Augusto Castro, que disputa a reelei\u00e7\u00e3o.<\/p>\n\n\n\n<p>Com Informa\u00e7\u00f5es O Trombone.<\/p>\n","protected":false},"excerpt":{"rendered":"<p>A pr\u00e9via do Partido dos Trabalhadores, que ser\u00e1 realizada no pr\u00f3ximo s\u00e1bado (6), em Itabuna,&#8230;<\/p>\n","protected":false},"author":1,"featured_media":4517,"comment_status":"open","ping_status":"open","sticky":false,"template":"","format":"standard","meta":{"footnotes":""},"categories":[18,11,5],"tags":[1685,30,27,295],"yoast_head":"<!-- This site is optimized with the Yoast SEO plugin v21.7 - https:\/\/yoast.com\/wordpress\/plugins\/seo\/ -->\n<title>Itabuna: Contratados do Estado s\u00e3o convocados para reuni\u00e3o pol\u00edtica e denunciam ass\u00e9dio. - Cacau News<\/title>\n<meta name=\"robots\" content=\"index, follow, max-snippet:-1, max-image-preview:large, max-video-preview:-1\" \/>\n<link rel=\"canonical\" href=\"https:\/\/cacaunews.com\/?p=4518\" \/>\n<meta property=\"og:locale\" content=\"pt_BR\" \/>\n<meta property=\"og:type\" content=\"article\" \/>\n<meta property=\"og:title\" content=\"Itabuna: Contratados do Estado s\u00e3o convocados para reuni\u00e3o pol\u00edtica e denunciam ass\u00e9dio. - Cacau News\" \/>\n<meta property=\"og:description\" content=\"A pr\u00e9via do Partido dos Trabalhadores, que ser\u00e1 realizada no pr\u00f3ximo s\u00e1bado (6), em Itabuna,...\" \/>\n<meta property=\"og:url\" content=\"https:\/\/cacaunews.com\/?p=4518\" \/>\n<meta property=\"og:site_name\" content=\"Cacau News\" \/>\n<meta property=\"article:published_time\" content=\"2024-04-04T11:00:41+00:00\" \/>\n<meta property=\"article:modified_time\" content=\"2024-04-04T02:19:25+00:00\" \/>\n<meta property=\"og:image\" content=\"https:\/\/cacaunews.com\/wp-content\/uploads\/2024\/04\/Camara-reinauguracao-.jpg\" \/>\n\t<meta property=\"og:image:width\" content=\"800\" \/>\n\t<meta property=\"og:image:height\" content=\"251\" \/>\n\t<meta property=\"og:image:type\" content=\"image\/jpeg\" \/>\n<meta name=\"author\" content=\"Reda\u00e7\u00e3o Cacau News\" \/>\n<meta name=\"twitter:card\" content=\"summary_large_image\" \/>\n<meta name=\"twitter:label1\" content=\"Escrito por\" \/>\n\t<meta name=\"twitter:data1\" content=\"Reda\u00e7\u00e3o Cacau News\" \/>\n\t<meta name=\"twitter:label2\" content=\"Est. tempo de leitura\" \/>\n\t<meta name=\"twitter:data2\" content=\"1 minuto\" \/>\n<script type=\"application\/ld+json\" class=\"yoast-schema-graph\">{\"@context\":\"https:\/\/schema.org\",\"@graph\":[{\"@type\":\"Article\",\"@id\":\"https:\/\/cacaunews.com\/?p=4518#article\",\"isPartOf\":{\"@id\":\"https:\/\/cacaunews.com\/?p=4518\"},\"author\":{\"name\":\"Reda\u00e7\u00e3o Cacau News\",\"@id\":\"https:\/\/cacaunews.com\/#\/schema\/person\/ea69703103e606ad347ccd64bd72ef79\"},\"headline\":\"Itabuna: Contratados do Estado s\u00e3o convocados para reuni\u00e3o pol\u00edtica e denunciam ass\u00e9dio.\",\"datePublished\":\"2024-04-04T11:00:41+00:00\",\"dateModified\":\"2024-04-04T02:19:25+00:00\",\"mainEntityOfPage\":{\"@id\":\"https:\/\/cacaunews.com\/?p=4518\"},\"wordCount\":251,\"commentCount\":0,\"publisher\":{\"@id\":\"https:\/\/cacaunews.com\/#organization\"},\"keywords\":[\"ass\u00e9dio\",\"denuncia\",\"itabuna\",\"PT\"],\"articleSection\":[\"cidades\",\"Jornalismo\",\"Politica\"],\"inLanguage\":\"pt-BR\",\"potentialAction\":[{\"@type\":\"CommentAction\",\"name\":\"Comment\",\"target\":[\"https:\/\/cacaunews.com\/?p=4518#respond\"]}]},{\"@type\":\"WebPage\",\"@id\":\"https:\/\/cacaunews.com\/?p=4518\",\"url\":\"https:\/\/cacaunews.com\/?p=4518\",\"name\":\"Itabuna: Contratados do Estado s\u00e3o convocados para reuni\u00e3o pol\u00edtica e denunciam ass\u00e9dio. - Cacau News\",\"isPartOf\":{\"@id\":\"https:\/\/cacaunews.com\/#website\"},\"datePublished\":\"2024-04-04T11:00:41+00:00\",\"dateModified\":\"2024-04-04T02:19:25+00:00\",\"breadcrumb\":{\"@id\":\"https:\/\/cacaunews.com\/?p=4518#breadcrumb\"},\"inLanguage\":\"pt-BR\",\"potentialAction\":[{\"@type\":\"ReadAction\",\"target\":[\"https:\/\/cacaunews.com\/?p=4518\"]}]},{\"@type\":\"BreadcrumbList\",\"@id\":\"https:\/\/cacaunews.com\/?p=4518#breadcrumb\",\"itemListElement\":[{\"@type\":\"ListItem\",\"position\":1,\"name\":\"In\u00edcio\",\"item\":\"https:\/\/cacaunews.com\/\"},{\"@type\":\"ListItem\",\"position\":2,\"name\":\"Itabuna: Contratados do Estado s\u00e3o convocados para reuni\u00e3o pol\u00edtica e denunciam ass\u00e9dio.\"}]},{\"@type\":\"WebSite\",\"@id\":\"https:\/\/cacaunews.com\/#website\",\"url\":\"https:\/\/cacaunews.com\/\",\"name\":\"Cacau News\",\"description\":\"A Informa\u00e7\u00e3o que voc\u00ea precisa!\",\"publisher\":{\"@id\":\"https:\/\/cacaunews.com\/#organization\"},\"potentialAction\":[{\"@type\":\"SearchAction\",\"target\":{\"@type\":\"EntryPoint\",\"urlTemplate\":\"https:\/\/cacaunews.com\/?s={search_term_string}\"},\"query-input\":\"required name=search_term_string\"}],\"inLanguage\":\"pt-BR\"},{\"@type\":\"Organization\",\"@id\":\"https:\/\/cacaunews.com\/#organization\",\"name\":\"Cacau News\",\"url\":\"https:\/\/cacaunews.com\/\",\"logo\":{\"@type\":\"ImageObject\",\"inLanguage\":\"pt-BR\",\"@id\":\"https:\/\/cacaunews.com\/#\/schema\/logo\/image\/\",\"url\":\"https:\/\/cacaunews.com\/wp-content\/uploads\/2025\/01\/cropped-LOGO-NOVA.png\",\"contentUrl\":\"https:\/\/cacaunews.com\/wp-content\/uploads\/2025\/01\/cropped-LOGO-NOVA.png\",\"width\":813,\"height\":813,\"caption\":\"Cacau News\"},\"image\":{\"@id\":\"https:\/\/cacaunews.com\/#\/schema\/logo\/image\/\"},\"sameAs\":[\"https:\/\/www.instagram.com\/cacaunews.online\/\",\"https:\/\/youtube.com\/@cacaunews?si=0VXLnjl08SrWbVG9\"]},{\"@type\":\"Person\",\"@id\":\"https:\/\/cacaunews.com\/#\/schema\/person\/ea69703103e606ad347ccd64bd72ef79\",\"name\":\"Reda\u00e7\u00e3o Cacau News\",\"image\":{\"@type\":\"ImageObject\",\"inLanguage\":\"pt-BR\",\"@id\":\"https:\/\/cacaunews.com\/#\/schema\/person\/image\/\",\"url\":\"https:\/\/secure.gravatar.com\/avatar\/d79227a2a7b6cc42e8d7a8f7c284cd3a?s=96&d=mm&r=g\",\"contentUrl\":\"https:\/\/secure.gravatar.com\/avatar\/d79227a2a7b6cc42e8d7a8f7c284cd3a?s=96&d=mm&r=g\",\"caption\":\"Reda\u00e7\u00e3o Cacau News\"},\"sameAs\":[\"https:\/\/cacaunews.com\"],\"url\":\"https:\/\/cacaunews.com\/?author=1\"}]}<\/script>\n<!-- \/ Yoast SEO plugin. -->","yoast_head_json":{"title":"Itabuna: Contratados do Estado s\u00e3o convocados para reuni\u00e3o pol\u00edtica e denunciam ass\u00e9dio. - Cacau News","robots":{"index":"index","follow":"follow","max-snippet":"max-snippet:-1","max-image-preview":"max-image-preview:large","max-video-preview":"max-video-preview:-1"},"canonical":"https:\/\/cacaunews.com\/?p=4518","og_locale":"pt_BR","og_type":"article","og_title":"Itabuna: Contratados do Estado s\u00e3o convocados para reuni\u00e3o pol\u00edtica e denunciam ass\u00e9dio. - Cacau News","og_description":"A pr\u00e9via do Partido dos Trabalhadores, que ser\u00e1 realizada no pr\u00f3ximo s\u00e1bado (6), em Itabuna,...","og_url":"https:\/\/cacaunews.com\/?p=4518","og_site_name":"Cacau News","article_published_time":"2024-04-04T11:00:41+00:00","article_modified_time":"2024-04-04T02:19:25+00:00","og_image":[{"width":800,"height":251,"url":"https:\/\/cacaunews.com\/wp-content\/uploads\/2024\/04\/Camara-reinauguracao-.jpg","type":"image\/jpeg"}],"author":"Reda\u00e7\u00e3o Cacau News","twitter_card":"summary_large_image","twitter_misc":{"Escrito por":"Reda\u00e7\u00e3o Cacau News","Est. tempo de leitura":"1 minuto"},"schema":{"@context":"https:\/\/schema.org","@graph":[{"@type":"Article","@id":"https:\/\/cacaunews.com\/?p=4518#article","isPartOf":{"@id":"https:\/\/cacaunews.com\/?p=4518"},"author":{"name":"Reda\u00e7\u00e3o Cacau News","@id":"https:\/\/cacaunews.com\/#\/schema\/person\/ea69703103e606ad347ccd64bd72ef79"},"headline":"Itabuna: Contratados do Estado s\u00e3o convocados para reuni\u00e3o pol\u00edtica e denunciam ass\u00e9dio.","datePublished":"2024-04-04T11:00:41+00:00","dateModified":"2024-04-04T02:19:25+00:00","mainEntityOfPage":{"@id":"https:\/\/cacaunews.com\/?p=4518"},"wordCount":251,"commentCount":0,"publisher":{"@id":"https:\/\/cacaunews.com\/#organization"},"keywords":["ass\u00e9dio","denuncia","itabuna","PT"],"articleSection":["cidades","Jornalismo","Politica"],"inLanguage":"pt-BR","potentialAction":[{"@type":"CommentAction","name":"Comment","target":["https:\/\/cacaunews.com\/?p=4518#respond"]}]},{"@type":"WebPage","@id":"https:\/\/cacaunews.com\/?p=4518","url":"https:\/\/cacaunews.com\/?p=4518","name":"Itabuna: Contratados do Estado s\u00e3o convocados para reuni\u00e3o pol\u00edtica e denunciam ass\u00e9dio. - Cacau News","isPartOf":{"@id":"https:\/\/cacaunews.com\/#website"},"datePublished":"2024-04-04T11:00:41+00:00","dateModified":"2024-04-04T02:19:25+00:00","breadcrumb":{"@id":"https:\/\/cacaunews.com\/?p=4518#breadcrumb"},"inLanguage":"pt-BR","potentialAction":[{"@type":"ReadAction","target":["https:\/\/cacaunews.com\/?p=4518"]}]},{"@type":"BreadcrumbList","@id":"https:\/\/cacaunews.com\/?p=4518#breadcrumb","itemListElement":[{"@type":"ListItem","position":1,"name":"In\u00edcio","item":"https:\/\/cacaunews.com\/"},{"@type":"ListItem","position":2,"name":"Itabuna: Contratados do Estado s\u00e3o convocados para reuni\u00e3o pol\u00edtica e denunciam ass\u00e9dio."}]},{"@type":"WebSite","@id":"https:\/\/cacaunews.com\/#website","url":"https:\/\/cacaunews.com\/","name":"Cacau News","description":"A Informa\u00e7\u00e3o que voc\u00ea precisa!","publisher":{"@id":"https:\/\/cacaunews.com\/#organization"},"potentialAction":[{"@type":"SearchAction","target":{"@type":"EntryPoint","urlTemplate":"https:\/\/cacaunews.com\/?s={search_term_string}"},"query-input":"required name=search_term_string"}],"inLanguage":"pt-BR"},{"@type":"Organization","@id":"https:\/\/cacaunews.com\/#organization","name":"Cacau News","url":"https:\/\/cacaunews.com\/","logo":{"@type":"ImageObject","inLanguage":"pt-BR","@id":"https:\/\/cacaunews.com\/#\/schema\/logo\/image\/","url":"https:\/\/cacaunews.com\/wp-content\/uploads\/2025\/01\/cropped-LOGO-NOVA.png","contentUrl":"https:\/\/cacaunews.com\/wp-content\/uploads\/2025\/01\/cropped-LOGO-NOVA.png","width":813,"height":813,"caption":"Cacau News"},"image":{"@id":"https:\/\/cacaunews.com\/#\/schema\/logo\/image\/"},"sameAs":["https:\/\/www.instagram.com\/cacaunews.online\/","https:\/\/youtube.com\/@cacaunews?si=0VXLnjl08SrWbVG9"]},{"@type":"Person","@id":"https:\/\/cacaunews.com\/#\/schema\/person\/ea69703103e606ad347ccd64bd72ef79","name":"Reda\u00e7\u00e3o Cacau News","image":{"@type":"ImageObject","inLanguage":"pt-BR","@id":"https:\/\/cacaunews.com\/#\/schema\/person\/image\/","url":"https:\/\/secure.gravatar.com\/avatar\/d79227a2a7b6cc42e8d7a8f7c284cd3a?s=96&d=mm&r=g","contentUrl":"https:\/\/secure.gravatar.com\/avatar\/d79227a2a7b6cc42e8d7a8f7c284cd3a?s=96&d=mm&r=g","caption":"Reda\u00e7\u00e3o Cacau News"},"sameAs":["https:\/\/cacaunews.com"],"url":"https:\/\/cacaunews.com\/?author=1"}]}},"jetpack_sharing_enabled":true,"jetpack_featured_media_url":"https:\/\/cacaunews.com\/wp-content\/uploads\/2024\/04\/Camara-reinauguracao-.jpg","_links":{"self":[{"href":"https:\/\/cacaunews.com\/index.php?rest_route=\/wp\/v2\/posts\/4518"}],"collection":[{"href":"https:\/\/cacaunews.com\/index.php?rest_route=\/wp\/v2\/posts"}],"about":[{"href":"https:\/\/cacaunews.com\/index.php?rest_route=\/wp\/v2\/types\/post"}],"author":[{"embeddable":true,"href":"https:\/\/cacaunews.com\/index.php?rest_route=\/wp\/v2\/users\/1"}],"replies":[{"embeddable":true,"href":"https:\/\/cacaunews.com\/index.php?rest_route=%2Fwp%2Fv2%2Fcomments&post=4518"}],"version-history":[{"count":1,"href":"https:\/\/cacaunews.com\/index.php?rest_route=\/wp\/v2\/posts\/4518\/revisions"}],"predecessor-version":[{"id":4519,"href":"https:\/\/cacaunews.com\/index.php?rest_route=\/wp\/v2\/posts\/4518\/revisions\/4519"}],"wp:featuredmedia":[{"embeddable":true,"href":"https:\/\/cacaunews.com\/index.php?rest_route=\/wp\/v2\/media\/4517"}],"wp:attachment":[{"href":"https:\/\/cacaunews.com\/index.php?rest_route=%2Fwp%2Fv2%2Fmedia&parent=4518"}],"wp:term":[{"taxonomy":"category","embeddable":true,"href":"https:\/\/cacaunews.com\/index.php?rest_route=%2Fwp%2Fv2%2Fcategories&post=4518"},{"taxonomy":"post_tag","embeddable":true,"href":"https:\/\/cacaunews.com\/index.php?rest_route=%2Fwp%2Fv2%2Ftags&post=4518"}],"curies":[{"name":"wp","href":"https:\/\/api.w.org\/{rel}","templated":true}]}}