{"id":4521,"date":"2024-04-04T12:30:17","date_gmt":"2024-04-04T12:30:17","guid":{"rendered":"https:\/\/cacaunews.com\/?p=4521"},"modified":"2024-04-04T12:30:17","modified_gmt":"2024-04-04T12:30:17","slug":"diretor-executivo-e-comissao-pedem-demissao-do-barcelona-de-ilheus-saiba-mais","status":"publish","type":"post","link":"https:\/\/cacaunews.com\/?p=4521","title":{"rendered":"Diretor Executivo e Comiss\u00e3o pedem demiss\u00e3o do Barcelona de Ilh\u00e9us; Saiba mais."},"content":{"rendered":"\n<p>O diretor executivo, Armando Filho, e a comiss\u00e3o do Barcelona de Ilh\u00e9us pediram demiss\u00e3o do cargo por causa de desgastes com o presidente do time, Weliton Nascimento.<br><br>O pedido de demiss\u00e3o foi feito nesta quarta-feira (03).<br><br>\u201cN\u00f3s hav\u00edamos conversado com o presidente sobre um funcion\u00e1rio do elenco que n\u00e3o havia desempenhado um bom trabalho e, em comum acordo, ficou decidido que o mesmo n\u00e3o continuaria na equipe. Ap\u00f3s demitido, ele imp\u00f4s o retorno do profissional alegando que a decis\u00e3o era dele por ser o dono e \u00e9 quem manda. Como n\u00e3o houve acordo, pedi meu afastamento.\u201d, disse Armando em primeira m\u00e3o ao site Central de Pol\u00edtica.<br><br>Ap\u00f3s a decis\u00e3o do agora ex-diretor, toda a comiss\u00e3o t\u00e9cnica tomou a mesma atitude.<br><br>\u201cOs profissionais entenderam que essa interfer\u00e8ncia atrapalharia o desempenho da equipe<\/p>\n","protected":false},"excerpt":{"rendered":"<p>O diretor executivo, Armando Filho, e a comiss\u00e3o do Barcelona de Ilh\u00e9us pediram demiss\u00e3o do&#8230;<\/p>\n","protected":false},"author":1,"featured_media":4520,"comment_status":"open","ping_status":"open","sticky":false,"template":"","format":"standard","meta":{"footnotes":""},"categories":[18,14,11],"tags":[215,1361,17,37],"yoast_head":"<!-- This site is optimized with the Yoast SEO plugin v21.7 - https:\/\/yoast.com\/wordpress\/plugins\/seo\/ -->\n<title>Diretor Executivo e Comiss\u00e3o pedem demiss\u00e3o do Barcelona de Ilh\u00e9us; Saiba mais. - Cacau News<\/title>\n<meta name=\"robots\" content=\"index, follow, max-snippet:-1, max-image-preview:large, max-video-preview:-1\" \/>\n<link rel=\"canonical\" href=\"https:\/\/cacaunews.com\/?p=4521\" \/>\n<meta property=\"og:locale\" content=\"pt_BR\" \/>\n<meta property=\"og:type\" content=\"article\" \/>\n<meta property=\"og:title\" content=\"Diretor Executivo e Comiss\u00e3o pedem demiss\u00e3o do Barcelona de Ilh\u00e9us; Saiba mais. - Cacau News\" \/>\n<meta property=\"og:description\" content=\"O diretor executivo, Armando Filho, e a comiss\u00e3o do Barcelona de Ilh\u00e9us pediram demiss\u00e3o do...\" \/>\n<meta property=\"og:url\" content=\"https:\/\/cacaunews.com\/?p=4521\" \/>\n<meta property=\"og:site_name\" content=\"Cacau News\" \/>\n<meta property=\"article:published_time\" content=\"2024-04-04T12:30:17+00:00\" \/>\n<meta property=\"og:image\" content=\"https:\/\/cacaunews.com\/wp-content\/uploads\/2024\/04\/a6ac6ff52fabf8dc2ae5ae61c01a8100.png\" \/>\n\t<meta property=\"og:image:width\" content=\"1000\" \/>\n\t<meta property=\"og:image:height\" content=\"1000\" \/>\n\t<meta property=\"og:image:type\" content=\"image\/png\" \/>\n<meta name=\"author\" content=\"Reda\u00e7\u00e3o Cacau News\" \/>\n<meta name=\"twitter:card\" content=\"summary_large_image\" \/>\n<meta name=\"twitter:label1\" content=\"Escrito por\" \/>\n\t<meta name=\"twitter:data1\" content=\"Reda\u00e7\u00e3o Cacau News\" \/>\n\t<meta name=\"twitter:label2\" content=\"Est. tempo de leitura\" \/>\n\t<meta name=\"twitter:data2\" content=\"1 minuto\" \/>\n<script type=\"application\/ld+json\" class=\"yoast-schema-graph\">{\"@context\":\"https:\/\/schema.org\",\"@graph\":[{\"@type\":\"Article\",\"@id\":\"https:\/\/cacaunews.com\/?p=4521#article\",\"isPartOf\":{\"@id\":\"https:\/\/cacaunews.com\/?p=4521\"},\"author\":{\"name\":\"Reda\u00e7\u00e3o Cacau News\",\"@id\":\"https:\/\/cacaunews.com\/#\/schema\/person\/ea69703103e606ad347ccd64bd72ef79\"},\"headline\":\"Diretor Executivo e Comiss\u00e3o pedem demiss\u00e3o do Barcelona de Ilh\u00e9us; Saiba mais.\",\"datePublished\":\"2024-04-04T12:30:17+00:00\",\"dateModified\":\"2024-04-04T12:30:17+00:00\",\"mainEntityOfPage\":{\"@id\":\"https:\/\/cacaunews.com\/?p=4521\"},\"wordCount\":164,\"commentCount\":0,\"publisher\":{\"@id\":\"https:\/\/cacaunews.com\/#organization\"},\"keywords\":[\"Barcelona\",\"demiss\u00e3o\",\"esporte\",\"ilheus\"],\"articleSection\":[\"cidades\",\"Esporte\",\"Jornalismo\"],\"inLanguage\":\"pt-BR\",\"potentialAction\":[{\"@type\":\"CommentAction\",\"name\":\"Comment\",\"target\":[\"https:\/\/cacaunews.com\/?p=4521#respond\"]}]},{\"@type\":\"WebPage\",\"@id\":\"https:\/\/cacaunews.com\/?p=4521\",\"url\":\"https:\/\/cacaunews.com\/?p=4521\",\"name\":\"Diretor Executivo e Comiss\u00e3o pedem demiss\u00e3o do Barcelona de Ilh\u00e9us; Saiba mais. - Cacau News\",\"isPartOf\":{\"@id\":\"https:\/\/cacaunews.com\/#website\"},\"datePublished\":\"2024-04-04T12:30:17+00:00\",\"dateModified\":\"2024-04-04T12:30:17+00:00\",\"breadcrumb\":{\"@id\":\"https:\/\/cacaunews.com\/?p=4521#breadcrumb\"},\"inLanguage\":\"pt-BR\",\"potentialAction\":[{\"@type\":\"ReadAction\",\"target\":[\"https:\/\/cacaunews.com\/?p=4521\"]}]},{\"@type\":\"BreadcrumbList\",\"@id\":\"https:\/\/cacaunews.com\/?p=4521#breadcrumb\",\"itemListElement\":[{\"@type\":\"ListItem\",\"position\":1,\"name\":\"In\u00edcio\",\"item\":\"https:\/\/cacaunews.com\/\"},{\"@type\":\"ListItem\",\"position\":2,\"name\":\"Diretor Executivo e Comiss\u00e3o pedem demiss\u00e3o do Barcelona de Ilh\u00e9us; Saiba mais.\"}]},{\"@type\":\"WebSite\",\"@id\":\"https:\/\/cacaunews.com\/#website\",\"url\":\"https:\/\/cacaunews.com\/\",\"name\":\"Cacau News\",\"description\":\"A Informa\u00e7\u00e3o que voc\u00ea precisa!\",\"publisher\":{\"@id\":\"https:\/\/cacaunews.com\/#organization\"},\"potentialAction\":[{\"@type\":\"SearchAction\",\"target\":{\"@type\":\"EntryPoint\",\"urlTemplate\":\"https:\/\/cacaunews.com\/?s={search_term_string}\"},\"query-input\":\"required name=search_term_string\"}],\"inLanguage\":\"pt-BR\"},{\"@type\":\"Organization\",\"@id\":\"https:\/\/cacaunews.com\/#organization\",\"name\":\"Cacau News\",\"url\":\"https:\/\/cacaunews.com\/\",\"logo\":{\"@type\":\"ImageObject\",\"inLanguage\":\"pt-BR\",\"@id\":\"https:\/\/cacaunews.com\/#\/schema\/logo\/image\/\",\"url\":\"https:\/\/cacaunews.com\/wp-content\/uploads\/2025\/01\/cropped-LOGO-NOVA.png\",\"contentUrl\":\"https:\/\/cacaunews.com\/wp-content\/uploads\/2025\/01\/cropped-LOGO-NOVA.png\",\"width\":813,\"height\":813,\"caption\":\"Cacau News\"},\"image\":{\"@id\":\"https:\/\/cacaunews.com\/#\/schema\/logo\/image\/\"},\"sameAs\":[\"https:\/\/www.instagram.com\/cacaunews.online\/\",\"https:\/\/youtube.com\/@cacaunews?si=0VXLnjl08SrWbVG9\"]},{\"@type\":\"Person\",\"@id\":\"https:\/\/cacaunews.com\/#\/schema\/person\/ea69703103e606ad347ccd64bd72ef79\",\"name\":\"Reda\u00e7\u00e3o Cacau News\",\"image\":{\"@type\":\"ImageObject\",\"inLanguage\":\"pt-BR\",\"@id\":\"https:\/\/cacaunews.com\/#\/schema\/person\/image\/\",\"url\":\"https:\/\/secure.gravatar.com\/avatar\/d79227a2a7b6cc42e8d7a8f7c284cd3a?s=96&d=mm&r=g\",\"contentUrl\":\"https:\/\/secure.gravatar.com\/avatar\/d79227a2a7b6cc42e8d7a8f7c284cd3a?s=96&d=mm&r=g\",\"caption\":\"Reda\u00e7\u00e3o Cacau News\"},\"sameAs\":[\"https:\/\/cacaunews.com\"],\"url\":\"https:\/\/cacaunews.com\/?author=1\"}]}<\/script>\n<!-- \/ Yoast SEO plugin. -->","yoast_head_json":{"title":"Diretor Executivo e Comiss\u00e3o pedem demiss\u00e3o do Barcelona de Ilh\u00e9us; Saiba mais. - Cacau News","robots":{"index":"index","follow":"follow","max-snippet":"max-snippet:-1","max-image-preview":"max-image-preview:large","max-video-preview":"max-video-preview:-1"},"canonical":"https:\/\/cacaunews.com\/?p=4521","og_locale":"pt_BR","og_type":"article","og_title":"Diretor Executivo e Comiss\u00e3o pedem demiss\u00e3o do Barcelona de Ilh\u00e9us; Saiba mais. - Cacau News","og_description":"O diretor executivo, Armando Filho, e a comiss\u00e3o do Barcelona de Ilh\u00e9us pediram demiss\u00e3o do...","og_url":"https:\/\/cacaunews.com\/?p=4521","og_site_name":"Cacau News","article_published_time":"2024-04-04T12:30:17+00:00","og_image":[{"width":1000,"height":1000,"url":"https:\/\/cacaunews.com\/wp-content\/uploads\/2024\/04\/a6ac6ff52fabf8dc2ae5ae61c01a8100.png","type":"image\/png"}],"author":"Reda\u00e7\u00e3o Cacau News","twitter_card":"summary_large_image","twitter_misc":{"Escrito por":"Reda\u00e7\u00e3o Cacau News","Est. tempo de leitura":"1 minuto"},"schema":{"@context":"https:\/\/schema.org","@graph":[{"@type":"Article","@id":"https:\/\/cacaunews.com\/?p=4521#article","isPartOf":{"@id":"https:\/\/cacaunews.com\/?p=4521"},"author":{"name":"Reda\u00e7\u00e3o Cacau News","@id":"https:\/\/cacaunews.com\/#\/schema\/person\/ea69703103e606ad347ccd64bd72ef79"},"headline":"Diretor Executivo e Comiss\u00e3o pedem demiss\u00e3o do Barcelona de Ilh\u00e9us; Saiba mais.","datePublished":"2024-04-04T12:30:17+00:00","dateModified":"2024-04-04T12:30:17+00:00","mainEntityOfPage":{"@id":"https:\/\/cacaunews.com\/?p=4521"},"wordCount":164,"commentCount":0,"publisher":{"@id":"https:\/\/cacaunews.com\/#organization"},"keywords":["Barcelona","demiss\u00e3o","esporte","ilheus"],"articleSection":["cidades","Esporte","Jornalismo"],"inLanguage":"pt-BR","potentialAction":[{"@type":"CommentAction","name":"Comment","target":["https:\/\/cacaunews.com\/?p=4521#respond"]}]},{"@type":"WebPage","@id":"https:\/\/cacaunews.com\/?p=4521","url":"https:\/\/cacaunews.com\/?p=4521","name":"Diretor Executivo e Comiss\u00e3o pedem demiss\u00e3o do Barcelona de Ilh\u00e9us; Saiba mais. - Cacau News","isPartOf":{"@id":"https:\/\/cacaunews.com\/#website"},"datePublished":"2024-04-04T12:30:17+00:00","dateModified":"2024-04-04T12:30:17+00:00","breadcrumb":{"@id":"https:\/\/cacaunews.com\/?p=4521#breadcrumb"},"inLanguage":"pt-BR","potentialAction":[{"@type":"ReadAction","target":["https:\/\/cacaunews.com\/?p=4521"]}]},{"@type":"BreadcrumbList","@id":"https:\/\/cacaunews.com\/?p=4521#breadcrumb","itemListElement":[{"@type":"ListItem","position":1,"name":"In\u00edcio","item":"https:\/\/cacaunews.com\/"},{"@type":"ListItem","position":2,"name":"Diretor Executivo e Comiss\u00e3o pedem demiss\u00e3o do Barcelona de Ilh\u00e9us; Saiba mais."}]},{"@type":"WebSite","@id":"https:\/\/cacaunews.com\/#website","url":"https:\/\/cacaunews.com\/","name":"Cacau News","description":"A Informa\u00e7\u00e3o que voc\u00ea precisa!","publisher":{"@id":"https:\/\/cacaunews.com\/#organization"},"potentialAction":[{"@type":"SearchAction","target":{"@type":"EntryPoint","urlTemplate":"https:\/\/cacaunews.com\/?s={search_term_string}"},"query-input":"required name=search_term_string"}],"inLanguage":"pt-BR"},{"@type":"Organization","@id":"https:\/\/cacaunews.com\/#organization","name":"Cacau News","url":"https:\/\/cacaunews.com\/","logo":{"@type":"ImageObject","inLanguage":"pt-BR","@id":"https:\/\/cacaunews.com\/#\/schema\/logo\/image\/","url":"https:\/\/cacaunews.com\/wp-content\/uploads\/2025\/01\/cropped-LOGO-NOVA.png","contentUrl":"https:\/\/cacaunews.com\/wp-content\/uploads\/2025\/01\/cropped-LOGO-NOVA.png","width":813,"height":813,"caption":"Cacau News"},"image":{"@id":"https:\/\/cacaunews.com\/#\/schema\/logo\/image\/"},"sameAs":["https:\/\/www.instagram.com\/cacaunews.online\/","https:\/\/youtube.com\/@cacaunews?si=0VXLnjl08SrWbVG9"]},{"@type":"Person","@id":"https:\/\/cacaunews.com\/#\/schema\/person\/ea69703103e606ad347ccd64bd72ef79","name":"Reda\u00e7\u00e3o Cacau News","image":{"@type":"ImageObject","inLanguage":"pt-BR","@id":"https:\/\/cacaunews.com\/#\/schema\/person\/image\/","url":"https:\/\/secure.gravatar.com\/avatar\/d79227a2a7b6cc42e8d7a8f7c284cd3a?s=96&d=mm&r=g","contentUrl":"https:\/\/secure.gravatar.com\/avatar\/d79227a2a7b6cc42e8d7a8f7c284cd3a?s=96&d=mm&r=g","caption":"Reda\u00e7\u00e3o Cacau News"},"sameAs":["https:\/\/cacaunews.com"],"url":"https:\/\/cacaunews.com\/?author=1"}]}},"jetpack_sharing_enabled":true,"jetpack_featured_media_url":"https:\/\/cacaunews.com\/wp-content\/uploads\/2024\/04\/a6ac6ff52fabf8dc2ae5ae61c01a8100.png","_links":{"self":[{"href":"https:\/\/cacaunews.com\/index.php?rest_route=\/wp\/v2\/posts\/4521"}],"collection":[{"href":"https:\/\/cacaunews.com\/index.php?rest_route=\/wp\/v2\/posts"}],"about":[{"href":"https:\/\/cacaunews.com\/index.php?rest_route=\/wp\/v2\/types\/post"}],"author":[{"embeddable":true,"href":"https:\/\/cacaunews.com\/index.php?rest_route=\/wp\/v2\/users\/1"}],"replies":[{"embeddable":true,"href":"https:\/\/cacaunews.com\/index.php?rest_route=%2Fwp%2Fv2%2Fcomments&post=4521"}],"version-history":[{"count":0,"href":"https:\/\/cacaunews.com\/index.php?rest_route=\/wp\/v2\/posts\/4521\/revisions"}],"wp:featuredmedia":[{"embeddable":true,"href":"https:\/\/cacaunews.com\/index.php?rest_route=\/wp\/v2\/media\/4520"}],"wp:attachment":[{"href":"https:\/\/cacaunews.com\/index.php?rest_route=%2Fwp%2Fv2%2Fmedia&parent=4521"}],"wp:term":[{"taxonomy":"category","embeddable":true,"href":"https:\/\/cacaunews.com\/index.php?rest_route=%2Fwp%2Fv2%2Fcategories&post=4521"},{"taxonomy":"post_tag","embeddable":true,"href":"https:\/\/cacaunews.com\/index.php?rest_route=%2Fwp%2Fv2%2Ftags&post=4521"}],"curies":[{"name":"wp","href":"https:\/\/api.w.org\/{rel}","templated":true}]}}