{"id":4529,"date":"2024-04-06T01:33:01","date_gmt":"2024-04-06T01:33:01","guid":{"rendered":"https:\/\/cacaunews.com\/?p=4529"},"modified":"2024-04-06T01:33:01","modified_gmt":"2024-04-06T01:33:01","slug":"central-politica-entrevistara-prefeito-de-ilheus-mario-alexandre","status":"publish","type":"post","link":"https:\/\/cacaunews.com\/?p=4529","title":{"rendered":"Central Pol\u00edtica entrevistar\u00e1 prefeito de Ilh\u00e9us M\u00e1rio Alexandre."},"content":{"rendered":"\n<p>O prefeito de Ilh\u00e9us,&nbsp; M\u00e1rio Alexandre (PSD)\u00e9 o entrevistado deste s\u00e1bado (6) no programa Central de Pol\u00edtica,&nbsp; na R\u00e1dio Interativa FM. <br><br>Mar\u00e3o, como \u00e9 conhecido o prefeito ilheense, vai participar do quadro &#8220;Na Boca do Tubar\u00e3o&#8221;,&nbsp;&nbsp; em que o entrevistado responde sobre o comportamento de personalidades p\u00fablicas. <br><br><br>Praticando o jornalismo cidad\u00e3o o Central Pol\u00edtica&nbsp; abre espa\u00e7o para os ouvintes participarem do quadro &#8220;Na Boca do Tubar\u00e3o&#8221; , colocando qual problema da cidade bota na boca do tubar\u00e3o.<br><br>Neste s\u00e1bado o Central de Pol\u00edtica faz o acompanhamento ao vivo das pr\u00e9vias do PT que ser\u00e1 realizada na C\u00e2mara de Vereadores das 9h \u00e0s 17h, muito aguardada.Ouvintes contar\u00e3o com informa\u00e7\u00f5es em tempo real do&nbsp; aguardado acontecimento pol\u00edtico do munic\u00edpio. <br><br>O Central Pol\u00edtica \u00e9 apresentado por Neto Terra Branca com coment\u00e1rios de Ruy Corr\u00eaa, reportagens de F\u00e1bio Ferreira. O radialista Agenor Brito traz informa\u00e7\u00f5es direto da capital do estado e dos bastidores da Assembleia Legislativa. Na&nbsp; retaguarda o radialista Nei Amaral. <br><br><br>O Central de Pol\u00edtica \u00e9 veiculado pela R\u00e1dio Interativa FM (93,7), todos os s\u00e1bados das 8h \u00e0s 10h. Pode ser ouvido pela internet. Ouvintes podem interagir com o Central de Politica atrav\u00e9s do telefone WhatsApp (73)98861-6427<\/p>\n","protected":false},"excerpt":{"rendered":"<p>O prefeito de Ilh\u00e9us,&nbsp; M\u00e1rio Alexandre (PSD)\u00e9 o entrevistado deste s\u00e1bado (6) no programa Central&#8230;<\/p>\n","protected":false},"author":1,"featured_media":4528,"comment_status":"open","ping_status":"open","sticky":false,"template":"","format":"standard","meta":{"footnotes":""},"categories":[18,11,5],"tags":[583,37,448,564],"yoast_head":"<!-- This site is optimized with the Yoast SEO plugin v21.7 - https:\/\/yoast.com\/wordpress\/plugins\/seo\/ -->\n<title>Central Pol\u00edtica entrevistar\u00e1 prefeito de Ilh\u00e9us M\u00e1rio Alexandre. - Cacau News<\/title>\n<meta name=\"robots\" content=\"index, follow, max-snippet:-1, max-image-preview:large, max-video-preview:-1\" \/>\n<link rel=\"canonical\" href=\"https:\/\/cacaunews.com\/?p=4529\" \/>\n<meta property=\"og:locale\" content=\"pt_BR\" \/>\n<meta property=\"og:type\" content=\"article\" \/>\n<meta property=\"og:title\" content=\"Central Pol\u00edtica entrevistar\u00e1 prefeito de Ilh\u00e9us M\u00e1rio Alexandre. - Cacau News\" \/>\n<meta property=\"og:description\" content=\"O prefeito de Ilh\u00e9us,&nbsp; M\u00e1rio Alexandre (PSD)\u00e9 o entrevistado deste s\u00e1bado (6) no programa Central...\" \/>\n<meta property=\"og:url\" content=\"https:\/\/cacaunews.com\/?p=4529\" \/>\n<meta property=\"og:site_name\" content=\"Cacau News\" \/>\n<meta property=\"article:published_time\" content=\"2024-04-06T01:33:01+00:00\" \/>\n<meta name=\"author\" content=\"Reda\u00e7\u00e3o Cacau News\" \/>\n<meta name=\"twitter:card\" content=\"summary_large_image\" \/>\n<meta name=\"twitter:label1\" content=\"Escrito por\" \/>\n\t<meta name=\"twitter:data1\" content=\"Reda\u00e7\u00e3o Cacau News\" \/>\n\t<meta name=\"twitter:label2\" content=\"Est. tempo de leitura\" \/>\n\t<meta name=\"twitter:data2\" content=\"1 minuto\" \/>\n<script type=\"application\/ld+json\" class=\"yoast-schema-graph\">{\"@context\":\"https:\/\/schema.org\",\"@graph\":[{\"@type\":\"Article\",\"@id\":\"https:\/\/cacaunews.com\/?p=4529#article\",\"isPartOf\":{\"@id\":\"https:\/\/cacaunews.com\/?p=4529\"},\"author\":{\"name\":\"Reda\u00e7\u00e3o Cacau News\",\"@id\":\"https:\/\/cacaunews.com\/#\/schema\/person\/ea69703103e606ad347ccd64bd72ef79\"},\"headline\":\"Central Pol\u00edtica entrevistar\u00e1 prefeito de Ilh\u00e9us M\u00e1rio Alexandre.\",\"datePublished\":\"2024-04-06T01:33:01+00:00\",\"dateModified\":\"2024-04-06T01:33:01+00:00\",\"mainEntityOfPage\":{\"@id\":\"https:\/\/cacaunews.com\/?p=4529\"},\"wordCount\":237,\"commentCount\":0,\"publisher\":{\"@id\":\"https:\/\/cacaunews.com\/#organization\"},\"keywords\":[\"entrevista\",\"ilheus\",\"interativa fm\",\"prefeito\"],\"articleSection\":[\"cidades\",\"Jornalismo\",\"Politica\"],\"inLanguage\":\"pt-BR\",\"potentialAction\":[{\"@type\":\"CommentAction\",\"name\":\"Comment\",\"target\":[\"https:\/\/cacaunews.com\/?p=4529#respond\"]}]},{\"@type\":\"WebPage\",\"@id\":\"https:\/\/cacaunews.com\/?p=4529\",\"url\":\"https:\/\/cacaunews.com\/?p=4529\",\"name\":\"Central Pol\u00edtica entrevistar\u00e1 prefeito de Ilh\u00e9us M\u00e1rio Alexandre. - Cacau News\",\"isPartOf\":{\"@id\":\"https:\/\/cacaunews.com\/#website\"},\"datePublished\":\"2024-04-06T01:33:01+00:00\",\"dateModified\":\"2024-04-06T01:33:01+00:00\",\"breadcrumb\":{\"@id\":\"https:\/\/cacaunews.com\/?p=4529#breadcrumb\"},\"inLanguage\":\"pt-BR\",\"potentialAction\":[{\"@type\":\"ReadAction\",\"target\":[\"https:\/\/cacaunews.com\/?p=4529\"]}]},{\"@type\":\"BreadcrumbList\",\"@id\":\"https:\/\/cacaunews.com\/?p=4529#breadcrumb\",\"itemListElement\":[{\"@type\":\"ListItem\",\"position\":1,\"name\":\"In\u00edcio\",\"item\":\"https:\/\/cacaunews.com\/\"},{\"@type\":\"ListItem\",\"position\":2,\"name\":\"Central Pol\u00edtica entrevistar\u00e1 prefeito de Ilh\u00e9us M\u00e1rio Alexandre.\"}]},{\"@type\":\"WebSite\",\"@id\":\"https:\/\/cacaunews.com\/#website\",\"url\":\"https:\/\/cacaunews.com\/\",\"name\":\"Cacau News\",\"description\":\"A Informa\u00e7\u00e3o que voc\u00ea precisa!\",\"publisher\":{\"@id\":\"https:\/\/cacaunews.com\/#organization\"},\"potentialAction\":[{\"@type\":\"SearchAction\",\"target\":{\"@type\":\"EntryPoint\",\"urlTemplate\":\"https:\/\/cacaunews.com\/?s={search_term_string}\"},\"query-input\":\"required name=search_term_string\"}],\"inLanguage\":\"pt-BR\"},{\"@type\":\"Organization\",\"@id\":\"https:\/\/cacaunews.com\/#organization\",\"name\":\"Cacau News\",\"url\":\"https:\/\/cacaunews.com\/\",\"logo\":{\"@type\":\"ImageObject\",\"inLanguage\":\"pt-BR\",\"@id\":\"https:\/\/cacaunews.com\/#\/schema\/logo\/image\/\",\"url\":\"https:\/\/cacaunews.com\/wp-content\/uploads\/2025\/01\/cropped-LOGO-NOVA.png\",\"contentUrl\":\"https:\/\/cacaunews.com\/wp-content\/uploads\/2025\/01\/cropped-LOGO-NOVA.png\",\"width\":813,\"height\":813,\"caption\":\"Cacau News\"},\"image\":{\"@id\":\"https:\/\/cacaunews.com\/#\/schema\/logo\/image\/\"},\"sameAs\":[\"https:\/\/www.instagram.com\/cacaunews.online\/\",\"https:\/\/youtube.com\/@cacaunews?si=0VXLnjl08SrWbVG9\"]},{\"@type\":\"Person\",\"@id\":\"https:\/\/cacaunews.com\/#\/schema\/person\/ea69703103e606ad347ccd64bd72ef79\",\"name\":\"Reda\u00e7\u00e3o Cacau News\",\"image\":{\"@type\":\"ImageObject\",\"inLanguage\":\"pt-BR\",\"@id\":\"https:\/\/cacaunews.com\/#\/schema\/person\/image\/\",\"url\":\"https:\/\/secure.gravatar.com\/avatar\/d79227a2a7b6cc42e8d7a8f7c284cd3a?s=96&d=mm&r=g\",\"contentUrl\":\"https:\/\/secure.gravatar.com\/avatar\/d79227a2a7b6cc42e8d7a8f7c284cd3a?s=96&d=mm&r=g\",\"caption\":\"Reda\u00e7\u00e3o Cacau News\"},\"sameAs\":[\"https:\/\/cacaunews.com\"],\"url\":\"https:\/\/cacaunews.com\/?author=1\"}]}<\/script>\n<!-- \/ Yoast SEO plugin. -->","yoast_head_json":{"title":"Central Pol\u00edtica entrevistar\u00e1 prefeito de Ilh\u00e9us M\u00e1rio Alexandre. - Cacau News","robots":{"index":"index","follow":"follow","max-snippet":"max-snippet:-1","max-image-preview":"max-image-preview:large","max-video-preview":"max-video-preview:-1"},"canonical":"https:\/\/cacaunews.com\/?p=4529","og_locale":"pt_BR","og_type":"article","og_title":"Central Pol\u00edtica entrevistar\u00e1 prefeito de Ilh\u00e9us M\u00e1rio Alexandre. - Cacau News","og_description":"O prefeito de Ilh\u00e9us,&nbsp; M\u00e1rio Alexandre (PSD)\u00e9 o entrevistado deste s\u00e1bado (6) no programa Central...","og_url":"https:\/\/cacaunews.com\/?p=4529","og_site_name":"Cacau News","article_published_time":"2024-04-06T01:33:01+00:00","author":"Reda\u00e7\u00e3o Cacau News","twitter_card":"summary_large_image","twitter_misc":{"Escrito por":"Reda\u00e7\u00e3o Cacau News","Est. tempo de leitura":"1 minuto"},"schema":{"@context":"https:\/\/schema.org","@graph":[{"@type":"Article","@id":"https:\/\/cacaunews.com\/?p=4529#article","isPartOf":{"@id":"https:\/\/cacaunews.com\/?p=4529"},"author":{"name":"Reda\u00e7\u00e3o Cacau News","@id":"https:\/\/cacaunews.com\/#\/schema\/person\/ea69703103e606ad347ccd64bd72ef79"},"headline":"Central Pol\u00edtica entrevistar\u00e1 prefeito de Ilh\u00e9us M\u00e1rio Alexandre.","datePublished":"2024-04-06T01:33:01+00:00","dateModified":"2024-04-06T01:33:01+00:00","mainEntityOfPage":{"@id":"https:\/\/cacaunews.com\/?p=4529"},"wordCount":237,"commentCount":0,"publisher":{"@id":"https:\/\/cacaunews.com\/#organization"},"keywords":["entrevista","ilheus","interativa fm","prefeito"],"articleSection":["cidades","Jornalismo","Politica"],"inLanguage":"pt-BR","potentialAction":[{"@type":"CommentAction","name":"Comment","target":["https:\/\/cacaunews.com\/?p=4529#respond"]}]},{"@type":"WebPage","@id":"https:\/\/cacaunews.com\/?p=4529","url":"https:\/\/cacaunews.com\/?p=4529","name":"Central Pol\u00edtica entrevistar\u00e1 prefeito de Ilh\u00e9us M\u00e1rio Alexandre. - Cacau News","isPartOf":{"@id":"https:\/\/cacaunews.com\/#website"},"datePublished":"2024-04-06T01:33:01+00:00","dateModified":"2024-04-06T01:33:01+00:00","breadcrumb":{"@id":"https:\/\/cacaunews.com\/?p=4529#breadcrumb"},"inLanguage":"pt-BR","potentialAction":[{"@type":"ReadAction","target":["https:\/\/cacaunews.com\/?p=4529"]}]},{"@type":"BreadcrumbList","@id":"https:\/\/cacaunews.com\/?p=4529#breadcrumb","itemListElement":[{"@type":"ListItem","position":1,"name":"In\u00edcio","item":"https:\/\/cacaunews.com\/"},{"@type":"ListItem","position":2,"name":"Central Pol\u00edtica entrevistar\u00e1 prefeito de Ilh\u00e9us M\u00e1rio Alexandre."}]},{"@type":"WebSite","@id":"https:\/\/cacaunews.com\/#website","url":"https:\/\/cacaunews.com\/","name":"Cacau News","description":"A Informa\u00e7\u00e3o que voc\u00ea precisa!","publisher":{"@id":"https:\/\/cacaunews.com\/#organization"},"potentialAction":[{"@type":"SearchAction","target":{"@type":"EntryPoint","urlTemplate":"https:\/\/cacaunews.com\/?s={search_term_string}"},"query-input":"required name=search_term_string"}],"inLanguage":"pt-BR"},{"@type":"Organization","@id":"https:\/\/cacaunews.com\/#organization","name":"Cacau News","url":"https:\/\/cacaunews.com\/","logo":{"@type":"ImageObject","inLanguage":"pt-BR","@id":"https:\/\/cacaunews.com\/#\/schema\/logo\/image\/","url":"https:\/\/cacaunews.com\/wp-content\/uploads\/2025\/01\/cropped-LOGO-NOVA.png","contentUrl":"https:\/\/cacaunews.com\/wp-content\/uploads\/2025\/01\/cropped-LOGO-NOVA.png","width":813,"height":813,"caption":"Cacau News"},"image":{"@id":"https:\/\/cacaunews.com\/#\/schema\/logo\/image\/"},"sameAs":["https:\/\/www.instagram.com\/cacaunews.online\/","https:\/\/youtube.com\/@cacaunews?si=0VXLnjl08SrWbVG9"]},{"@type":"Person","@id":"https:\/\/cacaunews.com\/#\/schema\/person\/ea69703103e606ad347ccd64bd72ef79","name":"Reda\u00e7\u00e3o Cacau News","image":{"@type":"ImageObject","inLanguage":"pt-BR","@id":"https:\/\/cacaunews.com\/#\/schema\/person\/image\/","url":"https:\/\/secure.gravatar.com\/avatar\/d79227a2a7b6cc42e8d7a8f7c284cd3a?s=96&d=mm&r=g","contentUrl":"https:\/\/secure.gravatar.com\/avatar\/d79227a2a7b6cc42e8d7a8f7c284cd3a?s=96&d=mm&r=g","caption":"Reda\u00e7\u00e3o Cacau News"},"sameAs":["https:\/\/cacaunews.com"],"url":"https:\/\/cacaunews.com\/?author=1"}]}},"jetpack_sharing_enabled":true,"jetpack_featured_media_url":"https:\/\/cacaunews.com\/wp-content\/uploads\/2024\/04\/IMG-20240405-WA0000.jpg","_links":{"self":[{"href":"https:\/\/cacaunews.com\/index.php?rest_route=\/wp\/v2\/posts\/4529"}],"collection":[{"href":"https:\/\/cacaunews.com\/index.php?rest_route=\/wp\/v2\/posts"}],"about":[{"href":"https:\/\/cacaunews.com\/index.php?rest_route=\/wp\/v2\/types\/post"}],"author":[{"embeddable":true,"href":"https:\/\/cacaunews.com\/index.php?rest_route=\/wp\/v2\/users\/1"}],"replies":[{"embeddable":true,"href":"https:\/\/cacaunews.com\/index.php?rest_route=%2Fwp%2Fv2%2Fcomments&post=4529"}],"version-history":[{"count":0,"href":"https:\/\/cacaunews.com\/index.php?rest_route=\/wp\/v2\/posts\/4529\/revisions"}],"wp:featuredmedia":[{"embeddable":true,"href":"https:\/\/cacaunews.com\/index.php?rest_route=\/wp\/v2\/media\/4528"}],"wp:attachment":[{"href":"https:\/\/cacaunews.com\/index.php?rest_route=%2Fwp%2Fv2%2Fmedia&parent=4529"}],"wp:term":[{"taxonomy":"category","embeddable":true,"href":"https:\/\/cacaunews.com\/index.php?rest_route=%2Fwp%2Fv2%2Fcategories&post=4529"},{"taxonomy":"post_tag","embeddable":true,"href":"https:\/\/cacaunews.com\/index.php?rest_route=%2Fwp%2Fv2%2Ftags&post=4529"}],"curies":[{"name":"wp","href":"https:\/\/api.w.org\/{rel}","templated":true}]}}