{"id":4543,"date":"2024-04-08T14:43:20","date_gmt":"2024-04-08T14:43:20","guid":{"rendered":"https:\/\/cacaunews.com\/?p=4543"},"modified":"2024-04-08T14:43:20","modified_gmt":"2024-04-08T14:43:20","slug":"itabuna-delegados-votam-no-sabado-13-se-pt-tera-nome-proprio-ou-apoiara-augusto","status":"publish","type":"post","link":"https:\/\/cacaunews.com\/?p=4543","title":{"rendered":"Itabuna: Delegados votam, no s\u00e1bado (13), se PT ter\u00e1 nome pr\u00f3prio ou apoiar\u00e1 Augusto."},"content":{"rendered":"\n<p>O PT de Itabuna definir\u00e1 somente no s\u00e1bado (13) os nomes do partido para concorrer \u00e0s vagas de vereador e se ter\u00e1 candidatura pr\u00f3pria a prefeito ou se apoiar\u00e1 a reelei\u00e7\u00e3o de Augusto Castro (PSD). As escolhas ser\u00e3o feitas pelos 88 delegados eleitos no \u00faltimo s\u00e1bado (6), na C\u00e2mara de Vereadores.<\/p>\n\n\n\n<p>Por 594 a 590, neste final de semana, o grupo de Manoel Porf\u00edrio registrou vit\u00f3ria nominal em defesa do apoio \u00e0 reelei\u00e7\u00e3o de Augusto em vez de candidatura pr\u00f3pria. Percentualmente, 50,17% a 49,83% nos votos v\u00e1lidos.<br><br>Por\u00e9m, houve empate para cada lado na escolha dos delegados, que ser\u00e3o aqueles que v\u00e3o dar a palavra final, no n\u00edvel local, sobre a chapa majorit\u00e1ria.<br><br>Com isso, a tend\u00eancia \u00e9 que a peleja petista em torno da candidatura pr\u00f3pria, at\u00e9 aqui a posta foi a do ex-prefeito Geraldo Sim\u00f5es, ou apoio \u00e0 reelei\u00e7\u00e3o do prefeito pelo PSD seja decidida somente pelo Diret\u00f3rio Nacional.<br><br>Quem explica os pr\u00f3ximos passos \u00e9 o presidente do PT de Itabuna, Jackson Moreira. Ligado ao grupo do ex-prefeito, ele refor\u00e7a:<br><br>\u2013 O\u00a0 resultado [da vota\u00e7\u00e3o dos delegados] ser\u00e1 encaminhado ao Diret\u00f3rio Nacional, que homologa decis\u00f5es em cidades com mais de 100 mil eleitores e 1.000 filiados \u2013 explicou Jackson ao PIMENTA.<br><br>H\u00e1 no grupo ligado ao ex-prefeito Geraldo Sim\u00f5es a convic\u00e7\u00e3o de vit\u00f3ria no Diret\u00f3rio Nacional, assegurando a candidatura pr\u00f3pria em 2024.<br><br>Do lado do vereador Manoel Porf\u00edrio, o que se diz \u00e9 que uma decis\u00e3o que n\u00e3o seja a de apoio \u00e0 reelei\u00e7\u00e3o de Augusto Castro ser\u00e1 interpretada como \u201ctapet\u00e3o\u201d (altera\u00e7\u00e3o de resultado fora do campo, conforme a linguagem futebol\u00edstica).<\/p>\n\n\n\n<p>Abaixo, veja o comunicado emitido pela presid\u00eancia do Diret\u00f3rio do PT.<br><br><br>Comunicado Partido dos Trabalhadores<br>Companheiros, com o fim da primeira etapa do Encontro Municipal do Partido dos Trabalhadores, que ir\u00e1 definir a t\u00e1tica majorit\u00e1ria e a chapa proporcional para as elei\u00e7\u00f5es de outubro, o pr\u00f3ximo passo ser\u00e1 a constru\u00e7\u00e3o do segundo momento.<br><br>A primeira etapa teve como resultado a vit\u00f3ria nominal da chapa Lula cada vez mais forte, que obteve 4 votos de frente sobre a chapa Geraldo Sim\u00f5es Prefeito, num universo de 1.184 votos v\u00e1lidos (594 a 590). Em termos percentuais, 50,17% a 49,83%.<br><br>Pelo crit\u00e9rio da proporcionalidade, previsto no Regimento do Partido dos Trabalhadores, cada chapa amealhou 44 delegados que ir\u00e3o indicar \u00e0 segunda e definitiva etapa do Encontro Municipal do PT. Caso haja alguma discord\u00e2ncia de qualquer lado, a defini\u00e7\u00e3o se dar\u00e1 com base no artigo 39 do Regulamento dos Encontros Municipais e Pr\u00e9vias \u2013 Elei\u00e7\u00f5es Municipais 2024, que prev\u00ea como inst\u00e2ncia de decis\u00e3o a Comiss\u00e3o Executiva Nacional, do Diret\u00f3rio Nacional.<\/p>\n\n\n\n<p>S\u00e3o esses delegados que, ao fim, ir\u00e3o deliberar pela candidatura pr\u00f3pria a prefeito ou apoio \u00e0 reelei\u00e7\u00e3o do prefeito Augusto Castro, como tamb\u00e9m decidir, \u00e0 luz das delibera\u00e7\u00f5es do Diret\u00f3rio Nacional e da Secretaria de Finan\u00e7as, a inscri\u00e7\u00e3o de chapa proporcional.<br><br>O Partido dos Trabalhadores sa\u00fada sua milit\u00e2ncia que fez a disputa de forma \u00e9tica, ao tempo que lamenta por eventuais desvios de conduta que porventura tenham ocorrido em um dos lados da disputa desse s\u00e1bado (6). Vamos seguir, companheiros, porque ainda temos uma importante etapa a cumprir e grandes decis\u00f5es a tomar no processo democr\u00e1tico de elei\u00e7\u00e3o municipal.<br><br>Jackson Moreira \u2013 presidente do Diret\u00f3rio Municipal do PT Itabuna<\/p>\n\n\n\n<p>Com Informa\u00e7\u00f5es Pimenta Blog.<\/p>\n","protected":false},"excerpt":{"rendered":"<p>O PT de Itabuna definir\u00e1 somente no s\u00e1bado (13) os nomes do partido para concorrer&#8230;<\/p>\n","protected":false},"author":1,"featured_media":4542,"comment_status":"open","ping_status":"open","sticky":false,"template":"","format":"standard","meta":{"footnotes":""},"categories":[18,11,5],"tags":[961,1244,27,295],"yoast_head":"<!-- This site is optimized with the Yoast SEO plugin v21.7 - https:\/\/yoast.com\/wordpress\/plugins\/seo\/ -->\n<title>Itabuna: Delegados votam, no s\u00e1bado (13), se PT ter\u00e1 nome pr\u00f3prio ou apoiar\u00e1 Augusto. - Cacau News<\/title>\n<meta name=\"robots\" content=\"index, follow, max-snippet:-1, max-image-preview:large, max-video-preview:-1\" \/>\n<link rel=\"canonical\" href=\"https:\/\/cacaunews.com\/?p=4543\" \/>\n<meta property=\"og:locale\" content=\"pt_BR\" \/>\n<meta property=\"og:type\" content=\"article\" \/>\n<meta property=\"og:title\" content=\"Itabuna: Delegados votam, no s\u00e1bado (13), se PT ter\u00e1 nome pr\u00f3prio ou apoiar\u00e1 Augusto. - Cacau News\" \/>\n<meta property=\"og:description\" content=\"O PT de Itabuna definir\u00e1 somente no s\u00e1bado (13) os nomes do partido para concorrer...\" \/>\n<meta property=\"og:url\" content=\"https:\/\/cacaunews.com\/?p=4543\" \/>\n<meta property=\"og:site_name\" content=\"Cacau News\" \/>\n<meta property=\"article:published_time\" content=\"2024-04-08T14:43:20+00:00\" \/>\n<meta name=\"author\" content=\"Reda\u00e7\u00e3o Cacau News\" \/>\n<meta name=\"twitter:card\" content=\"summary_large_image\" \/>\n<meta name=\"twitter:label1\" content=\"Escrito por\" \/>\n\t<meta name=\"twitter:data1\" content=\"Reda\u00e7\u00e3o Cacau News\" \/>\n\t<meta name=\"twitter:label2\" content=\"Est. tempo de leitura\" \/>\n\t<meta name=\"twitter:data2\" content=\"3 minutos\" \/>\n<script type=\"application\/ld+json\" class=\"yoast-schema-graph\">{\"@context\":\"https:\/\/schema.org\",\"@graph\":[{\"@type\":\"Article\",\"@id\":\"https:\/\/cacaunews.com\/?p=4543#article\",\"isPartOf\":{\"@id\":\"https:\/\/cacaunews.com\/?p=4543\"},\"author\":{\"name\":\"Reda\u00e7\u00e3o Cacau News\",\"@id\":\"https:\/\/cacaunews.com\/#\/schema\/person\/ea69703103e606ad347ccd64bd72ef79\"},\"headline\":\"Itabuna: Delegados votam, no s\u00e1bado (13), se PT ter\u00e1 nome pr\u00f3prio ou apoiar\u00e1 Augusto.\",\"datePublished\":\"2024-04-08T14:43:20+00:00\",\"dateModified\":\"2024-04-08T14:43:20+00:00\",\"mainEntityOfPage\":{\"@id\":\"https:\/\/cacaunews.com\/?p=4543\"},\"wordCount\":597,\"commentCount\":0,\"publisher\":{\"@id\":\"https:\/\/cacaunews.com\/#organization\"},\"keywords\":[\"decis\u00e3o\",\"elei\u00e7\u00f5es 2024\",\"itabuna\",\"PT\"],\"articleSection\":[\"cidades\",\"Jornalismo\",\"Politica\"],\"inLanguage\":\"pt-BR\",\"potentialAction\":[{\"@type\":\"CommentAction\",\"name\":\"Comment\",\"target\":[\"https:\/\/cacaunews.com\/?p=4543#respond\"]}]},{\"@type\":\"WebPage\",\"@id\":\"https:\/\/cacaunews.com\/?p=4543\",\"url\":\"https:\/\/cacaunews.com\/?p=4543\",\"name\":\"Itabuna: Delegados votam, no s\u00e1bado (13), se PT ter\u00e1 nome pr\u00f3prio ou apoiar\u00e1 Augusto. - Cacau News\",\"isPartOf\":{\"@id\":\"https:\/\/cacaunews.com\/#website\"},\"datePublished\":\"2024-04-08T14:43:20+00:00\",\"dateModified\":\"2024-04-08T14:43:20+00:00\",\"breadcrumb\":{\"@id\":\"https:\/\/cacaunews.com\/?p=4543#breadcrumb\"},\"inLanguage\":\"pt-BR\",\"potentialAction\":[{\"@type\":\"ReadAction\",\"target\":[\"https:\/\/cacaunews.com\/?p=4543\"]}]},{\"@type\":\"BreadcrumbList\",\"@id\":\"https:\/\/cacaunews.com\/?p=4543#breadcrumb\",\"itemListElement\":[{\"@type\":\"ListItem\",\"position\":1,\"name\":\"In\u00edcio\",\"item\":\"https:\/\/cacaunews.com\/\"},{\"@type\":\"ListItem\",\"position\":2,\"name\":\"Itabuna: Delegados votam, no s\u00e1bado (13), se PT ter\u00e1 nome pr\u00f3prio ou apoiar\u00e1 Augusto.\"}]},{\"@type\":\"WebSite\",\"@id\":\"https:\/\/cacaunews.com\/#website\",\"url\":\"https:\/\/cacaunews.com\/\",\"name\":\"Cacau News\",\"description\":\"A Informa\u00e7\u00e3o que voc\u00ea precisa!\",\"publisher\":{\"@id\":\"https:\/\/cacaunews.com\/#organization\"},\"potentialAction\":[{\"@type\":\"SearchAction\",\"target\":{\"@type\":\"EntryPoint\",\"urlTemplate\":\"https:\/\/cacaunews.com\/?s={search_term_string}\"},\"query-input\":\"required name=search_term_string\"}],\"inLanguage\":\"pt-BR\"},{\"@type\":\"Organization\",\"@id\":\"https:\/\/cacaunews.com\/#organization\",\"name\":\"Cacau News\",\"url\":\"https:\/\/cacaunews.com\/\",\"logo\":{\"@type\":\"ImageObject\",\"inLanguage\":\"pt-BR\",\"@id\":\"https:\/\/cacaunews.com\/#\/schema\/logo\/image\/\",\"url\":\"https:\/\/cacaunews.com\/wp-content\/uploads\/2025\/01\/cropped-LOGO-NOVA.png\",\"contentUrl\":\"https:\/\/cacaunews.com\/wp-content\/uploads\/2025\/01\/cropped-LOGO-NOVA.png\",\"width\":813,\"height\":813,\"caption\":\"Cacau News\"},\"image\":{\"@id\":\"https:\/\/cacaunews.com\/#\/schema\/logo\/image\/\"},\"sameAs\":[\"https:\/\/www.instagram.com\/cacaunews.online\/\",\"https:\/\/youtube.com\/@cacaunews?si=0VXLnjl08SrWbVG9\"]},{\"@type\":\"Person\",\"@id\":\"https:\/\/cacaunews.com\/#\/schema\/person\/ea69703103e606ad347ccd64bd72ef79\",\"name\":\"Reda\u00e7\u00e3o Cacau News\",\"image\":{\"@type\":\"ImageObject\",\"inLanguage\":\"pt-BR\",\"@id\":\"https:\/\/cacaunews.com\/#\/schema\/person\/image\/\",\"url\":\"https:\/\/secure.gravatar.com\/avatar\/d79227a2a7b6cc42e8d7a8f7c284cd3a?s=96&d=mm&r=g\",\"contentUrl\":\"https:\/\/secure.gravatar.com\/avatar\/d79227a2a7b6cc42e8d7a8f7c284cd3a?s=96&d=mm&r=g\",\"caption\":\"Reda\u00e7\u00e3o Cacau News\"},\"sameAs\":[\"https:\/\/cacaunews.com\"],\"url\":\"https:\/\/cacaunews.com\/?author=1\"}]}<\/script>\n<!-- \/ Yoast SEO plugin. -->","yoast_head_json":{"title":"Itabuna: Delegados votam, no s\u00e1bado (13), se PT ter\u00e1 nome pr\u00f3prio ou apoiar\u00e1 Augusto. - Cacau News","robots":{"index":"index","follow":"follow","max-snippet":"max-snippet:-1","max-image-preview":"max-image-preview:large","max-video-preview":"max-video-preview:-1"},"canonical":"https:\/\/cacaunews.com\/?p=4543","og_locale":"pt_BR","og_type":"article","og_title":"Itabuna: Delegados votam, no s\u00e1bado (13), se PT ter\u00e1 nome pr\u00f3prio ou apoiar\u00e1 Augusto. - Cacau News","og_description":"O PT de Itabuna definir\u00e1 somente no s\u00e1bado (13) os nomes do partido para concorrer...","og_url":"https:\/\/cacaunews.com\/?p=4543","og_site_name":"Cacau News","article_published_time":"2024-04-08T14:43:20+00:00","author":"Reda\u00e7\u00e3o Cacau News","twitter_card":"summary_large_image","twitter_misc":{"Escrito por":"Reda\u00e7\u00e3o Cacau News","Est. tempo de leitura":"3 minutos"},"schema":{"@context":"https:\/\/schema.org","@graph":[{"@type":"Article","@id":"https:\/\/cacaunews.com\/?p=4543#article","isPartOf":{"@id":"https:\/\/cacaunews.com\/?p=4543"},"author":{"name":"Reda\u00e7\u00e3o Cacau News","@id":"https:\/\/cacaunews.com\/#\/schema\/person\/ea69703103e606ad347ccd64bd72ef79"},"headline":"Itabuna: Delegados votam, no s\u00e1bado (13), se PT ter\u00e1 nome pr\u00f3prio ou apoiar\u00e1 Augusto.","datePublished":"2024-04-08T14:43:20+00:00","dateModified":"2024-04-08T14:43:20+00:00","mainEntityOfPage":{"@id":"https:\/\/cacaunews.com\/?p=4543"},"wordCount":597,"commentCount":0,"publisher":{"@id":"https:\/\/cacaunews.com\/#organization"},"keywords":["decis\u00e3o","elei\u00e7\u00f5es 2024","itabuna","PT"],"articleSection":["cidades","Jornalismo","Politica"],"inLanguage":"pt-BR","potentialAction":[{"@type":"CommentAction","name":"Comment","target":["https:\/\/cacaunews.com\/?p=4543#respond"]}]},{"@type":"WebPage","@id":"https:\/\/cacaunews.com\/?p=4543","url":"https:\/\/cacaunews.com\/?p=4543","name":"Itabuna: Delegados votam, no s\u00e1bado (13), se PT ter\u00e1 nome pr\u00f3prio ou apoiar\u00e1 Augusto. - Cacau News","isPartOf":{"@id":"https:\/\/cacaunews.com\/#website"},"datePublished":"2024-04-08T14:43:20+00:00","dateModified":"2024-04-08T14:43:20+00:00","breadcrumb":{"@id":"https:\/\/cacaunews.com\/?p=4543#breadcrumb"},"inLanguage":"pt-BR","potentialAction":[{"@type":"ReadAction","target":["https:\/\/cacaunews.com\/?p=4543"]}]},{"@type":"BreadcrumbList","@id":"https:\/\/cacaunews.com\/?p=4543#breadcrumb","itemListElement":[{"@type":"ListItem","position":1,"name":"In\u00edcio","item":"https:\/\/cacaunews.com\/"},{"@type":"ListItem","position":2,"name":"Itabuna: Delegados votam, no s\u00e1bado (13), se PT ter\u00e1 nome pr\u00f3prio ou apoiar\u00e1 Augusto."}]},{"@type":"WebSite","@id":"https:\/\/cacaunews.com\/#website","url":"https:\/\/cacaunews.com\/","name":"Cacau News","description":"A Informa\u00e7\u00e3o que voc\u00ea precisa!","publisher":{"@id":"https:\/\/cacaunews.com\/#organization"},"potentialAction":[{"@type":"SearchAction","target":{"@type":"EntryPoint","urlTemplate":"https:\/\/cacaunews.com\/?s={search_term_string}"},"query-input":"required name=search_term_string"}],"inLanguage":"pt-BR"},{"@type":"Organization","@id":"https:\/\/cacaunews.com\/#organization","name":"Cacau News","url":"https:\/\/cacaunews.com\/","logo":{"@type":"ImageObject","inLanguage":"pt-BR","@id":"https:\/\/cacaunews.com\/#\/schema\/logo\/image\/","url":"https:\/\/cacaunews.com\/wp-content\/uploads\/2025\/01\/cropped-LOGO-NOVA.png","contentUrl":"https:\/\/cacaunews.com\/wp-content\/uploads\/2025\/01\/cropped-LOGO-NOVA.png","width":813,"height":813,"caption":"Cacau News"},"image":{"@id":"https:\/\/cacaunews.com\/#\/schema\/logo\/image\/"},"sameAs":["https:\/\/www.instagram.com\/cacaunews.online\/","https:\/\/youtube.com\/@cacaunews?si=0VXLnjl08SrWbVG9"]},{"@type":"Person","@id":"https:\/\/cacaunews.com\/#\/schema\/person\/ea69703103e606ad347ccd64bd72ef79","name":"Reda\u00e7\u00e3o Cacau News","image":{"@type":"ImageObject","inLanguage":"pt-BR","@id":"https:\/\/cacaunews.com\/#\/schema\/person\/image\/","url":"https:\/\/secure.gravatar.com\/avatar\/d79227a2a7b6cc42e8d7a8f7c284cd3a?s=96&d=mm&r=g","contentUrl":"https:\/\/secure.gravatar.com\/avatar\/d79227a2a7b6cc42e8d7a8f7c284cd3a?s=96&d=mm&r=g","caption":"Reda\u00e7\u00e3o Cacau News"},"sameAs":["https:\/\/cacaunews.com"],"url":"https:\/\/cacaunews.com\/?author=1"}]}},"jetpack_sharing_enabled":true,"jetpack_featured_media_url":"https:\/\/cacaunews.com\/wp-content\/uploads\/2024\/04\/geraldo-e-augusto.jpg","_links":{"self":[{"href":"https:\/\/cacaunews.com\/index.php?rest_route=\/wp\/v2\/posts\/4543"}],"collection":[{"href":"https:\/\/cacaunews.com\/index.php?rest_route=\/wp\/v2\/posts"}],"about":[{"href":"https:\/\/cacaunews.com\/index.php?rest_route=\/wp\/v2\/types\/post"}],"author":[{"embeddable":true,"href":"https:\/\/cacaunews.com\/index.php?rest_route=\/wp\/v2\/users\/1"}],"replies":[{"embeddable":true,"href":"https:\/\/cacaunews.com\/index.php?rest_route=%2Fwp%2Fv2%2Fcomments&post=4543"}],"version-history":[{"count":0,"href":"https:\/\/cacaunews.com\/index.php?rest_route=\/wp\/v2\/posts\/4543\/revisions"}],"wp:featuredmedia":[{"embeddable":true,"href":"https:\/\/cacaunews.com\/index.php?rest_route=\/wp\/v2\/media\/4542"}],"wp:attachment":[{"href":"https:\/\/cacaunews.com\/index.php?rest_route=%2Fwp%2Fv2%2Fmedia&parent=4543"}],"wp:term":[{"taxonomy":"category","embeddable":true,"href":"https:\/\/cacaunews.com\/index.php?rest_route=%2Fwp%2Fv2%2Fcategories&post=4543"},{"taxonomy":"post_tag","embeddable":true,"href":"https:\/\/cacaunews.com\/index.php?rest_route=%2Fwp%2Fv2%2Ftags&post=4543"}],"curies":[{"name":"wp","href":"https:\/\/api.w.org\/{rel}","templated":true}]}}