{"id":4581,"date":"2024-04-10T19:40:29","date_gmt":"2024-04-10T19:40:29","guid":{"rendered":"https:\/\/cacaunews.com\/?p=4581"},"modified":"2024-04-10T19:40:29","modified_gmt":"2024-04-10T19:40:29","slug":"egresso-da-uesc-diplomata-ilheense-fez-palestra-na-universidade","status":"publish","type":"post","link":"https:\/\/cacaunews.com\/?p=4581","title":{"rendered":"Egresso da Uesc, diplomata ilheense fez palestra na Universidade."},"content":{"rendered":"\n<p>O diplomata ilheense Jo\u00e3o Lucas Ijino Santana, egresso do curso de L\u00ednguas Estrangeiras Aplicadas \u00e0s Negocia\u00e7\u00f5es Internacionais (LEA\/NI) da Universidade Estadual de Santa Cruz (Uesc), realizou palestra no Audit\u00f3rio Jorge Amado, no campus Professor Soane Nazar\u00e9 de Andrade, nesta ter\u00e7a-feira, dia 9 de abril. Na oportunidade, Ijino, que ocupa posto diplom\u00e1tico em Lima, no Peru, abordou o tema \u201cGeopol\u00edtica em tempos de crise: A inser\u00e7\u00e3o internacional do Brasil em um mundo em transforma\u00e7\u00e3o\u201d.<br><br>O evento foi promovido conjuntamente pelo Colegiado do Curso de LEA\/NI, pela Assessoria de Rela\u00e7\u00f5es Internacionais (Arint) e pelo Centro Acad\u00eamico Bar\u00e3o do Rio Branco, atrav\u00e9s da iniciativa da professora Claudete Rejane Weiss.&nbsp; Compareceram \u00e0 palestra, o vice-reitor, professor Maur\u00edcio de Santana Moureau a reitora da Uesc (2012-2019), professora Ad\u00e9lia Pinheiro, o assessor de Rela\u00e7\u00f5es Internacionais, professor Samuel Mattos, o coordenador do colegiado do (LEA\/NI), professor Jorge Onodera, al\u00e9m de docentes, estudantes e servidores t\u00e9cnicos.<br><br>Ao iniciar a palestra, o diplomata disse que a palavra crise descreve o momento atual dfa conjuntura mundial. Ele explicou que existem diferentes tipos de crises atualmente: de seguran\u00e7a, estruturais, clim\u00e1ticas (que podem n\u00e3o parecer, mas elevam a desigualdade em n\u00edvel global), sanit\u00e1rias e migrat\u00f3rias. Sendo que esses temas originam-se em tr\u00eas pilares, o pol\u00edtico, econ\u00f4mico e comercial.<br><br>Ijino Santana fez um relato sobre a hist\u00f3ria da diplomacia brasileira e destacou a import\u00e2ncia da atua\u00e7\u00e3o do Brasil no contexto da Am\u00e9rica Latina e no mundo. Al\u00e9m de descrever a realidade mundial no p\u00f3s-guerra e no per\u00edodo da guerra fria, ele afirma que houve um ponto de virada do pensamento pol\u00edtico mundial a partir do epis\u00f3dio do 11 de setembro de 2001, com o ataque \u00e0s Torres G\u00eameas nos Estados Unidos.<br><br>No que se refere ao Brasil, ele destaca a posi\u00e7\u00e3o neutra do pa\u00eds em conflitos internacionais, o desejo por uma Am\u00e9rica do Sul cada vez mais integrada e a import\u00e2ncia em sediar a c\u00fapula do G20, no Rio de Janeiro, em novembro deste ano, e a COP30, em 2025, em Bel\u00e9m, no Par\u00e1.&nbsp; Jo\u00e3o tamb\u00e9m compartilhou suas experi\u00eancias na busca de ingressar Instituo Rio Branco e na forma de atuar no meio diplom\u00e1tico como homem negro.<br><br>Com mais de dez anos de carreira, o diplomata ilheense, em sua primeira miss\u00e3o, foi designado para a Embaixada do Brasil no Haiti, onde desempenhou, entre outras fun\u00e7\u00f5es, a chefia do Setor de Coopera\u00e7\u00e3o T\u00e9cnica e Humanit\u00e1ria da Embaixada. Na Argentina, seu segundo posto, Ijino chefiou o Setor Econ\u00f4mico da Embaixada. Durante a pandemia de covid-19, integrou for\u00e7a tarefa respons\u00e1vel pela repatria\u00e7\u00e3o de milhares de brasileiros. Atualmente, chefia o Setor de Promo\u00e7\u00e3o Comercial, Atra\u00e7\u00e3o de Investimentos e Turismo da Embaixada do Brasil no Peru, onde atua para promover as exporta\u00e7\u00f5es brasileiras, atrair investimentos e promover os destinos tur\u00edsticos brasileiros.<\/p>\n","protected":false},"excerpt":{"rendered":"<p>O diplomata ilheense Jo\u00e3o Lucas Ijino Santana, egresso do curso de L\u00ednguas Estrangeiras Aplicadas \u00e0s&#8230;<\/p>\n","protected":false},"author":1,"featured_media":4580,"comment_status":"open","ping_status":"open","sticky":false,"template":"","format":"standard","meta":{"footnotes":""},"categories":[4,11],"tags":[1098,1701,33,352],"yoast_head":"<!-- This site is optimized with the Yoast SEO plugin v21.7 - https:\/\/yoast.com\/wordpress\/plugins\/seo\/ -->\n<title>Egresso da Uesc, diplomata ilheense fez palestra na Universidade. - Cacau News<\/title>\n<meta name=\"robots\" content=\"index, follow, max-snippet:-1, max-image-preview:large, max-video-preview:-1\" \/>\n<link rel=\"canonical\" href=\"https:\/\/cacaunews.com\/?p=4581\" \/>\n<meta property=\"og:locale\" content=\"pt_BR\" \/>\n<meta property=\"og:type\" content=\"article\" \/>\n<meta property=\"og:title\" content=\"Egresso da Uesc, diplomata ilheense fez palestra na Universidade. - Cacau News\" \/>\n<meta property=\"og:description\" content=\"O diplomata ilheense Jo\u00e3o Lucas Ijino Santana, egresso do curso de L\u00ednguas Estrangeiras Aplicadas \u00e0s...\" \/>\n<meta property=\"og:url\" content=\"https:\/\/cacaunews.com\/?p=4581\" \/>\n<meta property=\"og:site_name\" content=\"Cacau News\" \/>\n<meta property=\"article:published_time\" content=\"2024-04-10T19:40:29+00:00\" \/>\n<meta name=\"author\" content=\"Reda\u00e7\u00e3o Cacau News\" \/>\n<meta name=\"twitter:card\" content=\"summary_large_image\" \/>\n<meta name=\"twitter:label1\" content=\"Escrito por\" \/>\n\t<meta name=\"twitter:data1\" content=\"Reda\u00e7\u00e3o Cacau News\" \/>\n\t<meta name=\"twitter:label2\" content=\"Est. tempo de leitura\" \/>\n\t<meta name=\"twitter:data2\" content=\"3 minutos\" \/>\n<script type=\"application\/ld+json\" class=\"yoast-schema-graph\">{\"@context\":\"https:\/\/schema.org\",\"@graph\":[{\"@type\":\"Article\",\"@id\":\"https:\/\/cacaunews.com\/?p=4581#article\",\"isPartOf\":{\"@id\":\"https:\/\/cacaunews.com\/?p=4581\"},\"author\":{\"name\":\"Reda\u00e7\u00e3o Cacau News\",\"@id\":\"https:\/\/cacaunews.com\/#\/schema\/person\/ea69703103e606ad347ccd64bd72ef79\"},\"headline\":\"Egresso da Uesc, diplomata ilheense fez palestra na Universidade.\",\"datePublished\":\"2024-04-10T19:40:29+00:00\",\"dateModified\":\"2024-04-10T19:40:29+00:00\",\"mainEntityOfPage\":{\"@id\":\"https:\/\/cacaunews.com\/?p=4581\"},\"wordCount\":522,\"commentCount\":0,\"publisher\":{\"@id\":\"https:\/\/cacaunews.com\/#organization\"},\"keywords\":[\"2024\",\"diplomata\",\"educa\u00e7\u00e3o\",\"UESC\"],\"articleSection\":[\"Internet\",\"Jornalismo\"],\"inLanguage\":\"pt-BR\",\"potentialAction\":[{\"@type\":\"CommentAction\",\"name\":\"Comment\",\"target\":[\"https:\/\/cacaunews.com\/?p=4581#respond\"]}]},{\"@type\":\"WebPage\",\"@id\":\"https:\/\/cacaunews.com\/?p=4581\",\"url\":\"https:\/\/cacaunews.com\/?p=4581\",\"name\":\"Egresso da Uesc, diplomata ilheense fez palestra na Universidade. - Cacau News\",\"isPartOf\":{\"@id\":\"https:\/\/cacaunews.com\/#website\"},\"datePublished\":\"2024-04-10T19:40:29+00:00\",\"dateModified\":\"2024-04-10T19:40:29+00:00\",\"breadcrumb\":{\"@id\":\"https:\/\/cacaunews.com\/?p=4581#breadcrumb\"},\"inLanguage\":\"pt-BR\",\"potentialAction\":[{\"@type\":\"ReadAction\",\"target\":[\"https:\/\/cacaunews.com\/?p=4581\"]}]},{\"@type\":\"BreadcrumbList\",\"@id\":\"https:\/\/cacaunews.com\/?p=4581#breadcrumb\",\"itemListElement\":[{\"@type\":\"ListItem\",\"position\":1,\"name\":\"In\u00edcio\",\"item\":\"https:\/\/cacaunews.com\/\"},{\"@type\":\"ListItem\",\"position\":2,\"name\":\"Egresso da Uesc, diplomata ilheense fez palestra na Universidade.\"}]},{\"@type\":\"WebSite\",\"@id\":\"https:\/\/cacaunews.com\/#website\",\"url\":\"https:\/\/cacaunews.com\/\",\"name\":\"Cacau News\",\"description\":\"A Informa\u00e7\u00e3o que voc\u00ea precisa!\",\"publisher\":{\"@id\":\"https:\/\/cacaunews.com\/#organization\"},\"potentialAction\":[{\"@type\":\"SearchAction\",\"target\":{\"@type\":\"EntryPoint\",\"urlTemplate\":\"https:\/\/cacaunews.com\/?s={search_term_string}\"},\"query-input\":\"required name=search_term_string\"}],\"inLanguage\":\"pt-BR\"},{\"@type\":\"Organization\",\"@id\":\"https:\/\/cacaunews.com\/#organization\",\"name\":\"Cacau News\",\"url\":\"https:\/\/cacaunews.com\/\",\"logo\":{\"@type\":\"ImageObject\",\"inLanguage\":\"pt-BR\",\"@id\":\"https:\/\/cacaunews.com\/#\/schema\/logo\/image\/\",\"url\":\"https:\/\/cacaunews.com\/wp-content\/uploads\/2025\/01\/cropped-LOGO-NOVA.png\",\"contentUrl\":\"https:\/\/cacaunews.com\/wp-content\/uploads\/2025\/01\/cropped-LOGO-NOVA.png\",\"width\":813,\"height\":813,\"caption\":\"Cacau News\"},\"image\":{\"@id\":\"https:\/\/cacaunews.com\/#\/schema\/logo\/image\/\"},\"sameAs\":[\"https:\/\/www.instagram.com\/cacaunews.online\/\",\"https:\/\/youtube.com\/@cacaunews?si=0VXLnjl08SrWbVG9\"]},{\"@type\":\"Person\",\"@id\":\"https:\/\/cacaunews.com\/#\/schema\/person\/ea69703103e606ad347ccd64bd72ef79\",\"name\":\"Reda\u00e7\u00e3o Cacau News\",\"image\":{\"@type\":\"ImageObject\",\"inLanguage\":\"pt-BR\",\"@id\":\"https:\/\/cacaunews.com\/#\/schema\/person\/image\/\",\"url\":\"https:\/\/secure.gravatar.com\/avatar\/d79227a2a7b6cc42e8d7a8f7c284cd3a?s=96&d=mm&r=g\",\"contentUrl\":\"https:\/\/secure.gravatar.com\/avatar\/d79227a2a7b6cc42e8d7a8f7c284cd3a?s=96&d=mm&r=g\",\"caption\":\"Reda\u00e7\u00e3o Cacau News\"},\"sameAs\":[\"https:\/\/cacaunews.com\"],\"url\":\"https:\/\/cacaunews.com\/?author=1\"}]}<\/script>\n<!-- \/ Yoast SEO plugin. -->","yoast_head_json":{"title":"Egresso da Uesc, diplomata ilheense fez palestra na Universidade. - Cacau News","robots":{"index":"index","follow":"follow","max-snippet":"max-snippet:-1","max-image-preview":"max-image-preview:large","max-video-preview":"max-video-preview:-1"},"canonical":"https:\/\/cacaunews.com\/?p=4581","og_locale":"pt_BR","og_type":"article","og_title":"Egresso da Uesc, diplomata ilheense fez palestra na Universidade. - Cacau News","og_description":"O diplomata ilheense Jo\u00e3o Lucas Ijino Santana, egresso do curso de L\u00ednguas Estrangeiras Aplicadas \u00e0s...","og_url":"https:\/\/cacaunews.com\/?p=4581","og_site_name":"Cacau News","article_published_time":"2024-04-10T19:40:29+00:00","author":"Reda\u00e7\u00e3o Cacau News","twitter_card":"summary_large_image","twitter_misc":{"Escrito por":"Reda\u00e7\u00e3o Cacau News","Est. tempo de leitura":"3 minutos"},"schema":{"@context":"https:\/\/schema.org","@graph":[{"@type":"Article","@id":"https:\/\/cacaunews.com\/?p=4581#article","isPartOf":{"@id":"https:\/\/cacaunews.com\/?p=4581"},"author":{"name":"Reda\u00e7\u00e3o Cacau News","@id":"https:\/\/cacaunews.com\/#\/schema\/person\/ea69703103e606ad347ccd64bd72ef79"},"headline":"Egresso da Uesc, diplomata ilheense fez palestra na Universidade.","datePublished":"2024-04-10T19:40:29+00:00","dateModified":"2024-04-10T19:40:29+00:00","mainEntityOfPage":{"@id":"https:\/\/cacaunews.com\/?p=4581"},"wordCount":522,"commentCount":0,"publisher":{"@id":"https:\/\/cacaunews.com\/#organization"},"keywords":["2024","diplomata","educa\u00e7\u00e3o","UESC"],"articleSection":["Internet","Jornalismo"],"inLanguage":"pt-BR","potentialAction":[{"@type":"CommentAction","name":"Comment","target":["https:\/\/cacaunews.com\/?p=4581#respond"]}]},{"@type":"WebPage","@id":"https:\/\/cacaunews.com\/?p=4581","url":"https:\/\/cacaunews.com\/?p=4581","name":"Egresso da Uesc, diplomata ilheense fez palestra na Universidade. - Cacau News","isPartOf":{"@id":"https:\/\/cacaunews.com\/#website"},"datePublished":"2024-04-10T19:40:29+00:00","dateModified":"2024-04-10T19:40:29+00:00","breadcrumb":{"@id":"https:\/\/cacaunews.com\/?p=4581#breadcrumb"},"inLanguage":"pt-BR","potentialAction":[{"@type":"ReadAction","target":["https:\/\/cacaunews.com\/?p=4581"]}]},{"@type":"BreadcrumbList","@id":"https:\/\/cacaunews.com\/?p=4581#breadcrumb","itemListElement":[{"@type":"ListItem","position":1,"name":"In\u00edcio","item":"https:\/\/cacaunews.com\/"},{"@type":"ListItem","position":2,"name":"Egresso da Uesc, diplomata ilheense fez palestra na Universidade."}]},{"@type":"WebSite","@id":"https:\/\/cacaunews.com\/#website","url":"https:\/\/cacaunews.com\/","name":"Cacau News","description":"A Informa\u00e7\u00e3o que voc\u00ea precisa!","publisher":{"@id":"https:\/\/cacaunews.com\/#organization"},"potentialAction":[{"@type":"SearchAction","target":{"@type":"EntryPoint","urlTemplate":"https:\/\/cacaunews.com\/?s={search_term_string}"},"query-input":"required name=search_term_string"}],"inLanguage":"pt-BR"},{"@type":"Organization","@id":"https:\/\/cacaunews.com\/#organization","name":"Cacau News","url":"https:\/\/cacaunews.com\/","logo":{"@type":"ImageObject","inLanguage":"pt-BR","@id":"https:\/\/cacaunews.com\/#\/schema\/logo\/image\/","url":"https:\/\/cacaunews.com\/wp-content\/uploads\/2025\/01\/cropped-LOGO-NOVA.png","contentUrl":"https:\/\/cacaunews.com\/wp-content\/uploads\/2025\/01\/cropped-LOGO-NOVA.png","width":813,"height":813,"caption":"Cacau News"},"image":{"@id":"https:\/\/cacaunews.com\/#\/schema\/logo\/image\/"},"sameAs":["https:\/\/www.instagram.com\/cacaunews.online\/","https:\/\/youtube.com\/@cacaunews?si=0VXLnjl08SrWbVG9"]},{"@type":"Person","@id":"https:\/\/cacaunews.com\/#\/schema\/person\/ea69703103e606ad347ccd64bd72ef79","name":"Reda\u00e7\u00e3o Cacau News","image":{"@type":"ImageObject","inLanguage":"pt-BR","@id":"https:\/\/cacaunews.com\/#\/schema\/person\/image\/","url":"https:\/\/secure.gravatar.com\/avatar\/d79227a2a7b6cc42e8d7a8f7c284cd3a?s=96&d=mm&r=g","contentUrl":"https:\/\/secure.gravatar.com\/avatar\/d79227a2a7b6cc42e8d7a8f7c284cd3a?s=96&d=mm&r=g","caption":"Reda\u00e7\u00e3o Cacau News"},"sameAs":["https:\/\/cacaunews.com"],"url":"https:\/\/cacaunews.com\/?author=1"}]}},"jetpack_sharing_enabled":true,"jetpack_featured_media_url":"https:\/\/cacaunews.com\/wp-content\/uploads\/2024\/04\/JoC3A3oLucasIjinoSantana-FOTOJUliaBarreto28229.jpeg","_links":{"self":[{"href":"https:\/\/cacaunews.com\/index.php?rest_route=\/wp\/v2\/posts\/4581"}],"collection":[{"href":"https:\/\/cacaunews.com\/index.php?rest_route=\/wp\/v2\/posts"}],"about":[{"href":"https:\/\/cacaunews.com\/index.php?rest_route=\/wp\/v2\/types\/post"}],"author":[{"embeddable":true,"href":"https:\/\/cacaunews.com\/index.php?rest_route=\/wp\/v2\/users\/1"}],"replies":[{"embeddable":true,"href":"https:\/\/cacaunews.com\/index.php?rest_route=%2Fwp%2Fv2%2Fcomments&post=4581"}],"version-history":[{"count":0,"href":"https:\/\/cacaunews.com\/index.php?rest_route=\/wp\/v2\/posts\/4581\/revisions"}],"wp:featuredmedia":[{"embeddable":true,"href":"https:\/\/cacaunews.com\/index.php?rest_route=\/wp\/v2\/media\/4580"}],"wp:attachment":[{"href":"https:\/\/cacaunews.com\/index.php?rest_route=%2Fwp%2Fv2%2Fmedia&parent=4581"}],"wp:term":[{"taxonomy":"category","embeddable":true,"href":"https:\/\/cacaunews.com\/index.php?rest_route=%2Fwp%2Fv2%2Fcategories&post=4581"},{"taxonomy":"post_tag","embeddable":true,"href":"https:\/\/cacaunews.com\/index.php?rest_route=%2Fwp%2Fv2%2Ftags&post=4581"}],"curies":[{"name":"wp","href":"https:\/\/api.w.org\/{rel}","templated":true}]}}