{"id":4648,"date":"2024-04-24T13:00:14","date_gmt":"2024-04-24T13:00:14","guid":{"rendered":"https:\/\/cacaunews.com\/?p=4648"},"modified":"2024-04-24T13:00:14","modified_gmt":"2024-04-24T13:00:14","slug":"mais-de-4-mil-acidentes-de-trabalho-com-31-vitimas-fatais-sao-registrados-na-bahia-nos-primeiros-meses-de-2024","status":"publish","type":"post","link":"https:\/\/cacaunews.com\/?p=4648","title":{"rendered":"Mais de 4 mil acidentes de trabalho, com 31 v\u00edtimas fatais, s\u00e3o registrados na Bahia, nos primeiros meses de 2024."},"content":{"rendered":"\n<p><em>Evento em mem\u00f3ria \u00e0s v\u00edtimas de acidentes e doen\u00e7as do trabalho acontece nesta quarta-feira (24).<\/em><\/p>\n\n\n\n<p>O Sindicato dos Auditores Fiscais do Trabalho do Estado da Bahia (SAFITEBA) participa, nesta quarta-feira, 24 de abril, a partir das 14 horas, do Semin\u00e1rio \u201cPanorama e Desafios Para a Prote\u00e7\u00e3o da Sa\u00fade do Trabalhador e da Trabalhadora\u201d. O evento, promovido pelo F\u00f3rum Estadual de Prote\u00e7\u00e3o ao Meio Ambiente do Trabalho (Forumat), \u00e9 alusivo ao 28 Abril, data que marca o Dia Mundial em Mem\u00f3ria das V\u00edtimas de Acidentes de Trabalho e o Dia Mundial de Preven\u00e7\u00e3o de Acidentes e Doen\u00e7as do Trabalho, bem como \u00e0s a\u00e7\u00f5es da Agenda Bahia do Trabalho Decente e acontecer\u00e1 no Audit\u00f3rio do Minist\u00e9rio P\u00fablico do Trabalho, com entrada gratuita.<\/p>\n\n\n\n<p>No ano de 2023, os Auditores-Fiscais do Trabalho (AFTs) alcan\u00e7aram mais de 35 mil estabelecimentos durante as a\u00e7\u00f5es de inspe\u00e7\u00e3o de seguran\u00e7a e sa\u00fade no trabalho em todo o Brasil. Al\u00e9m disso, 1.338 acidentes e doen\u00e7as relacionadas ao trabalho foram analisadas. No Estado da Bahia, foram notificados 13.921 acidentes de trabalho, incluindo os acidentes t\u00edpicos, de trajeto no setor de transportes e doen\u00e7as. 108 deles com v\u00edtimas fatais. J\u00e1 entre janeiro e 18 de abril de 2024, foram notificados 4.371 acidentes de trabalho. Desse total, 31 com v\u00edtimas fatais.<\/p>\n\n\n\n<p>O SAFITEBA ressalta que esses dados registrados no e-Social s\u00e3o informados pelos empregadores, mas n\u00e3o refletem a realidade, visto que a Bahia tem alta taxa de subnotifica\u00e7\u00e3o dos acidentes, de adoecimento laboral e de informalidade nas rela\u00e7\u00f5es de trabalho. Nesse sentido, \u00e9 preciso tra\u00e7ar estrat\u00e9gias na Inspe\u00e7\u00e3o do Trabalho para garantir um ambiente de trabalho seguro e saud\u00e1vel, cumprindo, assim, um dos princ\u00edpios fundamentais do trabalho para a concretiza\u00e7\u00e3o da promo\u00e7\u00e3o do trabalho decente, conforme preconiza a Organiza\u00e7\u00e3o Internacional do Trabalho (OIT).<\/p>\n\n\n\n<p>\u201cNeste evento alusivo ao dia 28 de abril, vamos discutir os desafios para a constru\u00e7\u00e3o de um ambiente de trabalho saud\u00e1vel e seguro. Por mais que se fa\u00e7a, os n\u00fameros n\u00e3o melhoram. Penso que estamos no limiar de uma defini\u00e7\u00e3o hist\u00f3rica. Ou o Estado Brasileiro faz um pacto com a sociedade para atacar este problema ou naturalizamos que a precariza\u00e7\u00e3o do trabalho e suas consequ\u00eancias vieram para ficar\u201d, afirma o Auditor Fiscal do Trabalho e vice-presidente do SAFITEBA, M\u00e1rio Diniz, que participar\u00e1 da Mesa \u201cDesregulamenta\u00e7\u00e3o da prote\u00e7\u00e3o aos trabalhadores(as): impactos e desafios para seu enfrentamento\u201d.<\/p>\n\n\n\n<p>O Semin\u00e1rio \u201cPanorama e Desafios Para a Prote\u00e7\u00e3o da Sa\u00fade do Trabalhador e da Trabalhadora\u201d tem o objetivo de provocar a reflex\u00e3o e contribuir para a realiza\u00e7\u00e3o de a\u00e7\u00f5es, projetos e programas para a efetiva\u00e7\u00e3o das pol\u00edticas p\u00fablicas e privadas, com foco na prote\u00e7\u00e3o aos trabalhadores. Durante o evento, AFTs, profissionais das Secretarias Estaduais de Sa\u00fade (SESAB) e do Trabalho, Emprego Renda e Esporte (SETRE) e entidades representativas das classes trabalhadoras promover\u00e3o Mesas de Debate sobre acidentes e doen\u00e7as do trabalho, responsabilidade trabalhista e criminal e as consequ\u00eancias da desregulamenta\u00e7\u00e3o da prote\u00e7\u00e3o aos trabalhadores para um p\u00fablico formado por trabalhadores e trabalhadoras, empregadores (as), t\u00e9cnicos, gestores de institui\u00e7\u00f5es p\u00fablicas e privadas e representantes dos movimentos sociais.<\/p>\n\n\n\n<p><em><strong>PROGRAMA\u00c7\u00c3O<\/strong><\/em><\/p>\n\n\n\n<p><em>13h30 \u2013 14h<\/em> &#8211; Credenciamento<br \/><em>14h \u2013 14h15<\/em> &#8211; Mesa de abertura<\/p>\n\n\n\n<p><em>Mesa 1<\/em> (Media\u00e7\u00e3o: Luciana Oliveira &#8211; SETRE)<br \/><em>14h15 \u2013 14h45<\/em> &#8211; \u201cSitua\u00e7\u00e3o de sa\u00fade dos trabalhadores(as) na Bahia: perfil Epidemiol\u00f3gico acidentes e doen\u00e7as do trabalho, subnotifica\u00e7\u00e3o\u201d, com Let\u00edcia Nobre (Sesab) e Tiza Mendes (Cerest Salvador).<br \/><em>14h45 \u2013 15h15<\/em> \u2013 \u201cResponsabilidade trabalhista e criminal nos acidentes de trabalho\u201d, com S\u00edlvia Teixeira do Vale (TRT-5).<br \/><em>15h15 \u2013 15h45<\/em> &#8211; Debate<\/p>\n\n\n\n<p><em>Mesa 2<\/em> (Media\u00e7\u00e3o: Antonio Lago &#8211; Sinposba)<\/p>\n\n\n\n<p><em>15h45 \u2013 16h45<\/em> \u2013 \u201cDesregulamenta\u00e7\u00e3o da prote\u00e7\u00e3o aos trabalhadores(as): impactos e desafios para seu enfrentamento (reforma trabalhista, revis\u00e3o das NR, papel sindical), com M\u00e1rio Diniz (SAFITEBA) e Augusto Vasconcelos (Sindicato dos Banc\u00e1rios)<\/p>\n\n\n\n<p><em>16h45 \u2013 17h30<\/em> \u2013 Debate<\/p>\n\n\n\n<p><em>17h30<\/em> \u2013 Encerramento<\/p>\n\n\n\n<p><em>SERVI\u00c7O<\/em><br \/>O QU\u00ca: Semin\u00e1rio \u201cPanorama e desafios para a prote\u00e7\u00e3o da sa\u00fade do trabalhador e da trabalhadora\u201d<br \/>Quando: quarta-feira (24\/04), das 14h \u00e0s 18h<br \/>Local: Audit\u00f3rio do Minist\u00e9rio P\u00fablico do Trabalho, Corredor da Vit\u00f3ria &#8211; Salvador<br \/>Acesso: Livre<\/p>\n","protected":false},"excerpt":{"rendered":"<p>Evento em mem\u00f3ria \u00e0s v\u00edtimas de acidentes e doen\u00e7as do trabalho acontece nesta quarta-feira (24)&#8230;.<\/p>\n","protected":false},"author":1,"featured_media":4647,"comment_status":"open","ping_status":"open","sticky":false,"template":"","format":"standard","meta":{"footnotes":""},"categories":[4,11],"tags":[1720,39,1721,495],"yoast_head":"<!-- This site is optimized with the Yoast SEO plugin v21.7 - https:\/\/yoast.com\/wordpress\/plugins\/seo\/ -->\n<title>Mais de 4 mil acidentes de trabalho, com 31 v\u00edtimas fatais, s\u00e3o registrados na Bahia, nos primeiros meses de 2024. - Cacau News<\/title>\n<meta name=\"robots\" content=\"index, follow, max-snippet:-1, max-image-preview:large, max-video-preview:-1\" \/>\n<link rel=\"canonical\" href=\"https:\/\/cacaunews.com\/?p=4648\" \/>\n<meta property=\"og:locale\" content=\"pt_BR\" \/>\n<meta property=\"og:type\" content=\"article\" \/>\n<meta property=\"og:title\" content=\"Mais de 4 mil acidentes de trabalho, com 31 v\u00edtimas fatais, s\u00e3o registrados na Bahia, nos primeiros meses de 2024. - Cacau News\" \/>\n<meta property=\"og:description\" content=\"Evento em mem\u00f3ria \u00e0s v\u00edtimas de acidentes e doen\u00e7as do trabalho acontece nesta quarta-feira (24)....\" \/>\n<meta property=\"og:url\" content=\"https:\/\/cacaunews.com\/?p=4648\" \/>\n<meta property=\"og:site_name\" content=\"Cacau News\" \/>\n<meta property=\"article:published_time\" content=\"2024-04-24T13:00:14+00:00\" \/>\n<meta name=\"author\" content=\"Reda\u00e7\u00e3o Cacau News\" \/>\n<meta name=\"twitter:card\" content=\"summary_large_image\" \/>\n<meta name=\"twitter:label1\" content=\"Escrito por\" \/>\n\t<meta name=\"twitter:data1\" content=\"Reda\u00e7\u00e3o Cacau News\" \/>\n\t<meta name=\"twitter:label2\" content=\"Est. tempo de leitura\" \/>\n\t<meta name=\"twitter:data2\" content=\"4 minutos\" \/>\n<script type=\"application\/ld+json\" class=\"yoast-schema-graph\">{\"@context\":\"https:\/\/schema.org\",\"@graph\":[{\"@type\":\"Article\",\"@id\":\"https:\/\/cacaunews.com\/?p=4648#article\",\"isPartOf\":{\"@id\":\"https:\/\/cacaunews.com\/?p=4648\"},\"author\":{\"name\":\"Reda\u00e7\u00e3o Cacau News\",\"@id\":\"https:\/\/cacaunews.com\/#\/schema\/person\/ea69703103e606ad347ccd64bd72ef79\"},\"headline\":\"Mais de 4 mil acidentes de trabalho, com 31 v\u00edtimas fatais, s\u00e3o registrados na Bahia, nos primeiros meses de 2024.\",\"datePublished\":\"2024-04-24T13:00:14+00:00\",\"dateModified\":\"2024-04-24T13:00:14+00:00\",\"mainEntityOfPage\":{\"@id\":\"https:\/\/cacaunews.com\/?p=4648\"},\"wordCount\":742,\"commentCount\":0,\"publisher\":{\"@id\":\"https:\/\/cacaunews.com\/#organization\"},\"keywords\":[\"acidentes\",\"bahia\",\"SAFITEBA\",\"semin\u00e1rio\"],\"articleSection\":[\"Internet\",\"Jornalismo\"],\"inLanguage\":\"pt-BR\",\"potentialAction\":[{\"@type\":\"CommentAction\",\"name\":\"Comment\",\"target\":[\"https:\/\/cacaunews.com\/?p=4648#respond\"]}]},{\"@type\":\"WebPage\",\"@id\":\"https:\/\/cacaunews.com\/?p=4648\",\"url\":\"https:\/\/cacaunews.com\/?p=4648\",\"name\":\"Mais de 4 mil acidentes de trabalho, com 31 v\u00edtimas fatais, s\u00e3o registrados na Bahia, nos primeiros meses de 2024. - Cacau News\",\"isPartOf\":{\"@id\":\"https:\/\/cacaunews.com\/#website\"},\"datePublished\":\"2024-04-24T13:00:14+00:00\",\"dateModified\":\"2024-04-24T13:00:14+00:00\",\"breadcrumb\":{\"@id\":\"https:\/\/cacaunews.com\/?p=4648#breadcrumb\"},\"inLanguage\":\"pt-BR\",\"potentialAction\":[{\"@type\":\"ReadAction\",\"target\":[\"https:\/\/cacaunews.com\/?p=4648\"]}]},{\"@type\":\"BreadcrumbList\",\"@id\":\"https:\/\/cacaunews.com\/?p=4648#breadcrumb\",\"itemListElement\":[{\"@type\":\"ListItem\",\"position\":1,\"name\":\"In\u00edcio\",\"item\":\"https:\/\/cacaunews.com\/\"},{\"@type\":\"ListItem\",\"position\":2,\"name\":\"Mais de 4 mil acidentes de trabalho, com 31 v\u00edtimas fatais, s\u00e3o registrados na Bahia, nos primeiros meses de 2024.\"}]},{\"@type\":\"WebSite\",\"@id\":\"https:\/\/cacaunews.com\/#website\",\"url\":\"https:\/\/cacaunews.com\/\",\"name\":\"Cacau News\",\"description\":\"A Informa\u00e7\u00e3o que voc\u00ea precisa!\",\"publisher\":{\"@id\":\"https:\/\/cacaunews.com\/#organization\"},\"potentialAction\":[{\"@type\":\"SearchAction\",\"target\":{\"@type\":\"EntryPoint\",\"urlTemplate\":\"https:\/\/cacaunews.com\/?s={search_term_string}\"},\"query-input\":\"required name=search_term_string\"}],\"inLanguage\":\"pt-BR\"},{\"@type\":\"Organization\",\"@id\":\"https:\/\/cacaunews.com\/#organization\",\"name\":\"Cacau News\",\"url\":\"https:\/\/cacaunews.com\/\",\"logo\":{\"@type\":\"ImageObject\",\"inLanguage\":\"pt-BR\",\"@id\":\"https:\/\/cacaunews.com\/#\/schema\/logo\/image\/\",\"url\":\"https:\/\/cacaunews.com\/wp-content\/uploads\/2025\/01\/cropped-LOGO-NOVA.png\",\"contentUrl\":\"https:\/\/cacaunews.com\/wp-content\/uploads\/2025\/01\/cropped-LOGO-NOVA.png\",\"width\":813,\"height\":813,\"caption\":\"Cacau News\"},\"image\":{\"@id\":\"https:\/\/cacaunews.com\/#\/schema\/logo\/image\/\"},\"sameAs\":[\"https:\/\/www.instagram.com\/cacaunews.online\/\",\"https:\/\/youtube.com\/@cacaunews?si=0VXLnjl08SrWbVG9\"]},{\"@type\":\"Person\",\"@id\":\"https:\/\/cacaunews.com\/#\/schema\/person\/ea69703103e606ad347ccd64bd72ef79\",\"name\":\"Reda\u00e7\u00e3o Cacau News\",\"image\":{\"@type\":\"ImageObject\",\"inLanguage\":\"pt-BR\",\"@id\":\"https:\/\/cacaunews.com\/#\/schema\/person\/image\/\",\"url\":\"https:\/\/secure.gravatar.com\/avatar\/d79227a2a7b6cc42e8d7a8f7c284cd3a?s=96&d=mm&r=g\",\"contentUrl\":\"https:\/\/secure.gravatar.com\/avatar\/d79227a2a7b6cc42e8d7a8f7c284cd3a?s=96&d=mm&r=g\",\"caption\":\"Reda\u00e7\u00e3o Cacau News\"},\"sameAs\":[\"https:\/\/cacaunews.com\"],\"url\":\"https:\/\/cacaunews.com\/?author=1\"}]}<\/script>\n<!-- \/ Yoast SEO plugin. -->","yoast_head_json":{"title":"Mais de 4 mil acidentes de trabalho, com 31 v\u00edtimas fatais, s\u00e3o registrados na Bahia, nos primeiros meses de 2024. - Cacau News","robots":{"index":"index","follow":"follow","max-snippet":"max-snippet:-1","max-image-preview":"max-image-preview:large","max-video-preview":"max-video-preview:-1"},"canonical":"https:\/\/cacaunews.com\/?p=4648","og_locale":"pt_BR","og_type":"article","og_title":"Mais de 4 mil acidentes de trabalho, com 31 v\u00edtimas fatais, s\u00e3o registrados na Bahia, nos primeiros meses de 2024. - Cacau News","og_description":"Evento em mem\u00f3ria \u00e0s v\u00edtimas de acidentes e doen\u00e7as do trabalho acontece nesta quarta-feira (24)....","og_url":"https:\/\/cacaunews.com\/?p=4648","og_site_name":"Cacau News","article_published_time":"2024-04-24T13:00:14+00:00","author":"Reda\u00e7\u00e3o Cacau News","twitter_card":"summary_large_image","twitter_misc":{"Escrito por":"Reda\u00e7\u00e3o Cacau News","Est. tempo de leitura":"4 minutos"},"schema":{"@context":"https:\/\/schema.org","@graph":[{"@type":"Article","@id":"https:\/\/cacaunews.com\/?p=4648#article","isPartOf":{"@id":"https:\/\/cacaunews.com\/?p=4648"},"author":{"name":"Reda\u00e7\u00e3o Cacau News","@id":"https:\/\/cacaunews.com\/#\/schema\/person\/ea69703103e606ad347ccd64bd72ef79"},"headline":"Mais de 4 mil acidentes de trabalho, com 31 v\u00edtimas fatais, s\u00e3o registrados na Bahia, nos primeiros meses de 2024.","datePublished":"2024-04-24T13:00:14+00:00","dateModified":"2024-04-24T13:00:14+00:00","mainEntityOfPage":{"@id":"https:\/\/cacaunews.com\/?p=4648"},"wordCount":742,"commentCount":0,"publisher":{"@id":"https:\/\/cacaunews.com\/#organization"},"keywords":["acidentes","bahia","SAFITEBA","semin\u00e1rio"],"articleSection":["Internet","Jornalismo"],"inLanguage":"pt-BR","potentialAction":[{"@type":"CommentAction","name":"Comment","target":["https:\/\/cacaunews.com\/?p=4648#respond"]}]},{"@type":"WebPage","@id":"https:\/\/cacaunews.com\/?p=4648","url":"https:\/\/cacaunews.com\/?p=4648","name":"Mais de 4 mil acidentes de trabalho, com 31 v\u00edtimas fatais, s\u00e3o registrados na Bahia, nos primeiros meses de 2024. - Cacau News","isPartOf":{"@id":"https:\/\/cacaunews.com\/#website"},"datePublished":"2024-04-24T13:00:14+00:00","dateModified":"2024-04-24T13:00:14+00:00","breadcrumb":{"@id":"https:\/\/cacaunews.com\/?p=4648#breadcrumb"},"inLanguage":"pt-BR","potentialAction":[{"@type":"ReadAction","target":["https:\/\/cacaunews.com\/?p=4648"]}]},{"@type":"BreadcrumbList","@id":"https:\/\/cacaunews.com\/?p=4648#breadcrumb","itemListElement":[{"@type":"ListItem","position":1,"name":"In\u00edcio","item":"https:\/\/cacaunews.com\/"},{"@type":"ListItem","position":2,"name":"Mais de 4 mil acidentes de trabalho, com 31 v\u00edtimas fatais, s\u00e3o registrados na Bahia, nos primeiros meses de 2024."}]},{"@type":"WebSite","@id":"https:\/\/cacaunews.com\/#website","url":"https:\/\/cacaunews.com\/","name":"Cacau News","description":"A Informa\u00e7\u00e3o que voc\u00ea precisa!","publisher":{"@id":"https:\/\/cacaunews.com\/#organization"},"potentialAction":[{"@type":"SearchAction","target":{"@type":"EntryPoint","urlTemplate":"https:\/\/cacaunews.com\/?s={search_term_string}"},"query-input":"required name=search_term_string"}],"inLanguage":"pt-BR"},{"@type":"Organization","@id":"https:\/\/cacaunews.com\/#organization","name":"Cacau News","url":"https:\/\/cacaunews.com\/","logo":{"@type":"ImageObject","inLanguage":"pt-BR","@id":"https:\/\/cacaunews.com\/#\/schema\/logo\/image\/","url":"https:\/\/cacaunews.com\/wp-content\/uploads\/2025\/01\/cropped-LOGO-NOVA.png","contentUrl":"https:\/\/cacaunews.com\/wp-content\/uploads\/2025\/01\/cropped-LOGO-NOVA.png","width":813,"height":813,"caption":"Cacau News"},"image":{"@id":"https:\/\/cacaunews.com\/#\/schema\/logo\/image\/"},"sameAs":["https:\/\/www.instagram.com\/cacaunews.online\/","https:\/\/youtube.com\/@cacaunews?si=0VXLnjl08SrWbVG9"]},{"@type":"Person","@id":"https:\/\/cacaunews.com\/#\/schema\/person\/ea69703103e606ad347ccd64bd72ef79","name":"Reda\u00e7\u00e3o Cacau News","image":{"@type":"ImageObject","inLanguage":"pt-BR","@id":"https:\/\/cacaunews.com\/#\/schema\/person\/image\/","url":"https:\/\/secure.gravatar.com\/avatar\/d79227a2a7b6cc42e8d7a8f7c284cd3a?s=96&d=mm&r=g","contentUrl":"https:\/\/secure.gravatar.com\/avatar\/d79227a2a7b6cc42e8d7a8f7c284cd3a?s=96&d=mm&r=g","caption":"Reda\u00e7\u00e3o Cacau News"},"sameAs":["https:\/\/cacaunews.com"],"url":"https:\/\/cacaunews.com\/?author=1"}]}},"jetpack_sharing_enabled":true,"jetpack_featured_media_url":"https:\/\/cacaunews.com\/wp-content\/uploads\/2024\/04\/IMG-20240424-WA0214.jpg","_links":{"self":[{"href":"https:\/\/cacaunews.com\/index.php?rest_route=\/wp\/v2\/posts\/4648"}],"collection":[{"href":"https:\/\/cacaunews.com\/index.php?rest_route=\/wp\/v2\/posts"}],"about":[{"href":"https:\/\/cacaunews.com\/index.php?rest_route=\/wp\/v2\/types\/post"}],"author":[{"embeddable":true,"href":"https:\/\/cacaunews.com\/index.php?rest_route=\/wp\/v2\/users\/1"}],"replies":[{"embeddable":true,"href":"https:\/\/cacaunews.com\/index.php?rest_route=%2Fwp%2Fv2%2Fcomments&post=4648"}],"version-history":[{"count":0,"href":"https:\/\/cacaunews.com\/index.php?rest_route=\/wp\/v2\/posts\/4648\/revisions"}],"wp:featuredmedia":[{"embeddable":true,"href":"https:\/\/cacaunews.com\/index.php?rest_route=\/wp\/v2\/media\/4647"}],"wp:attachment":[{"href":"https:\/\/cacaunews.com\/index.php?rest_route=%2Fwp%2Fv2%2Fmedia&parent=4648"}],"wp:term":[{"taxonomy":"category","embeddable":true,"href":"https:\/\/cacaunews.com\/index.php?rest_route=%2Fwp%2Fv2%2Fcategories&post=4648"},{"taxonomy":"post_tag","embeddable":true,"href":"https:\/\/cacaunews.com\/index.php?rest_route=%2Fwp%2Fv2%2Ftags&post=4648"}],"curies":[{"name":"wp","href":"https:\/\/api.w.org\/{rel}","templated":true}]}}