{"id":4650,"date":"2024-04-24T13:15:55","date_gmt":"2024-04-24T13:15:55","guid":{"rendered":"https:\/\/cacaunews.com\/?p=4650"},"modified":"2024-04-24T13:15:56","modified_gmt":"2024-04-24T13:15:56","slug":"adelia-lanca-pre-candidatura-a-prefeita-de-ilheus-no-proximo-sabado-27","status":"publish","type":"post","link":"https:\/\/cacaunews.com\/?p=4650","title":{"rendered":"Ad\u00e9lia lan\u00e7a pr\u00e9-candidatura a prefeita de Ilh\u00e9us no pr\u00f3ximo s\u00e1bado (27)."},"content":{"rendered":"\n<p>A m\u00e9dica e professora Ad\u00e9lia Pinheiro, 59 anos, lan\u00e7ar\u00e1 a sua pr\u00e9-candidatura \u00e0 prefeita de Ilh\u00e9us no pr\u00f3ximo s\u00e1bado (27), \u00e0s 9h, no Centro de Conven\u00e7\u00f5es da cidade, localizado na avenida Soares Lopes. Ex-secret\u00e1ria estadual de Ci\u00eancia e Tecnologia, de Sa\u00fade e de Educa\u00e7\u00e3o (nos governos de Rui Costa e Jer\u00f4nimo Rodrigues), Ad\u00e9lia se lan\u00e7a como importante e forte alternativa para a elei\u00e7\u00e3o deste ano.<br><br>Professora aposentada do curso de medicina da Universidade Estadual de Santa Cruz (UESC), institui\u00e7\u00e3o onde foi reitora por dois mandatos, a pr\u00e9-candidata pela Federa\u00e7\u00e3o Brasil da Esperan\u00e7a (PT, PV e PC do B) prepara um grande evento para os ilheenses.<br><br>Al\u00e9m da popula\u00e7\u00e3o, o encontro ter\u00e1 as presen\u00e7as da milit\u00e2ncia e de lideran\u00e7as locais, de deputados federais e estaduais e de gestores do Governo do Estado da Bahia. A candidatura de Ad\u00e9lia est\u00e1 movimentando o cen\u00e1rio pol\u00edtico de Ilh\u00e9us. Com vasta experi\u00eancia e capacidade comprovada por onde passou como gestora, ela poder\u00e1 ser a primeira mulher a governar Ilh\u00e9us, em quase 500 anos de hist\u00f3ria do munic\u00edpio.<\/p>\n\n\n\n<p>\u201cMinha cidade me chama e sinto que este \u00e9 o momento. Amo ilh\u00e9us e toda minha hist\u00f3ria foi constru\u00edda aqui. Por isso tenho a certeza de que posso, e devo, contribuir para o seu desenvolvimento\u201d, destaca Ad\u00e9lia Pinheiro. \u201cA cidade precisa de gente nova, com propostas e mentalidade novas, para promover uma transforma\u00e7\u00e3o e lev\u00e1-la ao patamar de desenvolvimento social e econ\u00f4mico, com gera\u00e7\u00e3o de emprego e renda e oportunidade para todos. \u00c9 isso que a popula\u00e7\u00e3o tanto almeja e merece\u201d.<br><br>Plano de Governo Participativo \u2013 A pr\u00e9-candidata destaca as potencialidades da cidade para o turismo, a agricultura, log\u00edstica e para a ind\u00fastria, sobretudo de chocolate e de tecnologia da informa\u00e7\u00e3o. Com um Plano de Governo Participativo (PGP) em constru\u00e7\u00e3o com diversos segmentos sociais, Ad\u00e9lia planeja uma gest\u00e3o inovadora, para promover uma virada de chave em Ilh\u00e9us.<br><br>\u201cEstamos planejando um novo pensar sobre a cidade, com muito estudo e carinho, em um processo de escuta nunca visto por aqui. Acredito que ningu\u00e9m conhece mais a cidade, os seus problemas e solu\u00e7\u00f5es, do que os pr\u00f3prios ilheenses\u201d, garante a m\u00e9dica.<\/p>\n\n\n\n<p>\u201cO desenvolvimento de Ilh\u00e9us passa inevitavelmente pela resolu\u00e7\u00e3o de entraves que h\u00e1 d\u00e9cadas travam os seus avan\u00e7os. Exemplos disso s\u00e3o os maus servi\u00e7os prestados nas \u00e1reas de transporte, sa\u00fade e educa\u00e7\u00e3o, as debilidades na infraestrutura e o abandono do patrim\u00f4nio hist\u00f3rico da cidade\u201d.<br><br>Trajet\u00f3ria \u2013 Filha de um casal de professores, Ad\u00e9lia Pinheiro teve toda sua vida estudantil em Ilh\u00e9us. Foi para Salvador estudar medicina na Universidade Federal da Bahia (UFBA), onde tamb\u00e9m fez especializa\u00e7\u00e3o em Medicina Social e mestrado em Sa\u00fade Coletiva. Doutora em Sa\u00fade P\u00fablica pela Universidade de S\u00e3o Paulo (USP), Ad\u00e9lia \u00e9 professora aposentada do curso de Medicina da UESC, onde foi Reitora nos exerc\u00edcios 2012-2015 e 2016 -2019. Foi Secret\u00e1ria Estadual de Ci\u00eancia e Tecnologia; de Sa\u00fade entre fevereiro e Dezembro de 2022; e de Educa\u00e7\u00e3o, de Janeiro de 2023 a abril de 2024.<\/p>\n\n\n\n<p>Com Informa\u00e7\u00f5es Ilh\u00e9us 24h.<\/p>\n","protected":false},"excerpt":{"rendered":"<p>A m\u00e9dica e professora Ad\u00e9lia Pinheiro, 59 anos, lan\u00e7ar\u00e1 a sua pr\u00e9-candidatura \u00e0 prefeita de&#8230;<\/p>\n","protected":false},"author":1,"featured_media":4649,"comment_status":"open","ping_status":"open","sticky":false,"template":"","format":"standard","meta":{"footnotes":""},"categories":[18,11,5],"tags":[568,1244,37,1393],"yoast_head":"<!-- This site is optimized with the Yoast SEO plugin v21.7 - https:\/\/yoast.com\/wordpress\/plugins\/seo\/ -->\n<title>Ad\u00e9lia lan\u00e7a pr\u00e9-candidatura a prefeita de Ilh\u00e9us no pr\u00f3ximo s\u00e1bado (27). - Cacau News<\/title>\n<meta name=\"robots\" content=\"index, follow, max-snippet:-1, max-image-preview:large, max-video-preview:-1\" \/>\n<link rel=\"canonical\" href=\"https:\/\/cacaunews.com\/?p=4650\" \/>\n<meta property=\"og:locale\" content=\"pt_BR\" \/>\n<meta property=\"og:type\" content=\"article\" \/>\n<meta property=\"og:title\" content=\"Ad\u00e9lia lan\u00e7a pr\u00e9-candidatura a prefeita de Ilh\u00e9us no pr\u00f3ximo s\u00e1bado (27). - Cacau News\" \/>\n<meta property=\"og:description\" content=\"A m\u00e9dica e professora Ad\u00e9lia Pinheiro, 59 anos, lan\u00e7ar\u00e1 a sua pr\u00e9-candidatura \u00e0 prefeita de...\" \/>\n<meta property=\"og:url\" content=\"https:\/\/cacaunews.com\/?p=4650\" \/>\n<meta property=\"og:site_name\" content=\"Cacau News\" \/>\n<meta property=\"article:published_time\" content=\"2024-04-24T13:15:55+00:00\" \/>\n<meta property=\"article:modified_time\" content=\"2024-04-24T13:15:56+00:00\" \/>\n<meta property=\"og:image\" content=\"https:\/\/cacaunews.com\/wp-content\/uploads\/2024\/04\/IMG_20240424_100616.jpg\" \/>\n\t<meta property=\"og:image:width\" content=\"1080\" \/>\n\t<meta property=\"og:image:height\" content=\"790\" \/>\n\t<meta property=\"og:image:type\" content=\"image\/jpeg\" \/>\n<meta name=\"author\" content=\"Reda\u00e7\u00e3o Cacau News\" \/>\n<meta name=\"twitter:card\" content=\"summary_large_image\" \/>\n<meta name=\"twitter:label1\" content=\"Escrito por\" \/>\n\t<meta name=\"twitter:data1\" content=\"Reda\u00e7\u00e3o Cacau News\" \/>\n\t<meta name=\"twitter:label2\" content=\"Est. tempo de leitura\" \/>\n\t<meta name=\"twitter:data2\" content=\"3 minutos\" \/>\n<script type=\"application\/ld+json\" class=\"yoast-schema-graph\">{\"@context\":\"https:\/\/schema.org\",\"@graph\":[{\"@type\":\"Article\",\"@id\":\"https:\/\/cacaunews.com\/?p=4650#article\",\"isPartOf\":{\"@id\":\"https:\/\/cacaunews.com\/?p=4650\"},\"author\":{\"name\":\"Reda\u00e7\u00e3o Cacau News\",\"@id\":\"https:\/\/cacaunews.com\/#\/schema\/person\/ea69703103e606ad347ccd64bd72ef79\"},\"headline\":\"Ad\u00e9lia lan\u00e7a pr\u00e9-candidatura a prefeita de Ilh\u00e9us no pr\u00f3ximo s\u00e1bado (27).\",\"datePublished\":\"2024-04-24T13:15:55+00:00\",\"dateModified\":\"2024-04-24T13:15:56+00:00\",\"mainEntityOfPage\":{\"@id\":\"https:\/\/cacaunews.com\/?p=4650\"},\"wordCount\":577,\"commentCount\":0,\"publisher\":{\"@id\":\"https:\/\/cacaunews.com\/#organization\"},\"keywords\":[\"Ad\u00e9lia\",\"elei\u00e7\u00f5es 2024\",\"ilheus\",\"pr\u00e9 candidatura\"],\"articleSection\":[\"cidades\",\"Jornalismo\",\"Politica\"],\"inLanguage\":\"pt-BR\",\"potentialAction\":[{\"@type\":\"CommentAction\",\"name\":\"Comment\",\"target\":[\"https:\/\/cacaunews.com\/?p=4650#respond\"]}]},{\"@type\":\"WebPage\",\"@id\":\"https:\/\/cacaunews.com\/?p=4650\",\"url\":\"https:\/\/cacaunews.com\/?p=4650\",\"name\":\"Ad\u00e9lia lan\u00e7a pr\u00e9-candidatura a prefeita de Ilh\u00e9us no pr\u00f3ximo s\u00e1bado (27). - Cacau News\",\"isPartOf\":{\"@id\":\"https:\/\/cacaunews.com\/#website\"},\"datePublished\":\"2024-04-24T13:15:55+00:00\",\"dateModified\":\"2024-04-24T13:15:56+00:00\",\"breadcrumb\":{\"@id\":\"https:\/\/cacaunews.com\/?p=4650#breadcrumb\"},\"inLanguage\":\"pt-BR\",\"potentialAction\":[{\"@type\":\"ReadAction\",\"target\":[\"https:\/\/cacaunews.com\/?p=4650\"]}]},{\"@type\":\"BreadcrumbList\",\"@id\":\"https:\/\/cacaunews.com\/?p=4650#breadcrumb\",\"itemListElement\":[{\"@type\":\"ListItem\",\"position\":1,\"name\":\"In\u00edcio\",\"item\":\"https:\/\/cacaunews.com\/\"},{\"@type\":\"ListItem\",\"position\":2,\"name\":\"Ad\u00e9lia lan\u00e7a pr\u00e9-candidatura a prefeita de Ilh\u00e9us no pr\u00f3ximo s\u00e1bado (27).\"}]},{\"@type\":\"WebSite\",\"@id\":\"https:\/\/cacaunews.com\/#website\",\"url\":\"https:\/\/cacaunews.com\/\",\"name\":\"Cacau News\",\"description\":\"A Informa\u00e7\u00e3o que voc\u00ea precisa!\",\"publisher\":{\"@id\":\"https:\/\/cacaunews.com\/#organization\"},\"potentialAction\":[{\"@type\":\"SearchAction\",\"target\":{\"@type\":\"EntryPoint\",\"urlTemplate\":\"https:\/\/cacaunews.com\/?s={search_term_string}\"},\"query-input\":\"required name=search_term_string\"}],\"inLanguage\":\"pt-BR\"},{\"@type\":\"Organization\",\"@id\":\"https:\/\/cacaunews.com\/#organization\",\"name\":\"Cacau News\",\"url\":\"https:\/\/cacaunews.com\/\",\"logo\":{\"@type\":\"ImageObject\",\"inLanguage\":\"pt-BR\",\"@id\":\"https:\/\/cacaunews.com\/#\/schema\/logo\/image\/\",\"url\":\"https:\/\/cacaunews.com\/wp-content\/uploads\/2025\/01\/cropped-LOGO-NOVA.png\",\"contentUrl\":\"https:\/\/cacaunews.com\/wp-content\/uploads\/2025\/01\/cropped-LOGO-NOVA.png\",\"width\":813,\"height\":813,\"caption\":\"Cacau News\"},\"image\":{\"@id\":\"https:\/\/cacaunews.com\/#\/schema\/logo\/image\/\"},\"sameAs\":[\"https:\/\/www.instagram.com\/cacaunews.online\/\",\"https:\/\/youtube.com\/@cacaunews?si=0VXLnjl08SrWbVG9\"]},{\"@type\":\"Person\",\"@id\":\"https:\/\/cacaunews.com\/#\/schema\/person\/ea69703103e606ad347ccd64bd72ef79\",\"name\":\"Reda\u00e7\u00e3o Cacau News\",\"image\":{\"@type\":\"ImageObject\",\"inLanguage\":\"pt-BR\",\"@id\":\"https:\/\/cacaunews.com\/#\/schema\/person\/image\/\",\"url\":\"https:\/\/secure.gravatar.com\/avatar\/d79227a2a7b6cc42e8d7a8f7c284cd3a?s=96&d=mm&r=g\",\"contentUrl\":\"https:\/\/secure.gravatar.com\/avatar\/d79227a2a7b6cc42e8d7a8f7c284cd3a?s=96&d=mm&r=g\",\"caption\":\"Reda\u00e7\u00e3o Cacau News\"},\"sameAs\":[\"https:\/\/cacaunews.com\"],\"url\":\"https:\/\/cacaunews.com\/?author=1\"}]}<\/script>\n<!-- \/ Yoast SEO plugin. -->","yoast_head_json":{"title":"Ad\u00e9lia lan\u00e7a pr\u00e9-candidatura a prefeita de Ilh\u00e9us no pr\u00f3ximo s\u00e1bado (27). - Cacau News","robots":{"index":"index","follow":"follow","max-snippet":"max-snippet:-1","max-image-preview":"max-image-preview:large","max-video-preview":"max-video-preview:-1"},"canonical":"https:\/\/cacaunews.com\/?p=4650","og_locale":"pt_BR","og_type":"article","og_title":"Ad\u00e9lia lan\u00e7a pr\u00e9-candidatura a prefeita de Ilh\u00e9us no pr\u00f3ximo s\u00e1bado (27). - Cacau News","og_description":"A m\u00e9dica e professora Ad\u00e9lia Pinheiro, 59 anos, lan\u00e7ar\u00e1 a sua pr\u00e9-candidatura \u00e0 prefeita de...","og_url":"https:\/\/cacaunews.com\/?p=4650","og_site_name":"Cacau News","article_published_time":"2024-04-24T13:15:55+00:00","article_modified_time":"2024-04-24T13:15:56+00:00","og_image":[{"width":1080,"height":790,"url":"https:\/\/cacaunews.com\/wp-content\/uploads\/2024\/04\/IMG_20240424_100616.jpg","type":"image\/jpeg"}],"author":"Reda\u00e7\u00e3o Cacau News","twitter_card":"summary_large_image","twitter_misc":{"Escrito por":"Reda\u00e7\u00e3o Cacau News","Est. tempo de leitura":"3 minutos"},"schema":{"@context":"https:\/\/schema.org","@graph":[{"@type":"Article","@id":"https:\/\/cacaunews.com\/?p=4650#article","isPartOf":{"@id":"https:\/\/cacaunews.com\/?p=4650"},"author":{"name":"Reda\u00e7\u00e3o Cacau News","@id":"https:\/\/cacaunews.com\/#\/schema\/person\/ea69703103e606ad347ccd64bd72ef79"},"headline":"Ad\u00e9lia lan\u00e7a pr\u00e9-candidatura a prefeita de Ilh\u00e9us no pr\u00f3ximo s\u00e1bado (27).","datePublished":"2024-04-24T13:15:55+00:00","dateModified":"2024-04-24T13:15:56+00:00","mainEntityOfPage":{"@id":"https:\/\/cacaunews.com\/?p=4650"},"wordCount":577,"commentCount":0,"publisher":{"@id":"https:\/\/cacaunews.com\/#organization"},"keywords":["Ad\u00e9lia","elei\u00e7\u00f5es 2024","ilheus","pr\u00e9 candidatura"],"articleSection":["cidades","Jornalismo","Politica"],"inLanguage":"pt-BR","potentialAction":[{"@type":"CommentAction","name":"Comment","target":["https:\/\/cacaunews.com\/?p=4650#respond"]}]},{"@type":"WebPage","@id":"https:\/\/cacaunews.com\/?p=4650","url":"https:\/\/cacaunews.com\/?p=4650","name":"Ad\u00e9lia lan\u00e7a pr\u00e9-candidatura a prefeita de Ilh\u00e9us no pr\u00f3ximo s\u00e1bado (27). - Cacau News","isPartOf":{"@id":"https:\/\/cacaunews.com\/#website"},"datePublished":"2024-04-24T13:15:55+00:00","dateModified":"2024-04-24T13:15:56+00:00","breadcrumb":{"@id":"https:\/\/cacaunews.com\/?p=4650#breadcrumb"},"inLanguage":"pt-BR","potentialAction":[{"@type":"ReadAction","target":["https:\/\/cacaunews.com\/?p=4650"]}]},{"@type":"BreadcrumbList","@id":"https:\/\/cacaunews.com\/?p=4650#breadcrumb","itemListElement":[{"@type":"ListItem","position":1,"name":"In\u00edcio","item":"https:\/\/cacaunews.com\/"},{"@type":"ListItem","position":2,"name":"Ad\u00e9lia lan\u00e7a pr\u00e9-candidatura a prefeita de Ilh\u00e9us no pr\u00f3ximo s\u00e1bado (27)."}]},{"@type":"WebSite","@id":"https:\/\/cacaunews.com\/#website","url":"https:\/\/cacaunews.com\/","name":"Cacau News","description":"A Informa\u00e7\u00e3o que voc\u00ea precisa!","publisher":{"@id":"https:\/\/cacaunews.com\/#organization"},"potentialAction":[{"@type":"SearchAction","target":{"@type":"EntryPoint","urlTemplate":"https:\/\/cacaunews.com\/?s={search_term_string}"},"query-input":"required name=search_term_string"}],"inLanguage":"pt-BR"},{"@type":"Organization","@id":"https:\/\/cacaunews.com\/#organization","name":"Cacau News","url":"https:\/\/cacaunews.com\/","logo":{"@type":"ImageObject","inLanguage":"pt-BR","@id":"https:\/\/cacaunews.com\/#\/schema\/logo\/image\/","url":"https:\/\/cacaunews.com\/wp-content\/uploads\/2025\/01\/cropped-LOGO-NOVA.png","contentUrl":"https:\/\/cacaunews.com\/wp-content\/uploads\/2025\/01\/cropped-LOGO-NOVA.png","width":813,"height":813,"caption":"Cacau News"},"image":{"@id":"https:\/\/cacaunews.com\/#\/schema\/logo\/image\/"},"sameAs":["https:\/\/www.instagram.com\/cacaunews.online\/","https:\/\/youtube.com\/@cacaunews?si=0VXLnjl08SrWbVG9"]},{"@type":"Person","@id":"https:\/\/cacaunews.com\/#\/schema\/person\/ea69703103e606ad347ccd64bd72ef79","name":"Reda\u00e7\u00e3o Cacau News","image":{"@type":"ImageObject","inLanguage":"pt-BR","@id":"https:\/\/cacaunews.com\/#\/schema\/person\/image\/","url":"https:\/\/secure.gravatar.com\/avatar\/d79227a2a7b6cc42e8d7a8f7c284cd3a?s=96&d=mm&r=g","contentUrl":"https:\/\/secure.gravatar.com\/avatar\/d79227a2a7b6cc42e8d7a8f7c284cd3a?s=96&d=mm&r=g","caption":"Reda\u00e7\u00e3o Cacau News"},"sameAs":["https:\/\/cacaunews.com"],"url":"https:\/\/cacaunews.com\/?author=1"}]}},"jetpack_sharing_enabled":true,"jetpack_featured_media_url":"https:\/\/cacaunews.com\/wp-content\/uploads\/2024\/04\/IMG_20240424_100616.jpg","_links":{"self":[{"href":"https:\/\/cacaunews.com\/index.php?rest_route=\/wp\/v2\/posts\/4650"}],"collection":[{"href":"https:\/\/cacaunews.com\/index.php?rest_route=\/wp\/v2\/posts"}],"about":[{"href":"https:\/\/cacaunews.com\/index.php?rest_route=\/wp\/v2\/types\/post"}],"author":[{"embeddable":true,"href":"https:\/\/cacaunews.com\/index.php?rest_route=\/wp\/v2\/users\/1"}],"replies":[{"embeddable":true,"href":"https:\/\/cacaunews.com\/index.php?rest_route=%2Fwp%2Fv2%2Fcomments&post=4650"}],"version-history":[{"count":1,"href":"https:\/\/cacaunews.com\/index.php?rest_route=\/wp\/v2\/posts\/4650\/revisions"}],"predecessor-version":[{"id":4651,"href":"https:\/\/cacaunews.com\/index.php?rest_route=\/wp\/v2\/posts\/4650\/revisions\/4651"}],"wp:featuredmedia":[{"embeddable":true,"href":"https:\/\/cacaunews.com\/index.php?rest_route=\/wp\/v2\/media\/4649"}],"wp:attachment":[{"href":"https:\/\/cacaunews.com\/index.php?rest_route=%2Fwp%2Fv2%2Fmedia&parent=4650"}],"wp:term":[{"taxonomy":"category","embeddable":true,"href":"https:\/\/cacaunews.com\/index.php?rest_route=%2Fwp%2Fv2%2Fcategories&post=4650"},{"taxonomy":"post_tag","embeddable":true,"href":"https:\/\/cacaunews.com\/index.php?rest_route=%2Fwp%2Fv2%2Ftags&post=4650"}],"curies":[{"name":"wp","href":"https:\/\/api.w.org\/{rel}","templated":true}]}}