{"id":4660,"date":"2024-04-26T11:00:49","date_gmt":"2024-04-26T11:00:49","guid":{"rendered":"https:\/\/cacaunews.com\/?p=4660"},"modified":"2024-04-26T01:18:49","modified_gmt":"2024-04-26T01:18:49","slug":"via-litterarum-reune-autores-da-regiao-em-estande-na-bienal-do-livro-da-bahia","status":"publish","type":"post","link":"https:\/\/cacaunews.com\/?p=4660","title":{"rendered":"Via Litterarum re\u00fane autores da regi\u00e3o em estande na Bienal do livro da Bahia."},"content":{"rendered":"\n<p>Durante seis dias, Salvador receber\u00e1 um dos maiores eventos liter\u00e1rios do Brasil, a Bienal do Livro da Bahia, que acontece entre os dias 26 de abril e 1\u00b0 de maio. Editoras, livrarias e escritores de todas as partes do pa\u00eds estar\u00e3o na capital baiana para divulgar suas obras. Nessa edi\u00e7\u00e3o, a Via Litterarum Editora, dirigida pelo professor Agenor Gasparetto, vai ocupar um dos estandes dispon\u00edveis. <br><br>Segundo a escritora Leila Oliveira, representante da setorial de Literatura do Conselho Municipal de Pol\u00edticas Culturais de Itabuna e uma das respons\u00e1veis pelo estande, &#8220;a iniciativa apresentada pela editora \u00e9 uma oportunidade \u00fanica para que autores da nossa regi\u00e3o possam participar de um dos maiores eventos de literatura do Brasil. Uma chance de terem suas obras lidas e conhecidas por pessoas de todo o Brasil&#8221;. <br><br>Pelo estande passaram obras de 20 autores da regi\u00e3o, apresentando uma mescla interessante em seu acervo. Reunindo nomes consagrados da literatura grapi\u00fana e de uma nova gera\u00e7\u00e3o que j\u00e1 dispontam no cen\u00e1rio regional. <br><br>Durante os seis dias, al\u00e9m da programa\u00e7\u00e3o oficial da Bienal, aconteceram no estande sess\u00f5es de aut\u00f3grafos com 12 autores e seis apresenta\u00e7\u00f5es de teatro de sombras, com a artista Naiara Gramacho.<br><br>\u00c9 a festa da literatura baiana, \u00e9 o sonho de toda pessoa que escreve est\u00e1 aqui, \u00e9 uma forma de reconhecimento sobre o trabalho produzido. Ganha a regi\u00e3o, ganha a literatura&#8221;, conclui Leila Oliveira.<\/p>\n","protected":false},"excerpt":{"rendered":"<p>Durante seis dias, Salvador receber\u00e1 um dos maiores eventos liter\u00e1rios do Brasil, a Bienal do&#8230;<\/p>\n","protected":false},"author":1,"featured_media":4659,"comment_status":"open","ping_status":"open","sticky":false,"template":"","format":"standard","meta":{"footnotes":""},"categories":[31,11],"tags":[1725,39,1723,1724],"yoast_head":"<!-- This site is optimized with the Yoast SEO plugin v21.7 - https:\/\/yoast.com\/wordpress\/plugins\/seo\/ -->\n<title>Via Litterarum re\u00fane autores da regi\u00e3o em estande na Bienal do livro da Bahia. - Cacau News<\/title>\n<meta name=\"robots\" content=\"index, follow, max-snippet:-1, max-image-preview:large, max-video-preview:-1\" \/>\n<link rel=\"canonical\" href=\"https:\/\/cacaunews.com\/?p=4660\" \/>\n<meta property=\"og:locale\" content=\"pt_BR\" \/>\n<meta property=\"og:type\" content=\"article\" \/>\n<meta property=\"og:title\" content=\"Via Litterarum re\u00fane autores da regi\u00e3o em estande na Bienal do livro da Bahia. - Cacau News\" \/>\n<meta property=\"og:description\" content=\"Durante seis dias, Salvador receber\u00e1 um dos maiores eventos liter\u00e1rios do Brasil, a Bienal do...\" \/>\n<meta property=\"og:url\" content=\"https:\/\/cacaunews.com\/?p=4660\" \/>\n<meta property=\"og:site_name\" content=\"Cacau News\" \/>\n<meta property=\"article:published_time\" content=\"2024-04-26T11:00:49+00:00\" \/>\n<meta property=\"article:modified_time\" content=\"2024-04-26T01:18:49+00:00\" \/>\n<meta property=\"og:image\" content=\"https:\/\/cacaunews.com\/wp-content\/uploads\/2024\/04\/IMG-20240425-WA0725.jpg\" \/>\n\t<meta property=\"og:image:width\" content=\"1600\" \/>\n\t<meta property=\"og:image:height\" content=\"1201\" \/>\n\t<meta property=\"og:image:type\" content=\"image\/jpeg\" \/>\n<meta name=\"author\" content=\"Reda\u00e7\u00e3o Cacau News\" \/>\n<meta name=\"twitter:card\" content=\"summary_large_image\" \/>\n<meta name=\"twitter:label1\" content=\"Escrito por\" \/>\n\t<meta name=\"twitter:data1\" content=\"Reda\u00e7\u00e3o Cacau News\" \/>\n\t<meta name=\"twitter:label2\" content=\"Est. tempo de leitura\" \/>\n\t<meta name=\"twitter:data2\" content=\"1 minuto\" \/>\n<script type=\"application\/ld+json\" class=\"yoast-schema-graph\">{\"@context\":\"https:\/\/schema.org\",\"@graph\":[{\"@type\":\"Article\",\"@id\":\"https:\/\/cacaunews.com\/?p=4660#article\",\"isPartOf\":{\"@id\":\"https:\/\/cacaunews.com\/?p=4660\"},\"author\":{\"name\":\"Reda\u00e7\u00e3o Cacau News\",\"@id\":\"https:\/\/cacaunews.com\/#\/schema\/person\/ea69703103e606ad347ccd64bd72ef79\"},\"headline\":\"Via Litterarum re\u00fane autores da regi\u00e3o em estande na Bienal do livro da Bahia.\",\"datePublished\":\"2024-04-26T11:00:49+00:00\",\"dateModified\":\"2024-04-26T01:18:49+00:00\",\"mainEntityOfPage\":{\"@id\":\"https:\/\/cacaunews.com\/?p=4660\"},\"wordCount\":254,\"commentCount\":0,\"publisher\":{\"@id\":\"https:\/\/cacaunews.com\/#organization\"},\"keywords\":[\"autores\",\"bahia\",\"Bienal do livro\",\"via Litterarum\"],\"articleSection\":[\"Cultura\",\"Jornalismo\"],\"inLanguage\":\"pt-BR\",\"potentialAction\":[{\"@type\":\"CommentAction\",\"name\":\"Comment\",\"target\":[\"https:\/\/cacaunews.com\/?p=4660#respond\"]}]},{\"@type\":\"WebPage\",\"@id\":\"https:\/\/cacaunews.com\/?p=4660\",\"url\":\"https:\/\/cacaunews.com\/?p=4660\",\"name\":\"Via Litterarum re\u00fane autores da regi\u00e3o em estande na Bienal do livro da Bahia. - Cacau News\",\"isPartOf\":{\"@id\":\"https:\/\/cacaunews.com\/#website\"},\"datePublished\":\"2024-04-26T11:00:49+00:00\",\"dateModified\":\"2024-04-26T01:18:49+00:00\",\"breadcrumb\":{\"@id\":\"https:\/\/cacaunews.com\/?p=4660#breadcrumb\"},\"inLanguage\":\"pt-BR\",\"potentialAction\":[{\"@type\":\"ReadAction\",\"target\":[\"https:\/\/cacaunews.com\/?p=4660\"]}]},{\"@type\":\"BreadcrumbList\",\"@id\":\"https:\/\/cacaunews.com\/?p=4660#breadcrumb\",\"itemListElement\":[{\"@type\":\"ListItem\",\"position\":1,\"name\":\"In\u00edcio\",\"item\":\"https:\/\/cacaunews.com\/\"},{\"@type\":\"ListItem\",\"position\":2,\"name\":\"Via Litterarum re\u00fane autores da regi\u00e3o em estande na Bienal do livro da Bahia.\"}]},{\"@type\":\"WebSite\",\"@id\":\"https:\/\/cacaunews.com\/#website\",\"url\":\"https:\/\/cacaunews.com\/\",\"name\":\"Cacau News\",\"description\":\"A Informa\u00e7\u00e3o que voc\u00ea precisa!\",\"publisher\":{\"@id\":\"https:\/\/cacaunews.com\/#organization\"},\"potentialAction\":[{\"@type\":\"SearchAction\",\"target\":{\"@type\":\"EntryPoint\",\"urlTemplate\":\"https:\/\/cacaunews.com\/?s={search_term_string}\"},\"query-input\":\"required name=search_term_string\"}],\"inLanguage\":\"pt-BR\"},{\"@type\":\"Organization\",\"@id\":\"https:\/\/cacaunews.com\/#organization\",\"name\":\"Cacau News\",\"url\":\"https:\/\/cacaunews.com\/\",\"logo\":{\"@type\":\"ImageObject\",\"inLanguage\":\"pt-BR\",\"@id\":\"https:\/\/cacaunews.com\/#\/schema\/logo\/image\/\",\"url\":\"https:\/\/cacaunews.com\/wp-content\/uploads\/2025\/01\/cropped-LOGO-NOVA.png\",\"contentUrl\":\"https:\/\/cacaunews.com\/wp-content\/uploads\/2025\/01\/cropped-LOGO-NOVA.png\",\"width\":813,\"height\":813,\"caption\":\"Cacau News\"},\"image\":{\"@id\":\"https:\/\/cacaunews.com\/#\/schema\/logo\/image\/\"},\"sameAs\":[\"https:\/\/www.instagram.com\/cacaunews.online\/\",\"https:\/\/youtube.com\/@cacaunews?si=0VXLnjl08SrWbVG9\"]},{\"@type\":\"Person\",\"@id\":\"https:\/\/cacaunews.com\/#\/schema\/person\/ea69703103e606ad347ccd64bd72ef79\",\"name\":\"Reda\u00e7\u00e3o Cacau News\",\"image\":{\"@type\":\"ImageObject\",\"inLanguage\":\"pt-BR\",\"@id\":\"https:\/\/cacaunews.com\/#\/schema\/person\/image\/\",\"url\":\"https:\/\/secure.gravatar.com\/avatar\/d79227a2a7b6cc42e8d7a8f7c284cd3a?s=96&d=mm&r=g\",\"contentUrl\":\"https:\/\/secure.gravatar.com\/avatar\/d79227a2a7b6cc42e8d7a8f7c284cd3a?s=96&d=mm&r=g\",\"caption\":\"Reda\u00e7\u00e3o Cacau News\"},\"sameAs\":[\"https:\/\/cacaunews.com\"],\"url\":\"https:\/\/cacaunews.com\/?author=1\"}]}<\/script>\n<!-- \/ Yoast SEO plugin. -->","yoast_head_json":{"title":"Via Litterarum re\u00fane autores da regi\u00e3o em estande na Bienal do livro da Bahia. - Cacau News","robots":{"index":"index","follow":"follow","max-snippet":"max-snippet:-1","max-image-preview":"max-image-preview:large","max-video-preview":"max-video-preview:-1"},"canonical":"https:\/\/cacaunews.com\/?p=4660","og_locale":"pt_BR","og_type":"article","og_title":"Via Litterarum re\u00fane autores da regi\u00e3o em estande na Bienal do livro da Bahia. - Cacau News","og_description":"Durante seis dias, Salvador receber\u00e1 um dos maiores eventos liter\u00e1rios do Brasil, a Bienal do...","og_url":"https:\/\/cacaunews.com\/?p=4660","og_site_name":"Cacau News","article_published_time":"2024-04-26T11:00:49+00:00","article_modified_time":"2024-04-26T01:18:49+00:00","og_image":[{"width":1600,"height":1201,"url":"https:\/\/cacaunews.com\/wp-content\/uploads\/2024\/04\/IMG-20240425-WA0725.jpg","type":"image\/jpeg"}],"author":"Reda\u00e7\u00e3o Cacau News","twitter_card":"summary_large_image","twitter_misc":{"Escrito por":"Reda\u00e7\u00e3o Cacau News","Est. tempo de leitura":"1 minuto"},"schema":{"@context":"https:\/\/schema.org","@graph":[{"@type":"Article","@id":"https:\/\/cacaunews.com\/?p=4660#article","isPartOf":{"@id":"https:\/\/cacaunews.com\/?p=4660"},"author":{"name":"Reda\u00e7\u00e3o Cacau News","@id":"https:\/\/cacaunews.com\/#\/schema\/person\/ea69703103e606ad347ccd64bd72ef79"},"headline":"Via Litterarum re\u00fane autores da regi\u00e3o em estande na Bienal do livro da Bahia.","datePublished":"2024-04-26T11:00:49+00:00","dateModified":"2024-04-26T01:18:49+00:00","mainEntityOfPage":{"@id":"https:\/\/cacaunews.com\/?p=4660"},"wordCount":254,"commentCount":0,"publisher":{"@id":"https:\/\/cacaunews.com\/#organization"},"keywords":["autores","bahia","Bienal do livro","via Litterarum"],"articleSection":["Cultura","Jornalismo"],"inLanguage":"pt-BR","potentialAction":[{"@type":"CommentAction","name":"Comment","target":["https:\/\/cacaunews.com\/?p=4660#respond"]}]},{"@type":"WebPage","@id":"https:\/\/cacaunews.com\/?p=4660","url":"https:\/\/cacaunews.com\/?p=4660","name":"Via Litterarum re\u00fane autores da regi\u00e3o em estande na Bienal do livro da Bahia. - Cacau News","isPartOf":{"@id":"https:\/\/cacaunews.com\/#website"},"datePublished":"2024-04-26T11:00:49+00:00","dateModified":"2024-04-26T01:18:49+00:00","breadcrumb":{"@id":"https:\/\/cacaunews.com\/?p=4660#breadcrumb"},"inLanguage":"pt-BR","potentialAction":[{"@type":"ReadAction","target":["https:\/\/cacaunews.com\/?p=4660"]}]},{"@type":"BreadcrumbList","@id":"https:\/\/cacaunews.com\/?p=4660#breadcrumb","itemListElement":[{"@type":"ListItem","position":1,"name":"In\u00edcio","item":"https:\/\/cacaunews.com\/"},{"@type":"ListItem","position":2,"name":"Via Litterarum re\u00fane autores da regi\u00e3o em estande na Bienal do livro da Bahia."}]},{"@type":"WebSite","@id":"https:\/\/cacaunews.com\/#website","url":"https:\/\/cacaunews.com\/","name":"Cacau News","description":"A Informa\u00e7\u00e3o que voc\u00ea precisa!","publisher":{"@id":"https:\/\/cacaunews.com\/#organization"},"potentialAction":[{"@type":"SearchAction","target":{"@type":"EntryPoint","urlTemplate":"https:\/\/cacaunews.com\/?s={search_term_string}"},"query-input":"required name=search_term_string"}],"inLanguage":"pt-BR"},{"@type":"Organization","@id":"https:\/\/cacaunews.com\/#organization","name":"Cacau News","url":"https:\/\/cacaunews.com\/","logo":{"@type":"ImageObject","inLanguage":"pt-BR","@id":"https:\/\/cacaunews.com\/#\/schema\/logo\/image\/","url":"https:\/\/cacaunews.com\/wp-content\/uploads\/2025\/01\/cropped-LOGO-NOVA.png","contentUrl":"https:\/\/cacaunews.com\/wp-content\/uploads\/2025\/01\/cropped-LOGO-NOVA.png","width":813,"height":813,"caption":"Cacau News"},"image":{"@id":"https:\/\/cacaunews.com\/#\/schema\/logo\/image\/"},"sameAs":["https:\/\/www.instagram.com\/cacaunews.online\/","https:\/\/youtube.com\/@cacaunews?si=0VXLnjl08SrWbVG9"]},{"@type":"Person","@id":"https:\/\/cacaunews.com\/#\/schema\/person\/ea69703103e606ad347ccd64bd72ef79","name":"Reda\u00e7\u00e3o Cacau News","image":{"@type":"ImageObject","inLanguage":"pt-BR","@id":"https:\/\/cacaunews.com\/#\/schema\/person\/image\/","url":"https:\/\/secure.gravatar.com\/avatar\/d79227a2a7b6cc42e8d7a8f7c284cd3a?s=96&d=mm&r=g","contentUrl":"https:\/\/secure.gravatar.com\/avatar\/d79227a2a7b6cc42e8d7a8f7c284cd3a?s=96&d=mm&r=g","caption":"Reda\u00e7\u00e3o Cacau News"},"sameAs":["https:\/\/cacaunews.com"],"url":"https:\/\/cacaunews.com\/?author=1"}]}},"jetpack_sharing_enabled":true,"jetpack_featured_media_url":"https:\/\/cacaunews.com\/wp-content\/uploads\/2024\/04\/IMG-20240425-WA0725.jpg","_links":{"self":[{"href":"https:\/\/cacaunews.com\/index.php?rest_route=\/wp\/v2\/posts\/4660"}],"collection":[{"href":"https:\/\/cacaunews.com\/index.php?rest_route=\/wp\/v2\/posts"}],"about":[{"href":"https:\/\/cacaunews.com\/index.php?rest_route=\/wp\/v2\/types\/post"}],"author":[{"embeddable":true,"href":"https:\/\/cacaunews.com\/index.php?rest_route=\/wp\/v2\/users\/1"}],"replies":[{"embeddable":true,"href":"https:\/\/cacaunews.com\/index.php?rest_route=%2Fwp%2Fv2%2Fcomments&post=4660"}],"version-history":[{"count":1,"href":"https:\/\/cacaunews.com\/index.php?rest_route=\/wp\/v2\/posts\/4660\/revisions"}],"predecessor-version":[{"id":4661,"href":"https:\/\/cacaunews.com\/index.php?rest_route=\/wp\/v2\/posts\/4660\/revisions\/4661"}],"wp:featuredmedia":[{"embeddable":true,"href":"https:\/\/cacaunews.com\/index.php?rest_route=\/wp\/v2\/media\/4659"}],"wp:attachment":[{"href":"https:\/\/cacaunews.com\/index.php?rest_route=%2Fwp%2Fv2%2Fmedia&parent=4660"}],"wp:term":[{"taxonomy":"category","embeddable":true,"href":"https:\/\/cacaunews.com\/index.php?rest_route=%2Fwp%2Fv2%2Fcategories&post=4660"},{"taxonomy":"post_tag","embeddable":true,"href":"https:\/\/cacaunews.com\/index.php?rest_route=%2Fwp%2Fv2%2Ftags&post=4660"}],"curies":[{"name":"wp","href":"https:\/\/api.w.org\/{rel}","templated":true}]}}