{"id":4670,"date":"2024-04-26T16:45:38","date_gmt":"2024-04-26T16:45:38","guid":{"rendered":"https:\/\/cacaunews.com\/?p=4670"},"modified":"2024-04-26T16:45:38","modified_gmt":"2024-04-26T16:45:38","slug":"solenidade-comemora-os-50-anos-do-campus-da-uesc","status":"publish","type":"post","link":"https:\/\/cacaunews.com\/?p=4670","title":{"rendered":"Solenidade comemora os 50 anos do Campus da Uesc."},"content":{"rendered":"\n<p><em>Outorgados T\u00edtulos de Doutor Honoris Causa e Professor Em\u00e9rito<\/em>.<\/p>\n\n\n\n<p>A comunidade acad\u00eamica, autoridades e convidados celebraram, nesta quinta-feira (25), com emo\u00e7\u00e3o, os 50 anos de funda\u00e7\u00e3o do Campus Professor Soane Nazar\u00e9 de Andrade, da Universidade Estadual de Santa Cruz (Uesc). As comemora\u00e7\u00f5es tiveram in\u00edcio com o hasteamento das bandeiras acompanhado pela Banda de M\u00fasica do 2\u00ba Batalh\u00e3o de Ensino, Instru\u00e7\u00e3o e Capacita\u00e7\u00e3o (Beic), seguido do descerramento de placas comemorativas.<\/p>\n\n\n\n<figure class=\"wp-block-image size-large\"><img fetchpriority=\"high\" decoding=\"async\" width=\"1000\" height=\"750\" src=\"https:\/\/cacaunews.com\/wp-content\/uploads\/2024\/04\/inmemorian-juliabarreto534072667961595668.jpg\" alt=\"\" class=\"wp-image-4664\" srcset=\"https:\/\/cacaunews.com\/wp-content\/uploads\/2024\/04\/inmemorian-juliabarreto534072667961595668.jpg 1000w, https:\/\/cacaunews.com\/wp-content\/uploads\/2024\/04\/inmemorian-juliabarreto534072667961595668-300x225.jpg 300w, https:\/\/cacaunews.com\/wp-content\/uploads\/2024\/04\/inmemorian-juliabarreto534072667961595668-768x576.jpg 768w\" sizes=\"(max-width: 1000px) 100vw, 1000px\" \/><\/figure>\n\n\n\n<p><br>No audit\u00f3rio do Centro de Arte e Cultura da Universidade, foram exibidos document\u00e1rios sobre a hist\u00f3ria da Uesc, produzidos pela Assessoria de Comunica\u00e7\u00e3o (Ascom) e pela TV Uesc \u2013 projeto do curso de Comunica\u00e7\u00e3o Social. Em seguida, foi realizada a entrega dos t\u00edtulos de Professor Em\u00e9rito ao diretor-geral da Fespi, Aur\u00e9lio Farias de Mac\u00eado (1985-1988), e \u00e0 reitora Ad\u00e9lia Maria Carvalho de Melo Pinheiro (2012-2019) e de Doutor Honoris Causa.<br><br>A sess\u00e3o solene do Conselho Universit\u00e1rio tamb\u00e9m outorgou os t\u00edtulos de Doutor Honoris Causa ao m\u00fasico Adalmiro Le\u00f4ncio da Silva (Sabar\u00e1), ao fot\u00f3grafo e memorialista Jos\u00e9 Nazal Pacheco Soub e ao artista Cl\u00f3vis de Figueiredo Leite (Koc\u00f3) \u2013 in memoriam, criador da Banda Lord\u00e3o.\u00a0 A cerim\u00f4nia contou com a participa\u00e7\u00e3o do irm\u00e3o de Koc\u00f3, Jos\u00e9 Jorge Leite, da vi\u00fava S\u00f4nia Leite e as cantoras da Banda Lord\u00e3o, Cris Mel e Tina Dias. <br><br>O reitor e presidente do Consu, Alessandro Fernandes, agradeceu aos conselheiros pela realiza\u00e7\u00e3o da Reuni\u00e3o solene para entrega dos t\u00edtulos de Professor Em\u00e9rito Doutor Honoris Causa. Ele frisou que foram descerradas uma placa alusiva ao 50 anos do Campus e outra em homenagem aos fundadores com o agradecimentos a Comiss\u00e3o Executiva do Plano da Lavoura Cacaueira Ceplac, respons\u00e1vel pela constru\u00e7\u00e3o desse campus e ao saudoso agricultor Manoel Nabuco e sua fam\u00edlia que doaram 14 hectares, desta \u00e1rea, ajudando, junto com todos os pioneiros, a criar o sonho de uma Universidade.<\/p>\n\n\n\n<figure class=\"wp-block-image size-large\"><img decoding=\"async\" width=\"1000\" height=\"820\" src=\"https:\/\/cacaunews.com\/wp-content\/uploads\/2024\/04\/image_editor_output_image1683253699-17141498801904010415949508935115.jpg\" alt=\"\" class=\"wp-image-4666\" srcset=\"https:\/\/cacaunews.com\/wp-content\/uploads\/2024\/04\/image_editor_output_image1683253699-17141498801904010415949508935115.jpg 1000w, https:\/\/cacaunews.com\/wp-content\/uploads\/2024\/04\/image_editor_output_image1683253699-17141498801904010415949508935115-300x246.jpg 300w, https:\/\/cacaunews.com\/wp-content\/uploads\/2024\/04\/image_editor_output_image1683253699-17141498801904010415949508935115-768x630.jpg 768w\" sizes=\"(max-width: 1000px) 100vw, 1000px\" \/><\/figure>\n\n\n\n<p><br> Agradeceu tamb\u00e9m, a cada docente, a cada t\u00e9cnico, a cada discente que estudou na Uesc, a cada pedreiro, a cada ajudante de obra que ajudou a construir este Campos. &#8220;Somos uma institui\u00e7\u00e3o plural e diversa porque temos a grandeza de reconhecer que se constr\u00f3i uma universidade grande se reconhecemos a grandeza da contribui\u00e7\u00e3o de todos.&#8221;<br><br>Ressaltou que &#8220;hoje, na regi\u00e3o Sul da Bahia, temos a Universidade Federal do Sul da Bahia, os Institutos Federais da Bahia e o IF-Baiano, al\u00e9m de uma variedade faculdades privadas, todas tendo em comum o fato de possu\u00edrem em seus quadros docente e de t\u00e9cnicos, profissionais formados pela nossa Uesc. S\u00e3o mais de 40 mil pessoas graduadas pela Uesc, mais de 2.900 m\u00e9dicos diplomados pelo nosso Curso de Medicina e mais de 350 doutores por n\u00f3s titulados. Portanto, a Universidade Estadual de Santa Cruz, a maior inven\u00e7\u00e3o da sociedade grapi\u00fana, est\u00e1 comemorando 50 anos de transforma\u00e7\u00e3o da vida das pessoas, de transforma\u00e7\u00e3o da nossa regi\u00e3o permitindo que pessoas possam olhar para o horizonte com orgulho do passado, com orgulho do presente, com muito mais orgulho do futuro porque somos Universidade Estadual de Santa Cruz um patrim\u00f4nio da sociedade baiana e o orgulho de todos n\u00f3s.&#8221;<br><br>O Campus da Uesc foi inaugurado em 1974, sendo que que parte do terreno foi doada pelo agricultor Joaquim Nabuco, e o restante foi adquirido pela Ceplac (Comiss\u00e3o Executiva do Plano da Lavoura Cacaueira), com aporte financeiro tamb\u00e9m do extinto Instituto de Cacau da Bahia (ICB).\u00a0 As comemora\u00e7\u00f5es alusivas ao transcurso dos 50 anos do Campus da Uesc prosseguem at\u00e9 o final do ano.<\/p>\n\n\n\n<figure class=\"wp-block-image size-large\"><img decoding=\"async\" width=\"1000\" height=\"839\" src=\"https:\/\/cacaunews.com\/wp-content\/uploads\/2024\/04\/image_editor_output_image-649909917-17141499129095302789047300039268.jpg\" alt=\"\" class=\"wp-image-4667\" srcset=\"https:\/\/cacaunews.com\/wp-content\/uploads\/2024\/04\/image_editor_output_image-649909917-17141499129095302789047300039268.jpg 1000w, https:\/\/cacaunews.com\/wp-content\/uploads\/2024\/04\/image_editor_output_image-649909917-17141499129095302789047300039268-300x252.jpg 300w, https:\/\/cacaunews.com\/wp-content\/uploads\/2024\/04\/image_editor_output_image-649909917-17141499129095302789047300039268-768x644.jpg 768w\" sizes=\"(max-width: 1000px) 100vw, 1000px\" \/><\/figure>\n","protected":false},"excerpt":{"rendered":"<p>Outorgados T\u00edtulos de Doutor Honoris Causa e Professor Em\u00e9rito. A comunidade acad\u00eamica, autoridades e convidados&#8230;<\/p>\n","protected":false},"author":1,"featured_media":4669,"comment_status":"open","ping_status":"open","sticky":false,"template":"","format":"standard","meta":{"footnotes":""},"categories":[4,11],"tags":[1726,39,1615,352],"yoast_head":"<!-- This site is optimized with the Yoast SEO plugin v21.7 - https:\/\/yoast.com\/wordpress\/plugins\/seo\/ -->\n<title>Solenidade comemora os 50 anos do Campus da Uesc. - Cacau News<\/title>\n<meta name=\"robots\" content=\"index, follow, max-snippet:-1, max-image-preview:large, max-video-preview:-1\" \/>\n<link rel=\"canonical\" href=\"https:\/\/cacaunews.com\/?p=4670\" \/>\n<meta property=\"og:locale\" content=\"pt_BR\" \/>\n<meta property=\"og:type\" content=\"article\" \/>\n<meta property=\"og:title\" content=\"Solenidade comemora os 50 anos do Campus da Uesc. - Cacau News\" \/>\n<meta property=\"og:description\" content=\"Outorgados T\u00edtulos de Doutor Honoris Causa e Professor Em\u00e9rito. A comunidade acad\u00eamica, autoridades e convidados...\" \/>\n<meta property=\"og:url\" content=\"https:\/\/cacaunews.com\/?p=4670\" \/>\n<meta property=\"og:site_name\" content=\"Cacau News\" \/>\n<meta property=\"article:published_time\" content=\"2024-04-26T16:45:38+00:00\" \/>\n<meta property=\"og:image\" content=\"https:\/\/cacaunews.com\/wp-content\/uploads\/2024\/04\/inmemorian-juliabarreto534072667961595668.jpg\" \/>\n<meta name=\"author\" content=\"Reda\u00e7\u00e3o Cacau News\" \/>\n<meta name=\"twitter:card\" content=\"summary_large_image\" \/>\n<meta name=\"twitter:label1\" content=\"Escrito por\" \/>\n\t<meta name=\"twitter:data1\" content=\"Reda\u00e7\u00e3o Cacau News\" \/>\n\t<meta name=\"twitter:label2\" content=\"Est. tempo de leitura\" \/>\n\t<meta name=\"twitter:data2\" content=\"3 minutos\" \/>\n<script type=\"application\/ld+json\" class=\"yoast-schema-graph\">{\"@context\":\"https:\/\/schema.org\",\"@graph\":[{\"@type\":\"Article\",\"@id\":\"https:\/\/cacaunews.com\/?p=4670#article\",\"isPartOf\":{\"@id\":\"https:\/\/cacaunews.com\/?p=4670\"},\"author\":{\"name\":\"Reda\u00e7\u00e3o Cacau News\",\"@id\":\"https:\/\/cacaunews.com\/#\/schema\/person\/ea69703103e606ad347ccd64bd72ef79\"},\"headline\":\"Solenidade comemora os 50 anos do Campus da Uesc.\",\"datePublished\":\"2024-04-26T16:45:38+00:00\",\"dateModified\":\"2024-04-26T16:45:38+00:00\",\"mainEntityOfPage\":{\"@id\":\"https:\/\/cacaunews.com\/?p=4670\"},\"wordCount\":625,\"commentCount\":0,\"publisher\":{\"@id\":\"https:\/\/cacaunews.com\/#organization\"},\"keywords\":[\"50 anos\",\"bahia\",\"Dr. honoris causa\",\"UESC\"],\"articleSection\":[\"Internet\",\"Jornalismo\"],\"inLanguage\":\"pt-BR\",\"potentialAction\":[{\"@type\":\"CommentAction\",\"name\":\"Comment\",\"target\":[\"https:\/\/cacaunews.com\/?p=4670#respond\"]}]},{\"@type\":\"WebPage\",\"@id\":\"https:\/\/cacaunews.com\/?p=4670\",\"url\":\"https:\/\/cacaunews.com\/?p=4670\",\"name\":\"Solenidade comemora os 50 anos do Campus da Uesc. - Cacau News\",\"isPartOf\":{\"@id\":\"https:\/\/cacaunews.com\/#website\"},\"datePublished\":\"2024-04-26T16:45:38+00:00\",\"dateModified\":\"2024-04-26T16:45:38+00:00\",\"breadcrumb\":{\"@id\":\"https:\/\/cacaunews.com\/?p=4670#breadcrumb\"},\"inLanguage\":\"pt-BR\",\"potentialAction\":[{\"@type\":\"ReadAction\",\"target\":[\"https:\/\/cacaunews.com\/?p=4670\"]}]},{\"@type\":\"BreadcrumbList\",\"@id\":\"https:\/\/cacaunews.com\/?p=4670#breadcrumb\",\"itemListElement\":[{\"@type\":\"ListItem\",\"position\":1,\"name\":\"In\u00edcio\",\"item\":\"https:\/\/cacaunews.com\/\"},{\"@type\":\"ListItem\",\"position\":2,\"name\":\"Solenidade comemora os 50 anos do Campus da Uesc.\"}]},{\"@type\":\"WebSite\",\"@id\":\"https:\/\/cacaunews.com\/#website\",\"url\":\"https:\/\/cacaunews.com\/\",\"name\":\"Cacau News\",\"description\":\"A Informa\u00e7\u00e3o que voc\u00ea precisa!\",\"publisher\":{\"@id\":\"https:\/\/cacaunews.com\/#organization\"},\"potentialAction\":[{\"@type\":\"SearchAction\",\"target\":{\"@type\":\"EntryPoint\",\"urlTemplate\":\"https:\/\/cacaunews.com\/?s={search_term_string}\"},\"query-input\":\"required name=search_term_string\"}],\"inLanguage\":\"pt-BR\"},{\"@type\":\"Organization\",\"@id\":\"https:\/\/cacaunews.com\/#organization\",\"name\":\"Cacau News\",\"url\":\"https:\/\/cacaunews.com\/\",\"logo\":{\"@type\":\"ImageObject\",\"inLanguage\":\"pt-BR\",\"@id\":\"https:\/\/cacaunews.com\/#\/schema\/logo\/image\/\",\"url\":\"https:\/\/cacaunews.com\/wp-content\/uploads\/2025\/01\/cropped-LOGO-NOVA.png\",\"contentUrl\":\"https:\/\/cacaunews.com\/wp-content\/uploads\/2025\/01\/cropped-LOGO-NOVA.png\",\"width\":813,\"height\":813,\"caption\":\"Cacau News\"},\"image\":{\"@id\":\"https:\/\/cacaunews.com\/#\/schema\/logo\/image\/\"},\"sameAs\":[\"https:\/\/www.instagram.com\/cacaunews.online\/\",\"https:\/\/youtube.com\/@cacaunews?si=0VXLnjl08SrWbVG9\"]},{\"@type\":\"Person\",\"@id\":\"https:\/\/cacaunews.com\/#\/schema\/person\/ea69703103e606ad347ccd64bd72ef79\",\"name\":\"Reda\u00e7\u00e3o Cacau News\",\"image\":{\"@type\":\"ImageObject\",\"inLanguage\":\"pt-BR\",\"@id\":\"https:\/\/cacaunews.com\/#\/schema\/person\/image\/\",\"url\":\"https:\/\/secure.gravatar.com\/avatar\/d79227a2a7b6cc42e8d7a8f7c284cd3a?s=96&d=mm&r=g\",\"contentUrl\":\"https:\/\/secure.gravatar.com\/avatar\/d79227a2a7b6cc42e8d7a8f7c284cd3a?s=96&d=mm&r=g\",\"caption\":\"Reda\u00e7\u00e3o Cacau News\"},\"sameAs\":[\"https:\/\/cacaunews.com\"],\"url\":\"https:\/\/cacaunews.com\/?author=1\"}]}<\/script>\n<!-- \/ Yoast SEO plugin. -->","yoast_head_json":{"title":"Solenidade comemora os 50 anos do Campus da Uesc. - Cacau News","robots":{"index":"index","follow":"follow","max-snippet":"max-snippet:-1","max-image-preview":"max-image-preview:large","max-video-preview":"max-video-preview:-1"},"canonical":"https:\/\/cacaunews.com\/?p=4670","og_locale":"pt_BR","og_type":"article","og_title":"Solenidade comemora os 50 anos do Campus da Uesc. - Cacau News","og_description":"Outorgados T\u00edtulos de Doutor Honoris Causa e Professor Em\u00e9rito. A comunidade acad\u00eamica, autoridades e convidados...","og_url":"https:\/\/cacaunews.com\/?p=4670","og_site_name":"Cacau News","article_published_time":"2024-04-26T16:45:38+00:00","og_image":[{"url":"https:\/\/cacaunews.com\/wp-content\/uploads\/2024\/04\/inmemorian-juliabarreto534072667961595668.jpg"}],"author":"Reda\u00e7\u00e3o Cacau News","twitter_card":"summary_large_image","twitter_misc":{"Escrito por":"Reda\u00e7\u00e3o Cacau News","Est. tempo de leitura":"3 minutos"},"schema":{"@context":"https:\/\/schema.org","@graph":[{"@type":"Article","@id":"https:\/\/cacaunews.com\/?p=4670#article","isPartOf":{"@id":"https:\/\/cacaunews.com\/?p=4670"},"author":{"name":"Reda\u00e7\u00e3o Cacau News","@id":"https:\/\/cacaunews.com\/#\/schema\/person\/ea69703103e606ad347ccd64bd72ef79"},"headline":"Solenidade comemora os 50 anos do Campus da Uesc.","datePublished":"2024-04-26T16:45:38+00:00","dateModified":"2024-04-26T16:45:38+00:00","mainEntityOfPage":{"@id":"https:\/\/cacaunews.com\/?p=4670"},"wordCount":625,"commentCount":0,"publisher":{"@id":"https:\/\/cacaunews.com\/#organization"},"keywords":["50 anos","bahia","Dr. honoris causa","UESC"],"articleSection":["Internet","Jornalismo"],"inLanguage":"pt-BR","potentialAction":[{"@type":"CommentAction","name":"Comment","target":["https:\/\/cacaunews.com\/?p=4670#respond"]}]},{"@type":"WebPage","@id":"https:\/\/cacaunews.com\/?p=4670","url":"https:\/\/cacaunews.com\/?p=4670","name":"Solenidade comemora os 50 anos do Campus da Uesc. - Cacau News","isPartOf":{"@id":"https:\/\/cacaunews.com\/#website"},"datePublished":"2024-04-26T16:45:38+00:00","dateModified":"2024-04-26T16:45:38+00:00","breadcrumb":{"@id":"https:\/\/cacaunews.com\/?p=4670#breadcrumb"},"inLanguage":"pt-BR","potentialAction":[{"@type":"ReadAction","target":["https:\/\/cacaunews.com\/?p=4670"]}]},{"@type":"BreadcrumbList","@id":"https:\/\/cacaunews.com\/?p=4670#breadcrumb","itemListElement":[{"@type":"ListItem","position":1,"name":"In\u00edcio","item":"https:\/\/cacaunews.com\/"},{"@type":"ListItem","position":2,"name":"Solenidade comemora os 50 anos do Campus da Uesc."}]},{"@type":"WebSite","@id":"https:\/\/cacaunews.com\/#website","url":"https:\/\/cacaunews.com\/","name":"Cacau News","description":"A Informa\u00e7\u00e3o que voc\u00ea precisa!","publisher":{"@id":"https:\/\/cacaunews.com\/#organization"},"potentialAction":[{"@type":"SearchAction","target":{"@type":"EntryPoint","urlTemplate":"https:\/\/cacaunews.com\/?s={search_term_string}"},"query-input":"required name=search_term_string"}],"inLanguage":"pt-BR"},{"@type":"Organization","@id":"https:\/\/cacaunews.com\/#organization","name":"Cacau News","url":"https:\/\/cacaunews.com\/","logo":{"@type":"ImageObject","inLanguage":"pt-BR","@id":"https:\/\/cacaunews.com\/#\/schema\/logo\/image\/","url":"https:\/\/cacaunews.com\/wp-content\/uploads\/2025\/01\/cropped-LOGO-NOVA.png","contentUrl":"https:\/\/cacaunews.com\/wp-content\/uploads\/2025\/01\/cropped-LOGO-NOVA.png","width":813,"height":813,"caption":"Cacau News"},"image":{"@id":"https:\/\/cacaunews.com\/#\/schema\/logo\/image\/"},"sameAs":["https:\/\/www.instagram.com\/cacaunews.online\/","https:\/\/youtube.com\/@cacaunews?si=0VXLnjl08SrWbVG9"]},{"@type":"Person","@id":"https:\/\/cacaunews.com\/#\/schema\/person\/ea69703103e606ad347ccd64bd72ef79","name":"Reda\u00e7\u00e3o Cacau News","image":{"@type":"ImageObject","inLanguage":"pt-BR","@id":"https:\/\/cacaunews.com\/#\/schema\/person\/image\/","url":"https:\/\/secure.gravatar.com\/avatar\/d79227a2a7b6cc42e8d7a8f7c284cd3a?s=96&d=mm&r=g","contentUrl":"https:\/\/secure.gravatar.com\/avatar\/d79227a2a7b6cc42e8d7a8f7c284cd3a?s=96&d=mm&r=g","caption":"Reda\u00e7\u00e3o Cacau News"},"sameAs":["https:\/\/cacaunews.com"],"url":"https:\/\/cacaunews.com\/?author=1"}]}},"jetpack_sharing_enabled":true,"jetpack_featured_media_url":"https:\/\/cacaunews.com\/wp-content\/uploads\/2024\/04\/IMG-20240426-WA0001-scaled.jpg","_links":{"self":[{"href":"https:\/\/cacaunews.com\/index.php?rest_route=\/wp\/v2\/posts\/4670"}],"collection":[{"href":"https:\/\/cacaunews.com\/index.php?rest_route=\/wp\/v2\/posts"}],"about":[{"href":"https:\/\/cacaunews.com\/index.php?rest_route=\/wp\/v2\/types\/post"}],"author":[{"embeddable":true,"href":"https:\/\/cacaunews.com\/index.php?rest_route=\/wp\/v2\/users\/1"}],"replies":[{"embeddable":true,"href":"https:\/\/cacaunews.com\/index.php?rest_route=%2Fwp%2Fv2%2Fcomments&post=4670"}],"version-history":[{"count":0,"href":"https:\/\/cacaunews.com\/index.php?rest_route=\/wp\/v2\/posts\/4670\/revisions"}],"wp:featuredmedia":[{"embeddable":true,"href":"https:\/\/cacaunews.com\/index.php?rest_route=\/wp\/v2\/media\/4669"}],"wp:attachment":[{"href":"https:\/\/cacaunews.com\/index.php?rest_route=%2Fwp%2Fv2%2Fmedia&parent=4670"}],"wp:term":[{"taxonomy":"category","embeddable":true,"href":"https:\/\/cacaunews.com\/index.php?rest_route=%2Fwp%2Fv2%2Fcategories&post=4670"},{"taxonomy":"post_tag","embeddable":true,"href":"https:\/\/cacaunews.com\/index.php?rest_route=%2Fwp%2Fv2%2Ftags&post=4670"}],"curies":[{"name":"wp","href":"https:\/\/api.w.org\/{rel}","templated":true}]}}