{"id":4747,"date":"2024-05-16T20:15:50","date_gmt":"2024-05-16T20:15:50","guid":{"rendered":"https:\/\/cacaunews.com\/?p=4747"},"modified":"2024-05-16T20:17:45","modified_gmt":"2024-05-16T20:17:45","slug":"a-uesc-e-o-cinquentenario-do-ppgd-ufsc","status":"publish","type":"post","link":"https:\/\/cacaunews.com\/?p=4747","title":{"rendered":"A UESC e o Cinquenten\u00e1rio do PPGD\/UFSC."},"content":{"rendered":"\n<p><br><em>Uma Celebra\u00e7\u00e3o da Colabora\u00e7\u00e3o e do Crescimento<\/em>.<br><br>O Programa de P\u00f3s-Gradua\u00e7\u00e3o em Direito da Universidade Federal de Santa Catarina (PPGD\/UFSC) comemorou 50 anos. Trata-se de uma conquista memor\u00e1vel para a P\u00f3s-Gradua\u00e7\u00e3o Stricto Sensu na \u00e1rea do Direito no contexto nacional e internacional. A Universidade Estadual de Santa Cruz (Uesc) se une \u00e0 UFSC nessa comemora\u00e7\u00e3o que \u00e9 marco not\u00e1vel representando um legado de excel\u00eancia acad\u00eamica, pesquisa inovadora e compromisso com a forma\u00e7\u00e3o de juristas de alto n\u00edvel.<br><br>Para a professora e diretora do Departamento de Ci\u00eancias Jur\u00eddicas (DCIJur), Dr.\u00aa Fernanda Viana tem sido uma jornada de colabora\u00e7\u00e3o e sucesso: a Uesc e UFSC constroem uma parceria s\u00f3lida, impulsionando o interc\u00e2mbio de conhecimentos e o desenvolvimento de pesquisas conjuntas resultando, em 2023, no lan\u00e7amento do Programa de Coopera\u00e7\u00e3o Interinstitucional (PCI), cujo objetivo \u00e9 qualificar o corpo docente do curso de Direito da Uesc e a comunidade local, oferecendo 20 vagas de doutorado.<\/p>\n\n\n\n<figure class=\"wp-block-image size-large\"><img fetchpriority=\"high\" decoding=\"async\" width=\"1024\" height=\"768\" src=\"https:\/\/cacaunews.com\/wp-content\/uploads\/2024\/05\/doutorandosuescufsc257605190324985404-1024x768.jpg\" alt=\"\" class=\"wp-image-4746\" srcset=\"https:\/\/cacaunews.com\/wp-content\/uploads\/2024\/05\/doutorandosuescufsc257605190324985404-1024x768.jpg 1024w, https:\/\/cacaunews.com\/wp-content\/uploads\/2024\/05\/doutorandosuescufsc257605190324985404-300x225.jpg 300w, https:\/\/cacaunews.com\/wp-content\/uploads\/2024\/05\/doutorandosuescufsc257605190324985404-768x576.jpg 768w, https:\/\/cacaunews.com\/wp-content\/uploads\/2024\/05\/doutorandosuescufsc257605190324985404-1536x1152.jpg 1536w, https:\/\/cacaunews.com\/wp-content\/uploads\/2024\/05\/doutorandosuescufsc257605190324985404.jpg 1600w\" sizes=\"(max-width: 1024px) 100vw, 1024px\" \/><\/figure>\n\n\n\n<p><br>Na avalia\u00e7\u00e3o do reitor da Uesc, Alessandro Fernandes \u201co PCI UFSC\/Uesc \u00e9, sem d\u00favida, um impacto regional. A nossa Universidade se consolida como refer\u00eancia em ensino jur\u00eddico no Sul da Bahia, contribuindo para o desenvolvimento social e econ\u00f4mico da regi\u00e3o. O cinquenten\u00e1rio do PPGD\/UFSC \u00e9 um momento para reconhecer as conquistas alcan\u00e7adas, fortalecer la\u00e7os entre as institui\u00e7\u00f5es e tra\u00e7ar planos para o futuro. A nossa Uesc juntamente com a UFSC reafirma seu compromisso com a excel\u00eancia no ensino, na pesquisa, na extens\u00e3o e na inova\u00e7\u00e3o, contribuindo para a constru\u00e7\u00e3o de uma sociedade mais justa e democr\u00e1tica\u201d.<br><br>Em comemora\u00e7\u00e3o, os doutorandos do Programa na Uesc participaram do I Congresso Nacional \u201cDireito, pol\u00edtica e sociedade em perspectiva\u201d, realizado, em Florian\u00f3polis, dias 15 e 16 de abril. O evento contou ainda com as presen\u00e7as do professor palestrante e pr\u00f3-reitor de A\u00e7\u00f5es Afirmativas e Perman\u00eancia Estudantil, Guilhardes de Jesus, e do professor Dr.\u00a0 Clodoaldo Anuncia\u00e7\u00e3o como mediador, ambos do DCIJur\/Uesc.<br><br>A doutoranda do PCI de Direito UFSC-Uesc, Jane Hilda Mendonc\u0327a Badaro\u0301, lembra que o Programa teve in\u00edcio, na Uesc, em abril de 2023; e no per\u00edodo de um ano, os doutorandos j\u00e1 produziram e publicaram artigos em revistas jur\u00eddicas, em anais de congressos, fizeram apresenta\u00e7\u00f5es em congressos nacionais e internacionais.<br><br>Em Santa Catarina foram apresentados os trabalhos abaixo:<br><br><strong>Adive Cardoso Ferreira Ju\u0301nior<\/strong> &#8211; A Utiliza\u00e7\u00e3o Ambiental Dos Tributos como Forma de Alcance aos Objetivos de Desenvolvimento Sustenta\u0301vel \u2013 ODS;<br><br><strong>Almeciano Jose\u0301 Maia Junior<\/strong> &#8211; Terras Sem Tempo: Desvendando o Enigma da Mobilidade Territorial e a Inconsist\u00eancia do Marco Temporal dos Povos Origin\u00e1rios;<br><br><strong>Catrine Cadja Indio do Brasil da Mata e Kalita Macedo Paixa\u0303o<\/strong> &#8211; Cidade \u00e9 Substantivo Feminino: Crise Ecol\u00f3gica, Governan\u00e7a P\u00fablica e Meio Ambiente Urbano na Perspectiva de G\u00eanero;<br><br><strong>Jane Hilda Mendonc\u0327a Badaro\u0301<\/strong> &#8211; Direito Primitivo e Suas Poss\u00edveis Representa\u00e7\u00f5es em Pinturas Rupestres: A Prote\u00e7\u00e3o do Patrim\u00f4nio Arqueol\u00f3gico Pre\u0301-Histo\u0301rico Nacional Enquanto Direito Fundamental Cultural e \u00e0 Memo\u0301ria;<br><br><strong>Jose Cairo Junior<\/strong> &#8211; Depend\u00eancia T\u00e9cnica e a Rela\u00e7\u00e3o de Emprego: Uma An\u00e1lise Sobre a Subordina\u00e7\u00e3o dos Trabalhadores Intelectuais no Brasil;<br><br><strong>Li\u0301lian De Brito Santos<\/strong> &#8211; A Atua\u00e7\u00e3o das Funda\u00e7\u00f5es de Apoio nos Acordos Tripartites de Parceira: Um Novo Modelo de Intermediac\u0327a\u0303o<br><br><strong>Luis Carlos Do Nascimento<\/strong> &#8211; Media\u00e7\u00e3o Jurisdicional e Indisponibilidade do Interesse P\u00fablico;<br><br><strong>Marcos Ant\u00f4nio Santos Bandeira<\/strong> &#8211; A Medida Socioeducativa da Liberdade Assistida numa Perspectiva Restaurativa<br><br><strong>Ota\u0301vio Augustus Carmo<\/strong> &#8211; O Sigilo na Subscri\u00e7\u00e3o de Capital Social de Empresa Privada por Universidade P\u00fablica;<br><br><strong>Pedro Germano dos Anjos<\/strong> &#8211; O Direito \u00e0 Sa\u00fade e Seus Custos: A \u201cReserva do Poss\u00edvel Or\u00e7ament\u00e1rio\u201d Como Circunstancia Fa\u0301tica na Aplica\u00e7\u00e3o de Princ\u00edpios;<br><br><strong>Raildes Pereira Santos<\/strong> &#8211; A (Des)Constru\u00e7\u00e3o do Discurso Racista e a Perspectiva Hermen\u00eautica na Concretiza\u00e7\u00e3o do Direito Fundamental de Igualdade E\u0301tnico-Racial;<br><br><strong>Rhadson Rezende Monteiro<\/strong> &#8211; Ecoe\u0301tica e Responsabilidade Intergeneracional e Sociedade de Risco: Construindo a Sustentabilidade do Direito Ambiental ao Direito Ecol\u00f3gico;<br><br><strong>Rodrigo Eduardo Rocha Cardoso<\/strong> &#8211; Desafios e Possibilidades da Agroecologia enquanto Pr\u00e1tica Poss\u00edvel de Refletir Aspectos de Sustentabilidade;<br><br><strong>Valdir Farias Mesquita e Rafael Bertoldo dos Santos <\/strong>&#8211; Forma\u00e7\u00e3o do Bacharel em Direito Quanto a Educa\u00e7\u00e3o em Direitos Humanos: Um Estudo a Partir da Matriz Curricular do Projeto Acad\u00eamico do Curso de Direito da Universidade Estadual de Santa Cruz \u2013 Uesc \u2013 PAC Aprovado em 2012;<br><br><strong>Vinicius Nascimento Santos<\/strong> &#8211; O Direito \u00e0 Autodetermina\u00e7\u00e3o Informativa em Tempo de Intelig\u00eancia Artificial e Big Data: Considera\u00e7\u00f5es Te\u00f3ricas Acerca dos Desafios Frente ao Paradigma do Governo Digital;<\/p>\n","protected":false},"excerpt":{"rendered":"<p>Uma Celebra\u00e7\u00e3o da Colabora\u00e7\u00e3o e do Crescimento. O Programa de P\u00f3s-Gradua\u00e7\u00e3o em Direito da Universidade&#8230;<\/p>\n","protected":false},"author":1,"featured_media":4745,"comment_status":"open","ping_status":"open","sticky":false,"template":"","format":"standard","meta":{"footnotes":""},"categories":[11],"tags":[33,37,1747,352],"yoast_head":"<!-- This site is optimized with the Yoast SEO plugin v21.7 - https:\/\/yoast.com\/wordpress\/plugins\/seo\/ -->\n<title>A UESC e o Cinquenten\u00e1rio do PPGD\/UFSC. - Cacau News<\/title>\n<meta name=\"robots\" content=\"index, follow, max-snippet:-1, max-image-preview:large, max-video-preview:-1\" \/>\n<link rel=\"canonical\" href=\"https:\/\/cacaunews.com\/?p=4747\" \/>\n<meta property=\"og:locale\" content=\"pt_BR\" \/>\n<meta property=\"og:type\" content=\"article\" \/>\n<meta property=\"og:title\" content=\"A UESC e o Cinquenten\u00e1rio do PPGD\/UFSC. - Cacau News\" \/>\n<meta property=\"og:description\" content=\"Uma Celebra\u00e7\u00e3o da Colabora\u00e7\u00e3o e do Crescimento. O Programa de P\u00f3s-Gradua\u00e7\u00e3o em Direito da Universidade...\" \/>\n<meta property=\"og:url\" content=\"https:\/\/cacaunews.com\/?p=4747\" \/>\n<meta property=\"og:site_name\" content=\"Cacau News\" \/>\n<meta property=\"article:published_time\" content=\"2024-05-16T20:15:50+00:00\" \/>\n<meta property=\"article:modified_time\" content=\"2024-05-16T20:17:45+00:00\" \/>\n<meta property=\"og:image\" content=\"https:\/\/cacaunews.com\/wp-content\/uploads\/2024\/05\/UESCUFSC.png\" \/>\n\t<meta property=\"og:image:width\" content=\"870\" \/>\n\t<meta property=\"og:image:height\" content=\"435\" \/>\n\t<meta property=\"og:image:type\" content=\"image\/png\" \/>\n<meta name=\"author\" content=\"Reda\u00e7\u00e3o Cacau News\" \/>\n<meta name=\"twitter:card\" content=\"summary_large_image\" \/>\n<meta name=\"twitter:label1\" content=\"Escrito por\" \/>\n\t<meta name=\"twitter:data1\" content=\"Reda\u00e7\u00e3o Cacau News\" \/>\n\t<meta name=\"twitter:label2\" content=\"Est. tempo de leitura\" \/>\n\t<meta name=\"twitter:data2\" content=\"4 minutos\" \/>\n<script type=\"application\/ld+json\" class=\"yoast-schema-graph\">{\"@context\":\"https:\/\/schema.org\",\"@graph\":[{\"@type\":\"Article\",\"@id\":\"https:\/\/cacaunews.com\/?p=4747#article\",\"isPartOf\":{\"@id\":\"https:\/\/cacaunews.com\/?p=4747\"},\"author\":{\"name\":\"Reda\u00e7\u00e3o Cacau News\",\"@id\":\"https:\/\/cacaunews.com\/#\/schema\/person\/ea69703103e606ad347ccd64bd72ef79\"},\"headline\":\"A UESC e o Cinquenten\u00e1rio do PPGD\/UFSC.\",\"datePublished\":\"2024-05-16T20:15:50+00:00\",\"dateModified\":\"2024-05-16T20:17:45+00:00\",\"mainEntityOfPage\":{\"@id\":\"https:\/\/cacaunews.com\/?p=4747\"},\"wordCount\":810,\"commentCount\":0,\"publisher\":{\"@id\":\"https:\/\/cacaunews.com\/#organization\"},\"keywords\":[\"educa\u00e7\u00e3o\",\"ilheus\",\"PPGD\",\"UESC\"],\"articleSection\":[\"Jornalismo\"],\"inLanguage\":\"pt-BR\",\"potentialAction\":[{\"@type\":\"CommentAction\",\"name\":\"Comment\",\"target\":[\"https:\/\/cacaunews.com\/?p=4747#respond\"]}]},{\"@type\":\"WebPage\",\"@id\":\"https:\/\/cacaunews.com\/?p=4747\",\"url\":\"https:\/\/cacaunews.com\/?p=4747\",\"name\":\"A UESC e o Cinquenten\u00e1rio do PPGD\/UFSC. - Cacau News\",\"isPartOf\":{\"@id\":\"https:\/\/cacaunews.com\/#website\"},\"datePublished\":\"2024-05-16T20:15:50+00:00\",\"dateModified\":\"2024-05-16T20:17:45+00:00\",\"breadcrumb\":{\"@id\":\"https:\/\/cacaunews.com\/?p=4747#breadcrumb\"},\"inLanguage\":\"pt-BR\",\"potentialAction\":[{\"@type\":\"ReadAction\",\"target\":[\"https:\/\/cacaunews.com\/?p=4747\"]}]},{\"@type\":\"BreadcrumbList\",\"@id\":\"https:\/\/cacaunews.com\/?p=4747#breadcrumb\",\"itemListElement\":[{\"@type\":\"ListItem\",\"position\":1,\"name\":\"In\u00edcio\",\"item\":\"https:\/\/cacaunews.com\/\"},{\"@type\":\"ListItem\",\"position\":2,\"name\":\"A UESC e o Cinquenten\u00e1rio do PPGD\/UFSC.\"}]},{\"@type\":\"WebSite\",\"@id\":\"https:\/\/cacaunews.com\/#website\",\"url\":\"https:\/\/cacaunews.com\/\",\"name\":\"Cacau News\",\"description\":\"A Informa\u00e7\u00e3o que voc\u00ea precisa!\",\"publisher\":{\"@id\":\"https:\/\/cacaunews.com\/#organization\"},\"potentialAction\":[{\"@type\":\"SearchAction\",\"target\":{\"@type\":\"EntryPoint\",\"urlTemplate\":\"https:\/\/cacaunews.com\/?s={search_term_string}\"},\"query-input\":\"required name=search_term_string\"}],\"inLanguage\":\"pt-BR\"},{\"@type\":\"Organization\",\"@id\":\"https:\/\/cacaunews.com\/#organization\",\"name\":\"Cacau News\",\"url\":\"https:\/\/cacaunews.com\/\",\"logo\":{\"@type\":\"ImageObject\",\"inLanguage\":\"pt-BR\",\"@id\":\"https:\/\/cacaunews.com\/#\/schema\/logo\/image\/\",\"url\":\"https:\/\/cacaunews.com\/wp-content\/uploads\/2025\/01\/cropped-LOGO-NOVA.png\",\"contentUrl\":\"https:\/\/cacaunews.com\/wp-content\/uploads\/2025\/01\/cropped-LOGO-NOVA.png\",\"width\":813,\"height\":813,\"caption\":\"Cacau News\"},\"image\":{\"@id\":\"https:\/\/cacaunews.com\/#\/schema\/logo\/image\/\"},\"sameAs\":[\"https:\/\/www.instagram.com\/cacaunews.online\/\",\"https:\/\/youtube.com\/@cacaunews?si=0VXLnjl08SrWbVG9\"]},{\"@type\":\"Person\",\"@id\":\"https:\/\/cacaunews.com\/#\/schema\/person\/ea69703103e606ad347ccd64bd72ef79\",\"name\":\"Reda\u00e7\u00e3o Cacau News\",\"image\":{\"@type\":\"ImageObject\",\"inLanguage\":\"pt-BR\",\"@id\":\"https:\/\/cacaunews.com\/#\/schema\/person\/image\/\",\"url\":\"https:\/\/secure.gravatar.com\/avatar\/d79227a2a7b6cc42e8d7a8f7c284cd3a?s=96&d=mm&r=g\",\"contentUrl\":\"https:\/\/secure.gravatar.com\/avatar\/d79227a2a7b6cc42e8d7a8f7c284cd3a?s=96&d=mm&r=g\",\"caption\":\"Reda\u00e7\u00e3o Cacau News\"},\"sameAs\":[\"https:\/\/cacaunews.com\"],\"url\":\"https:\/\/cacaunews.com\/?author=1\"}]}<\/script>\n<!-- \/ Yoast SEO plugin. -->","yoast_head_json":{"title":"A UESC e o Cinquenten\u00e1rio do PPGD\/UFSC. - Cacau News","robots":{"index":"index","follow":"follow","max-snippet":"max-snippet:-1","max-image-preview":"max-image-preview:large","max-video-preview":"max-video-preview:-1"},"canonical":"https:\/\/cacaunews.com\/?p=4747","og_locale":"pt_BR","og_type":"article","og_title":"A UESC e o Cinquenten\u00e1rio do PPGD\/UFSC. - Cacau News","og_description":"Uma Celebra\u00e7\u00e3o da Colabora\u00e7\u00e3o e do Crescimento. O Programa de P\u00f3s-Gradua\u00e7\u00e3o em Direito da Universidade...","og_url":"https:\/\/cacaunews.com\/?p=4747","og_site_name":"Cacau News","article_published_time":"2024-05-16T20:15:50+00:00","article_modified_time":"2024-05-16T20:17:45+00:00","og_image":[{"width":870,"height":435,"url":"https:\/\/cacaunews.com\/wp-content\/uploads\/2024\/05\/UESCUFSC.png","type":"image\/png"}],"author":"Reda\u00e7\u00e3o Cacau News","twitter_card":"summary_large_image","twitter_misc":{"Escrito por":"Reda\u00e7\u00e3o Cacau News","Est. tempo de leitura":"4 minutos"},"schema":{"@context":"https:\/\/schema.org","@graph":[{"@type":"Article","@id":"https:\/\/cacaunews.com\/?p=4747#article","isPartOf":{"@id":"https:\/\/cacaunews.com\/?p=4747"},"author":{"name":"Reda\u00e7\u00e3o Cacau News","@id":"https:\/\/cacaunews.com\/#\/schema\/person\/ea69703103e606ad347ccd64bd72ef79"},"headline":"A UESC e o Cinquenten\u00e1rio do PPGD\/UFSC.","datePublished":"2024-05-16T20:15:50+00:00","dateModified":"2024-05-16T20:17:45+00:00","mainEntityOfPage":{"@id":"https:\/\/cacaunews.com\/?p=4747"},"wordCount":810,"commentCount":0,"publisher":{"@id":"https:\/\/cacaunews.com\/#organization"},"keywords":["educa\u00e7\u00e3o","ilheus","PPGD","UESC"],"articleSection":["Jornalismo"],"inLanguage":"pt-BR","potentialAction":[{"@type":"CommentAction","name":"Comment","target":["https:\/\/cacaunews.com\/?p=4747#respond"]}]},{"@type":"WebPage","@id":"https:\/\/cacaunews.com\/?p=4747","url":"https:\/\/cacaunews.com\/?p=4747","name":"A UESC e o Cinquenten\u00e1rio do PPGD\/UFSC. - Cacau News","isPartOf":{"@id":"https:\/\/cacaunews.com\/#website"},"datePublished":"2024-05-16T20:15:50+00:00","dateModified":"2024-05-16T20:17:45+00:00","breadcrumb":{"@id":"https:\/\/cacaunews.com\/?p=4747#breadcrumb"},"inLanguage":"pt-BR","potentialAction":[{"@type":"ReadAction","target":["https:\/\/cacaunews.com\/?p=4747"]}]},{"@type":"BreadcrumbList","@id":"https:\/\/cacaunews.com\/?p=4747#breadcrumb","itemListElement":[{"@type":"ListItem","position":1,"name":"In\u00edcio","item":"https:\/\/cacaunews.com\/"},{"@type":"ListItem","position":2,"name":"A UESC e o Cinquenten\u00e1rio do PPGD\/UFSC."}]},{"@type":"WebSite","@id":"https:\/\/cacaunews.com\/#website","url":"https:\/\/cacaunews.com\/","name":"Cacau News","description":"A Informa\u00e7\u00e3o que voc\u00ea precisa!","publisher":{"@id":"https:\/\/cacaunews.com\/#organization"},"potentialAction":[{"@type":"SearchAction","target":{"@type":"EntryPoint","urlTemplate":"https:\/\/cacaunews.com\/?s={search_term_string}"},"query-input":"required name=search_term_string"}],"inLanguage":"pt-BR"},{"@type":"Organization","@id":"https:\/\/cacaunews.com\/#organization","name":"Cacau News","url":"https:\/\/cacaunews.com\/","logo":{"@type":"ImageObject","inLanguage":"pt-BR","@id":"https:\/\/cacaunews.com\/#\/schema\/logo\/image\/","url":"https:\/\/cacaunews.com\/wp-content\/uploads\/2025\/01\/cropped-LOGO-NOVA.png","contentUrl":"https:\/\/cacaunews.com\/wp-content\/uploads\/2025\/01\/cropped-LOGO-NOVA.png","width":813,"height":813,"caption":"Cacau News"},"image":{"@id":"https:\/\/cacaunews.com\/#\/schema\/logo\/image\/"},"sameAs":["https:\/\/www.instagram.com\/cacaunews.online\/","https:\/\/youtube.com\/@cacaunews?si=0VXLnjl08SrWbVG9"]},{"@type":"Person","@id":"https:\/\/cacaunews.com\/#\/schema\/person\/ea69703103e606ad347ccd64bd72ef79","name":"Reda\u00e7\u00e3o Cacau News","image":{"@type":"ImageObject","inLanguage":"pt-BR","@id":"https:\/\/cacaunews.com\/#\/schema\/person\/image\/","url":"https:\/\/secure.gravatar.com\/avatar\/d79227a2a7b6cc42e8d7a8f7c284cd3a?s=96&d=mm&r=g","contentUrl":"https:\/\/secure.gravatar.com\/avatar\/d79227a2a7b6cc42e8d7a8f7c284cd3a?s=96&d=mm&r=g","caption":"Reda\u00e7\u00e3o Cacau News"},"sameAs":["https:\/\/cacaunews.com"],"url":"https:\/\/cacaunews.com\/?author=1"}]}},"jetpack_sharing_enabled":true,"jetpack_featured_media_url":"https:\/\/cacaunews.com\/wp-content\/uploads\/2024\/05\/UESCUFSC.png","_links":{"self":[{"href":"https:\/\/cacaunews.com\/index.php?rest_route=\/wp\/v2\/posts\/4747"}],"collection":[{"href":"https:\/\/cacaunews.com\/index.php?rest_route=\/wp\/v2\/posts"}],"about":[{"href":"https:\/\/cacaunews.com\/index.php?rest_route=\/wp\/v2\/types\/post"}],"author":[{"embeddable":true,"href":"https:\/\/cacaunews.com\/index.php?rest_route=\/wp\/v2\/users\/1"}],"replies":[{"embeddable":true,"href":"https:\/\/cacaunews.com\/index.php?rest_route=%2Fwp%2Fv2%2Fcomments&post=4747"}],"version-history":[{"count":1,"href":"https:\/\/cacaunews.com\/index.php?rest_route=\/wp\/v2\/posts\/4747\/revisions"}],"predecessor-version":[{"id":4748,"href":"https:\/\/cacaunews.com\/index.php?rest_route=\/wp\/v2\/posts\/4747\/revisions\/4748"}],"wp:featuredmedia":[{"embeddable":true,"href":"https:\/\/cacaunews.com\/index.php?rest_route=\/wp\/v2\/media\/4745"}],"wp:attachment":[{"href":"https:\/\/cacaunews.com\/index.php?rest_route=%2Fwp%2Fv2%2Fmedia&parent=4747"}],"wp:term":[{"taxonomy":"category","embeddable":true,"href":"https:\/\/cacaunews.com\/index.php?rest_route=%2Fwp%2Fv2%2Fcategories&post=4747"},{"taxonomy":"post_tag","embeddable":true,"href":"https:\/\/cacaunews.com\/index.php?rest_route=%2Fwp%2Fv2%2Ftags&post=4747"}],"curies":[{"name":"wp","href":"https:\/\/api.w.org\/{rel}","templated":true}]}}