{"id":4814,"date":"2024-05-29T09:00:05","date_gmt":"2024-05-29T09:00:05","guid":{"rendered":"https:\/\/cacaunews.com\/?p=4814"},"modified":"2024-05-29T09:00:05","modified_gmt":"2024-05-29T09:00:05","slug":"fabio-ferreira-celebra-tres-anos-no-comando-do-jornal-interativa-news","status":"publish","type":"post","link":"https:\/\/cacaunews.com\/?p=4814","title":{"rendered":"F\u00e1bio Ferreira celebra tr\u00eas anos no comando do Jornal Interativa News."},"content":{"rendered":"\n<p>O radialista F\u00e1bio Ferreira comemorou hoje (28), tr\u00eas no comando do Jornal Interativa News. A atra\u00e7\u00e3o \u00e9 veiculada das 6h \u00e0s 8h, de segunda a sexta-feira na r\u00e1dio Interativa FM, desenvolvendo um trabalho de presta\u00e7\u00e3o de servi\u00e7o e informa\u00e7\u00e3o, com reportagens entrevistas e debates de temas que afetam a popula\u00e7\u00e3o.<br><br>\u201cNosso programa \u00e9 aberto a participa\u00e7\u00e3o das pessoas, onde damos voz para que a popula\u00e7\u00e3o possa reivindicar suas demandas. Nesses tr\u00eas anos temos realizado campanhas de interesse social e com a participa\u00e7\u00e3o de grandes personalidades da vida p\u00fablica regional, nacional e estadual, e pessoas do povo o que nos orgulha. Agrade\u00e7o a emissora, aos colegas e aos ouvintes por nos prestigiar com a audi\u00eancia\u201d, disse o apresentador F\u00e1bio Ferreira, que tem 25 anos atuando no r\u00e1dio.<br><br>O Jornal Interativa News conta com a participa\u00e7\u00e3o do advogado Ruy Correa que faz coment\u00e1rios sobre pol\u00edtica. Diretor de programa\u00e7\u00e3o da emissora, Jorge L\u00f4po diz que o Jornal Interativa News tem liderado a audi\u00eancia no hor\u00e1rio. \u201cTemos pesquisas que colocam o programa liderando a audi\u00eancia e com um grande n\u00famero de ouvintes pela Internet. Parab\u00e9ns a F\u00e1bio por desenvolver um jornalismo \u00e9tico, que \u00e9 padr\u00e3o da nossa emissora\u201d, afirmou.<br><br>Diversas personalidades e autoridades parabenizaram os tr\u00eas anos de F\u00e1bio Ferreira a frente do programa. O delegado Clodovil Soares foi uma delas. \u201cParab\u00e9ns a equipe do Jornal Interativa News e F\u00e1bio pelo programa, \u00e9 uma forma vencedora que vai durar por muito tempo, contribuindo muito com a a cidade e regi\u00e3o\u201d, disse.<br><br>O prefeito Augusto Castro enviou mensagem. \u201cParab\u00e9ns, Fabio pelos tr\u00eas \u00e0 a frente do jornal\u00edstico Interativa News. Continue fazendo esse r\u00e1dio jornalismo isento e comunit\u00e1rio\u201d, escreveu, em mensagem a F\u00e1bio Ferreira.<br>O ex-presidente da OAB, Edmilton Carneiro, parabenizou o apresentador: \u201cParab\u00e9ns a F\u00e1bio Ferreira, ao meu colega Ruy Corr\u00eaa por nos trazer boa informa\u00e7\u00e3o, pelas an\u00e1lises, um grande abra\u00e7o\u201d, disse.<br><br>\u201cParab\u00e9ns por esse programa maravilhoso, l\u00edder de audi\u00eancia que nos mant\u00e9m bem informado\u201d, disse Gaspar, do Partido Avante. O engenheiro Chico Fran\u00e7a, enviou mensagem: \u201cParab\u00e9ns, F\u00e1bio pelo programa\u201d, escreveu.<br><br>O m\u00e9dico Isaac Nery, afirmou que ouve diariamente o programa nos seus deslocamentos. \u201cParab\u00e9ns a F\u00e1bio, Ruy e a Interativa pelo programa. Um espa\u00e7o democr\u00e1tico onde todos t\u00eam voz. Um grande servi\u00e7o de informa\u00e7\u00e3o e de presta\u00e7\u00e3o de servi\u00e7o p\u00fablico\u201d, disse.<br><br>O ex-prefeito Geraldo Sim\u00f5es pontuou; \u201cO Jornal Interativa News tem se notabilizado pela presta\u00e7\u00e3o de servi\u00e7o, com um jornalismo democr\u00e1tico, para o cidad\u00e3o, sem a conhecida chapa branca que \u00e9 um desservi\u00e7o \u00e0 sociedade. Desejo sucesso F\u00e1bio e que o programa dure\u201d, acentuou.<br><br>\u201cAcordo e durmo ouvindo a Interativa, parab\u00e9ns pelo programa\u201d, disse V\u00e2nia Maria, presidente do PDT mulher. Tamb\u00e9m enviaram mensagens, o contador Erivaldo Benevides, o radialista e advogado, Ricardo Bacelar, o professor Francisco Carlos, presidente do partido Avante, a vice-prefeita de Barro Preto, Itamaria Barbosa, o empres\u00e1rio Bruno Bileco e dezenas de ouvintes.<br><br>O apresentador F\u00e1bio Ferreira tem 25 anos no r\u00e1dio. J\u00e1 passou por v\u00e1rias emissoras do estado atuando como rep\u00f3rter, e h\u00e1 tr\u00eas anos comanda o Jornal Interativa News na Interativa FM.<\/p>\n","protected":false},"excerpt":{"rendered":"<p>O radialista F\u00e1bio Ferreira comemorou hoje (28), tr\u00eas no comando do Jornal Interativa News. A&#8230;<\/p>\n","protected":false},"author":1,"featured_media":4813,"comment_status":"open","ping_status":"open","sticky":false,"template":"","format":"standard","meta":{"footnotes":""},"categories":[18,11],"tags":[1761,448,1762,1763],"yoast_head":"<!-- This site is optimized with the Yoast SEO plugin v21.7 - https:\/\/yoast.com\/wordpress\/plugins\/seo\/ -->\n<title>F\u00e1bio Ferreira celebra tr\u00eas anos no comando do Jornal Interativa News. - Cacau News<\/title>\n<meta name=\"robots\" content=\"index, follow, max-snippet:-1, max-image-preview:large, max-video-preview:-1\" \/>\n<link rel=\"canonical\" href=\"https:\/\/cacaunews.com\/?p=4814\" \/>\n<meta property=\"og:locale\" content=\"pt_BR\" \/>\n<meta property=\"og:type\" content=\"article\" \/>\n<meta property=\"og:title\" content=\"F\u00e1bio Ferreira celebra tr\u00eas anos no comando do Jornal Interativa News. - Cacau News\" \/>\n<meta property=\"og:description\" content=\"O radialista F\u00e1bio Ferreira comemorou hoje (28), tr\u00eas no comando do Jornal Interativa News. A...\" \/>\n<meta property=\"og:url\" content=\"https:\/\/cacaunews.com\/?p=4814\" \/>\n<meta property=\"og:site_name\" content=\"Cacau News\" \/>\n<meta property=\"article:published_time\" content=\"2024-05-29T09:00:05+00:00\" \/>\n<meta property=\"og:image\" content=\"https:\/\/cacaunews.com\/wp-content\/uploads\/2024\/05\/image_editor_output_image95450902-1716949409299.jpg\" \/>\n\t<meta property=\"og:image:width\" content=\"712\" \/>\n\t<meta property=\"og:image:height\" content=\"816\" \/>\n\t<meta property=\"og:image:type\" content=\"image\/jpeg\" \/>\n<meta name=\"author\" content=\"Reda\u00e7\u00e3o Cacau News\" \/>\n<meta name=\"twitter:card\" content=\"summary_large_image\" \/>\n<meta name=\"twitter:label1\" content=\"Escrito por\" \/>\n\t<meta name=\"twitter:data1\" content=\"Reda\u00e7\u00e3o Cacau News\" \/>\n\t<meta name=\"twitter:label2\" content=\"Est. tempo de leitura\" \/>\n\t<meta name=\"twitter:data2\" content=\"3 minutos\" \/>\n<script type=\"application\/ld+json\" class=\"yoast-schema-graph\">{\"@context\":\"https:\/\/schema.org\",\"@graph\":[{\"@type\":\"Article\",\"@id\":\"https:\/\/cacaunews.com\/?p=4814#article\",\"isPartOf\":{\"@id\":\"https:\/\/cacaunews.com\/?p=4814\"},\"author\":{\"name\":\"Reda\u00e7\u00e3o Cacau News\",\"@id\":\"https:\/\/cacaunews.com\/#\/schema\/person\/ea69703103e606ad347ccd64bd72ef79\"},\"headline\":\"F\u00e1bio Ferreira celebra tr\u00eas anos no comando do Jornal Interativa News.\",\"datePublished\":\"2024-05-29T09:00:05+00:00\",\"dateModified\":\"2024-05-29T09:00:05+00:00\",\"mainEntityOfPage\":{\"@id\":\"https:\/\/cacaunews.com\/?p=4814\"},\"wordCount\":586,\"commentCount\":0,\"publisher\":{\"@id\":\"https:\/\/cacaunews.com\/#organization\"},\"keywords\":[\"Fabio Ferreira\",\"interativa fm\",\"lideran\u00e7a\",\"r\u00e1dio\"],\"articleSection\":[\"cidades\",\"Jornalismo\"],\"inLanguage\":\"pt-BR\",\"potentialAction\":[{\"@type\":\"CommentAction\",\"name\":\"Comment\",\"target\":[\"https:\/\/cacaunews.com\/?p=4814#respond\"]}]},{\"@type\":\"WebPage\",\"@id\":\"https:\/\/cacaunews.com\/?p=4814\",\"url\":\"https:\/\/cacaunews.com\/?p=4814\",\"name\":\"F\u00e1bio Ferreira celebra tr\u00eas anos no comando do Jornal Interativa News. - Cacau News\",\"isPartOf\":{\"@id\":\"https:\/\/cacaunews.com\/#website\"},\"datePublished\":\"2024-05-29T09:00:05+00:00\",\"dateModified\":\"2024-05-29T09:00:05+00:00\",\"breadcrumb\":{\"@id\":\"https:\/\/cacaunews.com\/?p=4814#breadcrumb\"},\"inLanguage\":\"pt-BR\",\"potentialAction\":[{\"@type\":\"ReadAction\",\"target\":[\"https:\/\/cacaunews.com\/?p=4814\"]}]},{\"@type\":\"BreadcrumbList\",\"@id\":\"https:\/\/cacaunews.com\/?p=4814#breadcrumb\",\"itemListElement\":[{\"@type\":\"ListItem\",\"position\":1,\"name\":\"In\u00edcio\",\"item\":\"https:\/\/cacaunews.com\/\"},{\"@type\":\"ListItem\",\"position\":2,\"name\":\"F\u00e1bio Ferreira celebra tr\u00eas anos no comando do Jornal Interativa News.\"}]},{\"@type\":\"WebSite\",\"@id\":\"https:\/\/cacaunews.com\/#website\",\"url\":\"https:\/\/cacaunews.com\/\",\"name\":\"Cacau News\",\"description\":\"A Informa\u00e7\u00e3o que voc\u00ea precisa!\",\"publisher\":{\"@id\":\"https:\/\/cacaunews.com\/#organization\"},\"potentialAction\":[{\"@type\":\"SearchAction\",\"target\":{\"@type\":\"EntryPoint\",\"urlTemplate\":\"https:\/\/cacaunews.com\/?s={search_term_string}\"},\"query-input\":\"required name=search_term_string\"}],\"inLanguage\":\"pt-BR\"},{\"@type\":\"Organization\",\"@id\":\"https:\/\/cacaunews.com\/#organization\",\"name\":\"Cacau News\",\"url\":\"https:\/\/cacaunews.com\/\",\"logo\":{\"@type\":\"ImageObject\",\"inLanguage\":\"pt-BR\",\"@id\":\"https:\/\/cacaunews.com\/#\/schema\/logo\/image\/\",\"url\":\"https:\/\/cacaunews.com\/wp-content\/uploads\/2025\/01\/cropped-LOGO-NOVA.png\",\"contentUrl\":\"https:\/\/cacaunews.com\/wp-content\/uploads\/2025\/01\/cropped-LOGO-NOVA.png\",\"width\":813,\"height\":813,\"caption\":\"Cacau News\"},\"image\":{\"@id\":\"https:\/\/cacaunews.com\/#\/schema\/logo\/image\/\"},\"sameAs\":[\"https:\/\/www.instagram.com\/cacaunews.online\/\",\"https:\/\/youtube.com\/@cacaunews?si=0VXLnjl08SrWbVG9\"]},{\"@type\":\"Person\",\"@id\":\"https:\/\/cacaunews.com\/#\/schema\/person\/ea69703103e606ad347ccd64bd72ef79\",\"name\":\"Reda\u00e7\u00e3o Cacau News\",\"image\":{\"@type\":\"ImageObject\",\"inLanguage\":\"pt-BR\",\"@id\":\"https:\/\/cacaunews.com\/#\/schema\/person\/image\/\",\"url\":\"https:\/\/secure.gravatar.com\/avatar\/d79227a2a7b6cc42e8d7a8f7c284cd3a?s=96&d=mm&r=g\",\"contentUrl\":\"https:\/\/secure.gravatar.com\/avatar\/d79227a2a7b6cc42e8d7a8f7c284cd3a?s=96&d=mm&r=g\",\"caption\":\"Reda\u00e7\u00e3o Cacau News\"},\"sameAs\":[\"https:\/\/cacaunews.com\"],\"url\":\"https:\/\/cacaunews.com\/?author=1\"}]}<\/script>\n<!-- \/ Yoast SEO plugin. -->","yoast_head_json":{"title":"F\u00e1bio Ferreira celebra tr\u00eas anos no comando do Jornal Interativa News. - Cacau News","robots":{"index":"index","follow":"follow","max-snippet":"max-snippet:-1","max-image-preview":"max-image-preview:large","max-video-preview":"max-video-preview:-1"},"canonical":"https:\/\/cacaunews.com\/?p=4814","og_locale":"pt_BR","og_type":"article","og_title":"F\u00e1bio Ferreira celebra tr\u00eas anos no comando do Jornal Interativa News. - Cacau News","og_description":"O radialista F\u00e1bio Ferreira comemorou hoje (28), tr\u00eas no comando do Jornal Interativa News. A...","og_url":"https:\/\/cacaunews.com\/?p=4814","og_site_name":"Cacau News","article_published_time":"2024-05-29T09:00:05+00:00","og_image":[{"width":712,"height":816,"url":"https:\/\/cacaunews.com\/wp-content\/uploads\/2024\/05\/image_editor_output_image95450902-1716949409299.jpg","type":"image\/jpeg"}],"author":"Reda\u00e7\u00e3o Cacau News","twitter_card":"summary_large_image","twitter_misc":{"Escrito por":"Reda\u00e7\u00e3o Cacau News","Est. tempo de leitura":"3 minutos"},"schema":{"@context":"https:\/\/schema.org","@graph":[{"@type":"Article","@id":"https:\/\/cacaunews.com\/?p=4814#article","isPartOf":{"@id":"https:\/\/cacaunews.com\/?p=4814"},"author":{"name":"Reda\u00e7\u00e3o Cacau News","@id":"https:\/\/cacaunews.com\/#\/schema\/person\/ea69703103e606ad347ccd64bd72ef79"},"headline":"F\u00e1bio Ferreira celebra tr\u00eas anos no comando do Jornal Interativa News.","datePublished":"2024-05-29T09:00:05+00:00","dateModified":"2024-05-29T09:00:05+00:00","mainEntityOfPage":{"@id":"https:\/\/cacaunews.com\/?p=4814"},"wordCount":586,"commentCount":0,"publisher":{"@id":"https:\/\/cacaunews.com\/#organization"},"keywords":["Fabio Ferreira","interativa fm","lideran\u00e7a","r\u00e1dio"],"articleSection":["cidades","Jornalismo"],"inLanguage":"pt-BR","potentialAction":[{"@type":"CommentAction","name":"Comment","target":["https:\/\/cacaunews.com\/?p=4814#respond"]}]},{"@type":"WebPage","@id":"https:\/\/cacaunews.com\/?p=4814","url":"https:\/\/cacaunews.com\/?p=4814","name":"F\u00e1bio Ferreira celebra tr\u00eas anos no comando do Jornal Interativa News. - Cacau News","isPartOf":{"@id":"https:\/\/cacaunews.com\/#website"},"datePublished":"2024-05-29T09:00:05+00:00","dateModified":"2024-05-29T09:00:05+00:00","breadcrumb":{"@id":"https:\/\/cacaunews.com\/?p=4814#breadcrumb"},"inLanguage":"pt-BR","potentialAction":[{"@type":"ReadAction","target":["https:\/\/cacaunews.com\/?p=4814"]}]},{"@type":"BreadcrumbList","@id":"https:\/\/cacaunews.com\/?p=4814#breadcrumb","itemListElement":[{"@type":"ListItem","position":1,"name":"In\u00edcio","item":"https:\/\/cacaunews.com\/"},{"@type":"ListItem","position":2,"name":"F\u00e1bio Ferreira celebra tr\u00eas anos no comando do Jornal Interativa News."}]},{"@type":"WebSite","@id":"https:\/\/cacaunews.com\/#website","url":"https:\/\/cacaunews.com\/","name":"Cacau News","description":"A Informa\u00e7\u00e3o que voc\u00ea precisa!","publisher":{"@id":"https:\/\/cacaunews.com\/#organization"},"potentialAction":[{"@type":"SearchAction","target":{"@type":"EntryPoint","urlTemplate":"https:\/\/cacaunews.com\/?s={search_term_string}"},"query-input":"required name=search_term_string"}],"inLanguage":"pt-BR"},{"@type":"Organization","@id":"https:\/\/cacaunews.com\/#organization","name":"Cacau News","url":"https:\/\/cacaunews.com\/","logo":{"@type":"ImageObject","inLanguage":"pt-BR","@id":"https:\/\/cacaunews.com\/#\/schema\/logo\/image\/","url":"https:\/\/cacaunews.com\/wp-content\/uploads\/2025\/01\/cropped-LOGO-NOVA.png","contentUrl":"https:\/\/cacaunews.com\/wp-content\/uploads\/2025\/01\/cropped-LOGO-NOVA.png","width":813,"height":813,"caption":"Cacau News"},"image":{"@id":"https:\/\/cacaunews.com\/#\/schema\/logo\/image\/"},"sameAs":["https:\/\/www.instagram.com\/cacaunews.online\/","https:\/\/youtube.com\/@cacaunews?si=0VXLnjl08SrWbVG9"]},{"@type":"Person","@id":"https:\/\/cacaunews.com\/#\/schema\/person\/ea69703103e606ad347ccd64bd72ef79","name":"Reda\u00e7\u00e3o Cacau News","image":{"@type":"ImageObject","inLanguage":"pt-BR","@id":"https:\/\/cacaunews.com\/#\/schema\/person\/image\/","url":"https:\/\/secure.gravatar.com\/avatar\/d79227a2a7b6cc42e8d7a8f7c284cd3a?s=96&d=mm&r=g","contentUrl":"https:\/\/secure.gravatar.com\/avatar\/d79227a2a7b6cc42e8d7a8f7c284cd3a?s=96&d=mm&r=g","caption":"Reda\u00e7\u00e3o Cacau News"},"sameAs":["https:\/\/cacaunews.com"],"url":"https:\/\/cacaunews.com\/?author=1"}]}},"jetpack_sharing_enabled":true,"jetpack_featured_media_url":"https:\/\/cacaunews.com\/wp-content\/uploads\/2024\/05\/image_editor_output_image95450902-1716949409299.jpg","_links":{"self":[{"href":"https:\/\/cacaunews.com\/index.php?rest_route=\/wp\/v2\/posts\/4814"}],"collection":[{"href":"https:\/\/cacaunews.com\/index.php?rest_route=\/wp\/v2\/posts"}],"about":[{"href":"https:\/\/cacaunews.com\/index.php?rest_route=\/wp\/v2\/types\/post"}],"author":[{"embeddable":true,"href":"https:\/\/cacaunews.com\/index.php?rest_route=\/wp\/v2\/users\/1"}],"replies":[{"embeddable":true,"href":"https:\/\/cacaunews.com\/index.php?rest_route=%2Fwp%2Fv2%2Fcomments&post=4814"}],"version-history":[{"count":0,"href":"https:\/\/cacaunews.com\/index.php?rest_route=\/wp\/v2\/posts\/4814\/revisions"}],"wp:featuredmedia":[{"embeddable":true,"href":"https:\/\/cacaunews.com\/index.php?rest_route=\/wp\/v2\/media\/4813"}],"wp:attachment":[{"href":"https:\/\/cacaunews.com\/index.php?rest_route=%2Fwp%2Fv2%2Fmedia&parent=4814"}],"wp:term":[{"taxonomy":"category","embeddable":true,"href":"https:\/\/cacaunews.com\/index.php?rest_route=%2Fwp%2Fv2%2Fcategories&post=4814"},{"taxonomy":"post_tag","embeddable":true,"href":"https:\/\/cacaunews.com\/index.php?rest_route=%2Fwp%2Fv2%2Ftags&post=4814"}],"curies":[{"name":"wp","href":"https:\/\/api.w.org\/{rel}","templated":true}]}}