{"id":4817,"date":"2024-05-29T19:50:01","date_gmt":"2024-05-29T19:50:01","guid":{"rendered":"https:\/\/cacaunews.com\/?p=4817"},"modified":"2024-05-29T19:53:55","modified_gmt":"2024-05-29T19:53:55","slug":"mdb-da-bahia-defende-participacao-na-chapa-majoritaria-em-planalto","status":"publish","type":"post","link":"https:\/\/cacaunews.com\/?p=4817","title":{"rendered":"MDB da Bahia defende participa\u00e7\u00e3o na chapa majorit\u00e1ria em Planalto."},"content":{"rendered":"\n<p>O MDB do estado da Bahia ap\u00f3s reuni\u00e3o com o presidente da legenda no munic\u00edpio, o vereador Danilo Campos, que por sua vez tamb\u00e9m preside o Juventude da sigla no estado, defendeu a sua pr\u00e9-candidatura a prefeitura de Planalto sudoeste da Bahia, &#8220;Danilo, re\u00fane todas as qualidades pol\u00edticas e pessoais para postular uma vaga no executivo do munic\u00edpio, al\u00e9m de ser um jovem preparado com trabalho comprovado pela popula\u00e7\u00e3o de Planalto e que j\u00e1 atuou no legislativo e executivo de Planalto, sem dizer da sua boa rela\u00e7\u00e3o com o governo do estado. Disse o presidente de honra do partido na Bahia L\u00facio Vieira.<\/p>\n\n\n\n<figure class=\"wp-block-image size-large\"><img fetchpriority=\"high\" decoding=\"async\" width=\"1024\" height=\"976\" src=\"https:\/\/cacaunews.com\/wp-content\/uploads\/2024\/05\/image_editor_output_image1670128769-17170124834804331252599604224259-1024x976.jpg\" alt=\"\" class=\"wp-image-4815\" srcset=\"https:\/\/cacaunews.com\/wp-content\/uploads\/2024\/05\/image_editor_output_image1670128769-17170124834804331252599604224259-1024x976.jpg 1024w, https:\/\/cacaunews.com\/wp-content\/uploads\/2024\/05\/image_editor_output_image1670128769-17170124834804331252599604224259-300x286.jpg 300w, https:\/\/cacaunews.com\/wp-content\/uploads\/2024\/05\/image_editor_output_image1670128769-17170124834804331252599604224259-768x732.jpg 768w, https:\/\/cacaunews.com\/wp-content\/uploads\/2024\/05\/image_editor_output_image1670128769-17170124834804331252599604224259.jpg 1200w\" sizes=\"(max-width: 1024px) 100vw, 1024px\" \/><\/figure>\n\n\n\n<p><br>O jovem vereador conta tamb\u00e9m com o apoio do vice-governador do estado Geraldo J\u00fanior e o deputado estadual Matheus Ferreira, a pol\u00edtica da cidade deve tomar novas dire\u00e7\u00f5es.<\/p>\n","protected":false},"excerpt":{"rendered":"<p>O MDB do estado da Bahia ap\u00f3s reuni\u00e3o com o presidente da legenda no munic\u00edpio,&#8230;<\/p>\n","protected":false},"author":1,"featured_media":4816,"comment_status":"open","ping_status":"open","sticky":false,"template":"","format":"standard","meta":{"footnotes":""},"categories":[18,11,5],"tags":[39,1244,911,1764],"yoast_head":"<!-- This site is optimized with the Yoast SEO plugin v21.7 - https:\/\/yoast.com\/wordpress\/plugins\/seo\/ -->\n<title>MDB da Bahia defende participa\u00e7\u00e3o na chapa majorit\u00e1ria em Planalto. - Cacau News<\/title>\n<meta name=\"robots\" content=\"index, follow, max-snippet:-1, max-image-preview:large, max-video-preview:-1\" \/>\n<link rel=\"canonical\" href=\"https:\/\/cacaunews.com\/?p=4817\" \/>\n<meta property=\"og:locale\" content=\"pt_BR\" \/>\n<meta property=\"og:type\" content=\"article\" \/>\n<meta property=\"og:title\" content=\"MDB da Bahia defende participa\u00e7\u00e3o na chapa majorit\u00e1ria em Planalto. - Cacau News\" \/>\n<meta property=\"og:description\" content=\"O MDB do estado da Bahia ap\u00f3s reuni\u00e3o com o presidente da legenda no munic\u00edpio,...\" \/>\n<meta property=\"og:url\" content=\"https:\/\/cacaunews.com\/?p=4817\" \/>\n<meta property=\"og:site_name\" content=\"Cacau News\" \/>\n<meta property=\"article:published_time\" content=\"2024-05-29T19:50:01+00:00\" \/>\n<meta property=\"article:modified_time\" content=\"2024-05-29T19:53:55+00:00\" \/>\n<meta property=\"og:image\" content=\"https:\/\/cacaunews.com\/wp-content\/uploads\/2024\/05\/image_editor_output_image1671052290-1717012499299.jpg\" \/>\n\t<meta property=\"og:image:width\" content=\"720\" \/>\n\t<meta property=\"og:image:height\" content=\"652\" \/>\n\t<meta property=\"og:image:type\" content=\"image\/jpeg\" \/>\n<meta name=\"author\" content=\"Reda\u00e7\u00e3o Cacau News\" \/>\n<meta name=\"twitter:card\" content=\"summary_large_image\" \/>\n<meta name=\"twitter:label1\" content=\"Escrito por\" \/>\n\t<meta name=\"twitter:data1\" content=\"Reda\u00e7\u00e3o Cacau News\" \/>\n\t<meta name=\"twitter:label2\" content=\"Est. tempo de leitura\" \/>\n\t<meta name=\"twitter:data2\" content=\"1 minuto\" \/>\n<script type=\"application\/ld+json\" class=\"yoast-schema-graph\">{\"@context\":\"https:\/\/schema.org\",\"@graph\":[{\"@type\":\"Article\",\"@id\":\"https:\/\/cacaunews.com\/?p=4817#article\",\"isPartOf\":{\"@id\":\"https:\/\/cacaunews.com\/?p=4817\"},\"author\":{\"name\":\"Reda\u00e7\u00e3o Cacau News\",\"@id\":\"https:\/\/cacaunews.com\/#\/schema\/person\/ea69703103e606ad347ccd64bd72ef79\"},\"headline\":\"MDB da Bahia defende participa\u00e7\u00e3o na chapa majorit\u00e1ria em Planalto.\",\"datePublished\":\"2024-05-29T19:50:01+00:00\",\"dateModified\":\"2024-05-29T19:53:55+00:00\",\"mainEntityOfPage\":{\"@id\":\"https:\/\/cacaunews.com\/?p=4817\"},\"wordCount\":159,\"commentCount\":0,\"publisher\":{\"@id\":\"https:\/\/cacaunews.com\/#organization\"},\"keywords\":[\"bahia\",\"elei\u00e7\u00f5es 2024\",\"mdb\",\"planalto\"],\"articleSection\":[\"cidades\",\"Jornalismo\",\"Politica\"],\"inLanguage\":\"pt-BR\",\"potentialAction\":[{\"@type\":\"CommentAction\",\"name\":\"Comment\",\"target\":[\"https:\/\/cacaunews.com\/?p=4817#respond\"]}]},{\"@type\":\"WebPage\",\"@id\":\"https:\/\/cacaunews.com\/?p=4817\",\"url\":\"https:\/\/cacaunews.com\/?p=4817\",\"name\":\"MDB da Bahia defende participa\u00e7\u00e3o na chapa majorit\u00e1ria em Planalto. - Cacau News\",\"isPartOf\":{\"@id\":\"https:\/\/cacaunews.com\/#website\"},\"datePublished\":\"2024-05-29T19:50:01+00:00\",\"dateModified\":\"2024-05-29T19:53:55+00:00\",\"breadcrumb\":{\"@id\":\"https:\/\/cacaunews.com\/?p=4817#breadcrumb\"},\"inLanguage\":\"pt-BR\",\"potentialAction\":[{\"@type\":\"ReadAction\",\"target\":[\"https:\/\/cacaunews.com\/?p=4817\"]}]},{\"@type\":\"BreadcrumbList\",\"@id\":\"https:\/\/cacaunews.com\/?p=4817#breadcrumb\",\"itemListElement\":[{\"@type\":\"ListItem\",\"position\":1,\"name\":\"In\u00edcio\",\"item\":\"https:\/\/cacaunews.com\/\"},{\"@type\":\"ListItem\",\"position\":2,\"name\":\"MDB da Bahia defende participa\u00e7\u00e3o na chapa majorit\u00e1ria em Planalto.\"}]},{\"@type\":\"WebSite\",\"@id\":\"https:\/\/cacaunews.com\/#website\",\"url\":\"https:\/\/cacaunews.com\/\",\"name\":\"Cacau News\",\"description\":\"A Informa\u00e7\u00e3o que voc\u00ea precisa!\",\"publisher\":{\"@id\":\"https:\/\/cacaunews.com\/#organization\"},\"potentialAction\":[{\"@type\":\"SearchAction\",\"target\":{\"@type\":\"EntryPoint\",\"urlTemplate\":\"https:\/\/cacaunews.com\/?s={search_term_string}\"},\"query-input\":\"required name=search_term_string\"}],\"inLanguage\":\"pt-BR\"},{\"@type\":\"Organization\",\"@id\":\"https:\/\/cacaunews.com\/#organization\",\"name\":\"Cacau News\",\"url\":\"https:\/\/cacaunews.com\/\",\"logo\":{\"@type\":\"ImageObject\",\"inLanguage\":\"pt-BR\",\"@id\":\"https:\/\/cacaunews.com\/#\/schema\/logo\/image\/\",\"url\":\"https:\/\/cacaunews.com\/wp-content\/uploads\/2025\/01\/cropped-LOGO-NOVA.png\",\"contentUrl\":\"https:\/\/cacaunews.com\/wp-content\/uploads\/2025\/01\/cropped-LOGO-NOVA.png\",\"width\":813,\"height\":813,\"caption\":\"Cacau News\"},\"image\":{\"@id\":\"https:\/\/cacaunews.com\/#\/schema\/logo\/image\/\"},\"sameAs\":[\"https:\/\/www.instagram.com\/cacaunews.online\/\",\"https:\/\/youtube.com\/@cacaunews?si=0VXLnjl08SrWbVG9\"]},{\"@type\":\"Person\",\"@id\":\"https:\/\/cacaunews.com\/#\/schema\/person\/ea69703103e606ad347ccd64bd72ef79\",\"name\":\"Reda\u00e7\u00e3o Cacau News\",\"image\":{\"@type\":\"ImageObject\",\"inLanguage\":\"pt-BR\",\"@id\":\"https:\/\/cacaunews.com\/#\/schema\/person\/image\/\",\"url\":\"https:\/\/secure.gravatar.com\/avatar\/d79227a2a7b6cc42e8d7a8f7c284cd3a?s=96&d=mm&r=g\",\"contentUrl\":\"https:\/\/secure.gravatar.com\/avatar\/d79227a2a7b6cc42e8d7a8f7c284cd3a?s=96&d=mm&r=g\",\"caption\":\"Reda\u00e7\u00e3o Cacau News\"},\"sameAs\":[\"https:\/\/cacaunews.com\"],\"url\":\"https:\/\/cacaunews.com\/?author=1\"}]}<\/script>\n<!-- \/ Yoast SEO plugin. -->","yoast_head_json":{"title":"MDB da Bahia defende participa\u00e7\u00e3o na chapa majorit\u00e1ria em Planalto. - Cacau News","robots":{"index":"index","follow":"follow","max-snippet":"max-snippet:-1","max-image-preview":"max-image-preview:large","max-video-preview":"max-video-preview:-1"},"canonical":"https:\/\/cacaunews.com\/?p=4817","og_locale":"pt_BR","og_type":"article","og_title":"MDB da Bahia defende participa\u00e7\u00e3o na chapa majorit\u00e1ria em Planalto. - Cacau News","og_description":"O MDB do estado da Bahia ap\u00f3s reuni\u00e3o com o presidente da legenda no munic\u00edpio,...","og_url":"https:\/\/cacaunews.com\/?p=4817","og_site_name":"Cacau News","article_published_time":"2024-05-29T19:50:01+00:00","article_modified_time":"2024-05-29T19:53:55+00:00","og_image":[{"width":720,"height":652,"url":"https:\/\/cacaunews.com\/wp-content\/uploads\/2024\/05\/image_editor_output_image1671052290-1717012499299.jpg","type":"image\/jpeg"}],"author":"Reda\u00e7\u00e3o Cacau News","twitter_card":"summary_large_image","twitter_misc":{"Escrito por":"Reda\u00e7\u00e3o Cacau News","Est. tempo de leitura":"1 minuto"},"schema":{"@context":"https:\/\/schema.org","@graph":[{"@type":"Article","@id":"https:\/\/cacaunews.com\/?p=4817#article","isPartOf":{"@id":"https:\/\/cacaunews.com\/?p=4817"},"author":{"name":"Reda\u00e7\u00e3o Cacau News","@id":"https:\/\/cacaunews.com\/#\/schema\/person\/ea69703103e606ad347ccd64bd72ef79"},"headline":"MDB da Bahia defende participa\u00e7\u00e3o na chapa majorit\u00e1ria em Planalto.","datePublished":"2024-05-29T19:50:01+00:00","dateModified":"2024-05-29T19:53:55+00:00","mainEntityOfPage":{"@id":"https:\/\/cacaunews.com\/?p=4817"},"wordCount":159,"commentCount":0,"publisher":{"@id":"https:\/\/cacaunews.com\/#organization"},"keywords":["bahia","elei\u00e7\u00f5es 2024","mdb","planalto"],"articleSection":["cidades","Jornalismo","Politica"],"inLanguage":"pt-BR","potentialAction":[{"@type":"CommentAction","name":"Comment","target":["https:\/\/cacaunews.com\/?p=4817#respond"]}]},{"@type":"WebPage","@id":"https:\/\/cacaunews.com\/?p=4817","url":"https:\/\/cacaunews.com\/?p=4817","name":"MDB da Bahia defende participa\u00e7\u00e3o na chapa majorit\u00e1ria em Planalto. - Cacau News","isPartOf":{"@id":"https:\/\/cacaunews.com\/#website"},"datePublished":"2024-05-29T19:50:01+00:00","dateModified":"2024-05-29T19:53:55+00:00","breadcrumb":{"@id":"https:\/\/cacaunews.com\/?p=4817#breadcrumb"},"inLanguage":"pt-BR","potentialAction":[{"@type":"ReadAction","target":["https:\/\/cacaunews.com\/?p=4817"]}]},{"@type":"BreadcrumbList","@id":"https:\/\/cacaunews.com\/?p=4817#breadcrumb","itemListElement":[{"@type":"ListItem","position":1,"name":"In\u00edcio","item":"https:\/\/cacaunews.com\/"},{"@type":"ListItem","position":2,"name":"MDB da Bahia defende participa\u00e7\u00e3o na chapa majorit\u00e1ria em Planalto."}]},{"@type":"WebSite","@id":"https:\/\/cacaunews.com\/#website","url":"https:\/\/cacaunews.com\/","name":"Cacau News","description":"A Informa\u00e7\u00e3o que voc\u00ea precisa!","publisher":{"@id":"https:\/\/cacaunews.com\/#organization"},"potentialAction":[{"@type":"SearchAction","target":{"@type":"EntryPoint","urlTemplate":"https:\/\/cacaunews.com\/?s={search_term_string}"},"query-input":"required name=search_term_string"}],"inLanguage":"pt-BR"},{"@type":"Organization","@id":"https:\/\/cacaunews.com\/#organization","name":"Cacau News","url":"https:\/\/cacaunews.com\/","logo":{"@type":"ImageObject","inLanguage":"pt-BR","@id":"https:\/\/cacaunews.com\/#\/schema\/logo\/image\/","url":"https:\/\/cacaunews.com\/wp-content\/uploads\/2025\/01\/cropped-LOGO-NOVA.png","contentUrl":"https:\/\/cacaunews.com\/wp-content\/uploads\/2025\/01\/cropped-LOGO-NOVA.png","width":813,"height":813,"caption":"Cacau News"},"image":{"@id":"https:\/\/cacaunews.com\/#\/schema\/logo\/image\/"},"sameAs":["https:\/\/www.instagram.com\/cacaunews.online\/","https:\/\/youtube.com\/@cacaunews?si=0VXLnjl08SrWbVG9"]},{"@type":"Person","@id":"https:\/\/cacaunews.com\/#\/schema\/person\/ea69703103e606ad347ccd64bd72ef79","name":"Reda\u00e7\u00e3o Cacau News","image":{"@type":"ImageObject","inLanguage":"pt-BR","@id":"https:\/\/cacaunews.com\/#\/schema\/person\/image\/","url":"https:\/\/secure.gravatar.com\/avatar\/d79227a2a7b6cc42e8d7a8f7c284cd3a?s=96&d=mm&r=g","contentUrl":"https:\/\/secure.gravatar.com\/avatar\/d79227a2a7b6cc42e8d7a8f7c284cd3a?s=96&d=mm&r=g","caption":"Reda\u00e7\u00e3o Cacau News"},"sameAs":["https:\/\/cacaunews.com"],"url":"https:\/\/cacaunews.com\/?author=1"}]}},"jetpack_sharing_enabled":true,"jetpack_featured_media_url":"https:\/\/cacaunews.com\/wp-content\/uploads\/2024\/05\/image_editor_output_image1671052290-1717012499299.jpg","_links":{"self":[{"href":"https:\/\/cacaunews.com\/index.php?rest_route=\/wp\/v2\/posts\/4817"}],"collection":[{"href":"https:\/\/cacaunews.com\/index.php?rest_route=\/wp\/v2\/posts"}],"about":[{"href":"https:\/\/cacaunews.com\/index.php?rest_route=\/wp\/v2\/types\/post"}],"author":[{"embeddable":true,"href":"https:\/\/cacaunews.com\/index.php?rest_route=\/wp\/v2\/users\/1"}],"replies":[{"embeddable":true,"href":"https:\/\/cacaunews.com\/index.php?rest_route=%2Fwp%2Fv2%2Fcomments&post=4817"}],"version-history":[{"count":1,"href":"https:\/\/cacaunews.com\/index.php?rest_route=\/wp\/v2\/posts\/4817\/revisions"}],"predecessor-version":[{"id":4818,"href":"https:\/\/cacaunews.com\/index.php?rest_route=\/wp\/v2\/posts\/4817\/revisions\/4818"}],"wp:featuredmedia":[{"embeddable":true,"href":"https:\/\/cacaunews.com\/index.php?rest_route=\/wp\/v2\/media\/4816"}],"wp:attachment":[{"href":"https:\/\/cacaunews.com\/index.php?rest_route=%2Fwp%2Fv2%2Fmedia&parent=4817"}],"wp:term":[{"taxonomy":"category","embeddable":true,"href":"https:\/\/cacaunews.com\/index.php?rest_route=%2Fwp%2Fv2%2Fcategories&post=4817"},{"taxonomy":"post_tag","embeddable":true,"href":"https:\/\/cacaunews.com\/index.php?rest_route=%2Fwp%2Fv2%2Ftags&post=4817"}],"curies":[{"name":"wp","href":"https:\/\/api.w.org\/{rel}","templated":true}]}}